{"id":4310,"date":"2015-05-12T18:49:58","date_gmt":"2015-05-12T21:49:58","guid":{"rendered":"http:\/\/blog.panrotas.com.br\/semreserva\/?p=4310"},"modified":"2015-05-12T18:49:58","modified_gmt":"2015-05-12T21:49:58","slug":"reputacao-acao","status":"publish","type":"post","link":"https:\/\/blog.panrotas.com.br\/semreserva\/reputacao-acao\/12-05-2015\/","title":{"rendered":"Reputa\u00e7\u00e3o&#8230;a\u00e7\u00e3o&#8230;"},"content":{"rendered":"<p>Blogs andam movimentados ultimamente e gosto de ver os blogueiros PANROTAS dialogando, debatendo, trocando ideias e experi\u00eancias. Repercutindo e sendo compartilhados. Uma boa discuss\u00e3o \u00e9 sempre v\u00e1lida e produtiva, mesmo que cada um esteja defendendo apenas \u201co seu peixe\u201d (o que na maioria das vezes n\u00e3o \u00e9 o caso, mas pode acontecer, pois a nossa vis\u00e3o \u00e9 limitada por nossos neg\u00f3cios e parceiros em certas ocasi\u00f5es e nossa experi\u00eancia tenta a toda hora puxar nossa neutralidade para os lados).<\/p>\n<p>&nbsp;<\/p>\n<p>Continuem afiados, afinal voc\u00eas s\u00e3o blogueiros PANROTAS&#8230; Poucos e bons. E com boa reputa\u00e7\u00e3o e repercuss\u00e3o. Algo mais raro ainda, basta ver o que h\u00e1 no nosso mercado.<\/p>\n<p>&nbsp;<\/p>\n<p>Mas esse post \u00e9 para falar de outro tipo de not\u00edcia. A dos bastidores, da r\u00e1dio pe\u00e3o, dos boatos, at\u00e9. Sempre falo que quando a trag\u00e9dia chega em mim \u00e9 que a coisa j\u00e1 est\u00e1 feia, muito feia. Mas a coisa pode ser um boato maledicente, algo exagerado, uma falsa not\u00edcia plantada. Por isso raramente damos not\u00edcias que invadam as empresas comercialmente. Na maioria das vezes, j\u00e1 damos o fato consumado. A trag\u00e9dia anunciada em a\u00e7\u00e3o. Sem a menor alegria, claro, pois um setor ruim \u00e9 ruim tamb\u00e9m para n\u00f3s.<\/p>\n<p>&nbsp;<\/p>\n<p>Em momentos dif\u00edceis como esse, um dos temas preferidos s\u00e3o as d\u00edvidas a fornecedores, especialmente empresas a\u00e9reas. Dever n\u00e3o \u00e9 problema, pois dizem que quem deve \u00e9 rico \u2014 pobre paga em dia, como nas mensalidade do Ba\u00fa, das Casas Bahia, Magazine Luiza&#8230; Pobre zela por sua imagem enquanto consumidor. J\u00e1 os milion\u00e1rios est\u00e3o sempre rolando d\u00edvidas e fazendo a alegria dos bancos. At\u00e9 que a bola de neve estoure&#8230;<\/p>\n<p>&nbsp;<\/p>\n<p>O problema de termos casos vultosos de d\u00edvida com fornecedores \u00e9 a rede de not\u00edcias negativas em um setor que j\u00e1 est\u00e1 pessimista e, mais ainda, que isso afete todo o mercado, ao se negociar com fornecedores internacionais. J\u00e1 pensou entrar em uma feira, marcar reuni\u00e3o e o primeiro assunto com o fornecedor ser sobre problemas financeiros do mercado brasileiro? V\u00e3o exigir que se ande com a famosa capivara a tira colo, mostrando que n\u00e3o h\u00e1 d\u00edvidas penduradas? Desnecess\u00e1rios, pois o boca a boca fala mais alto e se voc\u00ea deve para um, isso se espalha rapidamente. Ainda mais agora em que fornecedores estrangeiros n\u00e3o saem do Pa\u00eds, nos visitando com uma frequ\u00eancia jamais vista.<\/p>\n<p>&nbsp;<\/p>\n<p>Voltando \u00e0 quest\u00e3o do dever. Dever n\u00e3o \u00e9 problema. N\u00e3o negociar, negar, sumir, enrolar, sim. Pois isso vai criar uma imagem ruim para todo o mercado e o empres\u00e1rio ou executivo brasileiro j\u00e1 vai chegar ao fornecedor sendo recebido com o p\u00e9 atr\u00e1s. \u00c9 igual \u00e0 hist\u00f3ria dos taxistas no Rio. H\u00e1 v\u00e1rios honestos, mas por causa de alguns maus profissionais, a imagem \u00e9 de que todo motorista de t\u00e1xi quer levar vantagens. J\u00e1 vimos isso no turismo. Gente que deveu e ningu\u00e9m soube. Gente que faliu e at\u00e9 voltou ao mercado. Gente que sumiu e at\u00e9 hoje ningu\u00e9m sabe ningu\u00e9m viu. Gente que diz \u201cdevo n\u00e3o nego pago quando puder\u201d. Gente de todos os tipos. Afinal, gente.<\/p>\n<p>&nbsp;<\/p>\n<p>Pelo menos tr\u00eas fornecedores internacionais j\u00e1 me questionaram formalmente sobre problemas de d\u00edvidas de algumas empresas brasileiras. Na WTM ou na Aviesp, s\u00f3 se falava nisso. E pior: perguntavam sobre algo que j\u00e1 sabiam&#8230;<\/p>\n<p>&nbsp;<\/p>\n<p>As entidades podem fazer pouco desta vez, pois o ano n\u00e3o est\u00e1 bom para quase ningu\u00e9m, com queda de vendas, excesso de promo\u00e7\u00f5es e demiss\u00f5es em diversos setores. O que as associa\u00e7\u00f5es podem fazer \u00e9 aconselhar, apontar caminhos, fazer levantamentos&#8230; e pensar, al\u00e9m dos associados, nos passageiros dos mesmos, no setor. Grandes l\u00edderes e estrategistas se destacam nesses momentos e n\u00e3o quando tudo t\u00e1 lindo e maravilhoso.<\/p>\n<p>&nbsp;<\/p>\n<p>A reputa\u00e7\u00e3o de uma empresa \u00e9 um problema dela e os atos de sua diretoria v\u00e3o ditar o impacto no mercado, nos clientes, na imprensa. A reputa\u00e7\u00e3o de um setor s\u00e9rio, com empresas com d\u00e9cadas de experi\u00eancia e luta pelo turismo, n\u00e3o pode ser balizada por casos isolados. Esse \u00e9 o ponto.<\/p>\n<p>&nbsp;<\/p>\n<p>Quantas crises j\u00e1 vimos? Quantas empresas foram substitu\u00eddas? Quantas vezes o d\u00f3lar n\u00e3o subiu ou desceu mais que o previsto? O que fica \u00e9 se o mercado tem \u00e9tica, se as panelinhas servem ao mercado e n\u00e3o a seus integrantes, se o passageiro \u00e9 bem atendido, se uma empresa tem direito \u00e0 recupera\u00e7\u00e3o transparente, se o trade se importa com o todo ou com si mesmo, se a verdade est\u00e1 sendo dita a clientes e parceiros.<\/p>\n<p>&nbsp;<\/p>\n<p>Acabei de ouvir de um empres\u00e1rio: \u201cse fechar uma empresa n\u00e3o \u00e9 o problema e sim como o mercado age em meio a esse momento de instabilidade, se h\u00e1 players sendo \u00e9ticos, pois cada um tem o poder de decidir o que quer fazer em seu neg\u00f3cio\u201d.<\/p>\n<p>&nbsp;<\/p>\n<p>A n\u00f3s, cabe torcer para que essa crise, que \u00e9 do Pa\u00eds e n\u00e3o do turismo (obrigado, presidenta e cia.), passe logo e que possamos lembrar dela como mais um obst\u00e1culo desse Brasil que mais toma que d\u00e1 a seus cidad\u00e3os.<\/p>\n","protected":false},"excerpt":{"rendered":"<p>Blogs andam movimentados ultimamente e gosto de ver os blogueiros PANROTAS dialogando, debatendo, trocando ideias e experi\u00eancias. Repercutindo e sendo compartilhados. Uma boa discuss\u00e3o \u00e9 sempre v\u00e1lida e produtiva, mesmo que cada um esteja defendendo apenas \u201co seu peixe\u201d (o que na maioria das vezes n\u00e3o \u00e9 o caso, mas pode acontecer, pois a nossa [&hellip;]<\/p>\n","protected":false},"author":7,"featured_media":0,"comment_status":"open","ping_status":"open","sticky":false,"template":"","format":"standard","meta":{"spay_email":""},"categories":[2],"tags":[],"yoast_head":"<!-- This site is optimized with the Yoast SEO plugin v17.3 - https:\/\/yoast.com\/wordpress\/plugins\/seo\/ -->\n<title>Reputa\u00e7\u00e3o...a\u00e7\u00e3o... -<\/title>\n<meta name=\"description\" content=\"Reputa\u00e7\u00e3o...a\u00e7\u00e3o.... Confira essa Mat\u00e9ria no Canal Sem reserva. \u27a4 Projeto em parceria com a PANROTAS.\" \/>\n<meta name=\"robots\" content=\"index, follow, max-snippet:-1, max-image-preview:large, max-video-preview:-1\" \/>\n<link rel=\"canonical\" href=\"https:\/\/blog.panrotas.com.br\/semreserva\/reputacao-acao\/12-05-2015\/\" \/>\n<meta property=\"og:locale\" content=\"pt_BR\" \/>\n<meta property=\"og:type\" content=\"article\" \/>\n<meta property=\"og:title\" content=\"Reputa\u00e7\u00e3o...a\u00e7\u00e3o... -\" \/>\n<meta property=\"og:description\" content=\"Reputa\u00e7\u00e3o...a\u00e7\u00e3o.... Confira essa Mat\u00e9ria no Canal Sem reserva. \u27a4 Projeto em parceria com a PANROTAS.\" \/>\n<meta property=\"og:url\" content=\"https:\/\/blog.panrotas.com.br\/semreserva\/reputacao-acao\/12-05-2015\/\" \/>\n<meta property=\"og:site_name\" content=\"Sem reserva\" \/>\n<meta property=\"article:publisher\" content=\"https:\/\/www.facebook.com\/portalpanrotas\/\" \/>\n<meta property=\"article:published_time\" content=\"2015-05-12T21:49:58+00:00\" \/>\n<meta name=\"twitter:card\" content=\"summary_large_image\" \/>\n<meta name=\"twitter:creator\" content=\"@portalpanrotas\" \/>\n<meta name=\"twitter:site\" content=\"@portalpanrotas\" \/>\n<meta name=\"twitter:label1\" content=\"Escrito por\" \/>\n\t<meta name=\"twitter:data1\" content=\"Artur Andrade\" \/>\n\t<meta name=\"twitter:label2\" content=\"Est. tempo de leitura\" \/>\n\t<meta name=\"twitter:data2\" content=\"4 minutos\" \/>\n<script type=\"application\/ld+json\" class=\"yoast-schema-graph\">{\"@context\":\"https:\/\/schema.org\",\"@graph\":[{\"@type\":\"Organization\",\"@id\":\"http:\/\/blog.panrotas.com.br\/semreserva\/#organization\",\"name\":\"Sem Reserva - Blog no Portal PANROTAS\",\"url\":\"http:\/\/blog.panrotas.com.br\/semreserva\/\",\"sameAs\":[\"https:\/\/www.facebook.com\/portalpanrotas\/\",\"https:\/\/www.instagram.com\/portalpanrotas\/\",\"https:\/\/br.linkedin.com\/company\/panrotas\",\"https:\/\/www.youtube.com\/tvpanrotas\",\"https:\/\/twitter.com\/portalpanrotas\"],\"logo\":{\"@type\":\"ImageObject\",\"@id\":\"http:\/\/blog.panrotas.com.br\/semreserva\/#logo\",\"inLanguage\":\"pt-BR\",\"url\":\"https:\/\/blog.panrotas.com.br\/semreserva\/wp-content\/uploads\/sites\/5\/2020\/06\/logo.png\",\"contentUrl\":\"https:\/\/blog.panrotas.com.br\/semreserva\/wp-content\/uploads\/sites\/5\/2020\/06\/logo.png\",\"width\":259,\"height\":53,\"caption\":\"Sem Reserva - Blog no Portal PANROTAS\"},\"image\":{\"@id\":\"http:\/\/blog.panrotas.com.br\/semreserva\/#logo\"}},{\"@type\":\"WebSite\",\"@id\":\"http:\/\/blog.panrotas.com.br\/semreserva\/#website\",\"url\":\"http:\/\/blog.panrotas.com.br\/semreserva\/\",\"name\":\"Sem reserva\",\"description\":\"Blogosfera PANROTAS\",\"publisher\":{\"@id\":\"http:\/\/blog.panrotas.com.br\/semreserva\/#organization\"},\"potentialAction\":[{\"@type\":\"SearchAction\",\"target\":{\"@type\":\"EntryPoint\",\"urlTemplate\":\"http:\/\/blog.panrotas.com.br\/semreserva\/?s={search_term_string}\"},\"query-input\":\"required name=search_term_string\"}],\"inLanguage\":\"pt-BR\"},{\"@type\":\"WebPage\",\"@id\":\"https:\/\/blog.panrotas.com.br\/semreserva\/reputacao-acao\/12-05-2015\/#webpage\",\"url\":\"https:\/\/blog.panrotas.com.br\/semreserva\/reputacao-acao\/12-05-2015\/\",\"name\":\"Reputa\\u00e7\\u00e3o...a\\u00e7\\u00e3o... -\",\"isPartOf\":{\"@id\":\"http:\/\/blog.panrotas.com.br\/semreserva\/#website\"},\"datePublished\":\"2015-05-12T21:49:58+00:00\",\"dateModified\":\"2015-05-12T21:49:58+00:00\",\"description\":\"Reputa\\u00e7\\u00e3o...a\\u00e7\\u00e3o.... Confira essa Mat\\u00e9ria no Canal Sem reserva. \\u27a4 Projeto em parceria com a PANROTAS.\",\"breadcrumb\":{\"@id\":\"https:\/\/blog.panrotas.com.br\/semreserva\/reputacao-acao\/12-05-2015\/#breadcrumb\"},\"inLanguage\":\"pt-BR\",\"potentialAction\":[{\"@type\":\"ReadAction\",\"target\":[\"https:\/\/blog.panrotas.com.br\/semreserva\/reputacao-acao\/12-05-2015\/\"]}]},{\"@type\":\"BreadcrumbList\",\"@id\":\"https:\/\/blog.panrotas.com.br\/semreserva\/reputacao-acao\/12-05-2015\/#breadcrumb\",\"itemListElement\":[{\"@type\":\"ListItem\",\"position\":1,\"name\":\"Home do Blog\",\"item\":\"http:\/\/blog.panrotas.com.br\/semreserva\/\"},{\"@type\":\"ListItem\",\"position\":2,\"name\":\"Dia a dia\",\"item\":\"https:\/\/blog.panrotas.com.br\/semreserva\/category\/dia-a-dia\/\"},{\"@type\":\"ListItem\",\"position\":3,\"name\":\"Reputa\\u00e7\\u00e3o&#8230;a\\u00e7\\u00e3o&#8230;\"}]},{\"@type\":\"Article\",\"@id\":\"https:\/\/blog.panrotas.com.br\/semreserva\/reputacao-acao\/12-05-2015\/#article\",\"isPartOf\":{\"@id\":\"https:\/\/blog.panrotas.com.br\/semreserva\/reputacao-acao\/12-05-2015\/#webpage\"},\"author\":{\"@id\":\"http:\/\/blog.panrotas.com.br\/semreserva\/#\/schema\/person\/c93b4555f6a497d2d83c25dcb80f61ed\"},\"headline\":\"Reputa\\u00e7\\u00e3o&#8230;a\\u00e7\\u00e3o&#8230;\",\"datePublished\":\"2015-05-12T21:49:58+00:00\",\"dateModified\":\"2015-05-12T21:49:58+00:00\",\"mainEntityOfPage\":{\"@id\":\"https:\/\/blog.panrotas.com.br\/semreserva\/reputacao-acao\/12-05-2015\/#webpage\"},\"wordCount\":891,\"commentCount\":0,\"publisher\":{\"@id\":\"http:\/\/blog.panrotas.com.br\/semreserva\/#organization\"},\"articleSection\":[\"Dia a dia\"],\"inLanguage\":\"pt-BR\",\"potentialAction\":[{\"@type\":\"CommentAction\",\"name\":\"Comment\",\"target\":[\"https:\/\/blog.panrotas.com.br\/semreserva\/reputacao-acao\/12-05-2015\/#respond\"]}]},{\"@type\":\"Person\",\"@id\":\"http:\/\/blog.panrotas.com.br\/semreserva\/#\/schema\/person\/c93b4555f6a497d2d83c25dcb80f61ed\",\"name\":\"Artur Andrade\",\"image\":{\"@type\":\"ImageObject\",\"@id\":\"http:\/\/blog.panrotas.com.br\/semreserva\/#personlogo\",\"inLanguage\":\"pt-BR\",\"url\":\"https:\/\/secure.gravatar.com\/avatar\/a94564d630220cefd5c82f3452ac1ef4?s=96&d=mm&r=g\",\"contentUrl\":\"https:\/\/secure.gravatar.com\/avatar\/a94564d630220cefd5c82f3452ac1ef4?s=96&d=mm&r=g\",\"caption\":\"Artur Andrade\"},\"description\":\"Artur Luiz Andrade \\u00e9 carioca, taurino, jornalista e nasceu em 1969. \\u00c9 editor-chefe da PANROTAS Editora e mora em S\\u00e3o Paulo desde 1998\",\"sameAs\":[\"http:\/\/www.panrotas.com.br\"]}]}<\/script>\n<!-- \/ Yoast SEO plugin. -->","yoast_head_json":{"title":"Reputa\u00e7\u00e3o...a\u00e7\u00e3o... -","description":"Reputa\u00e7\u00e3o...a\u00e7\u00e3o.... Confira essa Mat\u00e9ria no Canal Sem reserva. \u27a4 Projeto em parceria com a PANROTAS.","robots":{"index":"index","follow":"follow","max-snippet":"max-snippet:-1","max-image-preview":"max-image-preview:large","max-video-preview":"max-video-preview:-1"},"canonical":"https:\/\/blog.panrotas.com.br\/semreserva\/reputacao-acao\/12-05-2015\/","og_locale":"pt_BR","og_type":"article","og_title":"Reputa\u00e7\u00e3o...a\u00e7\u00e3o... -","og_description":"Reputa\u00e7\u00e3o...a\u00e7\u00e3o.... Confira essa Mat\u00e9ria no Canal Sem reserva. \u27a4 Projeto em parceria com a PANROTAS.","og_url":"https:\/\/blog.panrotas.com.br\/semreserva\/reputacao-acao\/12-05-2015\/","og_site_name":"Sem reserva","article_publisher":"https:\/\/www.facebook.com\/portalpanrotas\/","article_published_time":"2015-05-12T21:49:58+00:00","twitter_card":"summary_large_image","twitter_creator":"@portalpanrotas","twitter_site":"@portalpanrotas","twitter_misc":{"Escrito por":"Artur Andrade","Est. tempo de leitura":"4 minutos"},"schema":{"@context":"https:\/\/schema.org","@graph":[{"@type":"Organization","@id":"http:\/\/blog.panrotas.com.br\/semreserva\/#organization","name":"Sem Reserva - Blog no Portal PANROTAS","url":"http:\/\/blog.panrotas.com.br\/semreserva\/","sameAs":["https:\/\/www.facebook.com\/portalpanrotas\/","https:\/\/www.instagram.com\/portalpanrotas\/","https:\/\/br.linkedin.com\/company\/panrotas","https:\/\/www.youtube.com\/tvpanrotas","https:\/\/twitter.com\/portalpanrotas"],"logo":{"@type":"ImageObject","@id":"http:\/\/blog.panrotas.com.br\/semreserva\/#logo","inLanguage":"pt-BR","url":"https:\/\/blog.panrotas.com.br\/semreserva\/wp-content\/uploads\/sites\/5\/2020\/06\/logo.png","contentUrl":"https:\/\/blog.panrotas.com.br\/semreserva\/wp-content\/uploads\/sites\/5\/2020\/06\/logo.png","width":259,"height":53,"caption":"Sem Reserva - Blog no Portal PANROTAS"},"image":{"@id":"http:\/\/blog.panrotas.com.br\/semreserva\/#logo"}},{"@type":"WebSite","@id":"http:\/\/blog.panrotas.com.br\/semreserva\/#website","url":"http:\/\/blog.panrotas.com.br\/semreserva\/","name":"Sem reserva","description":"Blogosfera PANROTAS","publisher":{"@id":"http:\/\/blog.panrotas.com.br\/semreserva\/#organization"},"potentialAction":[{"@type":"SearchAction","target":{"@type":"EntryPoint","urlTemplate":"http:\/\/blog.panrotas.com.br\/semreserva\/?s={search_term_string}"},"query-input":"required name=search_term_string"}],"inLanguage":"pt-BR"},{"@type":"WebPage","@id":"https:\/\/blog.panrotas.com.br\/semreserva\/reputacao-acao\/12-05-2015\/#webpage","url":"https:\/\/blog.panrotas.com.br\/semreserva\/reputacao-acao\/12-05-2015\/","name":"Reputa\u00e7\u00e3o...a\u00e7\u00e3o... -","isPartOf":{"@id":"http:\/\/blog.panrotas.com.br\/semreserva\/#website"},"datePublished":"2015-05-12T21:49:58+00:00","dateModified":"2015-05-12T21:49:58+00:00","description":"Reputa\u00e7\u00e3o...a\u00e7\u00e3o.... Confira essa Mat\u00e9ria no Canal Sem reserva. \u27a4 Projeto em parceria com a PANROTAS.","breadcrumb":{"@id":"https:\/\/blog.panrotas.com.br\/semreserva\/reputacao-acao\/12-05-2015\/#breadcrumb"},"inLanguage":"pt-BR","potentialAction":[{"@type":"ReadAction","target":["https:\/\/blog.panrotas.com.br\/semreserva\/reputacao-acao\/12-05-2015\/"]}]},{"@type":"BreadcrumbList","@id":"https:\/\/blog.panrotas.com.br\/semreserva\/reputacao-acao\/12-05-2015\/#breadcrumb","itemListElement":[{"@type":"ListItem","position":1,"name":"Home do Blog","item":"http:\/\/blog.panrotas.com.br\/semreserva\/"},{"@type":"ListItem","position":2,"name":"Dia a dia","item":"https:\/\/blog.panrotas.com.br\/semreserva\/category\/dia-a-dia\/"},{"@type":"ListItem","position":3,"name":"Reputa\u00e7\u00e3o&#8230;a\u00e7\u00e3o&#8230;"}]},{"@type":"Article","@id":"https:\/\/blog.panrotas.com.br\/semreserva\/reputacao-acao\/12-05-2015\/#article","isPartOf":{"@id":"https:\/\/blog.panrotas.com.br\/semreserva\/reputacao-acao\/12-05-2015\/#webpage"},"author":{"@id":"http:\/\/blog.panrotas.com.br\/semreserva\/#\/schema\/person\/c93b4555f6a497d2d83c25dcb80f61ed"},"headline":"Reputa\u00e7\u00e3o&#8230;a\u00e7\u00e3o&#8230;","datePublished":"2015-05-12T21:49:58+00:00","dateModified":"2015-05-12T21:49:58+00:00","mainEntityOfPage":{"@id":"https:\/\/blog.panrotas.com.br\/semreserva\/reputacao-acao\/12-05-2015\/#webpage"},"wordCount":891,"commentCount":0,"publisher":{"@id":"http:\/\/blog.panrotas.com.br\/semreserva\/#organization"},"articleSection":["Dia a dia"],"inLanguage":"pt-BR","potentialAction":[{"@type":"CommentAction","name":"Comment","target":["https:\/\/blog.panrotas.com.br\/semreserva\/reputacao-acao\/12-05-2015\/#respond"]}]},{"@type":"Person","@id":"http:\/\/blog.panrotas.com.br\/semreserva\/#\/schema\/person\/c93b4555f6a497d2d83c25dcb80f61ed","name":"Artur Andrade","image":{"@type":"ImageObject","@id":"http:\/\/blog.panrotas.com.br\/semreserva\/#personlogo","inLanguage":"pt-BR","url":"https:\/\/secure.gravatar.com\/avatar\/a94564d630220cefd5c82f3452ac1ef4?s=96&d=mm&r=g","contentUrl":"https:\/\/secure.gravatar.com\/avatar\/a94564d630220cefd5c82f3452ac1ef4?s=96&d=mm&r=g","caption":"Artur Andrade"},"description":"Artur Luiz Andrade \u00e9 carioca, taurino, jornalista e nasceu em 1969. \u00c9 editor-chefe da PANROTAS Editora e mora em S\u00e3o Paulo desde 1998","sameAs":["http:\/\/www.panrotas.com.br"]}]}},"jetpack_featured_media_url":"","jetpack_shortlink":"https:\/\/wp.me\/p7idIU-17w","_links":{"self":[{"href":"https:\/\/blog.panrotas.com.br\/semreserva\/wp-json\/wp\/v2\/posts\/4310"}],"collection":[{"href":"https:\/\/blog.panrotas.com.br\/semreserva\/wp-json\/wp\/v2\/posts"}],"about":[{"href":"https:\/\/blog.panrotas.com.br\/semreserva\/wp-json\/wp\/v2\/types\/post"}],"author":[{"embeddable":true,"href":"https:\/\/blog.panrotas.com.br\/semreserva\/wp-json\/wp\/v2\/users\/7"}],"replies":[{"embeddable":true,"href":"https:\/\/blog.panrotas.com.br\/semreserva\/wp-json\/wp\/v2\/comments?post=4310"}],"version-history":[{"count":0,"href":"https:\/\/blog.panrotas.com.br\/semreserva\/wp-json\/wp\/v2\/posts\/4310\/revisions"}],"wp:attachment":[{"href":"https:\/\/blog.panrotas.com.br\/semreserva\/wp-json\/wp\/v2\/media?parent=4310"}],"wp:term":[{"taxonomy":"category","embeddable":true,"href":"https:\/\/blog.panrotas.com.br\/semreserva\/wp-json\/wp\/v2\/categories?post=4310"},{"taxonomy":"post_tag","embeddable":true,"href":"https:\/\/blog.panrotas.com.br\/semreserva\/wp-json\/wp\/v2\/tags?post=4310"}],"curies":[{"name":"wp","href":"https:\/\/api.w.org\/{rel}","templated":true}]}}