{"id":4312,"date":"2015-05-20T22:29:05","date_gmt":"2015-05-21T01:29:05","guid":{"rendered":"http:\/\/blog.panrotas.com.br\/semreserva\/?p=4312"},"modified":"2015-05-20T22:29:05","modified_gmt":"2015-05-21T01:29:05","slug":"sobre-crises-e-lobos","status":"publish","type":"post","link":"https:\/\/blog.panrotas.com.br\/semreserva\/sobre-crises-e-lobos\/20-05-2015\/","title":{"rendered":"Sobre crises e lobos"},"content":{"rendered":"<p>A crise hoje explicitada da Nascimento Turismo deixou o mercado assustado e temendo um mergulho do turismo em uma crise ainda maior.<\/p>\n<p>&nbsp;<\/p>\n<p>N\u00e3o acredito nisso. \u00c9 um ano dif\u00edcil, mas tem gente agindo, tem empresa crescendo, tem promo\u00e7\u00e3o, tem viagem na agenda dos brasileiros. A promo\u00e7\u00e3o de passagens da American Airlines esta semana vendeu milhares de passagens em dois dias e movimentou o mercado. Quem voa barato tamb\u00e9m precisa de hotel, carro, ingresso, comida, compras&#8230; Quem pode faz, quem n\u00e3o pode acha uma sa\u00edda, como a recupera\u00e7\u00e3o judicial. Uma sa\u00edda legal e com Eduardo Nascimento explicitando a situa\u00e7\u00e3o. Ainda vir\u00e3o novas etapas, mas n\u00e3o houve fuga. Um avan\u00e7o, perto do que j\u00e1 passamos.<\/p>\n<p>&nbsp;<\/p>\n<p>Tamb\u00e9m n\u00e3o acho que seja um efeito direto da crise de 2015. A Nascimento come\u00e7ou a negociar com a CVC no come\u00e7o de 2014, mas j\u00e1 na \u00e9poca da Brasil Travel (quem se lembra? Era 2011 o ano), diretores da operadora diziam procurar um investidor (ou estarem sendo procurados por um).<\/p>\n<p>&nbsp;<\/p>\n<p>Ou seja, a alta do d\u00f3lar (que subiu de R$ 2,34, em m\u00e9dia, em 2014, para R$ 3,20, no primeiro trimestre deste ano) pode ter agravado a crise e gerado a decis\u00e3o da recupera\u00e7\u00e3o judicial. O efeito cascata da d\u00edvida, afetando fornecedores de todas as \u00e1reas, tornou a opera\u00e7\u00e3o invi\u00e1vel.<\/p>\n<p>&nbsp;<\/p>\n<p>Pode haver outras empresas em situa\u00e7\u00e3o dif\u00edcil? Pode haver n\u00e3o, h\u00e1. Como em anos bons tamb\u00e9m. Calcos, F\u00eanix, Bessitur, Shangri-l\u00e1, entre outras, fecharam bem antes dessa crise. A Time Brazil fechou por outros motivos. E por a\u00ed vai.<\/p>\n<p>&nbsp;<\/p>\n<p>Achei o m\u00e1ximo o desabafo de Martin Jensen, da Queensberry, alvo de boatos de d\u00edvidas. Venham e provem! Parem de plantar boatos para prejudicar quem est\u00e1 bem. E as companhias a\u00e9reas sabem da produ\u00e7\u00e3o da empresa. E fornecedor fala com fornecedor. Um cala a boca \u00e0s vezes \u00e9 necess\u00e1rio. O tiro podia sair pela culatra? Podia. Mas ningu\u00e9m veio a p\u00fablico contestar.<\/p>\n<p>&nbsp;<\/p>\n<p>E dever, j\u00e1 disse isso, n\u00e3o \u00e9 pecado. H\u00e1 formas legais de negociar uma d\u00edvida. E j\u00e1 vimos caso de donos de empresa que simplesmente desapareceram&#8230;<\/p>\n<p>&nbsp;<\/p>\n<p>O caso tamb\u00e9m exp\u00f5e onde as entidades realmente s\u00e3o necess\u00e1rias. Parem de focar em feiras, eventos, feiras, eventos, feiras, eventos&#8230; Olhem a repercuss\u00e3o de um caso como esse. Nada pode ser feito? Se a resposta for sim, que sejam claros.<\/p>\n<p>&nbsp;<\/p>\n<p>Falei com Eduardo Nascimento, com o Dado, e senti na voz deles a dor e a dificuldade desse momento. E eles sabem que, noves fora, todos torcem pela recupera\u00e7\u00e3o. Mas que j\u00e1 tem gente pronta para conquistar esses 110 mil passageiros da operadora. \u00c9 uma crise grave, pode acabar mal, mas pode ser um dos casos de volta por cima que sempre gostamos de ver e que nos emociona em filmes, palestras, apresenta\u00e7\u00f5es.<\/p>\n<p>&nbsp;<\/p>\n<p>Mais triste, e lament\u00e1vel, e vou ter de mudar de assunto brevemente, \u00e9 a situa\u00e7\u00e3o do Rio de Janeiro, \u00e0s v\u00e9speras da Olimp\u00edada de 2016. Como deixar esse n\u00edvel de viol\u00eancia e barb\u00e1rie voltar \u00e0 cidade? Tem prefeito ou ele s\u00f3 vai aparecer ano que vem pra eleger seu sucessor? Tem governador ou ele s\u00f3 apareceu na \u00faltima elei\u00e7\u00e3o para suceder seu padrinho? Vergonha e absurdo os casos de esfaqueamento, morte por roubos rid\u00edculos, execu\u00e7\u00f5es&#8230; Voltamos \u00e0 d\u00e9cada de 1990 quando os hot\u00e9is cinco estrelas eram vendidos a US$ 100 no Exterior? A cidade vai desabar depois da Rio 2016? O presidente da ABIH e do Rio CVB, Alfredo Lopes, j\u00e1 viu esse filme, e veio a p\u00fablico, sem medo, pedir provid\u00eancias. Uma crise intoler\u00e1vel. Desumana. Isso sim acaba com o Pa\u00eds, j\u00e1 no meio de uma com\u00e9dia dram\u00e1tica pol\u00edtica que pode nos valer anos de crescimento.<\/p>\n<p>&nbsp;<\/p>\n<p>Crises, recupera\u00e7\u00e3o judicial, discursos, mercado mata-mata, um Rio que mata&#8230; N\u00e3o vamos entrar nesse po\u00e7o de \u00e1gua turva!!!! Sejamos criativos&#8230; Sejamos o que sempre fomos, mas ainda mais exigentes e intolerantes com o que precisa ser feito de forma correta.<\/p>\n<p>&nbsp;<\/p>\n<p>&nbsp;<\/p>\n","protected":false},"excerpt":{"rendered":"<p>A crise hoje explicitada da Nascimento Turismo deixou o mercado assustado e temendo um mergulho do turismo em uma crise ainda maior. &nbsp; N\u00e3o acredito nisso. \u00c9 um ano dif\u00edcil, mas tem gente agindo, tem empresa crescendo, tem promo\u00e7\u00e3o, tem viagem na agenda dos brasileiros. A promo\u00e7\u00e3o de passagens da American Airlines esta semana vendeu [&hellip;]<\/p>\n","protected":false},"author":7,"featured_media":0,"comment_status":"open","ping_status":"open","sticky":false,"template":"","format":"standard","meta":{"spay_email":""},"categories":[2],"tags":[],"yoast_head":"<!-- This site is optimized with the Yoast SEO plugin v17.3 - https:\/\/yoast.com\/wordpress\/plugins\/seo\/ -->\n<title>Sobre crises e lobos -<\/title>\n<meta name=\"description\" content=\"Sobre crises e lobos. Confira essa Mat\u00e9ria no Canal Sem reserva. \u27a4 Projeto em parceria com a PANROTAS.\" \/>\n<meta name=\"robots\" content=\"index, follow, max-snippet:-1, max-image-preview:large, max-video-preview:-1\" \/>\n<link rel=\"canonical\" href=\"https:\/\/blog.panrotas.com.br\/semreserva\/sobre-crises-e-lobos\/20-05-2015\/\" \/>\n<meta property=\"og:locale\" content=\"pt_BR\" \/>\n<meta property=\"og:type\" content=\"article\" \/>\n<meta property=\"og:title\" content=\"Sobre crises e lobos -\" \/>\n<meta property=\"og:description\" content=\"Sobre crises e lobos. Confira essa Mat\u00e9ria no Canal Sem reserva. \u27a4 Projeto em parceria com a PANROTAS.\" \/>\n<meta property=\"og:url\" content=\"https:\/\/blog.panrotas.com.br\/semreserva\/sobre-crises-e-lobos\/20-05-2015\/\" \/>\n<meta property=\"og:site_name\" content=\"Sem reserva\" \/>\n<meta property=\"article:publisher\" content=\"https:\/\/www.facebook.com\/portalpanrotas\/\" \/>\n<meta property=\"article:published_time\" content=\"2015-05-21T01:29:05+00:00\" \/>\n<meta name=\"twitter:card\" content=\"summary_large_image\" \/>\n<meta name=\"twitter:creator\" content=\"@portalpanrotas\" \/>\n<meta name=\"twitter:site\" content=\"@portalpanrotas\" \/>\n<meta name=\"twitter:label1\" content=\"Escrito por\" \/>\n\t<meta name=\"twitter:data1\" content=\"Artur Andrade\" \/>\n\t<meta name=\"twitter:label2\" content=\"Est. tempo de leitura\" \/>\n\t<meta name=\"twitter:data2\" content=\"4 minutos\" \/>\n<script type=\"application\/ld+json\" class=\"yoast-schema-graph\">{\"@context\":\"https:\/\/schema.org\",\"@graph\":[{\"@type\":\"Organization\",\"@id\":\"http:\/\/blog.panrotas.com.br\/semreserva\/#organization\",\"name\":\"Sem Reserva - Blog no Portal PANROTAS\",\"url\":\"http:\/\/blog.panrotas.com.br\/semreserva\/\",\"sameAs\":[\"https:\/\/www.facebook.com\/portalpanrotas\/\",\"https:\/\/www.instagram.com\/portalpanrotas\/\",\"https:\/\/br.linkedin.com\/company\/panrotas\",\"https:\/\/www.youtube.com\/tvpanrotas\",\"https:\/\/twitter.com\/portalpanrotas\"],\"logo\":{\"@type\":\"ImageObject\",\"@id\":\"http:\/\/blog.panrotas.com.br\/semreserva\/#logo\",\"inLanguage\":\"pt-BR\",\"url\":\"https:\/\/blog.panrotas.com.br\/semreserva\/wp-content\/uploads\/sites\/5\/2020\/06\/logo.png\",\"contentUrl\":\"https:\/\/blog.panrotas.com.br\/semreserva\/wp-content\/uploads\/sites\/5\/2020\/06\/logo.png\",\"width\":259,\"height\":53,\"caption\":\"Sem Reserva - Blog no Portal PANROTAS\"},\"image\":{\"@id\":\"http:\/\/blog.panrotas.com.br\/semreserva\/#logo\"}},{\"@type\":\"WebSite\",\"@id\":\"http:\/\/blog.panrotas.com.br\/semreserva\/#website\",\"url\":\"http:\/\/blog.panrotas.com.br\/semreserva\/\",\"name\":\"Sem reserva\",\"description\":\"Blogosfera PANROTAS\",\"publisher\":{\"@id\":\"http:\/\/blog.panrotas.com.br\/semreserva\/#organization\"},\"potentialAction\":[{\"@type\":\"SearchAction\",\"target\":{\"@type\":\"EntryPoint\",\"urlTemplate\":\"http:\/\/blog.panrotas.com.br\/semreserva\/?s={search_term_string}\"},\"query-input\":\"required name=search_term_string\"}],\"inLanguage\":\"pt-BR\"},{\"@type\":\"WebPage\",\"@id\":\"https:\/\/blog.panrotas.com.br\/semreserva\/sobre-crises-e-lobos\/20-05-2015\/#webpage\",\"url\":\"https:\/\/blog.panrotas.com.br\/semreserva\/sobre-crises-e-lobos\/20-05-2015\/\",\"name\":\"Sobre crises e lobos -\",\"isPartOf\":{\"@id\":\"http:\/\/blog.panrotas.com.br\/semreserva\/#website\"},\"datePublished\":\"2015-05-21T01:29:05+00:00\",\"dateModified\":\"2015-05-21T01:29:05+00:00\",\"description\":\"Sobre crises e lobos. Confira essa Mat\\u00e9ria no Canal Sem reserva. \\u27a4 Projeto em parceria com a PANROTAS.\",\"breadcrumb\":{\"@id\":\"https:\/\/blog.panrotas.com.br\/semreserva\/sobre-crises-e-lobos\/20-05-2015\/#breadcrumb\"},\"inLanguage\":\"pt-BR\",\"potentialAction\":[{\"@type\":\"ReadAction\",\"target\":[\"https:\/\/blog.panrotas.com.br\/semreserva\/sobre-crises-e-lobos\/20-05-2015\/\"]}]},{\"@type\":\"BreadcrumbList\",\"@id\":\"https:\/\/blog.panrotas.com.br\/semreserva\/sobre-crises-e-lobos\/20-05-2015\/#breadcrumb\",\"itemListElement\":[{\"@type\":\"ListItem\",\"position\":1,\"name\":\"Home do Blog\",\"item\":\"http:\/\/blog.panrotas.com.br\/semreserva\/\"},{\"@type\":\"ListItem\",\"position\":2,\"name\":\"Dia a dia\",\"item\":\"https:\/\/blog.panrotas.com.br\/semreserva\/category\/dia-a-dia\/\"},{\"@type\":\"ListItem\",\"position\":3,\"name\":\"Sobre crises e lobos\"}]},{\"@type\":\"Article\",\"@id\":\"https:\/\/blog.panrotas.com.br\/semreserva\/sobre-crises-e-lobos\/20-05-2015\/#article\",\"isPartOf\":{\"@id\":\"https:\/\/blog.panrotas.com.br\/semreserva\/sobre-crises-e-lobos\/20-05-2015\/#webpage\"},\"author\":{\"@id\":\"http:\/\/blog.panrotas.com.br\/semreserva\/#\/schema\/person\/c93b4555f6a497d2d83c25dcb80f61ed\"},\"headline\":\"Sobre crises e lobos\",\"datePublished\":\"2015-05-21T01:29:05+00:00\",\"dateModified\":\"2015-05-21T01:29:05+00:00\",\"mainEntityOfPage\":{\"@id\":\"https:\/\/blog.panrotas.com.br\/semreserva\/sobre-crises-e-lobos\/20-05-2015\/#webpage\"},\"wordCount\":705,\"commentCount\":0,\"publisher\":{\"@id\":\"http:\/\/blog.panrotas.com.br\/semreserva\/#organization\"},\"articleSection\":[\"Dia a dia\"],\"inLanguage\":\"pt-BR\",\"potentialAction\":[{\"@type\":\"CommentAction\",\"name\":\"Comment\",\"target\":[\"https:\/\/blog.panrotas.com.br\/semreserva\/sobre-crises-e-lobos\/20-05-2015\/#respond\"]}]},{\"@type\":\"Person\",\"@id\":\"http:\/\/blog.panrotas.com.br\/semreserva\/#\/schema\/person\/c93b4555f6a497d2d83c25dcb80f61ed\",\"name\":\"Artur Andrade\",\"image\":{\"@type\":\"ImageObject\",\"@id\":\"http:\/\/blog.panrotas.com.br\/semreserva\/#personlogo\",\"inLanguage\":\"pt-BR\",\"url\":\"https:\/\/secure.gravatar.com\/avatar\/a94564d630220cefd5c82f3452ac1ef4?s=96&d=mm&r=g\",\"contentUrl\":\"https:\/\/secure.gravatar.com\/avatar\/a94564d630220cefd5c82f3452ac1ef4?s=96&d=mm&r=g\",\"caption\":\"Artur Andrade\"},\"description\":\"Artur Luiz Andrade \\u00e9 carioca, taurino, jornalista e nasceu em 1969. \\u00c9 editor-chefe da PANROTAS Editora e mora em S\\u00e3o Paulo desde 1998\",\"sameAs\":[\"http:\/\/www.panrotas.com.br\"]}]}<\/script>\n<!-- \/ Yoast SEO plugin. -->","yoast_head_json":{"title":"Sobre crises e lobos -","description":"Sobre crises e lobos. Confira essa Mat\u00e9ria no Canal Sem reserva. \u27a4 Projeto em parceria com a PANROTAS.","robots":{"index":"index","follow":"follow","max-snippet":"max-snippet:-1","max-image-preview":"max-image-preview:large","max-video-preview":"max-video-preview:-1"},"canonical":"https:\/\/blog.panrotas.com.br\/semreserva\/sobre-crises-e-lobos\/20-05-2015\/","og_locale":"pt_BR","og_type":"article","og_title":"Sobre crises e lobos -","og_description":"Sobre crises e lobos. Confira essa Mat\u00e9ria no Canal Sem reserva. \u27a4 Projeto em parceria com a PANROTAS.","og_url":"https:\/\/blog.panrotas.com.br\/semreserva\/sobre-crises-e-lobos\/20-05-2015\/","og_site_name":"Sem reserva","article_publisher":"https:\/\/www.facebook.com\/portalpanrotas\/","article_published_time":"2015-05-21T01:29:05+00:00","twitter_card":"summary_large_image","twitter_creator":"@portalpanrotas","twitter_site":"@portalpanrotas","twitter_misc":{"Escrito por":"Artur Andrade","Est. tempo de leitura":"4 minutos"},"schema":{"@context":"https:\/\/schema.org","@graph":[{"@type":"Organization","@id":"http:\/\/blog.panrotas.com.br\/semreserva\/#organization","name":"Sem Reserva - Blog no Portal PANROTAS","url":"http:\/\/blog.panrotas.com.br\/semreserva\/","sameAs":["https:\/\/www.facebook.com\/portalpanrotas\/","https:\/\/www.instagram.com\/portalpanrotas\/","https:\/\/br.linkedin.com\/company\/panrotas","https:\/\/www.youtube.com\/tvpanrotas","https:\/\/twitter.com\/portalpanrotas"],"logo":{"@type":"ImageObject","@id":"http:\/\/blog.panrotas.com.br\/semreserva\/#logo","inLanguage":"pt-BR","url":"https:\/\/blog.panrotas.com.br\/semreserva\/wp-content\/uploads\/sites\/5\/2020\/06\/logo.png","contentUrl":"https:\/\/blog.panrotas.com.br\/semreserva\/wp-content\/uploads\/sites\/5\/2020\/06\/logo.png","width":259,"height":53,"caption":"Sem Reserva - Blog no Portal PANROTAS"},"image":{"@id":"http:\/\/blog.panrotas.com.br\/semreserva\/#logo"}},{"@type":"WebSite","@id":"http:\/\/blog.panrotas.com.br\/semreserva\/#website","url":"http:\/\/blog.panrotas.com.br\/semreserva\/","name":"Sem reserva","description":"Blogosfera PANROTAS","publisher":{"@id":"http:\/\/blog.panrotas.com.br\/semreserva\/#organization"},"potentialAction":[{"@type":"SearchAction","target":{"@type":"EntryPoint","urlTemplate":"http:\/\/blog.panrotas.com.br\/semreserva\/?s={search_term_string}"},"query-input":"required name=search_term_string"}],"inLanguage":"pt-BR"},{"@type":"WebPage","@id":"https:\/\/blog.panrotas.com.br\/semreserva\/sobre-crises-e-lobos\/20-05-2015\/#webpage","url":"https:\/\/blog.panrotas.com.br\/semreserva\/sobre-crises-e-lobos\/20-05-2015\/","name":"Sobre crises e lobos -","isPartOf":{"@id":"http:\/\/blog.panrotas.com.br\/semreserva\/#website"},"datePublished":"2015-05-21T01:29:05+00:00","dateModified":"2015-05-21T01:29:05+00:00","description":"Sobre crises e lobos. Confira essa Mat\u00e9ria no Canal Sem reserva. \u27a4 Projeto em parceria com a PANROTAS.","breadcrumb":{"@id":"https:\/\/blog.panrotas.com.br\/semreserva\/sobre-crises-e-lobos\/20-05-2015\/#breadcrumb"},"inLanguage":"pt-BR","potentialAction":[{"@type":"ReadAction","target":["https:\/\/blog.panrotas.com.br\/semreserva\/sobre-crises-e-lobos\/20-05-2015\/"]}]},{"@type":"BreadcrumbList","@id":"https:\/\/blog.panrotas.com.br\/semreserva\/sobre-crises-e-lobos\/20-05-2015\/#breadcrumb","itemListElement":[{"@type":"ListItem","position":1,"name":"Home do Blog","item":"http:\/\/blog.panrotas.com.br\/semreserva\/"},{"@type":"ListItem","position":2,"name":"Dia a dia","item":"https:\/\/blog.panrotas.com.br\/semreserva\/category\/dia-a-dia\/"},{"@type":"ListItem","position":3,"name":"Sobre crises e lobos"}]},{"@type":"Article","@id":"https:\/\/blog.panrotas.com.br\/semreserva\/sobre-crises-e-lobos\/20-05-2015\/#article","isPartOf":{"@id":"https:\/\/blog.panrotas.com.br\/semreserva\/sobre-crises-e-lobos\/20-05-2015\/#webpage"},"author":{"@id":"http:\/\/blog.panrotas.com.br\/semreserva\/#\/schema\/person\/c93b4555f6a497d2d83c25dcb80f61ed"},"headline":"Sobre crises e lobos","datePublished":"2015-05-21T01:29:05+00:00","dateModified":"2015-05-21T01:29:05+00:00","mainEntityOfPage":{"@id":"https:\/\/blog.panrotas.com.br\/semreserva\/sobre-crises-e-lobos\/20-05-2015\/#webpage"},"wordCount":705,"commentCount":0,"publisher":{"@id":"http:\/\/blog.panrotas.com.br\/semreserva\/#organization"},"articleSection":["Dia a dia"],"inLanguage":"pt-BR","potentialAction":[{"@type":"CommentAction","name":"Comment","target":["https:\/\/blog.panrotas.com.br\/semreserva\/sobre-crises-e-lobos\/20-05-2015\/#respond"]}]},{"@type":"Person","@id":"http:\/\/blog.panrotas.com.br\/semreserva\/#\/schema\/person\/c93b4555f6a497d2d83c25dcb80f61ed","name":"Artur Andrade","image":{"@type":"ImageObject","@id":"http:\/\/blog.panrotas.com.br\/semreserva\/#personlogo","inLanguage":"pt-BR","url":"https:\/\/secure.gravatar.com\/avatar\/a94564d630220cefd5c82f3452ac1ef4?s=96&d=mm&r=g","contentUrl":"https:\/\/secure.gravatar.com\/avatar\/a94564d630220cefd5c82f3452ac1ef4?s=96&d=mm&r=g","caption":"Artur Andrade"},"description":"Artur Luiz Andrade \u00e9 carioca, taurino, jornalista e nasceu em 1969. \u00c9 editor-chefe da PANROTAS Editora e mora em S\u00e3o Paulo desde 1998","sameAs":["http:\/\/www.panrotas.com.br"]}]}},"jetpack_featured_media_url":"","jetpack_shortlink":"https:\/\/wp.me\/p7idIU-17y","_links":{"self":[{"href":"https:\/\/blog.panrotas.com.br\/semreserva\/wp-json\/wp\/v2\/posts\/4312"}],"collection":[{"href":"https:\/\/blog.panrotas.com.br\/semreserva\/wp-json\/wp\/v2\/posts"}],"about":[{"href":"https:\/\/blog.panrotas.com.br\/semreserva\/wp-json\/wp\/v2\/types\/post"}],"author":[{"embeddable":true,"href":"https:\/\/blog.panrotas.com.br\/semreserva\/wp-json\/wp\/v2\/users\/7"}],"replies":[{"embeddable":true,"href":"https:\/\/blog.panrotas.com.br\/semreserva\/wp-json\/wp\/v2\/comments?post=4312"}],"version-history":[{"count":0,"href":"https:\/\/blog.panrotas.com.br\/semreserva\/wp-json\/wp\/v2\/posts\/4312\/revisions"}],"wp:attachment":[{"href":"https:\/\/blog.panrotas.com.br\/semreserva\/wp-json\/wp\/v2\/media?parent=4312"}],"wp:term":[{"taxonomy":"category","embeddable":true,"href":"https:\/\/blog.panrotas.com.br\/semreserva\/wp-json\/wp\/v2\/categories?post=4312"},{"taxonomy":"post_tag","embeddable":true,"href":"https:\/\/blog.panrotas.com.br\/semreserva\/wp-json\/wp\/v2\/tags?post=4312"}],"curies":[{"name":"wp","href":"https:\/\/api.w.org\/{rel}","templated":true}]}}