{"id":4341,"date":"2015-07-01T11:56:30","date_gmt":"2015-07-01T14:56:30","guid":{"rendered":"http:\/\/blog.panrotas.com.br\/semreserva\/?p=4341"},"modified":"2015-07-01T11:56:30","modified_gmt":"2015-07-01T14:56:30","slug":"bem-vindos-ao-segundo-semestre","status":"publish","type":"post","link":"https:\/\/blog.panrotas.com.br\/semreserva\/bem-vindos-ao-segundo-semestre\/01-07-2015\/","title":{"rendered":"Bem-vindos ao segundo semestre"},"content":{"rendered":"<p>H\u00e1 os que respiram aliviados: terminou o primeiro semestre do ano da crise. H\u00e1 os que, ofegantes, tomam mais um rivotril: come\u00e7ou o segundo semestre, e agora? E h\u00e1 os que, discretos e profissionais, focados e preocupados, \u00e9ticos e atuantes, acolhem esse primeiro de julho como mais um dia do trabalhoso ano de 2015.<\/p>\n<p>&nbsp;<\/p>\n<p>O mercado est\u00e1 de 10% a 15% menor este ano e as empresas est\u00e3o tendo de lidar com isso. O c\u00e2mbio ajuda (a receita em real empata e at\u00e9 cresce em rela\u00e7\u00e3o a 2014), mas o cen\u00e1rio est\u00e1 longe de voltar ao trilho do crescimento e da confian\u00e7a de empres\u00e1rios e consumidores. Por isso, cada passo continua sendo um passo importante.<\/p>\n<p>&nbsp;<\/p>\n<p>Conversando com algumas lideran\u00e7as, vejo mais uma vez que o segmento de viagens corporativas \u00e9 o que tem a cabe\u00e7a mais no lugar, talvez por ter tido de mudar antes que todos (l\u00e1 atr\u00e1s, na implanta\u00e7\u00e3o dos fees) e por ter pr\u00e1ticas mais sofisticadas, profissionais&#8230; usem o adjetivo que quiserem.<\/p>\n<p>&nbsp;<\/p>\n<p>J\u00e1 os consolidadores s\u00e3o o pulso do mercado e junto com os agentes questionam se essa onda de promo\u00e7\u00f5es ser\u00e1 revertida em curto, m\u00e9dio ou longo prazo&#8230; Vai ser f\u00e1cil voltar a patamares normais?<\/p>\n<p>&nbsp;<\/p>\n<p>O setor de operadoras \u00e9 o mais inst\u00e1vel, tanto pelas perdas recentes do segmento, quanto pela demora em aceitar mudan\u00e7as vis\u00edveis. Mas se olharmos bem, vemos boas not\u00edcias vindas de v\u00e1rias delas: contrata\u00e7\u00f5es, metas batidas, planos consistentes para o segundo semestre, novas filiais, fideliza\u00e7\u00f5es para os agentes de viagens, campanhas, promo\u00e7\u00f5es construtivas&#8230; Me lembra o \u201cboom\u201d das OTAs no Pa\u00eds. Enquanto durante cerca de cinco anos algumas ag\u00eancias apenas gritavam contra as OTAs, outras mudaram seu neg\u00f3cio e est\u00e3o mais fortes hoje. Idem com a DU. Entre as operadoras, h\u00e1 os que continuam gritando ou pulando para que o mercado os veja. Mas esses n\u00e3o s\u00e3o mais levados a s\u00e9rio. Amanh\u00e3 na posse da nova diretoria da Braztoa, com certeza veremos um posicionamento claro e que vai separar o joio do trigo.<\/p>\n<p>&nbsp;<\/p>\n<p>Analisando bem os conselheiros da nova diretoria da Braztoa (Magda Nassar, Jos\u00e9 Zuquim, Ana Maria Berto, Frederico Levy e Roberto Nedelciu) vejo uma diversidade e intelig\u00eancia animadora. A Braztoa teve muita sabedoria ou sorte de ter escolhido bons presidentes nos \u00faltimos mandatos: cada um deixou uma marca importante e evoluiu de acordo com os cen\u00e1rios que se apresentavam. O peso pol\u00edtico vem da gest\u00e3o Zuquim, a uni\u00e3o comercial (com Turismo Week e outras a\u00e7\u00f5es) da gest\u00e3o Marco Ferraz, o cunho t\u00e9cnico de Eduardo Barbosa e por a\u00ed vai.<\/p>\n<p>&nbsp;<\/p>\n<p>Este ano a Abav renovar\u00e1 seus quadros estaduais e o nacional (com Edmar Bull, da Abracorp, at\u00e9 o momento como candidato \u00fanico) e sempre \u00e9 um momento de reflex\u00e3o, planos, novos projetos e an\u00e1lises do que deu certo e do que pode ser melhor. Muito se fala na uni\u00e3o das entidades e bl\u00e1 bl\u00e1 bl\u00e1, mas n\u00e3o acredito nela. Acredito sim em parcerias e no entendimento de que todos est\u00e3o no mesmo barco, avi\u00e3o, trem&#8230; a ind\u00fastria do turismo no Brasil. J\u00e1 tivemos os desbravadores, os empreendedores, os desinteressados&#8230; \u00e9 hora de todos falarem a mesma l\u00edngua, mesmo cada um tendo problemas e defesas espec\u00edficas de cada categoria.<\/p>\n<p>&nbsp;<\/p>\n<p>Mas esse nem era o assunto desse blog&#8230; ser\u00e1 que a Dilma diria que estou tergiversando?<\/p>\n<p>&nbsp;<\/p>\n<p>Ent\u00e3o, em resumo, bem-vindos a mais um dia do dif\u00edcil e desafiador ano de 2015. Que venham muitas conquistas e boas not\u00edcias. E que os drag\u00f5es da maldade encontrem muitos santos guerreiros dispostos a dom\u00e1-los.<\/p>\n<p>&nbsp;<\/p>\n<p><strong>Ax\u00e9!!!<\/strong><\/p>\n","protected":false},"excerpt":{"rendered":"<p>H\u00e1 os que respiram aliviados: terminou o primeiro semestre do ano da crise. H\u00e1 os que, ofegantes, tomam mais um rivotril: come\u00e7ou o segundo semestre, e agora? E h\u00e1 os que, discretos e profissionais, focados e preocupados, \u00e9ticos e atuantes, acolhem esse primeiro de julho como mais um dia do trabalhoso ano de 2015. &nbsp; [&hellip;]<\/p>\n","protected":false},"author":7,"featured_media":0,"comment_status":"open","ping_status":"open","sticky":false,"template":"","format":"standard","meta":{"spay_email":""},"categories":[2],"tags":[],"yoast_head":"<!-- This site is optimized with the Yoast SEO plugin v17.3 - https:\/\/yoast.com\/wordpress\/plugins\/seo\/ -->\n<title>Bem-vindos ao segundo semestre -<\/title>\n<meta name=\"description\" content=\"Bem-vindos ao segundo semestre. Confira essa Mat\u00e9ria no Canal Sem reserva. \u27a4 Projeto em parceria com a PANROTAS.\" \/>\n<meta name=\"robots\" content=\"index, follow, max-snippet:-1, max-image-preview:large, max-video-preview:-1\" \/>\n<link rel=\"canonical\" href=\"https:\/\/blog.panrotas.com.br\/semreserva\/bem-vindos-ao-segundo-semestre\/01-07-2015\/\" \/>\n<meta property=\"og:locale\" content=\"pt_BR\" \/>\n<meta property=\"og:type\" content=\"article\" \/>\n<meta property=\"og:title\" content=\"Bem-vindos ao segundo semestre -\" \/>\n<meta property=\"og:description\" content=\"Bem-vindos ao segundo semestre. Confira essa Mat\u00e9ria no Canal Sem reserva. \u27a4 Projeto em parceria com a PANROTAS.\" \/>\n<meta property=\"og:url\" content=\"https:\/\/blog.panrotas.com.br\/semreserva\/bem-vindos-ao-segundo-semestre\/01-07-2015\/\" \/>\n<meta property=\"og:site_name\" content=\"Sem reserva\" \/>\n<meta property=\"article:publisher\" content=\"https:\/\/www.facebook.com\/portalpanrotas\/\" \/>\n<meta property=\"article:published_time\" content=\"2015-07-01T14:56:30+00:00\" \/>\n<meta name=\"twitter:card\" content=\"summary_large_image\" \/>\n<meta name=\"twitter:creator\" content=\"@portalpanrotas\" \/>\n<meta name=\"twitter:site\" content=\"@portalpanrotas\" \/>\n<meta name=\"twitter:label1\" content=\"Escrito por\" \/>\n\t<meta name=\"twitter:data1\" content=\"Artur Andrade\" \/>\n\t<meta name=\"twitter:label2\" content=\"Est. tempo de leitura\" \/>\n\t<meta name=\"twitter:data2\" content=\"3 minutos\" \/>\n<script type=\"application\/ld+json\" class=\"yoast-schema-graph\">{\"@context\":\"https:\/\/schema.org\",\"@graph\":[{\"@type\":\"Organization\",\"@id\":\"http:\/\/blog.panrotas.com.br\/semreserva\/#organization\",\"name\":\"Sem Reserva - Blog no Portal PANROTAS\",\"url\":\"http:\/\/blog.panrotas.com.br\/semreserva\/\",\"sameAs\":[\"https:\/\/www.facebook.com\/portalpanrotas\/\",\"https:\/\/www.instagram.com\/portalpanrotas\/\",\"https:\/\/br.linkedin.com\/company\/panrotas\",\"https:\/\/www.youtube.com\/tvpanrotas\",\"https:\/\/twitter.com\/portalpanrotas\"],\"logo\":{\"@type\":\"ImageObject\",\"@id\":\"http:\/\/blog.panrotas.com.br\/semreserva\/#logo\",\"inLanguage\":\"pt-BR\",\"url\":\"https:\/\/blog.panrotas.com.br\/semreserva\/wp-content\/uploads\/sites\/5\/2020\/06\/logo.png\",\"contentUrl\":\"https:\/\/blog.panrotas.com.br\/semreserva\/wp-content\/uploads\/sites\/5\/2020\/06\/logo.png\",\"width\":259,\"height\":53,\"caption\":\"Sem Reserva - Blog no Portal PANROTAS\"},\"image\":{\"@id\":\"http:\/\/blog.panrotas.com.br\/semreserva\/#logo\"}},{\"@type\":\"WebSite\",\"@id\":\"http:\/\/blog.panrotas.com.br\/semreserva\/#website\",\"url\":\"http:\/\/blog.panrotas.com.br\/semreserva\/\",\"name\":\"Sem reserva\",\"description\":\"Blogosfera PANROTAS\",\"publisher\":{\"@id\":\"http:\/\/blog.panrotas.com.br\/semreserva\/#organization\"},\"potentialAction\":[{\"@type\":\"SearchAction\",\"target\":{\"@type\":\"EntryPoint\",\"urlTemplate\":\"http:\/\/blog.panrotas.com.br\/semreserva\/?s={search_term_string}\"},\"query-input\":\"required name=search_term_string\"}],\"inLanguage\":\"pt-BR\"},{\"@type\":\"WebPage\",\"@id\":\"https:\/\/blog.panrotas.com.br\/semreserva\/bem-vindos-ao-segundo-semestre\/01-07-2015\/#webpage\",\"url\":\"https:\/\/blog.panrotas.com.br\/semreserva\/bem-vindos-ao-segundo-semestre\/01-07-2015\/\",\"name\":\"Bem-vindos ao segundo semestre -\",\"isPartOf\":{\"@id\":\"http:\/\/blog.panrotas.com.br\/semreserva\/#website\"},\"datePublished\":\"2015-07-01T14:56:30+00:00\",\"dateModified\":\"2015-07-01T14:56:30+00:00\",\"description\":\"Bem-vindos ao segundo semestre. Confira essa Mat\\u00e9ria no Canal Sem reserva. \\u27a4 Projeto em parceria com a PANROTAS.\",\"breadcrumb\":{\"@id\":\"https:\/\/blog.panrotas.com.br\/semreserva\/bem-vindos-ao-segundo-semestre\/01-07-2015\/#breadcrumb\"},\"inLanguage\":\"pt-BR\",\"potentialAction\":[{\"@type\":\"ReadAction\",\"target\":[\"https:\/\/blog.panrotas.com.br\/semreserva\/bem-vindos-ao-segundo-semestre\/01-07-2015\/\"]}]},{\"@type\":\"BreadcrumbList\",\"@id\":\"https:\/\/blog.panrotas.com.br\/semreserva\/bem-vindos-ao-segundo-semestre\/01-07-2015\/#breadcrumb\",\"itemListElement\":[{\"@type\":\"ListItem\",\"position\":1,\"name\":\"Home do Blog\",\"item\":\"http:\/\/blog.panrotas.com.br\/semreserva\/\"},{\"@type\":\"ListItem\",\"position\":2,\"name\":\"Dia a dia\",\"item\":\"https:\/\/blog.panrotas.com.br\/semreserva\/category\/dia-a-dia\/\"},{\"@type\":\"ListItem\",\"position\":3,\"name\":\"Bem-vindos ao segundo semestre\"}]},{\"@type\":\"Article\",\"@id\":\"https:\/\/blog.panrotas.com.br\/semreserva\/bem-vindos-ao-segundo-semestre\/01-07-2015\/#article\",\"isPartOf\":{\"@id\":\"https:\/\/blog.panrotas.com.br\/semreserva\/bem-vindos-ao-segundo-semestre\/01-07-2015\/#webpage\"},\"author\":{\"@id\":\"http:\/\/blog.panrotas.com.br\/semreserva\/#\/schema\/person\/c93b4555f6a497d2d83c25dcb80f61ed\"},\"headline\":\"Bem-vindos ao segundo semestre\",\"datePublished\":\"2015-07-01T14:56:30+00:00\",\"dateModified\":\"2015-07-01T14:56:30+00:00\",\"mainEntityOfPage\":{\"@id\":\"https:\/\/blog.panrotas.com.br\/semreserva\/bem-vindos-ao-segundo-semestre\/01-07-2015\/#webpage\"},\"wordCount\":636,\"commentCount\":0,\"publisher\":{\"@id\":\"http:\/\/blog.panrotas.com.br\/semreserva\/#organization\"},\"articleSection\":[\"Dia a dia\"],\"inLanguage\":\"pt-BR\",\"potentialAction\":[{\"@type\":\"CommentAction\",\"name\":\"Comment\",\"target\":[\"https:\/\/blog.panrotas.com.br\/semreserva\/bem-vindos-ao-segundo-semestre\/01-07-2015\/#respond\"]}]},{\"@type\":\"Person\",\"@id\":\"http:\/\/blog.panrotas.com.br\/semreserva\/#\/schema\/person\/c93b4555f6a497d2d83c25dcb80f61ed\",\"name\":\"Artur Andrade\",\"image\":{\"@type\":\"ImageObject\",\"@id\":\"http:\/\/blog.panrotas.com.br\/semreserva\/#personlogo\",\"inLanguage\":\"pt-BR\",\"url\":\"https:\/\/secure.gravatar.com\/avatar\/a94564d630220cefd5c82f3452ac1ef4?s=96&d=mm&r=g\",\"contentUrl\":\"https:\/\/secure.gravatar.com\/avatar\/a94564d630220cefd5c82f3452ac1ef4?s=96&d=mm&r=g\",\"caption\":\"Artur Andrade\"},\"description\":\"Artur Luiz Andrade \\u00e9 carioca, taurino, jornalista e nasceu em 1969. \\u00c9 editor-chefe da PANROTAS Editora e mora em S\\u00e3o Paulo desde 1998\",\"sameAs\":[\"http:\/\/www.panrotas.com.br\"]}]}<\/script>\n<!-- \/ Yoast SEO plugin. -->","yoast_head_json":{"title":"Bem-vindos ao segundo semestre -","description":"Bem-vindos ao segundo semestre. Confira essa Mat\u00e9ria no Canal Sem reserva. \u27a4 Projeto em parceria com a PANROTAS.","robots":{"index":"index","follow":"follow","max-snippet":"max-snippet:-1","max-image-preview":"max-image-preview:large","max-video-preview":"max-video-preview:-1"},"canonical":"https:\/\/blog.panrotas.com.br\/semreserva\/bem-vindos-ao-segundo-semestre\/01-07-2015\/","og_locale":"pt_BR","og_type":"article","og_title":"Bem-vindos ao segundo semestre -","og_description":"Bem-vindos ao segundo semestre. Confira essa Mat\u00e9ria no Canal Sem reserva. \u27a4 Projeto em parceria com a PANROTAS.","og_url":"https:\/\/blog.panrotas.com.br\/semreserva\/bem-vindos-ao-segundo-semestre\/01-07-2015\/","og_site_name":"Sem reserva","article_publisher":"https:\/\/www.facebook.com\/portalpanrotas\/","article_published_time":"2015-07-01T14:56:30+00:00","twitter_card":"summary_large_image","twitter_creator":"@portalpanrotas","twitter_site":"@portalpanrotas","twitter_misc":{"Escrito por":"Artur Andrade","Est. tempo de leitura":"3 minutos"},"schema":{"@context":"https:\/\/schema.org","@graph":[{"@type":"Organization","@id":"http:\/\/blog.panrotas.com.br\/semreserva\/#organization","name":"Sem Reserva - Blog no Portal PANROTAS","url":"http:\/\/blog.panrotas.com.br\/semreserva\/","sameAs":["https:\/\/www.facebook.com\/portalpanrotas\/","https:\/\/www.instagram.com\/portalpanrotas\/","https:\/\/br.linkedin.com\/company\/panrotas","https:\/\/www.youtube.com\/tvpanrotas","https:\/\/twitter.com\/portalpanrotas"],"logo":{"@type":"ImageObject","@id":"http:\/\/blog.panrotas.com.br\/semreserva\/#logo","inLanguage":"pt-BR","url":"https:\/\/blog.panrotas.com.br\/semreserva\/wp-content\/uploads\/sites\/5\/2020\/06\/logo.png","contentUrl":"https:\/\/blog.panrotas.com.br\/semreserva\/wp-content\/uploads\/sites\/5\/2020\/06\/logo.png","width":259,"height":53,"caption":"Sem Reserva - Blog no Portal PANROTAS"},"image":{"@id":"http:\/\/blog.panrotas.com.br\/semreserva\/#logo"}},{"@type":"WebSite","@id":"http:\/\/blog.panrotas.com.br\/semreserva\/#website","url":"http:\/\/blog.panrotas.com.br\/semreserva\/","name":"Sem reserva","description":"Blogosfera PANROTAS","publisher":{"@id":"http:\/\/blog.panrotas.com.br\/semreserva\/#organization"},"potentialAction":[{"@type":"SearchAction","target":{"@type":"EntryPoint","urlTemplate":"http:\/\/blog.panrotas.com.br\/semreserva\/?s={search_term_string}"},"query-input":"required name=search_term_string"}],"inLanguage":"pt-BR"},{"@type":"WebPage","@id":"https:\/\/blog.panrotas.com.br\/semreserva\/bem-vindos-ao-segundo-semestre\/01-07-2015\/#webpage","url":"https:\/\/blog.panrotas.com.br\/semreserva\/bem-vindos-ao-segundo-semestre\/01-07-2015\/","name":"Bem-vindos ao segundo semestre -","isPartOf":{"@id":"http:\/\/blog.panrotas.com.br\/semreserva\/#website"},"datePublished":"2015-07-01T14:56:30+00:00","dateModified":"2015-07-01T14:56:30+00:00","description":"Bem-vindos ao segundo semestre. Confira essa Mat\u00e9ria no Canal Sem reserva. \u27a4 Projeto em parceria com a PANROTAS.","breadcrumb":{"@id":"https:\/\/blog.panrotas.com.br\/semreserva\/bem-vindos-ao-segundo-semestre\/01-07-2015\/#breadcrumb"},"inLanguage":"pt-BR","potentialAction":[{"@type":"ReadAction","target":["https:\/\/blog.panrotas.com.br\/semreserva\/bem-vindos-ao-segundo-semestre\/01-07-2015\/"]}]},{"@type":"BreadcrumbList","@id":"https:\/\/blog.panrotas.com.br\/semreserva\/bem-vindos-ao-segundo-semestre\/01-07-2015\/#breadcrumb","itemListElement":[{"@type":"ListItem","position":1,"name":"Home do Blog","item":"http:\/\/blog.panrotas.com.br\/semreserva\/"},{"@type":"ListItem","position":2,"name":"Dia a dia","item":"https:\/\/blog.panrotas.com.br\/semreserva\/category\/dia-a-dia\/"},{"@type":"ListItem","position":3,"name":"Bem-vindos ao segundo semestre"}]},{"@type":"Article","@id":"https:\/\/blog.panrotas.com.br\/semreserva\/bem-vindos-ao-segundo-semestre\/01-07-2015\/#article","isPartOf":{"@id":"https:\/\/blog.panrotas.com.br\/semreserva\/bem-vindos-ao-segundo-semestre\/01-07-2015\/#webpage"},"author":{"@id":"http:\/\/blog.panrotas.com.br\/semreserva\/#\/schema\/person\/c93b4555f6a497d2d83c25dcb80f61ed"},"headline":"Bem-vindos ao segundo semestre","datePublished":"2015-07-01T14:56:30+00:00","dateModified":"2015-07-01T14:56:30+00:00","mainEntityOfPage":{"@id":"https:\/\/blog.panrotas.com.br\/semreserva\/bem-vindos-ao-segundo-semestre\/01-07-2015\/#webpage"},"wordCount":636,"commentCount":0,"publisher":{"@id":"http:\/\/blog.panrotas.com.br\/semreserva\/#organization"},"articleSection":["Dia a dia"],"inLanguage":"pt-BR","potentialAction":[{"@type":"CommentAction","name":"Comment","target":["https:\/\/blog.panrotas.com.br\/semreserva\/bem-vindos-ao-segundo-semestre\/01-07-2015\/#respond"]}]},{"@type":"Person","@id":"http:\/\/blog.panrotas.com.br\/semreserva\/#\/schema\/person\/c93b4555f6a497d2d83c25dcb80f61ed","name":"Artur Andrade","image":{"@type":"ImageObject","@id":"http:\/\/blog.panrotas.com.br\/semreserva\/#personlogo","inLanguage":"pt-BR","url":"https:\/\/secure.gravatar.com\/avatar\/a94564d630220cefd5c82f3452ac1ef4?s=96&d=mm&r=g","contentUrl":"https:\/\/secure.gravatar.com\/avatar\/a94564d630220cefd5c82f3452ac1ef4?s=96&d=mm&r=g","caption":"Artur Andrade"},"description":"Artur Luiz Andrade \u00e9 carioca, taurino, jornalista e nasceu em 1969. \u00c9 editor-chefe da PANROTAS Editora e mora em S\u00e3o Paulo desde 1998","sameAs":["http:\/\/www.panrotas.com.br"]}]}},"jetpack_featured_media_url":"","jetpack_shortlink":"https:\/\/wp.me\/p7idIU-181","_links":{"self":[{"href":"https:\/\/blog.panrotas.com.br\/semreserva\/wp-json\/wp\/v2\/posts\/4341"}],"collection":[{"href":"https:\/\/blog.panrotas.com.br\/semreserva\/wp-json\/wp\/v2\/posts"}],"about":[{"href":"https:\/\/blog.panrotas.com.br\/semreserva\/wp-json\/wp\/v2\/types\/post"}],"author":[{"embeddable":true,"href":"https:\/\/blog.panrotas.com.br\/semreserva\/wp-json\/wp\/v2\/users\/7"}],"replies":[{"embeddable":true,"href":"https:\/\/blog.panrotas.com.br\/semreserva\/wp-json\/wp\/v2\/comments?post=4341"}],"version-history":[{"count":0,"href":"https:\/\/blog.panrotas.com.br\/semreserva\/wp-json\/wp\/v2\/posts\/4341\/revisions"}],"wp:attachment":[{"href":"https:\/\/blog.panrotas.com.br\/semreserva\/wp-json\/wp\/v2\/media?parent=4341"}],"wp:term":[{"taxonomy":"category","embeddable":true,"href":"https:\/\/blog.panrotas.com.br\/semreserva\/wp-json\/wp\/v2\/categories?post=4341"},{"taxonomy":"post_tag","embeddable":true,"href":"https:\/\/blog.panrotas.com.br\/semreserva\/wp-json\/wp\/v2\/tags?post=4341"}],"curies":[{"name":"wp","href":"https:\/\/api.w.org\/{rel}","templated":true}]}}