{"id":4358,"date":"2015-07-17T14:21:15","date_gmt":"2015-07-17T17:21:15","guid":{"rendered":"http:\/\/blog.panrotas.com.br\/semreserva\/?p=4358"},"modified":"2015-07-17T14:21:15","modified_gmt":"2015-07-17T17:21:15","slug":"discussao-necessaria","status":"publish","type":"post","link":"https:\/\/blog.panrotas.com.br\/semreserva\/discussao-necessaria\/17-07-2015\/","title":{"rendered":"DISCUSS\u00c3O NECESS\u00c1RIA"},"content":{"rendered":"<p>Obviamente tenho acompanhado de perto a situa\u00e7\u00e3o do mercado, que anda nervoso, para dar aos nossos leitores um term\u00f4metro de como caminham os neg\u00f3cios, al\u00e9m de mostrar cases, investimentos e a criatividade e ousadia do empresariado do turismo. Inspira\u00e7\u00e3o sempre \u00e9 bem-vinda em tempos de crise.<\/p>\n<p>&nbsp;<\/p>\n<p>Mas tamb\u00e9m vejo o quanto h\u00e1 vis\u00f5es conflitantes e no caminho que me parece errado ou o menos l\u00f3gico nesse momento. E v\u00e1rios tiram conclus\u00f5es ou s\u00e3o induzidos a elas por pura falta de informa\u00e7\u00e3o, preparo, orienta\u00e7\u00e3o&#8230;<\/p>\n<p>&nbsp;<\/p>\n<p>Claro, em uma situa\u00e7\u00e3o como a da Nascimento Turismo, um dos grandes traumas da hist\u00f3ria do turismo brasileiro, h\u00e1 opini\u00f5es divergentes por conta de interesses diferentes. Todas v\u00e1lidas, mas caber\u00e1 \u00e0 justi\u00e7a e ao mercado baterem o martelo. Todos merecem ser ouvidos, mas a vida segue, com consequ\u00eancias duras, como o aperto dos fornecedores, a exig\u00eancia de certid\u00f5es negativas, o cr\u00e9dito mais caro, as cartas de fian\u00e7a mais altas, a inseguran\u00e7a dos pequenos&#8230;<\/p>\n<p>&nbsp;<\/p>\n<p>Mas o p\u00f3s-trauma tem avalia\u00e7\u00f5es estranhas de alguns e precisa haver uma discuss\u00e3o ampla e com a participa\u00e7\u00e3o de todo o trade. <strong>\u00c9 urgente e necess\u00e1rio.<\/strong> N\u00e3o d\u00e1 mais para adiar o debate sobre canais, papeis, garantias, seguran\u00e7a, parceiras, entidades, feiras&#8230;<\/p>\n<p>&nbsp;<\/p>\n<p>Recentemente demos uma not\u00edcia de que a Mastercard havia lan\u00e7ado uma grande a\u00e7\u00e3o para reservas de viagens em um hotsite exclusivo.<\/p>\n<p>&nbsp;<\/p>\n<p>Logo vieram as lamenta\u00e7\u00f5es: mais um concorrente para as ag\u00eancias! Ora, 20 anos depois do corte de comiss\u00e3o, quando ficou claro que o papel das ag\u00eancias tinha de mudar; tempos depois de a internet ter encurtado o caminho para o consumidor final falar com os fornecedores diretamente; tanto tempo depois de nascerem as ag\u00eancias de viagens on-line (que j\u00e1 mudaram sua atua\u00e7\u00e3o, diga-se) e mais de duas d\u00e9cadas ap\u00f3s o segmento corporativo ter mudado sua forma de vender viagens (e a gest\u00e3o delas, o que \u00e9 mais importante)&#8230; um agente de viagens n\u00e3o sabe como funcionam algumas engrenagens? Acha que concorre diretamente com a OTA?<\/p>\n<p>&nbsp;<\/p>\n<p>OK, assumo que a not\u00edcia poderia ter ido mais a fundo. Mea culpa. Mas depois das d\u00favidas fomos atr\u00e1s e a resposta \u00e9 \u00f3bvia: a Mastercard n\u00e3o criou uma OTA e como em diversos outros sites de programas de fidelidade (de bancos, cart\u00f5es, empresas diversas), h\u00e1 algu\u00e9m respons\u00e1vel pelo fullfilment. Ou seja, pela entrega do que foi \u201cvendido\u201d ou resgatado. No caso da a\u00e7\u00e3o da Mastercard, a ag\u00eancia de viagens Alatur JTB faz esse trabalho, e recebe por isso. Ou seja, a cadeia funciona como esperado. E os mais de mil funcion\u00e1rios da Alatur JTB agradecem pela ideia da Mastercard.<\/p>\n<p>&nbsp;<\/p>\n<p>Mesmo no caso das OTAs, o esperado tamb\u00e9m acontece. Al\u00e9m de elas cobrarem sim taxas dos clientes, elas s\u00e3o ag\u00eancias e mant\u00eam a intermedia\u00e7\u00e3o que os fornecedores sonham em n\u00e3o ter mais (o que \u00e9 imposs\u00edvel).<\/p>\n<p>&nbsp;<\/p>\n<p>Depois vieram os agentes de viagens de Santos, com argumentos irrefut\u00e1veis, colocando em xeque o papel das entidades. \u00c9 sim fun\u00e7\u00e3o da entidade se indispor com os demais membros da cadeia sempre que seus associados forem amea\u00e7ados. \u00c9 como na rela\u00e7\u00e3o amor e \u00f3dio de pilotos e empresas a\u00e9reas na Europa. Um depende do outro, mas as negocia\u00e7\u00f5es s\u00e3o duras. E esses agentes querem saber se v\u00e3o ter de criar mais uma entidade ou se haver\u00e1 uma que lute pela sobreviv\u00eancia, evolu\u00e7\u00e3o e crescimento dessa categoria. Um questionamento leg\u00edtimo que n\u00e3o implica na inexist\u00eancia de agentes satisfeitos com suas entidades. Muitas vezes o que \u00e9 bom na capital n\u00e3o \u00e9 no litoral, ou no interior&#8230; Os mercados s\u00e3o diferentes. E muitas vezes quem reclama n\u00e3o \u00e9 associado. Portanto, repito, \u00e9 preciso sim uma discuss\u00e3o ampla, de portas abertas, com transpar\u00eancia e o direito de cada um falar o que quiser e tirar d\u00favidas. Inclusive de as entidades mostrarem o que fazem, as dificuldades&#8230; H\u00e1 muito presidente de entidade s\u00e9rio e que p\u00f5e a m\u00e3o na massa&#8230; Mas h\u00e1 os que n\u00e3o sabem conduzir a massa, vamos dizer assim. Discutamos, pois, antes de sairmos criando associa\u00e7\u00e3o em cada esquina.<\/p>\n<p>&nbsp;<\/p>\n<p>Hoje pela manh\u00e3 a empres\u00e1ria Luiza Helena, que gera 24 mil empregos com o Magazine Luiza, disse em um evento no Blue Tree Faria Lima, que estamos vivendo o in\u00edcio de uma nova era, em que l\u00edderes, pol\u00edticos, presidentes de empresas ser\u00e3o cobrados por sua postura \u00e9tica. Queremos varrer os pol\u00edticos sem \u00e9tica para fora de nossas vidas e estamos come\u00e7ando a faz\u00ea-lo. A onda de busca pela \u00e9tica, gerada pelo horror que os esc\u00e2ndalos atuais nos causam, tamb\u00e9m vai cobrar duramente de empres\u00e1rios pouco transparentes, sem \u00e9tica, sem responsabilidade social ou ambiental, sem engajamento com sua comunidade. N\u00e3o d\u00e1 mais para fugir: <strong>mudar \u00e9 necess\u00e1rio<\/strong>.<\/p>\n<p>&nbsp;<\/p>\n<p>Os argumentos do dono de uma ag\u00eancia do Rio tamb\u00e9m me assustaram. Segundo ele as OTAs, &#8220;que n\u00e3o cobram DU&#8221;, acabaram com seu neg\u00f3cio. OTA vende bilhete a\u00e9reo e hotel e cobra por isso. N\u00e3o d\u00e1 de gra\u00e7a. Sim, anuncia muito, tem capital, tem for\u00e7a e competitividade&#8230; Mas tem atua\u00e7\u00e3o bem clara. Se \u00e9 para concorrer com o neg\u00f3cio delas \u00e9 preciso ser OTA e n\u00e3o uma ag\u00eancia pequena, que deve encontrar seu espa\u00e7o de acordo com as mudan\u00e7as que come\u00e7aram l\u00e1 atr\u00e1s&#8230; Duas d\u00e9cadas atr\u00e1s pelo menos.<\/p>\n<p>&nbsp;<\/p>\n<p>&#8220;S\u00e3o os tempos modernos e n\u00e3o temos como ir contra a modernidade&#8221;, lamentou o dono da AL Turismo. Uma frase que nos d\u00e1 tristeza, pois \u00e9 contra isso que lutamos: a falta de informa\u00e7\u00e3o, de op\u00e7\u00f5es, oportunidades, de caminhos&#8230; A resigna\u00e7\u00e3o de que n\u00e3o se \u00e9 mais \u00fatil, quando o turismo est\u00e1 cheio de exemplos opostos.<\/p>\n<p>&nbsp;<\/p>\n<p>Nos \u00faltimos dias, sa\u00ed para encontros pessoais com empresas como Flytour Viagens, Gapnet, redes Nobile e Hplus, de Bras\u00edlia, rede Blue Tree, Sebrae Nacional, Queensberry&#8230; s\u00f3 para citar algumas. Todas com projetos de investimentos em novidades, novos neg\u00f3cios, novas equipes, novo posicionamento&#8230; sim, houve um dever de casa que \u00e9 obrigat\u00f3rio em \u00e9poca de crise, mas tamb\u00e9m a cria\u00e7\u00e3o de um plano de combate \u00e0 mesma. No Portal PANROTAS tamb\u00e9m temos noticiado as boas not\u00edcias e a for\u00e7a e resili\u00eancia do empresariado do turismo. H\u00e1 crise, mas a vida continua e temos de aproveitar para limparmos as gavetas e tamb\u00e9m o p\u00f3 de alguns conceitos que carregamos h\u00e1 anos.<\/p>\n<p>&nbsp;<\/p>\n<p>N\u00e3o se fechem ao di\u00e1logo. Est\u00e3o dizendo que voc\u00ea est\u00e1 errado? Ou\u00e7a, corrija, mostre, aceite&#8230; mas primeiro sente-se para conversar. A onda de \u00e9tica e de transpar\u00eancia n\u00e3o ser\u00e1 benevolente.<\/p>\n<p>&nbsp;<\/p>\n<p>OK, falar demais n\u00e3o ajuda tamb\u00e9m. Ent\u00e3o sendo pr\u00e1tico: h\u00e1 uma discuss\u00e3o ampla e necess\u00e1ria que precisa ser liderada por quem achar que pode lider\u00e1-la. Acabou o tempo de reuni\u00f5es a portas fechadas e decis\u00f5es n\u00e3o debatidas. Vejam o Facebook, coloquem o rosto para fora da janela e sintam o vento soprando&#8230;<\/p>\n<p>&nbsp;<\/p>\n<p><strong>\u00c9 NECESS\u00c1RIO.<\/strong><\/p>\n<p>&nbsp;<\/p>\n<p><strong>PS<\/strong>: Por fim, mais que verdades, quero, queremos provocar a tal discuss\u00e3o. De certa forma olho o neg\u00f3cio do turismo de fora, apesar de bem de perto. H\u00e1 calos que doem nos p\u00e9s de outros e n\u00e3o tenho como me colocar em seus lugares. Por isso, quanto mais argumentos essa discuss\u00e3o criar melhor para o setor, para o futuro, e para nossos futuros posts, reportagens, coberturas&#8230;<\/p>\n<p>&nbsp;<\/p>\n","protected":false},"excerpt":{"rendered":"<p>Obviamente tenho acompanhado de perto a situa\u00e7\u00e3o do mercado, que anda nervoso, para dar aos nossos leitores um term\u00f4metro de como caminham os neg\u00f3cios, al\u00e9m de mostrar cases, investimentos e a criatividade e ousadia do empresariado do turismo. Inspira\u00e7\u00e3o sempre \u00e9 bem-vinda em tempos de crise. &nbsp; Mas tamb\u00e9m vejo o quanto h\u00e1 vis\u00f5es conflitantes [&hellip;]<\/p>\n","protected":false},"author":7,"featured_media":0,"comment_status":"open","ping_status":"open","sticky":false,"template":"","format":"standard","meta":{"spay_email":""},"categories":[2],"tags":[],"yoast_head":"<!-- This site is optimized with the Yoast SEO plugin v17.3 - https:\/\/yoast.com\/wordpress\/plugins\/seo\/ -->\n<title>DISCUSS\u00c3O NECESS\u00c1RIA -<\/title>\n<meta name=\"description\" content=\"DISCUSS\u00c3O NECESS\u00c1RIA. Confira essa Mat\u00e9ria no Canal Sem reserva. \u27a4 Projeto em parceria com a PANROTAS.\" \/>\n<meta name=\"robots\" content=\"index, follow, max-snippet:-1, max-image-preview:large, max-video-preview:-1\" \/>\n<link rel=\"canonical\" href=\"https:\/\/blog.panrotas.com.br\/semreserva\/discussao-necessaria\/17-07-2015\/\" \/>\n<meta property=\"og:locale\" content=\"pt_BR\" \/>\n<meta property=\"og:type\" content=\"article\" \/>\n<meta property=\"og:title\" content=\"DISCUSS\u00c3O NECESS\u00c1RIA -\" \/>\n<meta property=\"og:description\" content=\"DISCUSS\u00c3O NECESS\u00c1RIA. Confira essa Mat\u00e9ria no Canal Sem reserva. \u27a4 Projeto em parceria com a PANROTAS.\" \/>\n<meta property=\"og:url\" content=\"https:\/\/blog.panrotas.com.br\/semreserva\/discussao-necessaria\/17-07-2015\/\" \/>\n<meta property=\"og:site_name\" content=\"Sem reserva\" \/>\n<meta property=\"article:publisher\" content=\"https:\/\/www.facebook.com\/portalpanrotas\/\" \/>\n<meta property=\"article:published_time\" content=\"2015-07-17T17:21:15+00:00\" \/>\n<meta name=\"twitter:card\" content=\"summary_large_image\" \/>\n<meta name=\"twitter:creator\" content=\"@portalpanrotas\" \/>\n<meta name=\"twitter:site\" content=\"@portalpanrotas\" \/>\n<meta name=\"twitter:label1\" content=\"Escrito por\" \/>\n\t<meta name=\"twitter:data1\" content=\"Artur Andrade\" \/>\n\t<meta name=\"twitter:label2\" content=\"Est. tempo de leitura\" \/>\n\t<meta name=\"twitter:data2\" content=\"7 minutos\" \/>\n<script type=\"application\/ld+json\" class=\"yoast-schema-graph\">{\"@context\":\"https:\/\/schema.org\",\"@graph\":[{\"@type\":\"Organization\",\"@id\":\"http:\/\/blog.panrotas.com.br\/semreserva\/#organization\",\"name\":\"Sem Reserva - Blog no Portal PANROTAS\",\"url\":\"http:\/\/blog.panrotas.com.br\/semreserva\/\",\"sameAs\":[\"https:\/\/www.facebook.com\/portalpanrotas\/\",\"https:\/\/www.instagram.com\/portalpanrotas\/\",\"https:\/\/br.linkedin.com\/company\/panrotas\",\"https:\/\/www.youtube.com\/tvpanrotas\",\"https:\/\/twitter.com\/portalpanrotas\"],\"logo\":{\"@type\":\"ImageObject\",\"@id\":\"http:\/\/blog.panrotas.com.br\/semreserva\/#logo\",\"inLanguage\":\"pt-BR\",\"url\":\"https:\/\/blog.panrotas.com.br\/semreserva\/wp-content\/uploads\/sites\/5\/2020\/06\/logo.png\",\"contentUrl\":\"https:\/\/blog.panrotas.com.br\/semreserva\/wp-content\/uploads\/sites\/5\/2020\/06\/logo.png\",\"width\":259,\"height\":53,\"caption\":\"Sem Reserva - Blog no Portal PANROTAS\"},\"image\":{\"@id\":\"http:\/\/blog.panrotas.com.br\/semreserva\/#logo\"}},{\"@type\":\"WebSite\",\"@id\":\"http:\/\/blog.panrotas.com.br\/semreserva\/#website\",\"url\":\"http:\/\/blog.panrotas.com.br\/semreserva\/\",\"name\":\"Sem reserva\",\"description\":\"Blogosfera PANROTAS\",\"publisher\":{\"@id\":\"http:\/\/blog.panrotas.com.br\/semreserva\/#organization\"},\"potentialAction\":[{\"@type\":\"SearchAction\",\"target\":{\"@type\":\"EntryPoint\",\"urlTemplate\":\"http:\/\/blog.panrotas.com.br\/semreserva\/?s={search_term_string}\"},\"query-input\":\"required name=search_term_string\"}],\"inLanguage\":\"pt-BR\"},{\"@type\":\"WebPage\",\"@id\":\"https:\/\/blog.panrotas.com.br\/semreserva\/discussao-necessaria\/17-07-2015\/#webpage\",\"url\":\"https:\/\/blog.panrotas.com.br\/semreserva\/discussao-necessaria\/17-07-2015\/\",\"name\":\"DISCUSS\\u00c3O NECESS\\u00c1RIA -\",\"isPartOf\":{\"@id\":\"http:\/\/blog.panrotas.com.br\/semreserva\/#website\"},\"datePublished\":\"2015-07-17T17:21:15+00:00\",\"dateModified\":\"2015-07-17T17:21:15+00:00\",\"description\":\"DISCUSS\\u00c3O NECESS\\u00c1RIA. Confira essa Mat\\u00e9ria no Canal Sem reserva. \\u27a4 Projeto em parceria com a PANROTAS.\",\"breadcrumb\":{\"@id\":\"https:\/\/blog.panrotas.com.br\/semreserva\/discussao-necessaria\/17-07-2015\/#breadcrumb\"},\"inLanguage\":\"pt-BR\",\"potentialAction\":[{\"@type\":\"ReadAction\",\"target\":[\"https:\/\/blog.panrotas.com.br\/semreserva\/discussao-necessaria\/17-07-2015\/\"]}]},{\"@type\":\"BreadcrumbList\",\"@id\":\"https:\/\/blog.panrotas.com.br\/semreserva\/discussao-necessaria\/17-07-2015\/#breadcrumb\",\"itemListElement\":[{\"@type\":\"ListItem\",\"position\":1,\"name\":\"Home do Blog\",\"item\":\"http:\/\/blog.panrotas.com.br\/semreserva\/\"},{\"@type\":\"ListItem\",\"position\":2,\"name\":\"Dia a dia\",\"item\":\"https:\/\/blog.panrotas.com.br\/semreserva\/category\/dia-a-dia\/\"},{\"@type\":\"ListItem\",\"position\":3,\"name\":\"DISCUSS\\u00c3O NECESS\\u00c1RIA\"}]},{\"@type\":\"Article\",\"@id\":\"https:\/\/blog.panrotas.com.br\/semreserva\/discussao-necessaria\/17-07-2015\/#article\",\"isPartOf\":{\"@id\":\"https:\/\/blog.panrotas.com.br\/semreserva\/discussao-necessaria\/17-07-2015\/#webpage\"},\"author\":{\"@id\":\"http:\/\/blog.panrotas.com.br\/semreserva\/#\/schema\/person\/c93b4555f6a497d2d83c25dcb80f61ed\"},\"headline\":\"DISCUSS\\u00c3O NECESS\\u00c1RIA\",\"datePublished\":\"2015-07-17T17:21:15+00:00\",\"dateModified\":\"2015-07-17T17:21:15+00:00\",\"mainEntityOfPage\":{\"@id\":\"https:\/\/blog.panrotas.com.br\/semreserva\/discussao-necessaria\/17-07-2015\/#webpage\"},\"wordCount\":1320,\"commentCount\":0,\"publisher\":{\"@id\":\"http:\/\/blog.panrotas.com.br\/semreserva\/#organization\"},\"articleSection\":[\"Dia a dia\"],\"inLanguage\":\"pt-BR\",\"potentialAction\":[{\"@type\":\"CommentAction\",\"name\":\"Comment\",\"target\":[\"https:\/\/blog.panrotas.com.br\/semreserva\/discussao-necessaria\/17-07-2015\/#respond\"]}]},{\"@type\":\"Person\",\"@id\":\"http:\/\/blog.panrotas.com.br\/semreserva\/#\/schema\/person\/c93b4555f6a497d2d83c25dcb80f61ed\",\"name\":\"Artur Andrade\",\"image\":{\"@type\":\"ImageObject\",\"@id\":\"http:\/\/blog.panrotas.com.br\/semreserva\/#personlogo\",\"inLanguage\":\"pt-BR\",\"url\":\"https:\/\/secure.gravatar.com\/avatar\/a94564d630220cefd5c82f3452ac1ef4?s=96&d=mm&r=g\",\"contentUrl\":\"https:\/\/secure.gravatar.com\/avatar\/a94564d630220cefd5c82f3452ac1ef4?s=96&d=mm&r=g\",\"caption\":\"Artur Andrade\"},\"description\":\"Artur Luiz Andrade \\u00e9 carioca, taurino, jornalista e nasceu em 1969. \\u00c9 editor-chefe da PANROTAS Editora e mora em S\\u00e3o Paulo desde 1998\",\"sameAs\":[\"http:\/\/www.panrotas.com.br\"]}]}<\/script>\n<!-- \/ Yoast SEO plugin. -->","yoast_head_json":{"title":"DISCUSS\u00c3O NECESS\u00c1RIA -","description":"DISCUSS\u00c3O NECESS\u00c1RIA. Confira essa Mat\u00e9ria no Canal Sem reserva. \u27a4 Projeto em parceria com a PANROTAS.","robots":{"index":"index","follow":"follow","max-snippet":"max-snippet:-1","max-image-preview":"max-image-preview:large","max-video-preview":"max-video-preview:-1"},"canonical":"https:\/\/blog.panrotas.com.br\/semreserva\/discussao-necessaria\/17-07-2015\/","og_locale":"pt_BR","og_type":"article","og_title":"DISCUSS\u00c3O NECESS\u00c1RIA -","og_description":"DISCUSS\u00c3O NECESS\u00c1RIA. Confira essa Mat\u00e9ria no Canal Sem reserva. \u27a4 Projeto em parceria com a PANROTAS.","og_url":"https:\/\/blog.panrotas.com.br\/semreserva\/discussao-necessaria\/17-07-2015\/","og_site_name":"Sem reserva","article_publisher":"https:\/\/www.facebook.com\/portalpanrotas\/","article_published_time":"2015-07-17T17:21:15+00:00","twitter_card":"summary_large_image","twitter_creator":"@portalpanrotas","twitter_site":"@portalpanrotas","twitter_misc":{"Escrito por":"Artur Andrade","Est. tempo de leitura":"7 minutos"},"schema":{"@context":"https:\/\/schema.org","@graph":[{"@type":"Organization","@id":"http:\/\/blog.panrotas.com.br\/semreserva\/#organization","name":"Sem Reserva - Blog no Portal PANROTAS","url":"http:\/\/blog.panrotas.com.br\/semreserva\/","sameAs":["https:\/\/www.facebook.com\/portalpanrotas\/","https:\/\/www.instagram.com\/portalpanrotas\/","https:\/\/br.linkedin.com\/company\/panrotas","https:\/\/www.youtube.com\/tvpanrotas","https:\/\/twitter.com\/portalpanrotas"],"logo":{"@type":"ImageObject","@id":"http:\/\/blog.panrotas.com.br\/semreserva\/#logo","inLanguage":"pt-BR","url":"https:\/\/blog.panrotas.com.br\/semreserva\/wp-content\/uploads\/sites\/5\/2020\/06\/logo.png","contentUrl":"https:\/\/blog.panrotas.com.br\/semreserva\/wp-content\/uploads\/sites\/5\/2020\/06\/logo.png","width":259,"height":53,"caption":"Sem Reserva - Blog no Portal PANROTAS"},"image":{"@id":"http:\/\/blog.panrotas.com.br\/semreserva\/#logo"}},{"@type":"WebSite","@id":"http:\/\/blog.panrotas.com.br\/semreserva\/#website","url":"http:\/\/blog.panrotas.com.br\/semreserva\/","name":"Sem reserva","description":"Blogosfera PANROTAS","publisher":{"@id":"http:\/\/blog.panrotas.com.br\/semreserva\/#organization"},"potentialAction":[{"@type":"SearchAction","target":{"@type":"EntryPoint","urlTemplate":"http:\/\/blog.panrotas.com.br\/semreserva\/?s={search_term_string}"},"query-input":"required name=search_term_string"}],"inLanguage":"pt-BR"},{"@type":"WebPage","@id":"https:\/\/blog.panrotas.com.br\/semreserva\/discussao-necessaria\/17-07-2015\/#webpage","url":"https:\/\/blog.panrotas.com.br\/semreserva\/discussao-necessaria\/17-07-2015\/","name":"DISCUSS\u00c3O NECESS\u00c1RIA -","isPartOf":{"@id":"http:\/\/blog.panrotas.com.br\/semreserva\/#website"},"datePublished":"2015-07-17T17:21:15+00:00","dateModified":"2015-07-17T17:21:15+00:00","description":"DISCUSS\u00c3O NECESS\u00c1RIA. Confira essa Mat\u00e9ria no Canal Sem reserva. \u27a4 Projeto em parceria com a PANROTAS.","breadcrumb":{"@id":"https:\/\/blog.panrotas.com.br\/semreserva\/discussao-necessaria\/17-07-2015\/#breadcrumb"},"inLanguage":"pt-BR","potentialAction":[{"@type":"ReadAction","target":["https:\/\/blog.panrotas.com.br\/semreserva\/discussao-necessaria\/17-07-2015\/"]}]},{"@type":"BreadcrumbList","@id":"https:\/\/blog.panrotas.com.br\/semreserva\/discussao-necessaria\/17-07-2015\/#breadcrumb","itemListElement":[{"@type":"ListItem","position":1,"name":"Home do Blog","item":"http:\/\/blog.panrotas.com.br\/semreserva\/"},{"@type":"ListItem","position":2,"name":"Dia a dia","item":"https:\/\/blog.panrotas.com.br\/semreserva\/category\/dia-a-dia\/"},{"@type":"ListItem","position":3,"name":"DISCUSS\u00c3O NECESS\u00c1RIA"}]},{"@type":"Article","@id":"https:\/\/blog.panrotas.com.br\/semreserva\/discussao-necessaria\/17-07-2015\/#article","isPartOf":{"@id":"https:\/\/blog.panrotas.com.br\/semreserva\/discussao-necessaria\/17-07-2015\/#webpage"},"author":{"@id":"http:\/\/blog.panrotas.com.br\/semreserva\/#\/schema\/person\/c93b4555f6a497d2d83c25dcb80f61ed"},"headline":"DISCUSS\u00c3O NECESS\u00c1RIA","datePublished":"2015-07-17T17:21:15+00:00","dateModified":"2015-07-17T17:21:15+00:00","mainEntityOfPage":{"@id":"https:\/\/blog.panrotas.com.br\/semreserva\/discussao-necessaria\/17-07-2015\/#webpage"},"wordCount":1320,"commentCount":0,"publisher":{"@id":"http:\/\/blog.panrotas.com.br\/semreserva\/#organization"},"articleSection":["Dia a dia"],"inLanguage":"pt-BR","potentialAction":[{"@type":"CommentAction","name":"Comment","target":["https:\/\/blog.panrotas.com.br\/semreserva\/discussao-necessaria\/17-07-2015\/#respond"]}]},{"@type":"Person","@id":"http:\/\/blog.panrotas.com.br\/semreserva\/#\/schema\/person\/c93b4555f6a497d2d83c25dcb80f61ed","name":"Artur Andrade","image":{"@type":"ImageObject","@id":"http:\/\/blog.panrotas.com.br\/semreserva\/#personlogo","inLanguage":"pt-BR","url":"https:\/\/secure.gravatar.com\/avatar\/a94564d630220cefd5c82f3452ac1ef4?s=96&d=mm&r=g","contentUrl":"https:\/\/secure.gravatar.com\/avatar\/a94564d630220cefd5c82f3452ac1ef4?s=96&d=mm&r=g","caption":"Artur Andrade"},"description":"Artur Luiz Andrade \u00e9 carioca, taurino, jornalista e nasceu em 1969. \u00c9 editor-chefe da PANROTAS Editora e mora em S\u00e3o Paulo desde 1998","sameAs":["http:\/\/www.panrotas.com.br"]}]}},"jetpack_featured_media_url":"","jetpack_shortlink":"https:\/\/wp.me\/p7idIU-18i","_links":{"self":[{"href":"https:\/\/blog.panrotas.com.br\/semreserva\/wp-json\/wp\/v2\/posts\/4358"}],"collection":[{"href":"https:\/\/blog.panrotas.com.br\/semreserva\/wp-json\/wp\/v2\/posts"}],"about":[{"href":"https:\/\/blog.panrotas.com.br\/semreserva\/wp-json\/wp\/v2\/types\/post"}],"author":[{"embeddable":true,"href":"https:\/\/blog.panrotas.com.br\/semreserva\/wp-json\/wp\/v2\/users\/7"}],"replies":[{"embeddable":true,"href":"https:\/\/blog.panrotas.com.br\/semreserva\/wp-json\/wp\/v2\/comments?post=4358"}],"version-history":[{"count":0,"href":"https:\/\/blog.panrotas.com.br\/semreserva\/wp-json\/wp\/v2\/posts\/4358\/revisions"}],"wp:attachment":[{"href":"https:\/\/blog.panrotas.com.br\/semreserva\/wp-json\/wp\/v2\/media?parent=4358"}],"wp:term":[{"taxonomy":"category","embeddable":true,"href":"https:\/\/blog.panrotas.com.br\/semreserva\/wp-json\/wp\/v2\/categories?post=4358"},{"taxonomy":"post_tag","embeddable":true,"href":"https:\/\/blog.panrotas.com.br\/semreserva\/wp-json\/wp\/v2\/tags?post=4358"}],"curies":[{"name":"wp","href":"https:\/\/api.w.org\/{rel}","templated":true}]}}