{"id":4374,"date":"2015-07-31T10:36:28","date_gmt":"2015-07-31T13:36:28","guid":{"rendered":"http:\/\/blog.panrotas.com.br\/semreserva\/?p=4374"},"modified":"2015-07-31T10:36:28","modified_gmt":"2015-07-31T13:36:28","slug":"anotacoes-e-anotassoes","status":"publish","type":"post","link":"https:\/\/blog.panrotas.com.br\/semreserva\/anotacoes-e-anotassoes\/31-07-2015\/","title":{"rendered":"Anota\u00e7\u00f5es e anotass\u00f5es"},"content":{"rendered":"<p>1) O Brasil \u00e9 grande e diverso e a luta dos \u00faltimos anos tem sido criar port\u00f5es de entrada internacionais alternativos a S\u00e3o Paulo e Rio. Hoje de 60% a 70% dos voos internacionais descem em&#8230; Guarulhos (SP). O Rio vem em segundo lugar e empresas como a Copa, Tap e American Airlines, entre outras, garantem a distribui\u00e7\u00e3o por outras cidades.<\/p>\n<p>Por outro lado, o Rio de Janeiro \u00e9 o principal destino ou a principal imagem do Pa\u00eds l\u00e1 fora. Assim, a Embratur anunciou que voltar\u00e1 a ter escrit\u00f3rio na cidade. At\u00e9 para aproveitar melhor a onda ol\u00edmpica. Fato \u00e9 que a not\u00edcia n\u00e3o caiu bem entre os demais destinos do Pa\u00eds.<\/p>\n<p>A Embratur poderia ter sido mais&#8230; pol\u00edtica&#8230; e anunciado estrat\u00e9gias para outros importantes destinos brasileiros no receptivo internacional.<\/p>\n<p>2) Sobre as discuss\u00f5es do papel das entidades, do fortalecimento dos agentes de viagens, das garantias que fornecedores e compradores querem ter faltou algu\u00e9m fazer uma lista das reivindica\u00e7\u00f5es e sugest\u00f5es e falar claramente: isso pode, isso n\u00e3o pode, isso \u00e9 del\u00edrio, isso seria \u00f3timo, isso vamos fazer, isso nem pensar, isso sim, isso n\u00e3o. Mas n\u00e3o&#8230; Em meio ao exagero e \u00e0 falta de educa\u00e7\u00e3o de uns, h\u00e1 a in\u00e9rcia e a cegueira de outros. Camuflados entre\u00a0eles, a camada &#8220;gente que faz&#8221;, destacada no post de Sidney Alonso. Mas acho que a &#8220;gente que faz&#8221; precisa dizer o que pensa sim e olhar uma vez por semana para o coletivo (uma por ano, talvez?). Ou ser\u00e1 que a nova ordem do turismo \u00e9: farinha pouca meu pir\u00e3o primeiro? Ou seria do Pa\u00eds? No caso, a farinha \u00e9 muita, mas para antes nos caixas 2, desvios de dinheiro, patroc\u00ednios de campanhas&#8230;<\/p>\n<p>3) O debate sobre a comiss\u00e3o das ag\u00eancias de viagens ainda me surpreende. H\u00e1 frases que ou\u00e7o h\u00e1 20 anos. Acho que n\u00e3o est\u00e1 em quest\u00e3o se o bom agente merece ou n\u00e3o. Ningu\u00e9m trabalha de gra\u00e7a. E volto a dizer que ela (a comiss\u00e3o) n\u00e3o acabou. Se transformou em incentivo e isso quer dizer que est\u00e1 atrelada a metas, parcerias, fideliza\u00e7\u00e3o, e n\u00e3o apenas ao ato de tirar um pedido. Est\u00e1 mais dif\u00edcil. Enfim, acho justo, os l\u00edderes t\u00eam de fazer o que as bases pedem, pressionar nunca \u00e9 demais, mostrar que h\u00e1 for\u00e7a do lado dos menores&#8230; isso os agentes sabem melhor que eu.<\/p>\n<p>Mas fiquei chocado com uma frase de uma agente de viagens, que disse vender a companhia tal porque paga comiss\u00e3o melhor&#8230; S\u00f3 por isso? Ser\u00e1 que ela se expressou mal? E o interesse, necessidade, desejo do cliente? Espero que meu m\u00e9dico n\u00e3o esteja me receitando rem\u00e9dio do laborat\u00f3rio que est\u00e1 lhe dando uma comiss\u00e3o extra&#8230; Ser\u00e1 que \u00e9 por isso que essa minha tosse n\u00e3o passa?<\/p>\n<p>4) Ser\u00e1 que as empresas a\u00e9reas, nesse momento em que precisam de DINHEIRO, n\u00e3o estariam sens\u00edveis a aceitar cobrar a DU em seus sites? Uma taxa que j\u00e1 existe no call center, ou seja, n\u00e3o estaria sendo inventada. N\u00e3o seria uma remunera\u00e7\u00e3o a mais para nenhum canal&#8230; e sim receita extra em boa hora. A famosa taxa de entrega dos sites de compra de produtos, ou as taxas de servi\u00e7o das OTAs, taxa de comodidade ao comprar ingresso no cinema. A internet est\u00e1 cheia de taxas&#8230;<\/p>\n<p>5) Custa apenas 2 euros (para a companhia a\u00e9rea) cada passagem vendida no site da Lufthansa.com. Segundo dados do CCO da empresa, que esteve ontem no Brasil. E nos GDSs, em m\u00e9dia, tamb\u00e9m segundo ele, 18 euros. \u00c9 outro tema que vai e volta esse dos GDSs. Primeiro era a inova\u00e7\u00e3o e salva\u00e7\u00e3o, depois jur\u00e1ssico, voltaram como salva\u00e7\u00e3o e parceiros, depois de novo s\u00e3o questionados, inventam nova ferramenta e outra vez sobem ao p\u00f3dio&#8230; N\u00e3o deve ser f\u00e1cil dirigir um GDS mas o cen\u00e1rio, desde sempre, for\u00e7a a inova\u00e7\u00e3o. O que \u00e9 bom para todos. Desta vez, segundo a Lufthansa, quem est\u00e1 querendo inova\u00e7\u00e3o &#8220;na marra&#8221; s\u00e3o as empresas a\u00e9reas. Estamos acompanhando&#8230;<\/p>\n<p>6) Come\u00e7ou o segundo semestre (tecnicamente h\u00e1 31 dias, na pr\u00e1tica, segunda-feira). Entre os que vendem len\u00e7os ou tomam limonada, tem gente \u00e9 apelando para a dan\u00e7a do ventre, malabarismo, assoviar e chupar cana, se vira nos 30!. Mas nada de sentar \u00e0 espera de um milagre.<\/p>\n<p>7) Ah sim&#8230; o Uber. Todo mundo usando. Ainda n\u00e3o experimentei aqui no Brasil. A 99T\u00e1xi est\u00e1 funcionando muito bem. N\u00e3o d\u00e1 \u00e9 para a m\u00e1fia dos t\u00e1xis fazer algazarra e partir para viol\u00eancia. Mais uma vez o Estado se omite&#8230; e vai fazer as coisas erradas.<\/p>\n","protected":false},"excerpt":{"rendered":"<p>1) O Brasil \u00e9 grande e diverso e a luta dos \u00faltimos anos tem sido criar port\u00f5es de entrada internacionais alternativos a S\u00e3o Paulo e Rio. Hoje de 60% a 70% dos voos internacionais descem em&#8230; Guarulhos (SP). O Rio vem em segundo lugar e empresas como a Copa, Tap e American Airlines, entre outras, [&hellip;]<\/p>\n","protected":false},"author":7,"featured_media":0,"comment_status":"open","ping_status":"open","sticky":false,"template":"","format":"standard","meta":{"spay_email":""},"categories":[2],"tags":[],"yoast_head":"<!-- This site is optimized with the Yoast SEO plugin v17.3 - https:\/\/yoast.com\/wordpress\/plugins\/seo\/ -->\n<title>Anota\u00e7\u00f5es e anotass\u00f5es -<\/title>\n<meta name=\"description\" content=\"Anota\u00e7\u00f5es e anotass\u00f5es. Confira essa Mat\u00e9ria no Canal Sem reserva. \u27a4 Projeto em parceria com a PANROTAS.\" \/>\n<meta name=\"robots\" content=\"index, follow, max-snippet:-1, max-image-preview:large, max-video-preview:-1\" \/>\n<link rel=\"canonical\" href=\"https:\/\/blog.panrotas.com.br\/semreserva\/anotacoes-e-anotassoes\/31-07-2015\/\" \/>\n<meta property=\"og:locale\" content=\"pt_BR\" \/>\n<meta property=\"og:type\" content=\"article\" \/>\n<meta property=\"og:title\" content=\"Anota\u00e7\u00f5es e anotass\u00f5es -\" \/>\n<meta property=\"og:description\" content=\"Anota\u00e7\u00f5es e anotass\u00f5es. Confira essa Mat\u00e9ria no Canal Sem reserva. \u27a4 Projeto em parceria com a PANROTAS.\" \/>\n<meta property=\"og:url\" content=\"https:\/\/blog.panrotas.com.br\/semreserva\/anotacoes-e-anotassoes\/31-07-2015\/\" \/>\n<meta property=\"og:site_name\" content=\"Sem reserva\" \/>\n<meta property=\"article:publisher\" content=\"https:\/\/www.facebook.com\/portalpanrotas\/\" \/>\n<meta property=\"article:published_time\" content=\"2015-07-31T13:36:28+00:00\" \/>\n<meta name=\"twitter:card\" content=\"summary_large_image\" \/>\n<meta name=\"twitter:creator\" content=\"@portalpanrotas\" \/>\n<meta name=\"twitter:site\" content=\"@portalpanrotas\" \/>\n<meta name=\"twitter:label1\" content=\"Escrito por\" \/>\n\t<meta name=\"twitter:data1\" content=\"Artur Andrade\" \/>\n\t<meta name=\"twitter:label2\" content=\"Est. tempo de leitura\" \/>\n\t<meta name=\"twitter:data2\" content=\"4 minutos\" \/>\n<script type=\"application\/ld+json\" class=\"yoast-schema-graph\">{\"@context\":\"https:\/\/schema.org\",\"@graph\":[{\"@type\":\"Organization\",\"@id\":\"http:\/\/blog.panrotas.com.br\/semreserva\/#organization\",\"name\":\"Sem Reserva - Blog no Portal PANROTAS\",\"url\":\"http:\/\/blog.panrotas.com.br\/semreserva\/\",\"sameAs\":[\"https:\/\/www.facebook.com\/portalpanrotas\/\",\"https:\/\/www.instagram.com\/portalpanrotas\/\",\"https:\/\/br.linkedin.com\/company\/panrotas\",\"https:\/\/www.youtube.com\/tvpanrotas\",\"https:\/\/twitter.com\/portalpanrotas\"],\"logo\":{\"@type\":\"ImageObject\",\"@id\":\"http:\/\/blog.panrotas.com.br\/semreserva\/#logo\",\"inLanguage\":\"pt-BR\",\"url\":\"https:\/\/blog.panrotas.com.br\/semreserva\/wp-content\/uploads\/sites\/5\/2020\/06\/logo.png\",\"contentUrl\":\"https:\/\/blog.panrotas.com.br\/semreserva\/wp-content\/uploads\/sites\/5\/2020\/06\/logo.png\",\"width\":259,\"height\":53,\"caption\":\"Sem Reserva - Blog no Portal PANROTAS\"},\"image\":{\"@id\":\"http:\/\/blog.panrotas.com.br\/semreserva\/#logo\"}},{\"@type\":\"WebSite\",\"@id\":\"http:\/\/blog.panrotas.com.br\/semreserva\/#website\",\"url\":\"http:\/\/blog.panrotas.com.br\/semreserva\/\",\"name\":\"Sem reserva\",\"description\":\"Blogosfera PANROTAS\",\"publisher\":{\"@id\":\"http:\/\/blog.panrotas.com.br\/semreserva\/#organization\"},\"potentialAction\":[{\"@type\":\"SearchAction\",\"target\":{\"@type\":\"EntryPoint\",\"urlTemplate\":\"http:\/\/blog.panrotas.com.br\/semreserva\/?s={search_term_string}\"},\"query-input\":\"required name=search_term_string\"}],\"inLanguage\":\"pt-BR\"},{\"@type\":\"WebPage\",\"@id\":\"https:\/\/blog.panrotas.com.br\/semreserva\/anotacoes-e-anotassoes\/31-07-2015\/#webpage\",\"url\":\"https:\/\/blog.panrotas.com.br\/semreserva\/anotacoes-e-anotassoes\/31-07-2015\/\",\"name\":\"Anota\\u00e7\\u00f5es e anotass\\u00f5es -\",\"isPartOf\":{\"@id\":\"http:\/\/blog.panrotas.com.br\/semreserva\/#website\"},\"datePublished\":\"2015-07-31T13:36:28+00:00\",\"dateModified\":\"2015-07-31T13:36:28+00:00\",\"description\":\"Anota\\u00e7\\u00f5es e anotass\\u00f5es. Confira essa Mat\\u00e9ria no Canal Sem reserva. \\u27a4 Projeto em parceria com a PANROTAS.\",\"breadcrumb\":{\"@id\":\"https:\/\/blog.panrotas.com.br\/semreserva\/anotacoes-e-anotassoes\/31-07-2015\/#breadcrumb\"},\"inLanguage\":\"pt-BR\",\"potentialAction\":[{\"@type\":\"ReadAction\",\"target\":[\"https:\/\/blog.panrotas.com.br\/semreserva\/anotacoes-e-anotassoes\/31-07-2015\/\"]}]},{\"@type\":\"BreadcrumbList\",\"@id\":\"https:\/\/blog.panrotas.com.br\/semreserva\/anotacoes-e-anotassoes\/31-07-2015\/#breadcrumb\",\"itemListElement\":[{\"@type\":\"ListItem\",\"position\":1,\"name\":\"Home do Blog\",\"item\":\"http:\/\/blog.panrotas.com.br\/semreserva\/\"},{\"@type\":\"ListItem\",\"position\":2,\"name\":\"Dia a dia\",\"item\":\"https:\/\/blog.panrotas.com.br\/semreserva\/category\/dia-a-dia\/\"},{\"@type\":\"ListItem\",\"position\":3,\"name\":\"Anota\\u00e7\\u00f5es e anotass\\u00f5es\"}]},{\"@type\":\"Article\",\"@id\":\"https:\/\/blog.panrotas.com.br\/semreserva\/anotacoes-e-anotassoes\/31-07-2015\/#article\",\"isPartOf\":{\"@id\":\"https:\/\/blog.panrotas.com.br\/semreserva\/anotacoes-e-anotassoes\/31-07-2015\/#webpage\"},\"author\":{\"@id\":\"http:\/\/blog.panrotas.com.br\/semreserva\/#\/schema\/person\/c93b4555f6a497d2d83c25dcb80f61ed\"},\"headline\":\"Anota\\u00e7\\u00f5es e anotass\\u00f5es\",\"datePublished\":\"2015-07-31T13:36:28+00:00\",\"dateModified\":\"2015-07-31T13:36:28+00:00\",\"mainEntityOfPage\":{\"@id\":\"https:\/\/blog.panrotas.com.br\/semreserva\/anotacoes-e-anotassoes\/31-07-2015\/#webpage\"},\"wordCount\":804,\"commentCount\":0,\"publisher\":{\"@id\":\"http:\/\/blog.panrotas.com.br\/semreserva\/#organization\"},\"articleSection\":[\"Dia a dia\"],\"inLanguage\":\"pt-BR\",\"potentialAction\":[{\"@type\":\"CommentAction\",\"name\":\"Comment\",\"target\":[\"https:\/\/blog.panrotas.com.br\/semreserva\/anotacoes-e-anotassoes\/31-07-2015\/#respond\"]}]},{\"@type\":\"Person\",\"@id\":\"http:\/\/blog.panrotas.com.br\/semreserva\/#\/schema\/person\/c93b4555f6a497d2d83c25dcb80f61ed\",\"name\":\"Artur Andrade\",\"image\":{\"@type\":\"ImageObject\",\"@id\":\"http:\/\/blog.panrotas.com.br\/semreserva\/#personlogo\",\"inLanguage\":\"pt-BR\",\"url\":\"https:\/\/secure.gravatar.com\/avatar\/a94564d630220cefd5c82f3452ac1ef4?s=96&d=mm&r=g\",\"contentUrl\":\"https:\/\/secure.gravatar.com\/avatar\/a94564d630220cefd5c82f3452ac1ef4?s=96&d=mm&r=g\",\"caption\":\"Artur Andrade\"},\"description\":\"Artur Luiz Andrade \\u00e9 carioca, taurino, jornalista e nasceu em 1969. \\u00c9 editor-chefe da PANROTAS Editora e mora em S\\u00e3o Paulo desde 1998\",\"sameAs\":[\"http:\/\/www.panrotas.com.br\"]}]}<\/script>\n<!-- \/ Yoast SEO plugin. -->","yoast_head_json":{"title":"Anota\u00e7\u00f5es e anotass\u00f5es -","description":"Anota\u00e7\u00f5es e anotass\u00f5es. Confira essa Mat\u00e9ria no Canal Sem reserva. \u27a4 Projeto em parceria com a PANROTAS.","robots":{"index":"index","follow":"follow","max-snippet":"max-snippet:-1","max-image-preview":"max-image-preview:large","max-video-preview":"max-video-preview:-1"},"canonical":"https:\/\/blog.panrotas.com.br\/semreserva\/anotacoes-e-anotassoes\/31-07-2015\/","og_locale":"pt_BR","og_type":"article","og_title":"Anota\u00e7\u00f5es e anotass\u00f5es -","og_description":"Anota\u00e7\u00f5es e anotass\u00f5es. Confira essa Mat\u00e9ria no Canal Sem reserva. \u27a4 Projeto em parceria com a PANROTAS.","og_url":"https:\/\/blog.panrotas.com.br\/semreserva\/anotacoes-e-anotassoes\/31-07-2015\/","og_site_name":"Sem reserva","article_publisher":"https:\/\/www.facebook.com\/portalpanrotas\/","article_published_time":"2015-07-31T13:36:28+00:00","twitter_card":"summary_large_image","twitter_creator":"@portalpanrotas","twitter_site":"@portalpanrotas","twitter_misc":{"Escrito por":"Artur Andrade","Est. tempo de leitura":"4 minutos"},"schema":{"@context":"https:\/\/schema.org","@graph":[{"@type":"Organization","@id":"http:\/\/blog.panrotas.com.br\/semreserva\/#organization","name":"Sem Reserva - Blog no Portal PANROTAS","url":"http:\/\/blog.panrotas.com.br\/semreserva\/","sameAs":["https:\/\/www.facebook.com\/portalpanrotas\/","https:\/\/www.instagram.com\/portalpanrotas\/","https:\/\/br.linkedin.com\/company\/panrotas","https:\/\/www.youtube.com\/tvpanrotas","https:\/\/twitter.com\/portalpanrotas"],"logo":{"@type":"ImageObject","@id":"http:\/\/blog.panrotas.com.br\/semreserva\/#logo","inLanguage":"pt-BR","url":"https:\/\/blog.panrotas.com.br\/semreserva\/wp-content\/uploads\/sites\/5\/2020\/06\/logo.png","contentUrl":"https:\/\/blog.panrotas.com.br\/semreserva\/wp-content\/uploads\/sites\/5\/2020\/06\/logo.png","width":259,"height":53,"caption":"Sem Reserva - Blog no Portal PANROTAS"},"image":{"@id":"http:\/\/blog.panrotas.com.br\/semreserva\/#logo"}},{"@type":"WebSite","@id":"http:\/\/blog.panrotas.com.br\/semreserva\/#website","url":"http:\/\/blog.panrotas.com.br\/semreserva\/","name":"Sem reserva","description":"Blogosfera PANROTAS","publisher":{"@id":"http:\/\/blog.panrotas.com.br\/semreserva\/#organization"},"potentialAction":[{"@type":"SearchAction","target":{"@type":"EntryPoint","urlTemplate":"http:\/\/blog.panrotas.com.br\/semreserva\/?s={search_term_string}"},"query-input":"required name=search_term_string"}],"inLanguage":"pt-BR"},{"@type":"WebPage","@id":"https:\/\/blog.panrotas.com.br\/semreserva\/anotacoes-e-anotassoes\/31-07-2015\/#webpage","url":"https:\/\/blog.panrotas.com.br\/semreserva\/anotacoes-e-anotassoes\/31-07-2015\/","name":"Anota\u00e7\u00f5es e anotass\u00f5es -","isPartOf":{"@id":"http:\/\/blog.panrotas.com.br\/semreserva\/#website"},"datePublished":"2015-07-31T13:36:28+00:00","dateModified":"2015-07-31T13:36:28+00:00","description":"Anota\u00e7\u00f5es e anotass\u00f5es. Confira essa Mat\u00e9ria no Canal Sem reserva. \u27a4 Projeto em parceria com a PANROTAS.","breadcrumb":{"@id":"https:\/\/blog.panrotas.com.br\/semreserva\/anotacoes-e-anotassoes\/31-07-2015\/#breadcrumb"},"inLanguage":"pt-BR","potentialAction":[{"@type":"ReadAction","target":["https:\/\/blog.panrotas.com.br\/semreserva\/anotacoes-e-anotassoes\/31-07-2015\/"]}]},{"@type":"BreadcrumbList","@id":"https:\/\/blog.panrotas.com.br\/semreserva\/anotacoes-e-anotassoes\/31-07-2015\/#breadcrumb","itemListElement":[{"@type":"ListItem","position":1,"name":"Home do Blog","item":"http:\/\/blog.panrotas.com.br\/semreserva\/"},{"@type":"ListItem","position":2,"name":"Dia a dia","item":"https:\/\/blog.panrotas.com.br\/semreserva\/category\/dia-a-dia\/"},{"@type":"ListItem","position":3,"name":"Anota\u00e7\u00f5es e anotass\u00f5es"}]},{"@type":"Article","@id":"https:\/\/blog.panrotas.com.br\/semreserva\/anotacoes-e-anotassoes\/31-07-2015\/#article","isPartOf":{"@id":"https:\/\/blog.panrotas.com.br\/semreserva\/anotacoes-e-anotassoes\/31-07-2015\/#webpage"},"author":{"@id":"http:\/\/blog.panrotas.com.br\/semreserva\/#\/schema\/person\/c93b4555f6a497d2d83c25dcb80f61ed"},"headline":"Anota\u00e7\u00f5es e anotass\u00f5es","datePublished":"2015-07-31T13:36:28+00:00","dateModified":"2015-07-31T13:36:28+00:00","mainEntityOfPage":{"@id":"https:\/\/blog.panrotas.com.br\/semreserva\/anotacoes-e-anotassoes\/31-07-2015\/#webpage"},"wordCount":804,"commentCount":0,"publisher":{"@id":"http:\/\/blog.panrotas.com.br\/semreserva\/#organization"},"articleSection":["Dia a dia"],"inLanguage":"pt-BR","potentialAction":[{"@type":"CommentAction","name":"Comment","target":["https:\/\/blog.panrotas.com.br\/semreserva\/anotacoes-e-anotassoes\/31-07-2015\/#respond"]}]},{"@type":"Person","@id":"http:\/\/blog.panrotas.com.br\/semreserva\/#\/schema\/person\/c93b4555f6a497d2d83c25dcb80f61ed","name":"Artur Andrade","image":{"@type":"ImageObject","@id":"http:\/\/blog.panrotas.com.br\/semreserva\/#personlogo","inLanguage":"pt-BR","url":"https:\/\/secure.gravatar.com\/avatar\/a94564d630220cefd5c82f3452ac1ef4?s=96&d=mm&r=g","contentUrl":"https:\/\/secure.gravatar.com\/avatar\/a94564d630220cefd5c82f3452ac1ef4?s=96&d=mm&r=g","caption":"Artur Andrade"},"description":"Artur Luiz Andrade \u00e9 carioca, taurino, jornalista e nasceu em 1969. \u00c9 editor-chefe da PANROTAS Editora e mora em S\u00e3o Paulo desde 1998","sameAs":["http:\/\/www.panrotas.com.br"]}]}},"jetpack_featured_media_url":"","jetpack_shortlink":"https:\/\/wp.me\/p7idIU-18y","_links":{"self":[{"href":"https:\/\/blog.panrotas.com.br\/semreserva\/wp-json\/wp\/v2\/posts\/4374"}],"collection":[{"href":"https:\/\/blog.panrotas.com.br\/semreserva\/wp-json\/wp\/v2\/posts"}],"about":[{"href":"https:\/\/blog.panrotas.com.br\/semreserva\/wp-json\/wp\/v2\/types\/post"}],"author":[{"embeddable":true,"href":"https:\/\/blog.panrotas.com.br\/semreserva\/wp-json\/wp\/v2\/users\/7"}],"replies":[{"embeddable":true,"href":"https:\/\/blog.panrotas.com.br\/semreserva\/wp-json\/wp\/v2\/comments?post=4374"}],"version-history":[{"count":0,"href":"https:\/\/blog.panrotas.com.br\/semreserva\/wp-json\/wp\/v2\/posts\/4374\/revisions"}],"wp:attachment":[{"href":"https:\/\/blog.panrotas.com.br\/semreserva\/wp-json\/wp\/v2\/media?parent=4374"}],"wp:term":[{"taxonomy":"category","embeddable":true,"href":"https:\/\/blog.panrotas.com.br\/semreserva\/wp-json\/wp\/v2\/categories?post=4374"},{"taxonomy":"post_tag","embeddable":true,"href":"https:\/\/blog.panrotas.com.br\/semreserva\/wp-json\/wp\/v2\/tags?post=4374"}],"curies":[{"name":"wp","href":"https:\/\/api.w.org\/{rel}","templated":true}]}}