{"id":4384,"date":"2015-08-24T08:27:26","date_gmt":"2015-08-24T11:27:26","guid":{"rendered":"http:\/\/blog.panrotas.com.br\/semreserva\/?p=4384"},"modified":"2015-08-24T08:27:26","modified_gmt":"2015-08-24T11:27:26","slug":"mala-sempre-pronta","status":"publish","type":"post","link":"https:\/\/blog.panrotas.com.br\/semreserva\/mala-sempre-pronta\/24-08-2015\/","title":{"rendered":"Mala sempre pronta"},"content":{"rendered":"<p>O bom vendedor de viagens, entre tantas qualidades (de conhecer seu cliente a estar atualizado em rela\u00e7\u00e3o a novidades de destinos, produtos&#8230;), tem de ser um viajante frequente. N\u00e3o tem jeito.<\/p>\n<p>&nbsp;<\/p>\n<p>Imagine o jornalista que fica na Reda\u00e7\u00e3o esperando a not\u00edcia (geralmente via comunicados oficiais ou, no outro extremo, e-mails an\u00f4nimos). Ele vai dar a not\u00edcia, mas jamais estar\u00e1 na frente, mostrar\u00e1 tend\u00eancias, ter\u00e1 opini\u00f5es embasadas, explicar\u00e1 exatamente como as coisas funcionam ou s\u00e3o.<\/p>\n<p>&nbsp;<\/p>\n<p>J\u00e1 virou at\u00e9 anedota a quantidade de vezes que eu vou \u00e0 Fl\u00f3rida e aos Estados Unidos em geral e sinto que preciso mudar isso. Viajar mais pelo Brasil, por outros lugares. OK, virei especialista em Orlando, mas n\u00e3o vou h\u00e1 uma d\u00e9cada no Tivoli Praia do Forte, por exemplo, o que vai ser consertado esta semana. Paris n\u00e3o me v\u00ea h\u00e1 outra d\u00e9cada. Londres h\u00e1 tr\u00eas anos. A Lisboa vou bastante, mesmo que o Luiz M\u00f3r diga o oposto, mas mesmo assim, bem menos que os EUA. Minha \u00faltima viagem \u00e0 \u00c1sia tem quatro anos&#8230; Macei\u00f3 e Len\u00e7\u00f3is Maranhenses n\u00e3o conhe\u00e7o. Recentemente fiz o Grand Amazon, da Iberostar, que j\u00e1 est\u00e1 cmpletando dez anos e eu ainda n\u00e3o conhecia. Mas tudo bem, tenho uma equipe que conhece e desbrava esses outros destinos (mas prometo diversificar).<\/p>\n<p>&nbsp;<\/p>\n<p>Agora, e uma ag\u00eancia com poucos funcion\u00e1rios, sem tantos convites de famtour? O que fazer? \u00c9 preciso estimular os funcion\u00e1rios que vendem a experimentar os produtos. Seja via famtours, tarifa agente (gostei do site da Rextur Advance trazer as a\u00e9reas que oferecem essa tarifa &#8211; falta estender a outros fornecedores), visita a aeronaves (tanto falavam da executiva do 777-300 da American e eu s\u00f3 experimentei h\u00e1 poucos dias &#8211; e \u00e9 impressionante), vendo filmes, fazendo cursos&#8230; N\u00e3o d\u00e1 para ficar &#8220;preso&#8221; o tempo todo dentro da ag\u00eancias. H\u00e1 tamb\u00e9m diversos concursos na ind\u00fastria, cujos pr\u00eamios s\u00e3o viagens.<\/p>\n<p>&nbsp;<\/p>\n<p>Como \u00e9 desembarcar em Beijing? O novo Aeroporto de Natal \u00e9 mesmo t\u00e3o longe da cidade? E o Alasca, \u00e9 para velhinhos apenas? Qual a melhor \u00e9poca para se visitar o Pantanal? Foz do Igua\u00e7u \u00e9 tamb\u00e9m para crian\u00e7as? Como \u00e9 aquele novo museu carioca, na Pra\u00e7a Mau\u00e1? Como chego no Mercad\u00e3o na capital paulista? Qual o melhor acaraj\u00e9 de Salvador? Em Nova York, como fazer para ver os melhores shows? Me recomenda alguma?<\/p>\n<p>&nbsp;<\/p>\n<p>Sim, \u00e9 poss\u00edvel recorrer ao Google e ao Tripadvisor, e o consumidor sabe disso. No m\u00ednimo, esteja bem informado. Fa\u00e7a parte ou crie uma rede de outros agentes e profissionais bem informados e relacionados &#8211; e que vivam nos destinos a serem vendidos. Eles v\u00e3o te dizer se a crise no Brasil \u00e9 t\u00e3o s\u00e9ria quanto dizem, ou se a Gr\u00e9cia est\u00e1 prop\u00edcia a viagens de lazer. Estude, se capacite&#8230; mas n\u00e3o se iluda. Viajar \u00e9 a melhor maneira de vender um destino.<\/p>\n<p>&nbsp;<\/p>\n<p>Boas viagens.<\/p>\n<p>&nbsp;<\/p>\n<p>E parab\u00e9ns aos fornecedores que investem em viagens de capacita\u00e7\u00e3o de agentes de viagens e operadores, al\u00e9m de n\u00f3s, jornalistas e formadores de opini\u00e3o. Eles sabem que o resultado no retorno \u00e9 outro. O que me d\u00e1 a ideia de fazer um post sobre famtour. Tem f\u00f3rmula para realizar um famtour perfeito? Bom, pelo menos h\u00e1 dicas de bom senso para que ele seja mais produtivo.<\/p>\n","protected":false},"excerpt":{"rendered":"<p>O bom vendedor de viagens, entre tantas qualidades (de conhecer seu cliente a estar atualizado em rela\u00e7\u00e3o a novidades de destinos, produtos&#8230;), tem de ser um viajante frequente. N\u00e3o tem jeito. &nbsp; Imagine o jornalista que fica na Reda\u00e7\u00e3o esperando a not\u00edcia (geralmente via comunicados oficiais ou, no outro extremo, e-mails an\u00f4nimos). Ele vai dar [&hellip;]<\/p>\n","protected":false},"author":7,"featured_media":0,"comment_status":"open","ping_status":"open","sticky":false,"template":"","format":"standard","meta":{"spay_email":""},"categories":[2],"tags":[],"yoast_head":"<!-- This site is optimized with the Yoast SEO plugin v17.3 - https:\/\/yoast.com\/wordpress\/plugins\/seo\/ -->\n<title>Mala sempre pronta -<\/title>\n<meta name=\"description\" content=\"Mala sempre pronta. Confira essa Mat\u00e9ria no Canal Sem reserva. \u27a4 Projeto em parceria com a PANROTAS.\" \/>\n<meta name=\"robots\" content=\"index, follow, max-snippet:-1, max-image-preview:large, max-video-preview:-1\" \/>\n<link rel=\"canonical\" href=\"https:\/\/blog.panrotas.com.br\/semreserva\/mala-sempre-pronta\/24-08-2015\/\" \/>\n<meta property=\"og:locale\" content=\"pt_BR\" \/>\n<meta property=\"og:type\" content=\"article\" \/>\n<meta property=\"og:title\" content=\"Mala sempre pronta -\" \/>\n<meta property=\"og:description\" content=\"Mala sempre pronta. Confira essa Mat\u00e9ria no Canal Sem reserva. \u27a4 Projeto em parceria com a PANROTAS.\" \/>\n<meta property=\"og:url\" content=\"https:\/\/blog.panrotas.com.br\/semreserva\/mala-sempre-pronta\/24-08-2015\/\" \/>\n<meta property=\"og:site_name\" content=\"Sem reserva\" \/>\n<meta property=\"article:publisher\" content=\"https:\/\/www.facebook.com\/portalpanrotas\/\" \/>\n<meta property=\"article:published_time\" content=\"2015-08-24T11:27:26+00:00\" \/>\n<meta name=\"twitter:card\" content=\"summary_large_image\" \/>\n<meta name=\"twitter:creator\" content=\"@portalpanrotas\" \/>\n<meta name=\"twitter:site\" content=\"@portalpanrotas\" \/>\n<meta name=\"twitter:label1\" content=\"Escrito por\" \/>\n\t<meta name=\"twitter:data1\" content=\"Artur Andrade\" \/>\n\t<meta name=\"twitter:label2\" content=\"Est. tempo de leitura\" \/>\n\t<meta name=\"twitter:data2\" content=\"3 minutos\" \/>\n<script type=\"application\/ld+json\" class=\"yoast-schema-graph\">{\"@context\":\"https:\/\/schema.org\",\"@graph\":[{\"@type\":\"Organization\",\"@id\":\"http:\/\/blog.panrotas.com.br\/semreserva\/#organization\",\"name\":\"Sem Reserva - Blog no Portal PANROTAS\",\"url\":\"http:\/\/blog.panrotas.com.br\/semreserva\/\",\"sameAs\":[\"https:\/\/www.facebook.com\/portalpanrotas\/\",\"https:\/\/www.instagram.com\/portalpanrotas\/\",\"https:\/\/br.linkedin.com\/company\/panrotas\",\"https:\/\/www.youtube.com\/tvpanrotas\",\"https:\/\/twitter.com\/portalpanrotas\"],\"logo\":{\"@type\":\"ImageObject\",\"@id\":\"http:\/\/blog.panrotas.com.br\/semreserva\/#logo\",\"inLanguage\":\"pt-BR\",\"url\":\"https:\/\/blog.panrotas.com.br\/semreserva\/wp-content\/uploads\/sites\/5\/2020\/06\/logo.png\",\"contentUrl\":\"https:\/\/blog.panrotas.com.br\/semreserva\/wp-content\/uploads\/sites\/5\/2020\/06\/logo.png\",\"width\":259,\"height\":53,\"caption\":\"Sem Reserva - Blog no Portal PANROTAS\"},\"image\":{\"@id\":\"http:\/\/blog.panrotas.com.br\/semreserva\/#logo\"}},{\"@type\":\"WebSite\",\"@id\":\"http:\/\/blog.panrotas.com.br\/semreserva\/#website\",\"url\":\"http:\/\/blog.panrotas.com.br\/semreserva\/\",\"name\":\"Sem reserva\",\"description\":\"Blogosfera PANROTAS\",\"publisher\":{\"@id\":\"http:\/\/blog.panrotas.com.br\/semreserva\/#organization\"},\"potentialAction\":[{\"@type\":\"SearchAction\",\"target\":{\"@type\":\"EntryPoint\",\"urlTemplate\":\"http:\/\/blog.panrotas.com.br\/semreserva\/?s={search_term_string}\"},\"query-input\":\"required name=search_term_string\"}],\"inLanguage\":\"pt-BR\"},{\"@type\":\"WebPage\",\"@id\":\"https:\/\/blog.panrotas.com.br\/semreserva\/mala-sempre-pronta\/24-08-2015\/#webpage\",\"url\":\"https:\/\/blog.panrotas.com.br\/semreserva\/mala-sempre-pronta\/24-08-2015\/\",\"name\":\"Mala sempre pronta -\",\"isPartOf\":{\"@id\":\"http:\/\/blog.panrotas.com.br\/semreserva\/#website\"},\"datePublished\":\"2015-08-24T11:27:26+00:00\",\"dateModified\":\"2015-08-24T11:27:26+00:00\",\"description\":\"Mala sempre pronta. Confira essa Mat\\u00e9ria no Canal Sem reserva. \\u27a4 Projeto em parceria com a PANROTAS.\",\"breadcrumb\":{\"@id\":\"https:\/\/blog.panrotas.com.br\/semreserva\/mala-sempre-pronta\/24-08-2015\/#breadcrumb\"},\"inLanguage\":\"pt-BR\",\"potentialAction\":[{\"@type\":\"ReadAction\",\"target\":[\"https:\/\/blog.panrotas.com.br\/semreserva\/mala-sempre-pronta\/24-08-2015\/\"]}]},{\"@type\":\"BreadcrumbList\",\"@id\":\"https:\/\/blog.panrotas.com.br\/semreserva\/mala-sempre-pronta\/24-08-2015\/#breadcrumb\",\"itemListElement\":[{\"@type\":\"ListItem\",\"position\":1,\"name\":\"Home do Blog\",\"item\":\"http:\/\/blog.panrotas.com.br\/semreserva\/\"},{\"@type\":\"ListItem\",\"position\":2,\"name\":\"Dia a dia\",\"item\":\"https:\/\/blog.panrotas.com.br\/semreserva\/category\/dia-a-dia\/\"},{\"@type\":\"ListItem\",\"position\":3,\"name\":\"Mala sempre pronta\"}]},{\"@type\":\"Article\",\"@id\":\"https:\/\/blog.panrotas.com.br\/semreserva\/mala-sempre-pronta\/24-08-2015\/#article\",\"isPartOf\":{\"@id\":\"https:\/\/blog.panrotas.com.br\/semreserva\/mala-sempre-pronta\/24-08-2015\/#webpage\"},\"author\":{\"@id\":\"http:\/\/blog.panrotas.com.br\/semreserva\/#\/schema\/person\/c93b4555f6a497d2d83c25dcb80f61ed\"},\"headline\":\"Mala sempre pronta\",\"datePublished\":\"2015-08-24T11:27:26+00:00\",\"dateModified\":\"2015-08-24T11:27:26+00:00\",\"mainEntityOfPage\":{\"@id\":\"https:\/\/blog.panrotas.com.br\/semreserva\/mala-sempre-pronta\/24-08-2015\/#webpage\"},\"wordCount\":580,\"commentCount\":0,\"publisher\":{\"@id\":\"http:\/\/blog.panrotas.com.br\/semreserva\/#organization\"},\"articleSection\":[\"Dia a dia\"],\"inLanguage\":\"pt-BR\",\"potentialAction\":[{\"@type\":\"CommentAction\",\"name\":\"Comment\",\"target\":[\"https:\/\/blog.panrotas.com.br\/semreserva\/mala-sempre-pronta\/24-08-2015\/#respond\"]}]},{\"@type\":\"Person\",\"@id\":\"http:\/\/blog.panrotas.com.br\/semreserva\/#\/schema\/person\/c93b4555f6a497d2d83c25dcb80f61ed\",\"name\":\"Artur Andrade\",\"image\":{\"@type\":\"ImageObject\",\"@id\":\"http:\/\/blog.panrotas.com.br\/semreserva\/#personlogo\",\"inLanguage\":\"pt-BR\",\"url\":\"https:\/\/secure.gravatar.com\/avatar\/a94564d630220cefd5c82f3452ac1ef4?s=96&d=mm&r=g\",\"contentUrl\":\"https:\/\/secure.gravatar.com\/avatar\/a94564d630220cefd5c82f3452ac1ef4?s=96&d=mm&r=g\",\"caption\":\"Artur Andrade\"},\"description\":\"Artur Luiz Andrade \\u00e9 carioca, taurino, jornalista e nasceu em 1969. \\u00c9 editor-chefe da PANROTAS Editora e mora em S\\u00e3o Paulo desde 1998\",\"sameAs\":[\"http:\/\/www.panrotas.com.br\"]}]}<\/script>\n<!-- \/ Yoast SEO plugin. -->","yoast_head_json":{"title":"Mala sempre pronta -","description":"Mala sempre pronta. Confira essa Mat\u00e9ria no Canal Sem reserva. \u27a4 Projeto em parceria com a PANROTAS.","robots":{"index":"index","follow":"follow","max-snippet":"max-snippet:-1","max-image-preview":"max-image-preview:large","max-video-preview":"max-video-preview:-1"},"canonical":"https:\/\/blog.panrotas.com.br\/semreserva\/mala-sempre-pronta\/24-08-2015\/","og_locale":"pt_BR","og_type":"article","og_title":"Mala sempre pronta -","og_description":"Mala sempre pronta. Confira essa Mat\u00e9ria no Canal Sem reserva. \u27a4 Projeto em parceria com a PANROTAS.","og_url":"https:\/\/blog.panrotas.com.br\/semreserva\/mala-sempre-pronta\/24-08-2015\/","og_site_name":"Sem reserva","article_publisher":"https:\/\/www.facebook.com\/portalpanrotas\/","article_published_time":"2015-08-24T11:27:26+00:00","twitter_card":"summary_large_image","twitter_creator":"@portalpanrotas","twitter_site":"@portalpanrotas","twitter_misc":{"Escrito por":"Artur Andrade","Est. tempo de leitura":"3 minutos"},"schema":{"@context":"https:\/\/schema.org","@graph":[{"@type":"Organization","@id":"http:\/\/blog.panrotas.com.br\/semreserva\/#organization","name":"Sem Reserva - Blog no Portal PANROTAS","url":"http:\/\/blog.panrotas.com.br\/semreserva\/","sameAs":["https:\/\/www.facebook.com\/portalpanrotas\/","https:\/\/www.instagram.com\/portalpanrotas\/","https:\/\/br.linkedin.com\/company\/panrotas","https:\/\/www.youtube.com\/tvpanrotas","https:\/\/twitter.com\/portalpanrotas"],"logo":{"@type":"ImageObject","@id":"http:\/\/blog.panrotas.com.br\/semreserva\/#logo","inLanguage":"pt-BR","url":"https:\/\/blog.panrotas.com.br\/semreserva\/wp-content\/uploads\/sites\/5\/2020\/06\/logo.png","contentUrl":"https:\/\/blog.panrotas.com.br\/semreserva\/wp-content\/uploads\/sites\/5\/2020\/06\/logo.png","width":259,"height":53,"caption":"Sem Reserva - Blog no Portal PANROTAS"},"image":{"@id":"http:\/\/blog.panrotas.com.br\/semreserva\/#logo"}},{"@type":"WebSite","@id":"http:\/\/blog.panrotas.com.br\/semreserva\/#website","url":"http:\/\/blog.panrotas.com.br\/semreserva\/","name":"Sem reserva","description":"Blogosfera PANROTAS","publisher":{"@id":"http:\/\/blog.panrotas.com.br\/semreserva\/#organization"},"potentialAction":[{"@type":"SearchAction","target":{"@type":"EntryPoint","urlTemplate":"http:\/\/blog.panrotas.com.br\/semreserva\/?s={search_term_string}"},"query-input":"required name=search_term_string"}],"inLanguage":"pt-BR"},{"@type":"WebPage","@id":"https:\/\/blog.panrotas.com.br\/semreserva\/mala-sempre-pronta\/24-08-2015\/#webpage","url":"https:\/\/blog.panrotas.com.br\/semreserva\/mala-sempre-pronta\/24-08-2015\/","name":"Mala sempre pronta -","isPartOf":{"@id":"http:\/\/blog.panrotas.com.br\/semreserva\/#website"},"datePublished":"2015-08-24T11:27:26+00:00","dateModified":"2015-08-24T11:27:26+00:00","description":"Mala sempre pronta. Confira essa Mat\u00e9ria no Canal Sem reserva. \u27a4 Projeto em parceria com a PANROTAS.","breadcrumb":{"@id":"https:\/\/blog.panrotas.com.br\/semreserva\/mala-sempre-pronta\/24-08-2015\/#breadcrumb"},"inLanguage":"pt-BR","potentialAction":[{"@type":"ReadAction","target":["https:\/\/blog.panrotas.com.br\/semreserva\/mala-sempre-pronta\/24-08-2015\/"]}]},{"@type":"BreadcrumbList","@id":"https:\/\/blog.panrotas.com.br\/semreserva\/mala-sempre-pronta\/24-08-2015\/#breadcrumb","itemListElement":[{"@type":"ListItem","position":1,"name":"Home do Blog","item":"http:\/\/blog.panrotas.com.br\/semreserva\/"},{"@type":"ListItem","position":2,"name":"Dia a dia","item":"https:\/\/blog.panrotas.com.br\/semreserva\/category\/dia-a-dia\/"},{"@type":"ListItem","position":3,"name":"Mala sempre pronta"}]},{"@type":"Article","@id":"https:\/\/blog.panrotas.com.br\/semreserva\/mala-sempre-pronta\/24-08-2015\/#article","isPartOf":{"@id":"https:\/\/blog.panrotas.com.br\/semreserva\/mala-sempre-pronta\/24-08-2015\/#webpage"},"author":{"@id":"http:\/\/blog.panrotas.com.br\/semreserva\/#\/schema\/person\/c93b4555f6a497d2d83c25dcb80f61ed"},"headline":"Mala sempre pronta","datePublished":"2015-08-24T11:27:26+00:00","dateModified":"2015-08-24T11:27:26+00:00","mainEntityOfPage":{"@id":"https:\/\/blog.panrotas.com.br\/semreserva\/mala-sempre-pronta\/24-08-2015\/#webpage"},"wordCount":580,"commentCount":0,"publisher":{"@id":"http:\/\/blog.panrotas.com.br\/semreserva\/#organization"},"articleSection":["Dia a dia"],"inLanguage":"pt-BR","potentialAction":[{"@type":"CommentAction","name":"Comment","target":["https:\/\/blog.panrotas.com.br\/semreserva\/mala-sempre-pronta\/24-08-2015\/#respond"]}]},{"@type":"Person","@id":"http:\/\/blog.panrotas.com.br\/semreserva\/#\/schema\/person\/c93b4555f6a497d2d83c25dcb80f61ed","name":"Artur Andrade","image":{"@type":"ImageObject","@id":"http:\/\/blog.panrotas.com.br\/semreserva\/#personlogo","inLanguage":"pt-BR","url":"https:\/\/secure.gravatar.com\/avatar\/a94564d630220cefd5c82f3452ac1ef4?s=96&d=mm&r=g","contentUrl":"https:\/\/secure.gravatar.com\/avatar\/a94564d630220cefd5c82f3452ac1ef4?s=96&d=mm&r=g","caption":"Artur Andrade"},"description":"Artur Luiz Andrade \u00e9 carioca, taurino, jornalista e nasceu em 1969. \u00c9 editor-chefe da PANROTAS Editora e mora em S\u00e3o Paulo desde 1998","sameAs":["http:\/\/www.panrotas.com.br"]}]}},"jetpack_featured_media_url":"","jetpack_shortlink":"https:\/\/wp.me\/p7idIU-18I","_links":{"self":[{"href":"https:\/\/blog.panrotas.com.br\/semreserva\/wp-json\/wp\/v2\/posts\/4384"}],"collection":[{"href":"https:\/\/blog.panrotas.com.br\/semreserva\/wp-json\/wp\/v2\/posts"}],"about":[{"href":"https:\/\/blog.panrotas.com.br\/semreserva\/wp-json\/wp\/v2\/types\/post"}],"author":[{"embeddable":true,"href":"https:\/\/blog.panrotas.com.br\/semreserva\/wp-json\/wp\/v2\/users\/7"}],"replies":[{"embeddable":true,"href":"https:\/\/blog.panrotas.com.br\/semreserva\/wp-json\/wp\/v2\/comments?post=4384"}],"version-history":[{"count":0,"href":"https:\/\/blog.panrotas.com.br\/semreserva\/wp-json\/wp\/v2\/posts\/4384\/revisions"}],"wp:attachment":[{"href":"https:\/\/blog.panrotas.com.br\/semreserva\/wp-json\/wp\/v2\/media?parent=4384"}],"wp:term":[{"taxonomy":"category","embeddable":true,"href":"https:\/\/blog.panrotas.com.br\/semreserva\/wp-json\/wp\/v2\/categories?post=4384"},{"taxonomy":"post_tag","embeddable":true,"href":"https:\/\/blog.panrotas.com.br\/semreserva\/wp-json\/wp\/v2\/tags?post=4384"}],"curies":[{"name":"wp","href":"https:\/\/api.w.org\/{rel}","templated":true}]}}