{"id":4389,"date":"2015-08-27T00:18:55","date_gmt":"2015-08-27T03:18:55","guid":{"rendered":"http:\/\/blog.panrotas.com.br\/semreserva\/?p=4389"},"modified":"2015-08-27T00:18:55","modified_gmt":"2015-08-27T03:18:55","slug":"historias-de-taxista-1","status":"publish","type":"post","link":"https:\/\/blog.panrotas.com.br\/semreserva\/historias-de-taxista-1\/27-08-2015\/","title":{"rendered":"Hist\u00f3rias de taxista &#8211; 1 \u00a0"},"content":{"rendered":"<p class=\"xmsonormal\" style=\"margin: 0cm;margin-bottom: .0001pt;line-height: 12.45pt;background: white\">\n<p class=\"xmsonormal\" style=\"margin: 0cm;margin-bottom: .0001pt;line-height: 12.45pt;background: white\"><span style=\"color: #212121\">N\u00e3o tem jeito, \u00e9 eu entrar em um t\u00e1xi, geralmente em S\u00e3o Paulo, e viro, involuntariamente, um amigo, psic\u00f3logo, um objeto de desabafo de taxistas. J\u00e1 teve quem dissesse que queria se matar e eu acabei o salvando ao fazer sinal para o t\u00e1xi (sim, ainda n\u00e3o existiam os apps, muito menos Uber); j\u00e1 teve velhinho mostrando onde a amante que teve d\u00e9cadas atr\u00e1s morava; outro que atendia a PANROTAS e contava tudo o que os rep\u00f3rteres faziam no t\u00e1xi (de dormir a reclamar); o que estava orgulhoso pois seu v\u00eddeo no Youtube tinha 61 acessos (mas o da filha cantora j\u00e1 chegara a 100 e seria um sucesso &#8211; em Las Vegas); taxista fala, n\u00e9 mesmo?<\/span><\/p>\n<p class=\"xmsonormal\" style=\"margin: 0cm;margin-bottom: .0001pt;line-height: 12.45pt;background: white\"><span style=\"color: #212121\">\u00a0<\/span><\/p>\n<p class=\"xmsonormal\" style=\"margin: 0cm;margin-bottom: .0001pt;line-height: 12.45pt;background: white\"><span style=\"color: #212121\">Hoje a hist\u00f3ria \u00e9 singela, corriqueira. Um taxista que resolveu viajar com a mulher e a filha. E que me transportou nesta quarta-feira, 26. Corrida curta, de R$ 16.<\/span><\/p>\n<p class=\"xmsonormal\" style=\"margin: 0cm;margin-bottom: .0001pt;line-height: 12.45pt;background: white\"><span style=\"color: #212121\">\u00a0<\/span><\/p>\n<p class=\"xmsonormal\" style=\"margin: 0cm;margin-bottom: .0001pt;line-height: 12.45pt;background: white\"><span style=\"color: #212121\">Era anivers\u00e1rio da menina e dias depois a comemora\u00e7\u00e3o de dez anos de casamento. &#8220;Que tal viajar?&#8221;, sugere a mulher (e as pesquisas dizem isso, a mulher decide). E j\u00e1 sugeriu dois resorts: o Bourbon Atibaia e o Vale Su\u00ed\u00e7o. Como era uma quarta-feira e a viagem seria na sexta seguinte, ligaram diretamente no hotel, segundo ele, fecharam o pacote de duas noites (final de semana) por cerca de R$ 1,8 mil e parcelaram em seis vezes.<\/span><\/p>\n<p class=\"xmsonormal\" style=\"margin: 0cm;margin-bottom: .0001pt;line-height: 12.45pt;background: white\"><span style=\"color: #212121\">\u00a0<\/span><\/p>\n<p class=\"xmsonormal\" style=\"margin: 0cm;margin-bottom: .0001pt;line-height: 12.45pt;background: white\"><span style=\"color: #212121\">&#8220;Levei pouco mais de uma hora para ir, o mesmo para voltar. L\u00e1, tudo inclu\u00eddo. Caf\u00e9 da manh\u00e3, almo\u00e7o e jantar e para a menina, al\u00e9m da recrea\u00e7\u00e3o, lanche da tarde, que ela nem experimentou, pois o almo\u00e7o era sempre farto&#8221;. O taxista elogiou as instala\u00e7\u00f5es, a comida, o atendimento, as atividades, a \u00e1rea de lazer, onde acompanhou o treino do time do Cruzeiro (ele \u00e9 s\u00e3o paulino) e o quarto. Disse que valeu a pena e quer repetir, agora no Vale Su\u00ed\u00e7o, &#8220;ue \u00e9 mais longe, mais caro, mas tem mais atividades e mais refei\u00e7\u00f5es inclu\u00eddas&#8221;.<\/span><\/p>\n<p class=\"xmsonormal\" style=\"margin: 0cm;margin-bottom: .0001pt;line-height: 12.45pt;background: white\"><span style=\"color: #212121\">\u00a0<\/span><\/p>\n<p class=\"xmsonormal\" style=\"margin: 0cm;margin-bottom: .0001pt;line-height: 12.45pt;background: white\"><span style=\"color: #212121\">Disse que vai pesquisar na internet ou em uma ag\u00eancia, pois pode ser mais em conta que a compra de \u00faltima hora diretamente no hotel. Mas vai viajar de novo. &#8220;Trabalho de 8h30 \u00e0 meia-noite. Eu mere\u00e7o&#8221;.<\/span><\/p>\n<p class=\"xmsonormal\" style=\"margin: 0cm;margin-bottom: .0001pt;line-height: 12.45pt;background: white\"><span style=\"color: #212121\">\u00a0<\/span><\/p>\n<p class=\"xmsonormal\" style=\"margin: 0cm;margin-bottom: .0001pt;line-height: 12.45pt;background: white\"><span style=\"color: #212121\">N\u00e3o duvido se a terceira viagem j\u00e1 for um pacote para a Bahia. Quem viaja e \u00e9 bem tratado, repete, volta, indica.<\/span><\/p>\n<p class=\"xmsonormal\" style=\"margin: 0cm;margin-bottom: .0001pt;line-height: 12.45pt;background: white\"><span style=\"color: #212121\">\u00a0<\/span><\/p>\n<p class=\"xmsonormal\" style=\"margin: 0cm;margin-bottom: .0001pt;line-height: 12.45pt;background: white\"><span style=\"color: #212121\">Desci e ele queria ainda contar mais. N\u00e3o deu tempo. E cada um que tire suas li\u00e7\u00f5es dessa hist\u00f3ria de taxista. Depois conto outra.<\/span><\/p>\n","protected":false},"excerpt":{"rendered":"<p>N\u00e3o tem jeito, \u00e9 eu entrar em um t\u00e1xi, geralmente em S\u00e3o Paulo, e viro, involuntariamente, um amigo, psic\u00f3logo, um objeto de desabafo de taxistas. J\u00e1 teve quem dissesse que queria se matar e eu acabei o salvando ao fazer sinal para o t\u00e1xi (sim, ainda n\u00e3o existiam os apps, muito menos Uber); j\u00e1 teve [&hellip;]<\/p>\n","protected":false},"author":7,"featured_media":0,"comment_status":"open","ping_status":"open","sticky":false,"template":"","format":"standard","meta":{"spay_email":""},"categories":[2],"tags":[],"yoast_head":"<!-- This site is optimized with the Yoast SEO plugin v17.3 - https:\/\/yoast.com\/wordpress\/plugins\/seo\/ -->\n<title>Hist\u00f3rias de taxista - 1 \u00a0 -<\/title>\n<meta name=\"description\" content=\"Hist\u00f3rias de taxista - 1 \u00a0. Confira essa Mat\u00e9ria no Canal Sem reserva. \u27a4 Projeto em parceria com a PANROTAS.\" \/>\n<meta name=\"robots\" content=\"index, follow, max-snippet:-1, max-image-preview:large, max-video-preview:-1\" \/>\n<link rel=\"canonical\" href=\"https:\/\/blog.panrotas.com.br\/semreserva\/historias-de-taxista-1\/27-08-2015\/\" \/>\n<meta property=\"og:locale\" content=\"pt_BR\" \/>\n<meta property=\"og:type\" content=\"article\" \/>\n<meta property=\"og:title\" content=\"Hist\u00f3rias de taxista - 1 \u00a0 -\" \/>\n<meta property=\"og:description\" content=\"Hist\u00f3rias de taxista - 1 \u00a0. Confira essa Mat\u00e9ria no Canal Sem reserva. \u27a4 Projeto em parceria com a PANROTAS.\" \/>\n<meta property=\"og:url\" content=\"https:\/\/blog.panrotas.com.br\/semreserva\/historias-de-taxista-1\/27-08-2015\/\" \/>\n<meta property=\"og:site_name\" content=\"Sem reserva\" \/>\n<meta property=\"article:publisher\" content=\"https:\/\/www.facebook.com\/portalpanrotas\/\" \/>\n<meta property=\"article:published_time\" content=\"2015-08-27T03:18:55+00:00\" \/>\n<meta name=\"twitter:card\" content=\"summary_large_image\" \/>\n<meta name=\"twitter:creator\" content=\"@portalpanrotas\" \/>\n<meta name=\"twitter:site\" content=\"@portalpanrotas\" \/>\n<meta name=\"twitter:label1\" content=\"Escrito por\" \/>\n\t<meta name=\"twitter:data1\" content=\"Artur Andrade\" \/>\n\t<meta name=\"twitter:label2\" content=\"Est. tempo de leitura\" \/>\n\t<meta name=\"twitter:data2\" content=\"2 minutos\" \/>\n<script type=\"application\/ld+json\" class=\"yoast-schema-graph\">{\"@context\":\"https:\/\/schema.org\",\"@graph\":[{\"@type\":\"Organization\",\"@id\":\"http:\/\/blog.panrotas.com.br\/semreserva\/#organization\",\"name\":\"Sem Reserva - Blog no Portal PANROTAS\",\"url\":\"http:\/\/blog.panrotas.com.br\/semreserva\/\",\"sameAs\":[\"https:\/\/www.facebook.com\/portalpanrotas\/\",\"https:\/\/www.instagram.com\/portalpanrotas\/\",\"https:\/\/br.linkedin.com\/company\/panrotas\",\"https:\/\/www.youtube.com\/tvpanrotas\",\"https:\/\/twitter.com\/portalpanrotas\"],\"logo\":{\"@type\":\"ImageObject\",\"@id\":\"http:\/\/blog.panrotas.com.br\/semreserva\/#logo\",\"inLanguage\":\"pt-BR\",\"url\":\"https:\/\/blog.panrotas.com.br\/semreserva\/wp-content\/uploads\/sites\/5\/2020\/06\/logo.png\",\"contentUrl\":\"https:\/\/blog.panrotas.com.br\/semreserva\/wp-content\/uploads\/sites\/5\/2020\/06\/logo.png\",\"width\":259,\"height\":53,\"caption\":\"Sem Reserva - Blog no Portal PANROTAS\"},\"image\":{\"@id\":\"http:\/\/blog.panrotas.com.br\/semreserva\/#logo\"}},{\"@type\":\"WebSite\",\"@id\":\"http:\/\/blog.panrotas.com.br\/semreserva\/#website\",\"url\":\"http:\/\/blog.panrotas.com.br\/semreserva\/\",\"name\":\"Sem reserva\",\"description\":\"Blogosfera PANROTAS\",\"publisher\":{\"@id\":\"http:\/\/blog.panrotas.com.br\/semreserva\/#organization\"},\"potentialAction\":[{\"@type\":\"SearchAction\",\"target\":{\"@type\":\"EntryPoint\",\"urlTemplate\":\"http:\/\/blog.panrotas.com.br\/semreserva\/?s={search_term_string}\"},\"query-input\":\"required name=search_term_string\"}],\"inLanguage\":\"pt-BR\"},{\"@type\":\"WebPage\",\"@id\":\"https:\/\/blog.panrotas.com.br\/semreserva\/historias-de-taxista-1\/27-08-2015\/#webpage\",\"url\":\"https:\/\/blog.panrotas.com.br\/semreserva\/historias-de-taxista-1\/27-08-2015\/\",\"name\":\"Hist\\u00f3rias de taxista - 1 \\u00a0 -\",\"isPartOf\":{\"@id\":\"http:\/\/blog.panrotas.com.br\/semreserva\/#website\"},\"datePublished\":\"2015-08-27T03:18:55+00:00\",\"dateModified\":\"2015-08-27T03:18:55+00:00\",\"description\":\"Hist\\u00f3rias de taxista - 1 \\u00a0. Confira essa Mat\\u00e9ria no Canal Sem reserva. \\u27a4 Projeto em parceria com a PANROTAS.\",\"breadcrumb\":{\"@id\":\"https:\/\/blog.panrotas.com.br\/semreserva\/historias-de-taxista-1\/27-08-2015\/#breadcrumb\"},\"inLanguage\":\"pt-BR\",\"potentialAction\":[{\"@type\":\"ReadAction\",\"target\":[\"https:\/\/blog.panrotas.com.br\/semreserva\/historias-de-taxista-1\/27-08-2015\/\"]}]},{\"@type\":\"BreadcrumbList\",\"@id\":\"https:\/\/blog.panrotas.com.br\/semreserva\/historias-de-taxista-1\/27-08-2015\/#breadcrumb\",\"itemListElement\":[{\"@type\":\"ListItem\",\"position\":1,\"name\":\"Home do Blog\",\"item\":\"http:\/\/blog.panrotas.com.br\/semreserva\/\"},{\"@type\":\"ListItem\",\"position\":2,\"name\":\"Dia a dia\",\"item\":\"https:\/\/blog.panrotas.com.br\/semreserva\/category\/dia-a-dia\/\"},{\"@type\":\"ListItem\",\"position\":3,\"name\":\"Hist\\u00f3rias de taxista &#8211; 1 \\u00a0\"}]},{\"@type\":\"Article\",\"@id\":\"https:\/\/blog.panrotas.com.br\/semreserva\/historias-de-taxista-1\/27-08-2015\/#article\",\"isPartOf\":{\"@id\":\"https:\/\/blog.panrotas.com.br\/semreserva\/historias-de-taxista-1\/27-08-2015\/#webpage\"},\"author\":{\"@id\":\"http:\/\/blog.panrotas.com.br\/semreserva\/#\/schema\/person\/c93b4555f6a497d2d83c25dcb80f61ed\"},\"headline\":\"Hist\\u00f3rias de taxista &#8211; 1 \\u00a0\",\"datePublished\":\"2015-08-27T03:18:55+00:00\",\"dateModified\":\"2015-08-27T03:18:55+00:00\",\"mainEntityOfPage\":{\"@id\":\"https:\/\/blog.panrotas.com.br\/semreserva\/historias-de-taxista-1\/27-08-2015\/#webpage\"},\"wordCount\":428,\"commentCount\":0,\"publisher\":{\"@id\":\"http:\/\/blog.panrotas.com.br\/semreserva\/#organization\"},\"articleSection\":[\"Dia a dia\"],\"inLanguage\":\"pt-BR\",\"potentialAction\":[{\"@type\":\"CommentAction\",\"name\":\"Comment\",\"target\":[\"https:\/\/blog.panrotas.com.br\/semreserva\/historias-de-taxista-1\/27-08-2015\/#respond\"]}]},{\"@type\":\"Person\",\"@id\":\"http:\/\/blog.panrotas.com.br\/semreserva\/#\/schema\/person\/c93b4555f6a497d2d83c25dcb80f61ed\",\"name\":\"Artur Andrade\",\"image\":{\"@type\":\"ImageObject\",\"@id\":\"http:\/\/blog.panrotas.com.br\/semreserva\/#personlogo\",\"inLanguage\":\"pt-BR\",\"url\":\"https:\/\/secure.gravatar.com\/avatar\/a94564d630220cefd5c82f3452ac1ef4?s=96&d=mm&r=g\",\"contentUrl\":\"https:\/\/secure.gravatar.com\/avatar\/a94564d630220cefd5c82f3452ac1ef4?s=96&d=mm&r=g\",\"caption\":\"Artur Andrade\"},\"description\":\"Artur Luiz Andrade \\u00e9 carioca, taurino, jornalista e nasceu em 1969. \\u00c9 editor-chefe da PANROTAS Editora e mora em S\\u00e3o Paulo desde 1998\",\"sameAs\":[\"http:\/\/www.panrotas.com.br\"]}]}<\/script>\n<!-- \/ Yoast SEO plugin. -->","yoast_head_json":{"title":"Hist\u00f3rias de taxista - 1 \u00a0 -","description":"Hist\u00f3rias de taxista - 1 \u00a0. Confira essa Mat\u00e9ria no Canal Sem reserva. \u27a4 Projeto em parceria com a PANROTAS.","robots":{"index":"index","follow":"follow","max-snippet":"max-snippet:-1","max-image-preview":"max-image-preview:large","max-video-preview":"max-video-preview:-1"},"canonical":"https:\/\/blog.panrotas.com.br\/semreserva\/historias-de-taxista-1\/27-08-2015\/","og_locale":"pt_BR","og_type":"article","og_title":"Hist\u00f3rias de taxista - 1 \u00a0 -","og_description":"Hist\u00f3rias de taxista - 1 \u00a0. Confira essa Mat\u00e9ria no Canal Sem reserva. \u27a4 Projeto em parceria com a PANROTAS.","og_url":"https:\/\/blog.panrotas.com.br\/semreserva\/historias-de-taxista-1\/27-08-2015\/","og_site_name":"Sem reserva","article_publisher":"https:\/\/www.facebook.com\/portalpanrotas\/","article_published_time":"2015-08-27T03:18:55+00:00","twitter_card":"summary_large_image","twitter_creator":"@portalpanrotas","twitter_site":"@portalpanrotas","twitter_misc":{"Escrito por":"Artur Andrade","Est. tempo de leitura":"2 minutos"},"schema":{"@context":"https:\/\/schema.org","@graph":[{"@type":"Organization","@id":"http:\/\/blog.panrotas.com.br\/semreserva\/#organization","name":"Sem Reserva - Blog no Portal PANROTAS","url":"http:\/\/blog.panrotas.com.br\/semreserva\/","sameAs":["https:\/\/www.facebook.com\/portalpanrotas\/","https:\/\/www.instagram.com\/portalpanrotas\/","https:\/\/br.linkedin.com\/company\/panrotas","https:\/\/www.youtube.com\/tvpanrotas","https:\/\/twitter.com\/portalpanrotas"],"logo":{"@type":"ImageObject","@id":"http:\/\/blog.panrotas.com.br\/semreserva\/#logo","inLanguage":"pt-BR","url":"https:\/\/blog.panrotas.com.br\/semreserva\/wp-content\/uploads\/sites\/5\/2020\/06\/logo.png","contentUrl":"https:\/\/blog.panrotas.com.br\/semreserva\/wp-content\/uploads\/sites\/5\/2020\/06\/logo.png","width":259,"height":53,"caption":"Sem Reserva - Blog no Portal PANROTAS"},"image":{"@id":"http:\/\/blog.panrotas.com.br\/semreserva\/#logo"}},{"@type":"WebSite","@id":"http:\/\/blog.panrotas.com.br\/semreserva\/#website","url":"http:\/\/blog.panrotas.com.br\/semreserva\/","name":"Sem reserva","description":"Blogosfera PANROTAS","publisher":{"@id":"http:\/\/blog.panrotas.com.br\/semreserva\/#organization"},"potentialAction":[{"@type":"SearchAction","target":{"@type":"EntryPoint","urlTemplate":"http:\/\/blog.panrotas.com.br\/semreserva\/?s={search_term_string}"},"query-input":"required name=search_term_string"}],"inLanguage":"pt-BR"},{"@type":"WebPage","@id":"https:\/\/blog.panrotas.com.br\/semreserva\/historias-de-taxista-1\/27-08-2015\/#webpage","url":"https:\/\/blog.panrotas.com.br\/semreserva\/historias-de-taxista-1\/27-08-2015\/","name":"Hist\u00f3rias de taxista - 1 \u00a0 -","isPartOf":{"@id":"http:\/\/blog.panrotas.com.br\/semreserva\/#website"},"datePublished":"2015-08-27T03:18:55+00:00","dateModified":"2015-08-27T03:18:55+00:00","description":"Hist\u00f3rias de taxista - 1 \u00a0. Confira essa Mat\u00e9ria no Canal Sem reserva. \u27a4 Projeto em parceria com a PANROTAS.","breadcrumb":{"@id":"https:\/\/blog.panrotas.com.br\/semreserva\/historias-de-taxista-1\/27-08-2015\/#breadcrumb"},"inLanguage":"pt-BR","potentialAction":[{"@type":"ReadAction","target":["https:\/\/blog.panrotas.com.br\/semreserva\/historias-de-taxista-1\/27-08-2015\/"]}]},{"@type":"BreadcrumbList","@id":"https:\/\/blog.panrotas.com.br\/semreserva\/historias-de-taxista-1\/27-08-2015\/#breadcrumb","itemListElement":[{"@type":"ListItem","position":1,"name":"Home do Blog","item":"http:\/\/blog.panrotas.com.br\/semreserva\/"},{"@type":"ListItem","position":2,"name":"Dia a dia","item":"https:\/\/blog.panrotas.com.br\/semreserva\/category\/dia-a-dia\/"},{"@type":"ListItem","position":3,"name":"Hist\u00f3rias de taxista &#8211; 1 \u00a0"}]},{"@type":"Article","@id":"https:\/\/blog.panrotas.com.br\/semreserva\/historias-de-taxista-1\/27-08-2015\/#article","isPartOf":{"@id":"https:\/\/blog.panrotas.com.br\/semreserva\/historias-de-taxista-1\/27-08-2015\/#webpage"},"author":{"@id":"http:\/\/blog.panrotas.com.br\/semreserva\/#\/schema\/person\/c93b4555f6a497d2d83c25dcb80f61ed"},"headline":"Hist\u00f3rias de taxista &#8211; 1 \u00a0","datePublished":"2015-08-27T03:18:55+00:00","dateModified":"2015-08-27T03:18:55+00:00","mainEntityOfPage":{"@id":"https:\/\/blog.panrotas.com.br\/semreserva\/historias-de-taxista-1\/27-08-2015\/#webpage"},"wordCount":428,"commentCount":0,"publisher":{"@id":"http:\/\/blog.panrotas.com.br\/semreserva\/#organization"},"articleSection":["Dia a dia"],"inLanguage":"pt-BR","potentialAction":[{"@type":"CommentAction","name":"Comment","target":["https:\/\/blog.panrotas.com.br\/semreserva\/historias-de-taxista-1\/27-08-2015\/#respond"]}]},{"@type":"Person","@id":"http:\/\/blog.panrotas.com.br\/semreserva\/#\/schema\/person\/c93b4555f6a497d2d83c25dcb80f61ed","name":"Artur Andrade","image":{"@type":"ImageObject","@id":"http:\/\/blog.panrotas.com.br\/semreserva\/#personlogo","inLanguage":"pt-BR","url":"https:\/\/secure.gravatar.com\/avatar\/a94564d630220cefd5c82f3452ac1ef4?s=96&d=mm&r=g","contentUrl":"https:\/\/secure.gravatar.com\/avatar\/a94564d630220cefd5c82f3452ac1ef4?s=96&d=mm&r=g","caption":"Artur Andrade"},"description":"Artur Luiz Andrade \u00e9 carioca, taurino, jornalista e nasceu em 1969. \u00c9 editor-chefe da PANROTAS Editora e mora em S\u00e3o Paulo desde 1998","sameAs":["http:\/\/www.panrotas.com.br"]}]}},"jetpack_featured_media_url":"","jetpack_shortlink":"https:\/\/wp.me\/p7idIU-18N","_links":{"self":[{"href":"https:\/\/blog.panrotas.com.br\/semreserva\/wp-json\/wp\/v2\/posts\/4389"}],"collection":[{"href":"https:\/\/blog.panrotas.com.br\/semreserva\/wp-json\/wp\/v2\/posts"}],"about":[{"href":"https:\/\/blog.panrotas.com.br\/semreserva\/wp-json\/wp\/v2\/types\/post"}],"author":[{"embeddable":true,"href":"https:\/\/blog.panrotas.com.br\/semreserva\/wp-json\/wp\/v2\/users\/7"}],"replies":[{"embeddable":true,"href":"https:\/\/blog.panrotas.com.br\/semreserva\/wp-json\/wp\/v2\/comments?post=4389"}],"version-history":[{"count":0,"href":"https:\/\/blog.panrotas.com.br\/semreserva\/wp-json\/wp\/v2\/posts\/4389\/revisions"}],"wp:attachment":[{"href":"https:\/\/blog.panrotas.com.br\/semreserva\/wp-json\/wp\/v2\/media?parent=4389"}],"wp:term":[{"taxonomy":"category","embeddable":true,"href":"https:\/\/blog.panrotas.com.br\/semreserva\/wp-json\/wp\/v2\/categories?post=4389"},{"taxonomy":"post_tag","embeddable":true,"href":"https:\/\/blog.panrotas.com.br\/semreserva\/wp-json\/wp\/v2\/tags?post=4389"}],"curies":[{"name":"wp","href":"https:\/\/api.w.org\/{rel}","templated":true}]}}