{"id":4391,"date":"2015-08-31T11:41:34","date_gmt":"2015-08-31T14:41:34","guid":{"rendered":"http:\/\/blog.panrotas.com.br\/semreserva\/?p=4391"},"modified":"2015-08-31T11:41:34","modified_gmt":"2015-08-31T14:41:34","slug":"guerra-di-bilhoes","status":"publish","type":"post","link":"https:\/\/blog.panrotas.com.br\/semreserva\/guerra-di-bilhoes\/31-08-2015\/","title":{"rendered":"GUERRA DE BILH\u00d5ES"},"content":{"rendered":"<p>Depois do post sensacionalista de Lu\u00eds Vabo (com direito a mea culpa, mas ele n\u00e3o \u00e9 jornalista, ent\u00e3o est\u00e1 desculpado) sobre a consolida\u00e7\u00e3o hoteleira estar chegando com for\u00e7a nas consolidadoras a\u00e9reas, a conclus\u00e3o \u00e9 que n\u00e3o h\u00e1 sensacionalismo nenhum no fato.<\/p>\n<p>&nbsp;<\/p>\n<p>Na semana passada falei com o Rui Alves, da Gapnet, um dos gurus do setor, e ele disse que est\u00e3o at\u00e9 atrasados, que isso deveria ter sido feito (pelo setor) quando as consolidadoras tiveram e desenvolver tecnologia para integrar conte\u00fado das empresas a\u00e9reas (e quando integradores como o Reserve, do Vabo, nasceram).<\/p>\n<p>&nbsp;<\/p>\n<p>Ent\u00e3o hoje, com a tecnologia especialmente, cada empresa escolhe o que quer vender. N\u00e3o h\u00e1 mais feudos, territ\u00f3rio marcado, glebas cercadas de arame farpado. Mas ainda h\u00e1 panelinhas, claro. Inevit\u00e1vel.<\/p>\n<p>&nbsp;<\/p>\n<p>A Trend Operadora \u00e9 o player a ser batido e sabe disso. Seu neg\u00f3cio mudou e hoje al\u00e9m dos novos players, al\u00e9m dos operadores, al\u00e9m da venda direta&#8230; h\u00e1 a sombra da Booking.com, considerada refer\u00eancia na venda de hot\u00e9is para o consumidor final.<\/p>\n<p>&nbsp;<\/p>\n<p>Falei com o Luppa, que estava na Espanha, e ele se disse tranquilo. Mas sabendo que ter\u00e1 de mostrar garras mais afiadas. E mostrar\u00e1, inclusive invadindo territ\u00f3rios sagrados.<\/p>\n<p>&nbsp;<\/p>\n<p>Em vez de desdenhar dos novos concorrentes (j\u00e1 que vender hotel \u00e9 um neg\u00f3cio diferente de vender a\u00e9reo) ou de se dizer despreocupado (o que \u00e9 diferente de tranquilo \u2013 quando se tem uma estrat\u00e9gia), ele disse que monitora diariamente todos os concorrentes \u2013 do Booking aos novos.<\/p>\n<p>&nbsp;<\/p>\n<p>E me enviou um comparativo com os portais da Rextur Advance (RA hot\u00e9is), Flytour Viagens (Melhor Tarifa Fly) e MMTGapnet. Em mais de 60 itens, mostra a maturidade da Trend, o que \u00e9 natural. Ela \u00e9 a empresa a ser batida.<\/p>\n<p>&nbsp;<\/p>\n<p>Na avalia\u00e7\u00e3o da Trend, seu portal, o Na Trend tem 88% de maturidade, contra 63% de Flytour e MMTGapnet, e 56% da RA Hot\u00e9is. \u201cEu estaria enganando a mim mesmo se houvesse manipula\u00e7\u00e3o dos dados\u201d, disse Luppa. Acredito. Mas \u00e9 certo tamb\u00e9m que ele se baseou em funcionalidades do portal da Trend para comparar os outros. Ou seja, algo que a RA ou a Flytour tenham e a Trend n\u00e3o tenha possivelmente n\u00e3o entrou na compara\u00e7\u00e3o. Por exemplo, o fluxo corporativo do RA Hot\u00e9is (via Reserva F\u00e1cil) ou a comiss\u00e3o sobre a venda total.<\/p>\n<p>&nbsp;<\/p>\n<p>Vir\u00e1 uma guerra pesada por a\u00ed? Acho que sim. Afinal estamos falando de grupos que vendem mais ou tanto quanto a Trend (Flytour e Rextur Advance bem mais, sendo que a \u00faltima ainda contra com a CVC, e Grupo Gapnet talvez igual) e ainda falta a entrada da Esferatur, que j\u00e1 disse que vai focar no corporativo puro, sem parcelamento do pagamento e com muitas funcionalidades para a ag\u00eancia m\u00e9dia ou grande corporativa. Uma guerra baseada em tarifa ou funcionalidade?<\/p>\n<p>&nbsp;<\/p>\n<p>Nada de festa de rua, caro Vabo. Neg\u00f3cio grandioso e ser\u00edssimo. E que vai agitar bastante o mercado.<\/p>\n<p>&nbsp;<\/p>\n<p>Leia a mat\u00e9ria completa no Jornal PANROTAS desta semana &#8211; ainda \u00e0 tarde entra no ar a vers\u00e3o digital. E, aos players envolvidos, podem nos mandar avalia\u00e7\u00f5es, comparativos&#8230; quanto mais informa\u00e7\u00e3o melhor.<\/p>\n","protected":false},"excerpt":{"rendered":"<p>Depois do post sensacionalista de Lu\u00eds Vabo (com direito a mea culpa, mas ele n\u00e3o \u00e9 jornalista, ent\u00e3o est\u00e1 desculpado) sobre a consolida\u00e7\u00e3o hoteleira estar chegando com for\u00e7a nas consolidadoras a\u00e9reas, a conclus\u00e3o \u00e9 que n\u00e3o h\u00e1 sensacionalismo nenhum no fato. &nbsp; Na semana passada falei com o Rui Alves, da Gapnet, um dos gurus [&hellip;]<\/p>\n","protected":false},"author":7,"featured_media":0,"comment_status":"open","ping_status":"open","sticky":false,"template":"","format":"standard","meta":{"spay_email":""},"categories":[2],"tags":[],"yoast_head":"<!-- This site is optimized with the Yoast SEO plugin v17.3 - https:\/\/yoast.com\/wordpress\/plugins\/seo\/ -->\n<title>GUERRA DE BILH\u00d5ES -<\/title>\n<meta name=\"description\" content=\"GUERRA DE BILH\u00d5ES. Confira essa Mat\u00e9ria no Canal Sem reserva. \u27a4 Projeto em parceria com a PANROTAS.\" \/>\n<meta name=\"robots\" content=\"index, follow, max-snippet:-1, max-image-preview:large, max-video-preview:-1\" \/>\n<link rel=\"canonical\" href=\"https:\/\/blog.panrotas.com.br\/semreserva\/guerra-di-bilhoes\/31-08-2015\/\" \/>\n<meta property=\"og:locale\" content=\"pt_BR\" \/>\n<meta property=\"og:type\" content=\"article\" \/>\n<meta property=\"og:title\" content=\"GUERRA DE BILH\u00d5ES -\" \/>\n<meta property=\"og:description\" content=\"GUERRA DE BILH\u00d5ES. Confira essa Mat\u00e9ria no Canal Sem reserva. \u27a4 Projeto em parceria com a PANROTAS.\" \/>\n<meta property=\"og:url\" content=\"https:\/\/blog.panrotas.com.br\/semreserva\/guerra-di-bilhoes\/31-08-2015\/\" \/>\n<meta property=\"og:site_name\" content=\"Sem reserva\" \/>\n<meta property=\"article:publisher\" content=\"https:\/\/www.facebook.com\/portalpanrotas\/\" \/>\n<meta property=\"article:published_time\" content=\"2015-08-31T14:41:34+00:00\" \/>\n<meta name=\"twitter:card\" content=\"summary_large_image\" \/>\n<meta name=\"twitter:creator\" content=\"@portalpanrotas\" \/>\n<meta name=\"twitter:site\" content=\"@portalpanrotas\" \/>\n<meta name=\"twitter:label1\" content=\"Escrito por\" \/>\n\t<meta name=\"twitter:data1\" content=\"Artur Andrade\" \/>\n\t<meta name=\"twitter:label2\" content=\"Est. tempo de leitura\" \/>\n\t<meta name=\"twitter:data2\" content=\"3 minutos\" \/>\n<script type=\"application\/ld+json\" class=\"yoast-schema-graph\">{\"@context\":\"https:\/\/schema.org\",\"@graph\":[{\"@type\":\"Organization\",\"@id\":\"http:\/\/blog.panrotas.com.br\/semreserva\/#organization\",\"name\":\"Sem Reserva - Blog no Portal PANROTAS\",\"url\":\"http:\/\/blog.panrotas.com.br\/semreserva\/\",\"sameAs\":[\"https:\/\/www.facebook.com\/portalpanrotas\/\",\"https:\/\/www.instagram.com\/portalpanrotas\/\",\"https:\/\/br.linkedin.com\/company\/panrotas\",\"https:\/\/www.youtube.com\/tvpanrotas\",\"https:\/\/twitter.com\/portalpanrotas\"],\"logo\":{\"@type\":\"ImageObject\",\"@id\":\"http:\/\/blog.panrotas.com.br\/semreserva\/#logo\",\"inLanguage\":\"pt-BR\",\"url\":\"https:\/\/blog.panrotas.com.br\/semreserva\/wp-content\/uploads\/sites\/5\/2020\/06\/logo.png\",\"contentUrl\":\"https:\/\/blog.panrotas.com.br\/semreserva\/wp-content\/uploads\/sites\/5\/2020\/06\/logo.png\",\"width\":259,\"height\":53,\"caption\":\"Sem Reserva - Blog no Portal PANROTAS\"},\"image\":{\"@id\":\"http:\/\/blog.panrotas.com.br\/semreserva\/#logo\"}},{\"@type\":\"WebSite\",\"@id\":\"http:\/\/blog.panrotas.com.br\/semreserva\/#website\",\"url\":\"http:\/\/blog.panrotas.com.br\/semreserva\/\",\"name\":\"Sem reserva\",\"description\":\"Blogosfera PANROTAS\",\"publisher\":{\"@id\":\"http:\/\/blog.panrotas.com.br\/semreserva\/#organization\"},\"potentialAction\":[{\"@type\":\"SearchAction\",\"target\":{\"@type\":\"EntryPoint\",\"urlTemplate\":\"http:\/\/blog.panrotas.com.br\/semreserva\/?s={search_term_string}\"},\"query-input\":\"required name=search_term_string\"}],\"inLanguage\":\"pt-BR\"},{\"@type\":\"WebPage\",\"@id\":\"https:\/\/blog.panrotas.com.br\/semreserva\/guerra-di-bilhoes\/31-08-2015\/#webpage\",\"url\":\"https:\/\/blog.panrotas.com.br\/semreserva\/guerra-di-bilhoes\/31-08-2015\/\",\"name\":\"GUERRA DE BILH\\u00d5ES -\",\"isPartOf\":{\"@id\":\"http:\/\/blog.panrotas.com.br\/semreserva\/#website\"},\"datePublished\":\"2015-08-31T14:41:34+00:00\",\"dateModified\":\"2015-08-31T14:41:34+00:00\",\"description\":\"GUERRA DE BILH\\u00d5ES. Confira essa Mat\\u00e9ria no Canal Sem reserva. \\u27a4 Projeto em parceria com a PANROTAS.\",\"breadcrumb\":{\"@id\":\"https:\/\/blog.panrotas.com.br\/semreserva\/guerra-di-bilhoes\/31-08-2015\/#breadcrumb\"},\"inLanguage\":\"pt-BR\",\"potentialAction\":[{\"@type\":\"ReadAction\",\"target\":[\"https:\/\/blog.panrotas.com.br\/semreserva\/guerra-di-bilhoes\/31-08-2015\/\"]}]},{\"@type\":\"BreadcrumbList\",\"@id\":\"https:\/\/blog.panrotas.com.br\/semreserva\/guerra-di-bilhoes\/31-08-2015\/#breadcrumb\",\"itemListElement\":[{\"@type\":\"ListItem\",\"position\":1,\"name\":\"Home do Blog\",\"item\":\"http:\/\/blog.panrotas.com.br\/semreserva\/\"},{\"@type\":\"ListItem\",\"position\":2,\"name\":\"Dia a dia\",\"item\":\"https:\/\/blog.panrotas.com.br\/semreserva\/category\/dia-a-dia\/\"},{\"@type\":\"ListItem\",\"position\":3,\"name\":\"GUERRA DE BILH\\u00d5ES\"}]},{\"@type\":\"Article\",\"@id\":\"https:\/\/blog.panrotas.com.br\/semreserva\/guerra-di-bilhoes\/31-08-2015\/#article\",\"isPartOf\":{\"@id\":\"https:\/\/blog.panrotas.com.br\/semreserva\/guerra-di-bilhoes\/31-08-2015\/#webpage\"},\"author\":{\"@id\":\"http:\/\/blog.panrotas.com.br\/semreserva\/#\/schema\/person\/c93b4555f6a497d2d83c25dcb80f61ed\"},\"headline\":\"GUERRA DE BILH\\u00d5ES\",\"datePublished\":\"2015-08-31T14:41:34+00:00\",\"dateModified\":\"2015-08-31T14:41:34+00:00\",\"mainEntityOfPage\":{\"@id\":\"https:\/\/blog.panrotas.com.br\/semreserva\/guerra-di-bilhoes\/31-08-2015\/#webpage\"},\"wordCount\":551,\"commentCount\":0,\"publisher\":{\"@id\":\"http:\/\/blog.panrotas.com.br\/semreserva\/#organization\"},\"articleSection\":[\"Dia a dia\"],\"inLanguage\":\"pt-BR\",\"potentialAction\":[{\"@type\":\"CommentAction\",\"name\":\"Comment\",\"target\":[\"https:\/\/blog.panrotas.com.br\/semreserva\/guerra-di-bilhoes\/31-08-2015\/#respond\"]}]},{\"@type\":\"Person\",\"@id\":\"http:\/\/blog.panrotas.com.br\/semreserva\/#\/schema\/person\/c93b4555f6a497d2d83c25dcb80f61ed\",\"name\":\"Artur Andrade\",\"image\":{\"@type\":\"ImageObject\",\"@id\":\"http:\/\/blog.panrotas.com.br\/semreserva\/#personlogo\",\"inLanguage\":\"pt-BR\",\"url\":\"https:\/\/secure.gravatar.com\/avatar\/a94564d630220cefd5c82f3452ac1ef4?s=96&d=mm&r=g\",\"contentUrl\":\"https:\/\/secure.gravatar.com\/avatar\/a94564d630220cefd5c82f3452ac1ef4?s=96&d=mm&r=g\",\"caption\":\"Artur Andrade\"},\"description\":\"Artur Luiz Andrade \\u00e9 carioca, taurino, jornalista e nasceu em 1969. \\u00c9 editor-chefe da PANROTAS Editora e mora em S\\u00e3o Paulo desde 1998\",\"sameAs\":[\"http:\/\/www.panrotas.com.br\"]}]}<\/script>\n<!-- \/ Yoast SEO plugin. -->","yoast_head_json":{"title":"GUERRA DE BILH\u00d5ES -","description":"GUERRA DE BILH\u00d5ES. Confira essa Mat\u00e9ria no Canal Sem reserva. \u27a4 Projeto em parceria com a PANROTAS.","robots":{"index":"index","follow":"follow","max-snippet":"max-snippet:-1","max-image-preview":"max-image-preview:large","max-video-preview":"max-video-preview:-1"},"canonical":"https:\/\/blog.panrotas.com.br\/semreserva\/guerra-di-bilhoes\/31-08-2015\/","og_locale":"pt_BR","og_type":"article","og_title":"GUERRA DE BILH\u00d5ES -","og_description":"GUERRA DE BILH\u00d5ES. Confira essa Mat\u00e9ria no Canal Sem reserva. \u27a4 Projeto em parceria com a PANROTAS.","og_url":"https:\/\/blog.panrotas.com.br\/semreserva\/guerra-di-bilhoes\/31-08-2015\/","og_site_name":"Sem reserva","article_publisher":"https:\/\/www.facebook.com\/portalpanrotas\/","article_published_time":"2015-08-31T14:41:34+00:00","twitter_card":"summary_large_image","twitter_creator":"@portalpanrotas","twitter_site":"@portalpanrotas","twitter_misc":{"Escrito por":"Artur Andrade","Est. tempo de leitura":"3 minutos"},"schema":{"@context":"https:\/\/schema.org","@graph":[{"@type":"Organization","@id":"http:\/\/blog.panrotas.com.br\/semreserva\/#organization","name":"Sem Reserva - Blog no Portal PANROTAS","url":"http:\/\/blog.panrotas.com.br\/semreserva\/","sameAs":["https:\/\/www.facebook.com\/portalpanrotas\/","https:\/\/www.instagram.com\/portalpanrotas\/","https:\/\/br.linkedin.com\/company\/panrotas","https:\/\/www.youtube.com\/tvpanrotas","https:\/\/twitter.com\/portalpanrotas"],"logo":{"@type":"ImageObject","@id":"http:\/\/blog.panrotas.com.br\/semreserva\/#logo","inLanguage":"pt-BR","url":"https:\/\/blog.panrotas.com.br\/semreserva\/wp-content\/uploads\/sites\/5\/2020\/06\/logo.png","contentUrl":"https:\/\/blog.panrotas.com.br\/semreserva\/wp-content\/uploads\/sites\/5\/2020\/06\/logo.png","width":259,"height":53,"caption":"Sem Reserva - Blog no Portal PANROTAS"},"image":{"@id":"http:\/\/blog.panrotas.com.br\/semreserva\/#logo"}},{"@type":"WebSite","@id":"http:\/\/blog.panrotas.com.br\/semreserva\/#website","url":"http:\/\/blog.panrotas.com.br\/semreserva\/","name":"Sem reserva","description":"Blogosfera PANROTAS","publisher":{"@id":"http:\/\/blog.panrotas.com.br\/semreserva\/#organization"},"potentialAction":[{"@type":"SearchAction","target":{"@type":"EntryPoint","urlTemplate":"http:\/\/blog.panrotas.com.br\/semreserva\/?s={search_term_string}"},"query-input":"required name=search_term_string"}],"inLanguage":"pt-BR"},{"@type":"WebPage","@id":"https:\/\/blog.panrotas.com.br\/semreserva\/guerra-di-bilhoes\/31-08-2015\/#webpage","url":"https:\/\/blog.panrotas.com.br\/semreserva\/guerra-di-bilhoes\/31-08-2015\/","name":"GUERRA DE BILH\u00d5ES -","isPartOf":{"@id":"http:\/\/blog.panrotas.com.br\/semreserva\/#website"},"datePublished":"2015-08-31T14:41:34+00:00","dateModified":"2015-08-31T14:41:34+00:00","description":"GUERRA DE BILH\u00d5ES. Confira essa Mat\u00e9ria no Canal Sem reserva. \u27a4 Projeto em parceria com a PANROTAS.","breadcrumb":{"@id":"https:\/\/blog.panrotas.com.br\/semreserva\/guerra-di-bilhoes\/31-08-2015\/#breadcrumb"},"inLanguage":"pt-BR","potentialAction":[{"@type":"ReadAction","target":["https:\/\/blog.panrotas.com.br\/semreserva\/guerra-di-bilhoes\/31-08-2015\/"]}]},{"@type":"BreadcrumbList","@id":"https:\/\/blog.panrotas.com.br\/semreserva\/guerra-di-bilhoes\/31-08-2015\/#breadcrumb","itemListElement":[{"@type":"ListItem","position":1,"name":"Home do Blog","item":"http:\/\/blog.panrotas.com.br\/semreserva\/"},{"@type":"ListItem","position":2,"name":"Dia a dia","item":"https:\/\/blog.panrotas.com.br\/semreserva\/category\/dia-a-dia\/"},{"@type":"ListItem","position":3,"name":"GUERRA DE BILH\u00d5ES"}]},{"@type":"Article","@id":"https:\/\/blog.panrotas.com.br\/semreserva\/guerra-di-bilhoes\/31-08-2015\/#article","isPartOf":{"@id":"https:\/\/blog.panrotas.com.br\/semreserva\/guerra-di-bilhoes\/31-08-2015\/#webpage"},"author":{"@id":"http:\/\/blog.panrotas.com.br\/semreserva\/#\/schema\/person\/c93b4555f6a497d2d83c25dcb80f61ed"},"headline":"GUERRA DE BILH\u00d5ES","datePublished":"2015-08-31T14:41:34+00:00","dateModified":"2015-08-31T14:41:34+00:00","mainEntityOfPage":{"@id":"https:\/\/blog.panrotas.com.br\/semreserva\/guerra-di-bilhoes\/31-08-2015\/#webpage"},"wordCount":551,"commentCount":0,"publisher":{"@id":"http:\/\/blog.panrotas.com.br\/semreserva\/#organization"},"articleSection":["Dia a dia"],"inLanguage":"pt-BR","potentialAction":[{"@type":"CommentAction","name":"Comment","target":["https:\/\/blog.panrotas.com.br\/semreserva\/guerra-di-bilhoes\/31-08-2015\/#respond"]}]},{"@type":"Person","@id":"http:\/\/blog.panrotas.com.br\/semreserva\/#\/schema\/person\/c93b4555f6a497d2d83c25dcb80f61ed","name":"Artur Andrade","image":{"@type":"ImageObject","@id":"http:\/\/blog.panrotas.com.br\/semreserva\/#personlogo","inLanguage":"pt-BR","url":"https:\/\/secure.gravatar.com\/avatar\/a94564d630220cefd5c82f3452ac1ef4?s=96&d=mm&r=g","contentUrl":"https:\/\/secure.gravatar.com\/avatar\/a94564d630220cefd5c82f3452ac1ef4?s=96&d=mm&r=g","caption":"Artur Andrade"},"description":"Artur Luiz Andrade \u00e9 carioca, taurino, jornalista e nasceu em 1969. \u00c9 editor-chefe da PANROTAS Editora e mora em S\u00e3o Paulo desde 1998","sameAs":["http:\/\/www.panrotas.com.br"]}]}},"jetpack_featured_media_url":"","jetpack_shortlink":"https:\/\/wp.me\/p7idIU-18P","_links":{"self":[{"href":"https:\/\/blog.panrotas.com.br\/semreserva\/wp-json\/wp\/v2\/posts\/4391"}],"collection":[{"href":"https:\/\/blog.panrotas.com.br\/semreserva\/wp-json\/wp\/v2\/posts"}],"about":[{"href":"https:\/\/blog.panrotas.com.br\/semreserva\/wp-json\/wp\/v2\/types\/post"}],"author":[{"embeddable":true,"href":"https:\/\/blog.panrotas.com.br\/semreserva\/wp-json\/wp\/v2\/users\/7"}],"replies":[{"embeddable":true,"href":"https:\/\/blog.panrotas.com.br\/semreserva\/wp-json\/wp\/v2\/comments?post=4391"}],"version-history":[{"count":0,"href":"https:\/\/blog.panrotas.com.br\/semreserva\/wp-json\/wp\/v2\/posts\/4391\/revisions"}],"wp:attachment":[{"href":"https:\/\/blog.panrotas.com.br\/semreserva\/wp-json\/wp\/v2\/media?parent=4391"}],"wp:term":[{"taxonomy":"category","embeddable":true,"href":"https:\/\/blog.panrotas.com.br\/semreserva\/wp-json\/wp\/v2\/categories?post=4391"},{"taxonomy":"post_tag","embeddable":true,"href":"https:\/\/blog.panrotas.com.br\/semreserva\/wp-json\/wp\/v2\/tags?post=4391"}],"curies":[{"name":"wp","href":"https:\/\/api.w.org\/{rel}","templated":true}]}}