{"id":4397,"date":"2015-09-10T19:26:05","date_gmt":"2015-09-10T22:26:05","guid":{"rendered":"http:\/\/blog.panrotas.com.br\/semreserva\/?p=4397"},"modified":"2015-09-10T19:26:05","modified_gmt":"2015-09-10T22:26:05","slug":"20-anos-de-transicao","status":"publish","type":"post","link":"https:\/\/blog.panrotas.com.br\/semreserva\/20-anos-de-transicao\/10-09-2015\/","title":{"rendered":"20 anos de transi\u00e7\u00e3o"},"content":{"rendered":"<p>Deve ser assim com toda gera\u00e7\u00e3o, mas a impress\u00e3o que temos \u00e9 que, nos \u00faltimos 20 anos, vivemos um eterno momento de transi\u00e7\u00e3o. As coisas mudam radicalmente, mas deixam rastros, marcas, lembran\u00e7as que n\u00e3o querem se dissipar. Ou mudam no topo mas n\u00e3o na base. Ou ainda mudam em outros pa\u00edses, mercados, segmentos&#8230; mas demoram a chegar mais perto.<\/p>\n<p>Uma das transi\u00e7\u00f5es que vive o turismo \u00e9 em rela\u00e7\u00e3o \u00e0s pessoas. Acostumados a mandar, decidir, ser ouvidos sem questionamento, e, chegando ao extremo, pedir tapete vermelho em qualquer situa\u00e7\u00e3o, os donos de empresas do turismo, nos \u00faltimos anos, t\u00eam aprendido, na pr\u00e1tica, a dividir decis\u00f5es, responder a s\u00f3cios, acionistas ou novos chefes, receber \u201cn\u00e3o\u201d de fornecedores&#8230; ou seja, tiveram de passar de um mundo onde a palavra e a hist\u00f3ria eram mais importantes para a realidade onde vale apenas uma coisa: resultado. Nada que mude seu papel como empreendedores e desbravadores (e me refiro a uma empresa de milhares, milh\u00f5es ou bilh\u00f5es &#8211; s\u00f3 muda a escala). Idem para os executivos, acostumados com um modelo que n\u00e3o apenas se modificou, mas n\u00e3o existe mais.<\/p>\n<p>E o &#8220;resultado&#8221; de uma empresa, de uma a\u00e7\u00e3o ou de uma campanha abre ou fecha portas. Casos como os das operadoras tradicionais que fecharam recentemente s\u00f3 aumentam essa separa\u00e7\u00e3o entre tradi\u00e7\u00e3o e resultado. Quando a Soletur fechou o mundo do turismo ainda era o do \u201cmanda quem pode, obedece quem tem ju\u00edzo\u201d. Hoje \u00e9 \u201cmanda quem d\u00e1 retorno, mas s\u00f3 enquanto estiver dando retorno\u201d. Ent\u00e3o fornecedores se veem no direito de esmiu\u00e7ar a vida financeira dos clientes em busca de&#8230; resultados. O oposto \u00e9 verdadeiro? Olha que susto que a United nos deu esta semana. C\u00fapula sumariamente demitida. Suspeita de tr\u00e1fico de influ\u00eancia&#8230; Enquanto isso no Brasil&#8230; n\u00e3o, a pol\u00edtica brasileira \u00e9 um caminho \u00e0 parte. Olha o foco.<\/p>\n<p>Essa busca por resultados\u00a0vale para tudo. Tamb\u00e9m para entidades, que hoje s\u00e3o pressionadas a se posicionar, a vencer o medo, o corporativismo e a inseguran\u00e7a e dizerem, em alto e bom som (ou letras garrafais), o que pretendem e o que fazem por seus associados. O resultado que o fornecedor cobra do parceiro comercial \u00e9 o mesmo que tem de balizar a associa\u00e7\u00e3o em rela\u00e7\u00e3o a qualquer um que fa\u00e7a algo que entrave o caminho de seus associados. Mexeu com mo neg\u00f3cio de meu associado? Mexeu com toda a classe, ora pois. Cobrar resultados e parcerias, cobrar \u00e9tica e igualdade de condi\u00e7\u00f5es \u00e9 hoje obriga\u00e7\u00e3o das entidades, antes acostumadas \u00e0 &#8220;pol\u00edtica caseira do turismo&#8221;, a contabilizar apenas os resultados financeiros da feira, do projeto com o governo, da alian\u00e7a com um ou outro destino. Quem \u201cj\u00e1 mudou\u201d sabe que um posicionamento contr\u00e1rio em determinado momento n\u00e3o implica em fim da parceria e que uma medida mais dura pode ser circunstancial e necess\u00e1ria. Tipo o bom e velho: amigos, amigos, neg\u00f3cios \u00e0 parte. Tipo 2: uma DR entre amantes, amigos, namorados, marido e mulher.<\/p>\n<p>Agora&#8230; alto l\u00e1. O relacionamento continua sendo a base do turismo. Mas voltado a conhecimento, conte\u00fado, saber quem \u00e9 quem, saber a quem pedir e o que pedir, tendo o cliente como foco. Levando benef\u00edcios ao atendimento e \u00e0 sa\u00fade financeira da empresa. Relacionamento que faz perder dinheiro s\u00f3 \u00e9 bom para um dos lados. O relacionamento positivo que te torna\u00a0parte de uma rede \u00e9 mais importante. Networking. O relacionamento onde o resultado \u00e9 a base tamb\u00e9m.<\/p>\n<p>E assim o mundo continua mudando. Fazer o qu\u00ea&#8230; O homem, ambicioso e curioso, n\u00e3o para de inventar. Por que desceu da \u00e1rvore se tinha tanta comida l\u00e1 em cima?<\/p>\n<p>E voc\u00ea? Tem saudades do futuro em que tudo isso vai desaparecer e uma nova realidade nos envolver\u00e1&#8230; ou ainda est\u00e1 com saudades da aurora da sua vida, da sua inf\u00e2ncia querida&#8230; <strong>QUE OS ANOS N\u00c3O TRAZEM MAIS<\/strong>?<\/p>\n<p>&nbsp;<\/p>\n","protected":false},"excerpt":{"rendered":"<p>Deve ser assim com toda gera\u00e7\u00e3o, mas a impress\u00e3o que temos \u00e9 que, nos \u00faltimos 20 anos, vivemos um eterno momento de transi\u00e7\u00e3o. As coisas mudam radicalmente, mas deixam rastros, marcas, lembran\u00e7as que n\u00e3o querem se dissipar. Ou mudam no topo mas n\u00e3o na base. Ou ainda mudam em outros pa\u00edses, mercados, segmentos&#8230; mas demoram [&hellip;]<\/p>\n","protected":false},"author":7,"featured_media":0,"comment_status":"open","ping_status":"open","sticky":false,"template":"","format":"standard","meta":{"spay_email":""},"categories":[2],"tags":[],"yoast_head":"<!-- This site is optimized with the Yoast SEO plugin v17.3 - https:\/\/yoast.com\/wordpress\/plugins\/seo\/ -->\n<title>20 anos de transi\u00e7\u00e3o -<\/title>\n<meta name=\"description\" content=\"20 anos de transi\u00e7\u00e3o. Confira essa Mat\u00e9ria no Canal Sem reserva. \u27a4 Projeto em parceria com a PANROTAS.\" \/>\n<meta name=\"robots\" content=\"index, follow, max-snippet:-1, max-image-preview:large, max-video-preview:-1\" \/>\n<link rel=\"canonical\" href=\"https:\/\/blog.panrotas.com.br\/semreserva\/20-anos-de-transicao\/10-09-2015\/\" \/>\n<meta property=\"og:locale\" content=\"pt_BR\" \/>\n<meta property=\"og:type\" content=\"article\" \/>\n<meta property=\"og:title\" content=\"20 anos de transi\u00e7\u00e3o -\" \/>\n<meta property=\"og:description\" content=\"20 anos de transi\u00e7\u00e3o. Confira essa Mat\u00e9ria no Canal Sem reserva. \u27a4 Projeto em parceria com a PANROTAS.\" \/>\n<meta property=\"og:url\" content=\"https:\/\/blog.panrotas.com.br\/semreserva\/20-anos-de-transicao\/10-09-2015\/\" \/>\n<meta property=\"og:site_name\" content=\"Sem reserva\" \/>\n<meta property=\"article:publisher\" content=\"https:\/\/www.facebook.com\/portalpanrotas\/\" \/>\n<meta property=\"article:published_time\" content=\"2015-09-10T22:26:05+00:00\" \/>\n<meta name=\"twitter:card\" content=\"summary_large_image\" \/>\n<meta name=\"twitter:creator\" content=\"@portalpanrotas\" \/>\n<meta name=\"twitter:site\" content=\"@portalpanrotas\" \/>\n<meta name=\"twitter:label1\" content=\"Escrito por\" \/>\n\t<meta name=\"twitter:data1\" content=\"Artur Andrade\" \/>\n\t<meta name=\"twitter:label2\" content=\"Est. tempo de leitura\" \/>\n\t<meta name=\"twitter:data2\" content=\"3 minutos\" \/>\n<script type=\"application\/ld+json\" class=\"yoast-schema-graph\">{\"@context\":\"https:\/\/schema.org\",\"@graph\":[{\"@type\":\"Organization\",\"@id\":\"http:\/\/blog.panrotas.com.br\/semreserva\/#organization\",\"name\":\"Sem Reserva - Blog no Portal PANROTAS\",\"url\":\"http:\/\/blog.panrotas.com.br\/semreserva\/\",\"sameAs\":[\"https:\/\/www.facebook.com\/portalpanrotas\/\",\"https:\/\/www.instagram.com\/portalpanrotas\/\",\"https:\/\/br.linkedin.com\/company\/panrotas\",\"https:\/\/www.youtube.com\/tvpanrotas\",\"https:\/\/twitter.com\/portalpanrotas\"],\"logo\":{\"@type\":\"ImageObject\",\"@id\":\"http:\/\/blog.panrotas.com.br\/semreserva\/#logo\",\"inLanguage\":\"pt-BR\",\"url\":\"https:\/\/blog.panrotas.com.br\/semreserva\/wp-content\/uploads\/sites\/5\/2020\/06\/logo.png\",\"contentUrl\":\"https:\/\/blog.panrotas.com.br\/semreserva\/wp-content\/uploads\/sites\/5\/2020\/06\/logo.png\",\"width\":259,\"height\":53,\"caption\":\"Sem Reserva - Blog no Portal PANROTAS\"},\"image\":{\"@id\":\"http:\/\/blog.panrotas.com.br\/semreserva\/#logo\"}},{\"@type\":\"WebSite\",\"@id\":\"http:\/\/blog.panrotas.com.br\/semreserva\/#website\",\"url\":\"http:\/\/blog.panrotas.com.br\/semreserva\/\",\"name\":\"Sem reserva\",\"description\":\"Blogosfera PANROTAS\",\"publisher\":{\"@id\":\"http:\/\/blog.panrotas.com.br\/semreserva\/#organization\"},\"potentialAction\":[{\"@type\":\"SearchAction\",\"target\":{\"@type\":\"EntryPoint\",\"urlTemplate\":\"http:\/\/blog.panrotas.com.br\/semreserva\/?s={search_term_string}\"},\"query-input\":\"required name=search_term_string\"}],\"inLanguage\":\"pt-BR\"},{\"@type\":\"WebPage\",\"@id\":\"https:\/\/blog.panrotas.com.br\/semreserva\/20-anos-de-transicao\/10-09-2015\/#webpage\",\"url\":\"https:\/\/blog.panrotas.com.br\/semreserva\/20-anos-de-transicao\/10-09-2015\/\",\"name\":\"20 anos de transi\\u00e7\\u00e3o -\",\"isPartOf\":{\"@id\":\"http:\/\/blog.panrotas.com.br\/semreserva\/#website\"},\"datePublished\":\"2015-09-10T22:26:05+00:00\",\"dateModified\":\"2015-09-10T22:26:05+00:00\",\"description\":\"20 anos de transi\\u00e7\\u00e3o. Confira essa Mat\\u00e9ria no Canal Sem reserva. \\u27a4 Projeto em parceria com a PANROTAS.\",\"breadcrumb\":{\"@id\":\"https:\/\/blog.panrotas.com.br\/semreserva\/20-anos-de-transicao\/10-09-2015\/#breadcrumb\"},\"inLanguage\":\"pt-BR\",\"potentialAction\":[{\"@type\":\"ReadAction\",\"target\":[\"https:\/\/blog.panrotas.com.br\/semreserva\/20-anos-de-transicao\/10-09-2015\/\"]}]},{\"@type\":\"BreadcrumbList\",\"@id\":\"https:\/\/blog.panrotas.com.br\/semreserva\/20-anos-de-transicao\/10-09-2015\/#breadcrumb\",\"itemListElement\":[{\"@type\":\"ListItem\",\"position\":1,\"name\":\"Home do Blog\",\"item\":\"http:\/\/blog.panrotas.com.br\/semreserva\/\"},{\"@type\":\"ListItem\",\"position\":2,\"name\":\"Dia a dia\",\"item\":\"https:\/\/blog.panrotas.com.br\/semreserva\/category\/dia-a-dia\/\"},{\"@type\":\"ListItem\",\"position\":3,\"name\":\"20 anos de transi\\u00e7\\u00e3o\"}]},{\"@type\":\"Article\",\"@id\":\"https:\/\/blog.panrotas.com.br\/semreserva\/20-anos-de-transicao\/10-09-2015\/#article\",\"isPartOf\":{\"@id\":\"https:\/\/blog.panrotas.com.br\/semreserva\/20-anos-de-transicao\/10-09-2015\/#webpage\"},\"author\":{\"@id\":\"http:\/\/blog.panrotas.com.br\/semreserva\/#\/schema\/person\/c93b4555f6a497d2d83c25dcb80f61ed\"},\"headline\":\"20 anos de transi\\u00e7\\u00e3o\",\"datePublished\":\"2015-09-10T22:26:05+00:00\",\"dateModified\":\"2015-09-10T22:26:05+00:00\",\"mainEntityOfPage\":{\"@id\":\"https:\/\/blog.panrotas.com.br\/semreserva\/20-anos-de-transicao\/10-09-2015\/#webpage\"},\"wordCount\":675,\"commentCount\":0,\"publisher\":{\"@id\":\"http:\/\/blog.panrotas.com.br\/semreserva\/#organization\"},\"articleSection\":[\"Dia a dia\"],\"inLanguage\":\"pt-BR\",\"potentialAction\":[{\"@type\":\"CommentAction\",\"name\":\"Comment\",\"target\":[\"https:\/\/blog.panrotas.com.br\/semreserva\/20-anos-de-transicao\/10-09-2015\/#respond\"]}]},{\"@type\":\"Person\",\"@id\":\"http:\/\/blog.panrotas.com.br\/semreserva\/#\/schema\/person\/c93b4555f6a497d2d83c25dcb80f61ed\",\"name\":\"Artur Andrade\",\"image\":{\"@type\":\"ImageObject\",\"@id\":\"http:\/\/blog.panrotas.com.br\/semreserva\/#personlogo\",\"inLanguage\":\"pt-BR\",\"url\":\"https:\/\/secure.gravatar.com\/avatar\/a94564d630220cefd5c82f3452ac1ef4?s=96&d=mm&r=g\",\"contentUrl\":\"https:\/\/secure.gravatar.com\/avatar\/a94564d630220cefd5c82f3452ac1ef4?s=96&d=mm&r=g\",\"caption\":\"Artur Andrade\"},\"description\":\"Artur Luiz Andrade \\u00e9 carioca, taurino, jornalista e nasceu em 1969. \\u00c9 editor-chefe da PANROTAS Editora e mora em S\\u00e3o Paulo desde 1998\",\"sameAs\":[\"http:\/\/www.panrotas.com.br\"]}]}<\/script>\n<!-- \/ Yoast SEO plugin. -->","yoast_head_json":{"title":"20 anos de transi\u00e7\u00e3o -","description":"20 anos de transi\u00e7\u00e3o. Confira essa Mat\u00e9ria no Canal Sem reserva. \u27a4 Projeto em parceria com a PANROTAS.","robots":{"index":"index","follow":"follow","max-snippet":"max-snippet:-1","max-image-preview":"max-image-preview:large","max-video-preview":"max-video-preview:-1"},"canonical":"https:\/\/blog.panrotas.com.br\/semreserva\/20-anos-de-transicao\/10-09-2015\/","og_locale":"pt_BR","og_type":"article","og_title":"20 anos de transi\u00e7\u00e3o -","og_description":"20 anos de transi\u00e7\u00e3o. Confira essa Mat\u00e9ria no Canal Sem reserva. \u27a4 Projeto em parceria com a PANROTAS.","og_url":"https:\/\/blog.panrotas.com.br\/semreserva\/20-anos-de-transicao\/10-09-2015\/","og_site_name":"Sem reserva","article_publisher":"https:\/\/www.facebook.com\/portalpanrotas\/","article_published_time":"2015-09-10T22:26:05+00:00","twitter_card":"summary_large_image","twitter_creator":"@portalpanrotas","twitter_site":"@portalpanrotas","twitter_misc":{"Escrito por":"Artur Andrade","Est. tempo de leitura":"3 minutos"},"schema":{"@context":"https:\/\/schema.org","@graph":[{"@type":"Organization","@id":"http:\/\/blog.panrotas.com.br\/semreserva\/#organization","name":"Sem Reserva - Blog no Portal PANROTAS","url":"http:\/\/blog.panrotas.com.br\/semreserva\/","sameAs":["https:\/\/www.facebook.com\/portalpanrotas\/","https:\/\/www.instagram.com\/portalpanrotas\/","https:\/\/br.linkedin.com\/company\/panrotas","https:\/\/www.youtube.com\/tvpanrotas","https:\/\/twitter.com\/portalpanrotas"],"logo":{"@type":"ImageObject","@id":"http:\/\/blog.panrotas.com.br\/semreserva\/#logo","inLanguage":"pt-BR","url":"https:\/\/blog.panrotas.com.br\/semreserva\/wp-content\/uploads\/sites\/5\/2020\/06\/logo.png","contentUrl":"https:\/\/blog.panrotas.com.br\/semreserva\/wp-content\/uploads\/sites\/5\/2020\/06\/logo.png","width":259,"height":53,"caption":"Sem Reserva - Blog no Portal PANROTAS"},"image":{"@id":"http:\/\/blog.panrotas.com.br\/semreserva\/#logo"}},{"@type":"WebSite","@id":"http:\/\/blog.panrotas.com.br\/semreserva\/#website","url":"http:\/\/blog.panrotas.com.br\/semreserva\/","name":"Sem reserva","description":"Blogosfera PANROTAS","publisher":{"@id":"http:\/\/blog.panrotas.com.br\/semreserva\/#organization"},"potentialAction":[{"@type":"SearchAction","target":{"@type":"EntryPoint","urlTemplate":"http:\/\/blog.panrotas.com.br\/semreserva\/?s={search_term_string}"},"query-input":"required name=search_term_string"}],"inLanguage":"pt-BR"},{"@type":"WebPage","@id":"https:\/\/blog.panrotas.com.br\/semreserva\/20-anos-de-transicao\/10-09-2015\/#webpage","url":"https:\/\/blog.panrotas.com.br\/semreserva\/20-anos-de-transicao\/10-09-2015\/","name":"20 anos de transi\u00e7\u00e3o -","isPartOf":{"@id":"http:\/\/blog.panrotas.com.br\/semreserva\/#website"},"datePublished":"2015-09-10T22:26:05+00:00","dateModified":"2015-09-10T22:26:05+00:00","description":"20 anos de transi\u00e7\u00e3o. Confira essa Mat\u00e9ria no Canal Sem reserva. \u27a4 Projeto em parceria com a PANROTAS.","breadcrumb":{"@id":"https:\/\/blog.panrotas.com.br\/semreserva\/20-anos-de-transicao\/10-09-2015\/#breadcrumb"},"inLanguage":"pt-BR","potentialAction":[{"@type":"ReadAction","target":["https:\/\/blog.panrotas.com.br\/semreserva\/20-anos-de-transicao\/10-09-2015\/"]}]},{"@type":"BreadcrumbList","@id":"https:\/\/blog.panrotas.com.br\/semreserva\/20-anos-de-transicao\/10-09-2015\/#breadcrumb","itemListElement":[{"@type":"ListItem","position":1,"name":"Home do Blog","item":"http:\/\/blog.panrotas.com.br\/semreserva\/"},{"@type":"ListItem","position":2,"name":"Dia a dia","item":"https:\/\/blog.panrotas.com.br\/semreserva\/category\/dia-a-dia\/"},{"@type":"ListItem","position":3,"name":"20 anos de transi\u00e7\u00e3o"}]},{"@type":"Article","@id":"https:\/\/blog.panrotas.com.br\/semreserva\/20-anos-de-transicao\/10-09-2015\/#article","isPartOf":{"@id":"https:\/\/blog.panrotas.com.br\/semreserva\/20-anos-de-transicao\/10-09-2015\/#webpage"},"author":{"@id":"http:\/\/blog.panrotas.com.br\/semreserva\/#\/schema\/person\/c93b4555f6a497d2d83c25dcb80f61ed"},"headline":"20 anos de transi\u00e7\u00e3o","datePublished":"2015-09-10T22:26:05+00:00","dateModified":"2015-09-10T22:26:05+00:00","mainEntityOfPage":{"@id":"https:\/\/blog.panrotas.com.br\/semreserva\/20-anos-de-transicao\/10-09-2015\/#webpage"},"wordCount":675,"commentCount":0,"publisher":{"@id":"http:\/\/blog.panrotas.com.br\/semreserva\/#organization"},"articleSection":["Dia a dia"],"inLanguage":"pt-BR","potentialAction":[{"@type":"CommentAction","name":"Comment","target":["https:\/\/blog.panrotas.com.br\/semreserva\/20-anos-de-transicao\/10-09-2015\/#respond"]}]},{"@type":"Person","@id":"http:\/\/blog.panrotas.com.br\/semreserva\/#\/schema\/person\/c93b4555f6a497d2d83c25dcb80f61ed","name":"Artur Andrade","image":{"@type":"ImageObject","@id":"http:\/\/blog.panrotas.com.br\/semreserva\/#personlogo","inLanguage":"pt-BR","url":"https:\/\/secure.gravatar.com\/avatar\/a94564d630220cefd5c82f3452ac1ef4?s=96&d=mm&r=g","contentUrl":"https:\/\/secure.gravatar.com\/avatar\/a94564d630220cefd5c82f3452ac1ef4?s=96&d=mm&r=g","caption":"Artur Andrade"},"description":"Artur Luiz Andrade \u00e9 carioca, taurino, jornalista e nasceu em 1969. \u00c9 editor-chefe da PANROTAS Editora e mora em S\u00e3o Paulo desde 1998","sameAs":["http:\/\/www.panrotas.com.br"]}]}},"jetpack_featured_media_url":"","jetpack_shortlink":"https:\/\/wp.me\/p7idIU-18V","_links":{"self":[{"href":"https:\/\/blog.panrotas.com.br\/semreserva\/wp-json\/wp\/v2\/posts\/4397"}],"collection":[{"href":"https:\/\/blog.panrotas.com.br\/semreserva\/wp-json\/wp\/v2\/posts"}],"about":[{"href":"https:\/\/blog.panrotas.com.br\/semreserva\/wp-json\/wp\/v2\/types\/post"}],"author":[{"embeddable":true,"href":"https:\/\/blog.panrotas.com.br\/semreserva\/wp-json\/wp\/v2\/users\/7"}],"replies":[{"embeddable":true,"href":"https:\/\/blog.panrotas.com.br\/semreserva\/wp-json\/wp\/v2\/comments?post=4397"}],"version-history":[{"count":0,"href":"https:\/\/blog.panrotas.com.br\/semreserva\/wp-json\/wp\/v2\/posts\/4397\/revisions"}],"wp:attachment":[{"href":"https:\/\/blog.panrotas.com.br\/semreserva\/wp-json\/wp\/v2\/media?parent=4397"}],"wp:term":[{"taxonomy":"category","embeddable":true,"href":"https:\/\/blog.panrotas.com.br\/semreserva\/wp-json\/wp\/v2\/categories?post=4397"},{"taxonomy":"post_tag","embeddable":true,"href":"https:\/\/blog.panrotas.com.br\/semreserva\/wp-json\/wp\/v2\/tags?post=4397"}],"curies":[{"name":"wp","href":"https:\/\/api.w.org\/{rel}","templated":true}]}}