{"id":4431,"date":"2015-10-23T15:57:15","date_gmt":"2015-10-23T18:57:15","guid":{"rendered":"http:\/\/blog.panrotas.com.br\/semreserva\/?p=4431"},"modified":"2015-10-23T15:57:15","modified_gmt":"2015-10-23T18:57:15","slug":"demitido-por-walter-teixeira","status":"publish","type":"post","link":"https:\/\/blog.panrotas.com.br\/semreserva\/demitido-por-walter-teixeira\/23-10-2015\/","title":{"rendered":"Demitido por Walter Teixeira"},"content":{"rendered":"<p>O taxista me pega na porta da PANROTAS, na Sa\u00fade, em S\u00e3o Paulo, e me leva para o centro. De cara j\u00e1 conta que foi do Turismo, segundo ele \u201cnos \u00e1ureos tempos do trade\u201d, tendo trabalhado por cerca de dez anos na Wagonlits (ainda longe de ser Carlson). Geralmente eu s\u00f3 ou\u00e7o os discursos dos taxistas, mas o assunto me interessou e descobri um pouco desses \u00e1ureos tempos, mas tamb\u00e9m da vis\u00e3o que ele tem dos dias atuais do Turismo.<\/p>\n<p>Com um filho morando na Su\u00ed\u00e7a e a esposa comemorando a recupera\u00e7\u00e3o de uma cirurgia, ele decide viajar para a Europa, que ele j\u00e1 conhece de tr\u00e1s pra frente, da \u00e9poca da Wagonlits. \u201cA gente escolhia pra onde ir. Tinha famtour toda semana\u201d, me disse ele, que conheceu a R\u00fassia, a Tchecoslov\u00e1quia, entre outros destinos.<\/p>\n<p>Como a filha ia pagar a passagem, a m\u00e3e comprou os bilhetes em uma ag\u00eancia de viagens. Ele n\u00e3o gostou, pois ambas ignoraram todo seu conhecimento do setor&#8230; Afinal ele \u00e9\u00a0um ex-agente de viagens Embarcaram de British para a Su\u00ed\u00e7a e em Londres as malas ficaram ou foram para outro destino que n\u00e3o a Su\u00ed\u00e7a. Tr\u00eas dias depois e alguns euros gastos no shopping chegaram e foram retiradas pelo casal. O seguro viagem cobriu as despesas iniciais e ele foi s\u00f3 elogios ao servi\u00e7o (da Assist Card, pelo que ele disse).<\/p>\n<p>No retorno, a BA extravia uma das malas do casal, repleta de presentes e vinhos. Como assim um raio n\u00e3o cai duas vezes no mesmo lugar? &#8220;Dizem que eles est\u00e3o com problemas em Heathrow&#8221;, me conta o ex-agente de viagens, que est\u00e1 muito feliz com seu t\u00e1xi, garante.<\/p>\n<p>Segundo ele, n\u00e3o conseguiu falar com a companhia. Acesso s\u00f3 por e-mail. Foi na ag\u00eancia onde havia comprado o bilhete e o atendente sugeriu: \u201colha no site da empresa a\u00e9rea\u201d. \u201cEle sabia menos que eu, que estou h\u00e1 mais de 20 anos fora do mercado. Para me dar o n\u00famero do e-ticket levou uma semana\u201d, lamentou o saudoso agente de viagens. Ou seja, salvou-se apenas o seguro viagem no atendimento emergencial. Assim o trade s\u00f3 perde&#8230; Que tal focar no atendimento ao cliente? Se a ag\u00eancia onde ele comprou a passagem s\u00f3 tem como dica olhar o site da empresa a\u00e9rea, garanto que ele n\u00e3o volta mais l\u00e1.<\/p>\n<p>Resultado: ele est\u00e1 na justi\u00e7a contra a a\u00e9rea.<\/p>\n<p>Sobre os \u00e1ureos tempos ele contou com sorriso no rosto como gostava de trabalhar em Turismo. Lembrou do El\u00f3i Oliveira (citou a empresa dele na \u00e9poca, a Edo, e o que representava) e do Guilherme Paulus indo fazer promo\u00e7\u00e3o na Wagonlits, das viagens de luxo que a ag\u00eancia atendia para a elite paulistana e dos chefes, como Jean Philippe Perol e Walter Teixeira. &#8220;Sobrevivi a v\u00e1rios estrangeiros. Quando entrou o brasileiro, o Walter, fui demitido&#8221;, lembrou com bom humor. Walter, ele n\u00e3o guarda m\u00e1goas&#8230;<\/p>\n<p>O taxista (n\u00e3o lembro do nome dele, infelizmente) relembrou como usava o Guia PANROTAS e os guias ABC e Hotel Travel Index, onde havia os nomes dos gerentes gerais dos hot\u00e9is, algo que muitas vezes n\u00e3o achamos hoje nos sites dos hot\u00e9is. \u201cDecorei esses tr\u00eas guias e sabia tudo. Passava seguran\u00e7a e conhecimento ao cliente\u201d, garante.<\/p>\n<p>Tamb\u00e9m lembrou das muitas festas que havia no trade, entre outras passagens, que vou omitir&#8230; afinal, j\u00e1 faz tanto tempo&#8230; Risos.<\/p>\n<p>Mas concordo com a vis\u00e3o dele que, naquela \u00e9poca, como era tudo manual, bra\u00e7al e fragmentado (uma tarifa era montada na m\u00e3o), os profissionais tinham um conhecimento mais profundo sobre o que faziam. Hoje est\u00e1 tudo nos sistemas e o Google ajuda a saber que fim levou a Tchecoslov\u00e1quia&#8230; Achei o fim da picada o atendente da ag\u00eancia n\u00e3o ter ligado ele mesmo para a empresa a\u00e9rea, j\u00e1 que ele n\u00e3o conseguiu falar com a mesma. E ter demorado tanto para achar o n\u00famero do seu e-ticket, que virou prova no processo.<\/p>\n<p>Fosse um figur\u00e3o como os que ele disse atender na sua \u00e9poca de Wagonlits, isso n\u00e3o teria acontecido. H\u00e1 fases em que vai um cliente e v\u00eam mil. N\u00e3o \u00e9 o caso atualmente. Como dizia um amigo meu: \u201cOjo!\u201d Sem saudosismo.<\/p>\n<p>&nbsp;<\/p>\n","protected":false},"excerpt":{"rendered":"<p>O taxista me pega na porta da PANROTAS, na Sa\u00fade, em S\u00e3o Paulo, e me leva para o centro. De cara j\u00e1 conta que foi do Turismo, segundo ele \u201cnos \u00e1ureos tempos do trade\u201d, tendo trabalhado por cerca de dez anos na Wagonlits (ainda longe de ser Carlson). Geralmente eu s\u00f3 ou\u00e7o os discursos dos [&hellip;]<\/p>\n","protected":false},"author":7,"featured_media":0,"comment_status":"open","ping_status":"open","sticky":false,"template":"","format":"standard","meta":{"spay_email":""},"categories":[2],"tags":[],"yoast_head":"<!-- This site is optimized with the Yoast SEO plugin v17.3 - https:\/\/yoast.com\/wordpress\/plugins\/seo\/ -->\n<title>Demitido por Walter Teixeira -<\/title>\n<meta name=\"description\" content=\"Demitido por Walter Teixeira. Confira essa Mat\u00e9ria no Canal Sem reserva. \u27a4 Projeto em parceria com a PANROTAS.\" \/>\n<meta name=\"robots\" content=\"index, follow, max-snippet:-1, max-image-preview:large, max-video-preview:-1\" \/>\n<link rel=\"canonical\" href=\"https:\/\/blog.panrotas.com.br\/semreserva\/demitido-por-walter-teixeira\/23-10-2015\/\" \/>\n<meta property=\"og:locale\" content=\"pt_BR\" \/>\n<meta property=\"og:type\" content=\"article\" \/>\n<meta property=\"og:title\" content=\"Demitido por Walter Teixeira -\" \/>\n<meta property=\"og:description\" content=\"Demitido por Walter Teixeira. Confira essa Mat\u00e9ria no Canal Sem reserva. \u27a4 Projeto em parceria com a PANROTAS.\" \/>\n<meta property=\"og:url\" content=\"https:\/\/blog.panrotas.com.br\/semreserva\/demitido-por-walter-teixeira\/23-10-2015\/\" \/>\n<meta property=\"og:site_name\" content=\"Sem reserva\" \/>\n<meta property=\"article:publisher\" content=\"https:\/\/www.facebook.com\/portalpanrotas\/\" \/>\n<meta property=\"article:published_time\" content=\"2015-10-23T18:57:15+00:00\" \/>\n<meta name=\"twitter:card\" content=\"summary_large_image\" \/>\n<meta name=\"twitter:creator\" content=\"@portalpanrotas\" \/>\n<meta name=\"twitter:site\" content=\"@portalpanrotas\" \/>\n<meta name=\"twitter:label1\" content=\"Escrito por\" \/>\n\t<meta name=\"twitter:data1\" content=\"Artur Andrade\" \/>\n\t<meta name=\"twitter:label2\" content=\"Est. tempo de leitura\" \/>\n\t<meta name=\"twitter:data2\" content=\"4 minutos\" \/>\n<script type=\"application\/ld+json\" class=\"yoast-schema-graph\">{\"@context\":\"https:\/\/schema.org\",\"@graph\":[{\"@type\":\"Organization\",\"@id\":\"http:\/\/blog.panrotas.com.br\/semreserva\/#organization\",\"name\":\"Sem Reserva - Blog no Portal PANROTAS\",\"url\":\"http:\/\/blog.panrotas.com.br\/semreserva\/\",\"sameAs\":[\"https:\/\/www.facebook.com\/portalpanrotas\/\",\"https:\/\/www.instagram.com\/portalpanrotas\/\",\"https:\/\/br.linkedin.com\/company\/panrotas\",\"https:\/\/www.youtube.com\/tvpanrotas\",\"https:\/\/twitter.com\/portalpanrotas\"],\"logo\":{\"@type\":\"ImageObject\",\"@id\":\"http:\/\/blog.panrotas.com.br\/semreserva\/#logo\",\"inLanguage\":\"pt-BR\",\"url\":\"https:\/\/blog.panrotas.com.br\/semreserva\/wp-content\/uploads\/sites\/5\/2020\/06\/logo.png\",\"contentUrl\":\"https:\/\/blog.panrotas.com.br\/semreserva\/wp-content\/uploads\/sites\/5\/2020\/06\/logo.png\",\"width\":259,\"height\":53,\"caption\":\"Sem Reserva - Blog no Portal PANROTAS\"},\"image\":{\"@id\":\"http:\/\/blog.panrotas.com.br\/semreserva\/#logo\"}},{\"@type\":\"WebSite\",\"@id\":\"http:\/\/blog.panrotas.com.br\/semreserva\/#website\",\"url\":\"http:\/\/blog.panrotas.com.br\/semreserva\/\",\"name\":\"Sem reserva\",\"description\":\"Blogosfera PANROTAS\",\"publisher\":{\"@id\":\"http:\/\/blog.panrotas.com.br\/semreserva\/#organization\"},\"potentialAction\":[{\"@type\":\"SearchAction\",\"target\":{\"@type\":\"EntryPoint\",\"urlTemplate\":\"http:\/\/blog.panrotas.com.br\/semreserva\/?s={search_term_string}\"},\"query-input\":\"required name=search_term_string\"}],\"inLanguage\":\"pt-BR\"},{\"@type\":\"WebPage\",\"@id\":\"https:\/\/blog.panrotas.com.br\/semreserva\/demitido-por-walter-teixeira\/23-10-2015\/#webpage\",\"url\":\"https:\/\/blog.panrotas.com.br\/semreserva\/demitido-por-walter-teixeira\/23-10-2015\/\",\"name\":\"Demitido por Walter Teixeira -\",\"isPartOf\":{\"@id\":\"http:\/\/blog.panrotas.com.br\/semreserva\/#website\"},\"datePublished\":\"2015-10-23T18:57:15+00:00\",\"dateModified\":\"2015-10-23T18:57:15+00:00\",\"description\":\"Demitido por Walter Teixeira. Confira essa Mat\\u00e9ria no Canal Sem reserva. \\u27a4 Projeto em parceria com a PANROTAS.\",\"breadcrumb\":{\"@id\":\"https:\/\/blog.panrotas.com.br\/semreserva\/demitido-por-walter-teixeira\/23-10-2015\/#breadcrumb\"},\"inLanguage\":\"pt-BR\",\"potentialAction\":[{\"@type\":\"ReadAction\",\"target\":[\"https:\/\/blog.panrotas.com.br\/semreserva\/demitido-por-walter-teixeira\/23-10-2015\/\"]}]},{\"@type\":\"BreadcrumbList\",\"@id\":\"https:\/\/blog.panrotas.com.br\/semreserva\/demitido-por-walter-teixeira\/23-10-2015\/#breadcrumb\",\"itemListElement\":[{\"@type\":\"ListItem\",\"position\":1,\"name\":\"Home do Blog\",\"item\":\"http:\/\/blog.panrotas.com.br\/semreserva\/\"},{\"@type\":\"ListItem\",\"position\":2,\"name\":\"Dia a dia\",\"item\":\"https:\/\/blog.panrotas.com.br\/semreserva\/category\/dia-a-dia\/\"},{\"@type\":\"ListItem\",\"position\":3,\"name\":\"Demitido por Walter Teixeira\"}]},{\"@type\":\"Article\",\"@id\":\"https:\/\/blog.panrotas.com.br\/semreserva\/demitido-por-walter-teixeira\/23-10-2015\/#article\",\"isPartOf\":{\"@id\":\"https:\/\/blog.panrotas.com.br\/semreserva\/demitido-por-walter-teixeira\/23-10-2015\/#webpage\"},\"author\":{\"@id\":\"http:\/\/blog.panrotas.com.br\/semreserva\/#\/schema\/person\/c93b4555f6a497d2d83c25dcb80f61ed\"},\"headline\":\"Demitido por Walter Teixeira\",\"datePublished\":\"2015-10-23T18:57:15+00:00\",\"dateModified\":\"2015-10-23T18:57:15+00:00\",\"mainEntityOfPage\":{\"@id\":\"https:\/\/blog.panrotas.com.br\/semreserva\/demitido-por-walter-teixeira\/23-10-2015\/#webpage\"},\"wordCount\":743,\"commentCount\":0,\"publisher\":{\"@id\":\"http:\/\/blog.panrotas.com.br\/semreserva\/#organization\"},\"articleSection\":[\"Dia a dia\"],\"inLanguage\":\"pt-BR\",\"potentialAction\":[{\"@type\":\"CommentAction\",\"name\":\"Comment\",\"target\":[\"https:\/\/blog.panrotas.com.br\/semreserva\/demitido-por-walter-teixeira\/23-10-2015\/#respond\"]}]},{\"@type\":\"Person\",\"@id\":\"http:\/\/blog.panrotas.com.br\/semreserva\/#\/schema\/person\/c93b4555f6a497d2d83c25dcb80f61ed\",\"name\":\"Artur Andrade\",\"image\":{\"@type\":\"ImageObject\",\"@id\":\"http:\/\/blog.panrotas.com.br\/semreserva\/#personlogo\",\"inLanguage\":\"pt-BR\",\"url\":\"https:\/\/secure.gravatar.com\/avatar\/a94564d630220cefd5c82f3452ac1ef4?s=96&d=mm&r=g\",\"contentUrl\":\"https:\/\/secure.gravatar.com\/avatar\/a94564d630220cefd5c82f3452ac1ef4?s=96&d=mm&r=g\",\"caption\":\"Artur Andrade\"},\"description\":\"Artur Luiz Andrade \\u00e9 carioca, taurino, jornalista e nasceu em 1969. \\u00c9 editor-chefe da PANROTAS Editora e mora em S\\u00e3o Paulo desde 1998\",\"sameAs\":[\"http:\/\/www.panrotas.com.br\"]}]}<\/script>\n<!-- \/ Yoast SEO plugin. -->","yoast_head_json":{"title":"Demitido por Walter Teixeira -","description":"Demitido por Walter Teixeira. Confira essa Mat\u00e9ria no Canal Sem reserva. \u27a4 Projeto em parceria com a PANROTAS.","robots":{"index":"index","follow":"follow","max-snippet":"max-snippet:-1","max-image-preview":"max-image-preview:large","max-video-preview":"max-video-preview:-1"},"canonical":"https:\/\/blog.panrotas.com.br\/semreserva\/demitido-por-walter-teixeira\/23-10-2015\/","og_locale":"pt_BR","og_type":"article","og_title":"Demitido por Walter Teixeira -","og_description":"Demitido por Walter Teixeira. Confira essa Mat\u00e9ria no Canal Sem reserva. \u27a4 Projeto em parceria com a PANROTAS.","og_url":"https:\/\/blog.panrotas.com.br\/semreserva\/demitido-por-walter-teixeira\/23-10-2015\/","og_site_name":"Sem reserva","article_publisher":"https:\/\/www.facebook.com\/portalpanrotas\/","article_published_time":"2015-10-23T18:57:15+00:00","twitter_card":"summary_large_image","twitter_creator":"@portalpanrotas","twitter_site":"@portalpanrotas","twitter_misc":{"Escrito por":"Artur Andrade","Est. tempo de leitura":"4 minutos"},"schema":{"@context":"https:\/\/schema.org","@graph":[{"@type":"Organization","@id":"http:\/\/blog.panrotas.com.br\/semreserva\/#organization","name":"Sem Reserva - Blog no Portal PANROTAS","url":"http:\/\/blog.panrotas.com.br\/semreserva\/","sameAs":["https:\/\/www.facebook.com\/portalpanrotas\/","https:\/\/www.instagram.com\/portalpanrotas\/","https:\/\/br.linkedin.com\/company\/panrotas","https:\/\/www.youtube.com\/tvpanrotas","https:\/\/twitter.com\/portalpanrotas"],"logo":{"@type":"ImageObject","@id":"http:\/\/blog.panrotas.com.br\/semreserva\/#logo","inLanguage":"pt-BR","url":"https:\/\/blog.panrotas.com.br\/semreserva\/wp-content\/uploads\/sites\/5\/2020\/06\/logo.png","contentUrl":"https:\/\/blog.panrotas.com.br\/semreserva\/wp-content\/uploads\/sites\/5\/2020\/06\/logo.png","width":259,"height":53,"caption":"Sem Reserva - Blog no Portal PANROTAS"},"image":{"@id":"http:\/\/blog.panrotas.com.br\/semreserva\/#logo"}},{"@type":"WebSite","@id":"http:\/\/blog.panrotas.com.br\/semreserva\/#website","url":"http:\/\/blog.panrotas.com.br\/semreserva\/","name":"Sem reserva","description":"Blogosfera PANROTAS","publisher":{"@id":"http:\/\/blog.panrotas.com.br\/semreserva\/#organization"},"potentialAction":[{"@type":"SearchAction","target":{"@type":"EntryPoint","urlTemplate":"http:\/\/blog.panrotas.com.br\/semreserva\/?s={search_term_string}"},"query-input":"required name=search_term_string"}],"inLanguage":"pt-BR"},{"@type":"WebPage","@id":"https:\/\/blog.panrotas.com.br\/semreserva\/demitido-por-walter-teixeira\/23-10-2015\/#webpage","url":"https:\/\/blog.panrotas.com.br\/semreserva\/demitido-por-walter-teixeira\/23-10-2015\/","name":"Demitido por Walter Teixeira -","isPartOf":{"@id":"http:\/\/blog.panrotas.com.br\/semreserva\/#website"},"datePublished":"2015-10-23T18:57:15+00:00","dateModified":"2015-10-23T18:57:15+00:00","description":"Demitido por Walter Teixeira. Confira essa Mat\u00e9ria no Canal Sem reserva. \u27a4 Projeto em parceria com a PANROTAS.","breadcrumb":{"@id":"https:\/\/blog.panrotas.com.br\/semreserva\/demitido-por-walter-teixeira\/23-10-2015\/#breadcrumb"},"inLanguage":"pt-BR","potentialAction":[{"@type":"ReadAction","target":["https:\/\/blog.panrotas.com.br\/semreserva\/demitido-por-walter-teixeira\/23-10-2015\/"]}]},{"@type":"BreadcrumbList","@id":"https:\/\/blog.panrotas.com.br\/semreserva\/demitido-por-walter-teixeira\/23-10-2015\/#breadcrumb","itemListElement":[{"@type":"ListItem","position":1,"name":"Home do Blog","item":"http:\/\/blog.panrotas.com.br\/semreserva\/"},{"@type":"ListItem","position":2,"name":"Dia a dia","item":"https:\/\/blog.panrotas.com.br\/semreserva\/category\/dia-a-dia\/"},{"@type":"ListItem","position":3,"name":"Demitido por Walter Teixeira"}]},{"@type":"Article","@id":"https:\/\/blog.panrotas.com.br\/semreserva\/demitido-por-walter-teixeira\/23-10-2015\/#article","isPartOf":{"@id":"https:\/\/blog.panrotas.com.br\/semreserva\/demitido-por-walter-teixeira\/23-10-2015\/#webpage"},"author":{"@id":"http:\/\/blog.panrotas.com.br\/semreserva\/#\/schema\/person\/c93b4555f6a497d2d83c25dcb80f61ed"},"headline":"Demitido por Walter Teixeira","datePublished":"2015-10-23T18:57:15+00:00","dateModified":"2015-10-23T18:57:15+00:00","mainEntityOfPage":{"@id":"https:\/\/blog.panrotas.com.br\/semreserva\/demitido-por-walter-teixeira\/23-10-2015\/#webpage"},"wordCount":743,"commentCount":0,"publisher":{"@id":"http:\/\/blog.panrotas.com.br\/semreserva\/#organization"},"articleSection":["Dia a dia"],"inLanguage":"pt-BR","potentialAction":[{"@type":"CommentAction","name":"Comment","target":["https:\/\/blog.panrotas.com.br\/semreserva\/demitido-por-walter-teixeira\/23-10-2015\/#respond"]}]},{"@type":"Person","@id":"http:\/\/blog.panrotas.com.br\/semreserva\/#\/schema\/person\/c93b4555f6a497d2d83c25dcb80f61ed","name":"Artur Andrade","image":{"@type":"ImageObject","@id":"http:\/\/blog.panrotas.com.br\/semreserva\/#personlogo","inLanguage":"pt-BR","url":"https:\/\/secure.gravatar.com\/avatar\/a94564d630220cefd5c82f3452ac1ef4?s=96&d=mm&r=g","contentUrl":"https:\/\/secure.gravatar.com\/avatar\/a94564d630220cefd5c82f3452ac1ef4?s=96&d=mm&r=g","caption":"Artur Andrade"},"description":"Artur Luiz Andrade \u00e9 carioca, taurino, jornalista e nasceu em 1969. \u00c9 editor-chefe da PANROTAS Editora e mora em S\u00e3o Paulo desde 1998","sameAs":["http:\/\/www.panrotas.com.br"]}]}},"jetpack_featured_media_url":"","jetpack_shortlink":"https:\/\/wp.me\/p7idIU-19t","_links":{"self":[{"href":"https:\/\/blog.panrotas.com.br\/semreserva\/wp-json\/wp\/v2\/posts\/4431"}],"collection":[{"href":"https:\/\/blog.panrotas.com.br\/semreserva\/wp-json\/wp\/v2\/posts"}],"about":[{"href":"https:\/\/blog.panrotas.com.br\/semreserva\/wp-json\/wp\/v2\/types\/post"}],"author":[{"embeddable":true,"href":"https:\/\/blog.panrotas.com.br\/semreserva\/wp-json\/wp\/v2\/users\/7"}],"replies":[{"embeddable":true,"href":"https:\/\/blog.panrotas.com.br\/semreserva\/wp-json\/wp\/v2\/comments?post=4431"}],"version-history":[{"count":0,"href":"https:\/\/blog.panrotas.com.br\/semreserva\/wp-json\/wp\/v2\/posts\/4431\/revisions"}],"wp:attachment":[{"href":"https:\/\/blog.panrotas.com.br\/semreserva\/wp-json\/wp\/v2\/media?parent=4431"}],"wp:term":[{"taxonomy":"category","embeddable":true,"href":"https:\/\/blog.panrotas.com.br\/semreserva\/wp-json\/wp\/v2\/categories?post=4431"},{"taxonomy":"post_tag","embeddable":true,"href":"https:\/\/blog.panrotas.com.br\/semreserva\/wp-json\/wp\/v2\/tags?post=4431"}],"curies":[{"name":"wp","href":"https:\/\/api.w.org\/{rel}","templated":true}]}}