{"id":4440,"date":"2015-10-29T15:25:01","date_gmt":"2015-10-29T18:25:01","guid":{"rendered":"http:\/\/blog.panrotas.com.br\/semreserva\/?p=4440"},"modified":"2015-10-29T15:25:01","modified_gmt":"2015-10-29T18:25:01","slug":"querida-olga","status":"publish","type":"post","link":"https:\/\/blog.panrotas.com.br\/semreserva\/querida-olga\/29-10-2015\/","title":{"rendered":"Querida Olga,"},"content":{"rendered":"<p>\u00c9 sempre muito triste e dif\u00edcil dar not\u00edcias ruins de pessoas de que gostamos e respeitamos. Tamb\u00e9m\u00a0de empresas que fecham, neg\u00f3cios que n\u00e3o d\u00e3o certo, projetos que desabam, sonhos que se acabam. Sei do impacto de tudo isso em pessoas, fam\u00edlias, fornecedores, passageiros&#8230; Nunca \u00e9 bom noticiar algo assim. Da mesma forma\u00a0como est\u00e1 o seu nome no topo dessa \u201ccarta\u201d, poderiam estar outros tantos, mas pe\u00e7o licen\u00e7a para pegar o seu caso para refletir sobre o atual momento em que vivemos \u2013 todo o Pa\u00eds e todo o trade.<\/p>\n<p>Como diz o ditado popular&#8230; coisas ruins acontecem a pessoas boas. Estamos vivendo uma crise muito grande (e n\u00e3o est\u00e1vamos mais acostumados a isso). Pior, n\u00e3o vemos medidas serem tomadas pelo governo para acabar com ela. Olhamos para Bras\u00edlia e vemos um \u201csalve-me quem puder\u201d, com a maioria tentando se segurar at\u00e9 o fim do mandato&#8230; Nem um pouco preocupados com suas biografias. Ou com as nossas.<\/p>\n<p>Que \u00e9 algo que tenho certeza aflige qualquer bom empres\u00e1rio. Quem quer dar golpe n\u00e3o deixa nem os boatos serem alimentados. D\u00e1 o golpe e foge sem dar a cara para bater. Quem tem hist\u00f3ria n\u00e3o quer chegar ao fim da vida e olhar para tr\u00e1s e ver t\u00e3o somente um castelo de areia corro\u00eddo, ou\u00a0repleto de atos vergonhosos.<\/p>\n<p>\u00c9 um processo duro e dif\u00edcil e muito particular o de decidir fechar uma empresa. Mas tamb\u00e9m \u00e9 a chance de come\u00e7ar de novo, por isso a hora da decis\u00e3o \u00e9 crucial. Mas quem tem essa f\u00f3rmula? Qual o momento exato? O ponto de desacelera\u00e7\u00e3o que evitaria a batida no muro&#8230;<\/p>\n<p>Mais ainda, e quem n\u00e3o se preparou para a crise? Quem n\u00e3o anteviu o cen\u00e1rio sombrio? Muito se fala em profissionaliza\u00e7\u00e3o no turismo, e profissionalizar n\u00e3o \u00e9 saber fazer o produto (o que a Designer, diga-se de passagem, sabia fazer muito bem, \u00e9 refer\u00eancia em opera\u00e7\u00e3o de alto n\u00edvel) e sim saber exatamente se sua estrutura suporta sua opera\u00e7\u00e3o, de onde v\u00eam custos e receitas&#8230; enfim, profissionalizar a gest\u00e3o. E sabemos que nosso setor, de pequenas ag\u00eancias a grandes imp\u00e9rios, resiste e resistiu a entrar no mundo frio dos n\u00fameros e resultados&#8230; H\u00e1 casos e casos. Mas contra n\u00fameros n\u00e3o h\u00e1 argumentos, dizem.<\/p>\n<p>As empresas s\u00e3o pressionadas a mudar a cada ciclo e esse tempo est\u00e1 cada vez mais curto. Sinto que quem est\u00e1 h\u00e1 d\u00e9cadas no mercado tem medo de perguntar: e se minha empresa n\u00e3o existir mais? A pergunta certa deveria ser: \u201cem que posso transformar minha empresa, todo meu conhecimento, tudo o que constru\u00ed?\u201d. Dessa pergunta podem nascer novas empresas, ideias, rumos&#8230; e transforma\u00e7\u00f5es. Coisas melhores.<\/p>\n<p>Por que fecha uma empresa? O acaso? A jun\u00e7\u00e3o de v\u00e1rios fatores, como num acidente a\u00e9reo? O medo de mudar? A m\u00e1 gest\u00e3o? A \u201cajudinha\u201d do governo? O foco na rotina? Boatos? Concorrentes ferozes e mais bem preparados? Muitos sabem, outros nem desconfiam. E a forma de encerrar o ciclo \u00e9 t\u00e3o importante quanto o in\u00edcio dele. Pois a vida n\u00e3o acaba, profissionais precisam ser recolocados, d\u00edvidas negociadas, passageiros embarcados e atendidos&#8230;<\/p>\n<p>Reconhe\u00e7o todo o dinamismo e a expertise da Designer, uma empresa sempre muito bem vista no mercado. Lembro das nossas viagens, dos eventos, dos risos e de como voc\u00ea \u00e9 uma profissional dedicada, s\u00e9ria e inspiradora. Sei como voc\u00ea \u00e9 considerada por seus pares, pelos clientes, fornecedores. Ouvi muitos lamentos sobre o fechamento da Designer, mas sobre sua pessoa muitos elogios e a solidariedade poss\u00edvel.<\/p>\n<p>Mas coisas ruins acontecem a pessoas boas. E em uma hora dessas procuro entender todos os lados. A dor de cabe\u00e7a e o preju\u00edzo dos envolvidos, o lado emocional, o desespero de quem tem conta pra pagar, a press\u00e3o, a cobran\u00e7a sobre as entidades, os passageiros indo para suas viagens de sonhos&#8230; Todos t\u00eam um pouco de raz\u00e3o na sua luta e o turismo s\u00f3 d\u00e1 certo quando essas raz\u00f5es est\u00e3o alinhadas. Quando um perde, todos perdem. Quando um sai do eixo, todos envergam. E sempre a conta \u00e9 dividida com quem est\u00e1 de \u201cinocente\u201d na hist\u00f3ria. Imagino o peso de uma d\u00edvida para uma ag\u00eancia pequena, para quem investiu em um neg\u00f3cio, e como isso respinga na imagem de todo um setor. Sei tamb\u00e9m que n\u00e3o h\u00e1 uma maneira suave de passar por isso. \u00c9 um turbilh\u00e3o, como o que passou por voc\u00ea e a Designer, de forma inevit\u00e1vel.<\/p>\n<p>Apesar da crise e do nosso desgoverno, o momento traz boas not\u00edcias para nosso setor, como o seguro que a Braztoa lan\u00e7ou, a renova\u00e7\u00e3o nas Abavs, a esperan\u00e7a para que as viagens nacionais deem um salto qualitativo que mude de vez nossa ind\u00fastria&#8230; O mercado se adapta a um novo tamanho, depois de anos de crescimento de dois d\u00edgitos e de uma despreocupa\u00e7\u00e3o com n\u00fameros. Sim, os esc\u00e2ndalos, a dilapida\u00e7\u00e3o do nosso Pa\u00eds, a roubalheira e falta de \u00e9tica nos deprimem. Sim, empresas fechando nos deixam cabisbaixos e reflexivos. Mas queremos crer que as coisas ruins s\u00e3o exce\u00e7\u00f5es. E que ciclos novos h\u00e3o de come\u00e7ar sempre.<\/p>\n<p>Querida Olga, espero que essa fase dif\u00edcil e nebulosa se encerre abrindo janelas e portas para uma nova etapa positiva e cheia de luz, que foi o que voc\u00ea sempre plantou na Designer, em sua carreira, em sua vida.<\/p>\n<p>Que outros empres\u00e1rios consigam superar obst\u00e1culos, agir com clareza e que nossa ind\u00fastria d\u00ea um passo \u00e0 frente na forma de atuar, cobrar e ser cobrada e se relacionar. Tamb\u00e9m que as entidades amadure\u00e7am e colaborem mais com a sa\u00fade e o futuro da ind\u00fastria \u2014 e n\u00e3o \u00e9 organizando feiras, disso tenho certeza. H\u00e1 solu\u00e7\u00f5es mais s\u00e9rias e profissionais que precisam ser analisadas. Chega de o turismo ter sempre potencial, n\u00e3o \u00e9 mesmo? Chega de dar tudo errado quando era para dar \u201cmetade certo\u201d nesse momento.<\/p>\n<p>Repito: um elo da cadeia quebrado cria consequ\u00eancias em todos os demais e queremos \u00e9 que todos cres\u00e7am juntos, TODOS: agentes de viagens e OTAs, operadoras e empresas a\u00e9reas, entidades e seus eventos, parceiros e aliados, fornecedores e intermedi\u00e1rios, disruptores e guardi\u00f5es da tradi\u00e7\u00e3o. Tudo para que na ponta a experi\u00eancia seja a melhor poss\u00edvel para o viajante, como foram tantas experi\u00eancias que tivemos (e teremos) juntos.<\/p>\n<p>E que voc\u00ea continue emprestando sua \u00e9tica, boas ideias e do\u00e7ura a essa ind\u00fastria t\u00e3o din\u00e2mica e instigante, e muitas vezes injusta. Injusta com voc\u00ea e tantos outros players agora atingidos pelo fechamento da Designer. Que todos saiam dessa da melhor forma poss\u00edvel.<\/p>\n","protected":false},"excerpt":{"rendered":"<p>\u00c9 sempre muito triste e dif\u00edcil dar not\u00edcias ruins de pessoas de que gostamos e respeitamos. Tamb\u00e9m\u00a0de empresas que fecham, neg\u00f3cios que n\u00e3o d\u00e3o certo, projetos que desabam, sonhos que se acabam. Sei do impacto de tudo isso em pessoas, fam\u00edlias, fornecedores, passageiros&#8230; Nunca \u00e9 bom noticiar algo assim. Da mesma forma\u00a0como est\u00e1 o seu [&hellip;]<\/p>\n","protected":false},"author":7,"featured_media":0,"comment_status":"open","ping_status":"open","sticky":false,"template":"","format":"standard","meta":{"spay_email":""},"categories":[2],"tags":[],"yoast_head":"<!-- This site is optimized with the Yoast SEO plugin v17.3 - https:\/\/yoast.com\/wordpress\/plugins\/seo\/ -->\n<title>Querida Olga, -<\/title>\n<meta name=\"description\" content=\"Querida Olga,. Confira essa Mat\u00e9ria no Canal Sem reserva. \u27a4 Projeto em parceria com a PANROTAS.\" \/>\n<meta name=\"robots\" content=\"index, follow, max-snippet:-1, max-image-preview:large, max-video-preview:-1\" \/>\n<link rel=\"canonical\" href=\"https:\/\/blog.panrotas.com.br\/semreserva\/querida-olga\/29-10-2015\/\" \/>\n<meta property=\"og:locale\" content=\"pt_BR\" \/>\n<meta property=\"og:type\" content=\"article\" \/>\n<meta property=\"og:title\" content=\"Querida Olga, -\" \/>\n<meta property=\"og:description\" content=\"Querida Olga,. Confira essa Mat\u00e9ria no Canal Sem reserva. \u27a4 Projeto em parceria com a PANROTAS.\" \/>\n<meta property=\"og:url\" content=\"https:\/\/blog.panrotas.com.br\/semreserva\/querida-olga\/29-10-2015\/\" \/>\n<meta property=\"og:site_name\" content=\"Sem reserva\" \/>\n<meta property=\"article:publisher\" content=\"https:\/\/www.facebook.com\/portalpanrotas\/\" \/>\n<meta property=\"article:published_time\" content=\"2015-10-29T18:25:01+00:00\" \/>\n<meta name=\"twitter:card\" content=\"summary_large_image\" \/>\n<meta name=\"twitter:creator\" content=\"@portalpanrotas\" \/>\n<meta name=\"twitter:site\" content=\"@portalpanrotas\" \/>\n<meta name=\"twitter:label1\" content=\"Escrito por\" \/>\n\t<meta name=\"twitter:data1\" content=\"Artur Andrade\" \/>\n\t<meta name=\"twitter:label2\" content=\"Est. tempo de leitura\" \/>\n\t<meta name=\"twitter:data2\" content=\"6 minutos\" \/>\n<script type=\"application\/ld+json\" class=\"yoast-schema-graph\">{\"@context\":\"https:\/\/schema.org\",\"@graph\":[{\"@type\":\"Organization\",\"@id\":\"http:\/\/blog.panrotas.com.br\/semreserva\/#organization\",\"name\":\"Sem Reserva - Blog no Portal PANROTAS\",\"url\":\"http:\/\/blog.panrotas.com.br\/semreserva\/\",\"sameAs\":[\"https:\/\/www.facebook.com\/portalpanrotas\/\",\"https:\/\/www.instagram.com\/portalpanrotas\/\",\"https:\/\/br.linkedin.com\/company\/panrotas\",\"https:\/\/www.youtube.com\/tvpanrotas\",\"https:\/\/twitter.com\/portalpanrotas\"],\"logo\":{\"@type\":\"ImageObject\",\"@id\":\"http:\/\/blog.panrotas.com.br\/semreserva\/#logo\",\"inLanguage\":\"pt-BR\",\"url\":\"https:\/\/blog.panrotas.com.br\/semreserva\/wp-content\/uploads\/sites\/5\/2020\/06\/logo.png\",\"contentUrl\":\"https:\/\/blog.panrotas.com.br\/semreserva\/wp-content\/uploads\/sites\/5\/2020\/06\/logo.png\",\"width\":259,\"height\":53,\"caption\":\"Sem Reserva - Blog no Portal PANROTAS\"},\"image\":{\"@id\":\"http:\/\/blog.panrotas.com.br\/semreserva\/#logo\"}},{\"@type\":\"WebSite\",\"@id\":\"http:\/\/blog.panrotas.com.br\/semreserva\/#website\",\"url\":\"http:\/\/blog.panrotas.com.br\/semreserva\/\",\"name\":\"Sem reserva\",\"description\":\"Blogosfera PANROTAS\",\"publisher\":{\"@id\":\"http:\/\/blog.panrotas.com.br\/semreserva\/#organization\"},\"potentialAction\":[{\"@type\":\"SearchAction\",\"target\":{\"@type\":\"EntryPoint\",\"urlTemplate\":\"http:\/\/blog.panrotas.com.br\/semreserva\/?s={search_term_string}\"},\"query-input\":\"required name=search_term_string\"}],\"inLanguage\":\"pt-BR\"},{\"@type\":\"WebPage\",\"@id\":\"https:\/\/blog.panrotas.com.br\/semreserva\/querida-olga\/29-10-2015\/#webpage\",\"url\":\"https:\/\/blog.panrotas.com.br\/semreserva\/querida-olga\/29-10-2015\/\",\"name\":\"Querida Olga, -\",\"isPartOf\":{\"@id\":\"http:\/\/blog.panrotas.com.br\/semreserva\/#website\"},\"datePublished\":\"2015-10-29T18:25:01+00:00\",\"dateModified\":\"2015-10-29T18:25:01+00:00\",\"description\":\"Querida Olga,. Confira essa Mat\\u00e9ria no Canal Sem reserva. \\u27a4 Projeto em parceria com a PANROTAS.\",\"breadcrumb\":{\"@id\":\"https:\/\/blog.panrotas.com.br\/semreserva\/querida-olga\/29-10-2015\/#breadcrumb\"},\"inLanguage\":\"pt-BR\",\"potentialAction\":[{\"@type\":\"ReadAction\",\"target\":[\"https:\/\/blog.panrotas.com.br\/semreserva\/querida-olga\/29-10-2015\/\"]}]},{\"@type\":\"BreadcrumbList\",\"@id\":\"https:\/\/blog.panrotas.com.br\/semreserva\/querida-olga\/29-10-2015\/#breadcrumb\",\"itemListElement\":[{\"@type\":\"ListItem\",\"position\":1,\"name\":\"Home do Blog\",\"item\":\"http:\/\/blog.panrotas.com.br\/semreserva\/\"},{\"@type\":\"ListItem\",\"position\":2,\"name\":\"Dia a dia\",\"item\":\"https:\/\/blog.panrotas.com.br\/semreserva\/category\/dia-a-dia\/\"},{\"@type\":\"ListItem\",\"position\":3,\"name\":\"Querida Olga,\"}]},{\"@type\":\"Article\",\"@id\":\"https:\/\/blog.panrotas.com.br\/semreserva\/querida-olga\/29-10-2015\/#article\",\"isPartOf\":{\"@id\":\"https:\/\/blog.panrotas.com.br\/semreserva\/querida-olga\/29-10-2015\/#webpage\"},\"author\":{\"@id\":\"http:\/\/blog.panrotas.com.br\/semreserva\/#\/schema\/person\/c93b4555f6a497d2d83c25dcb80f61ed\"},\"headline\":\"Querida Olga,\",\"datePublished\":\"2015-10-29T18:25:01+00:00\",\"dateModified\":\"2015-10-29T18:25:01+00:00\",\"mainEntityOfPage\":{\"@id\":\"https:\/\/blog.panrotas.com.br\/semreserva\/querida-olga\/29-10-2015\/#webpage\"},\"wordCount\":1165,\"commentCount\":0,\"publisher\":{\"@id\":\"http:\/\/blog.panrotas.com.br\/semreserva\/#organization\"},\"articleSection\":[\"Dia a dia\"],\"inLanguage\":\"pt-BR\",\"potentialAction\":[{\"@type\":\"CommentAction\",\"name\":\"Comment\",\"target\":[\"https:\/\/blog.panrotas.com.br\/semreserva\/querida-olga\/29-10-2015\/#respond\"]}]},{\"@type\":\"Person\",\"@id\":\"http:\/\/blog.panrotas.com.br\/semreserva\/#\/schema\/person\/c93b4555f6a497d2d83c25dcb80f61ed\",\"name\":\"Artur Andrade\",\"image\":{\"@type\":\"ImageObject\",\"@id\":\"http:\/\/blog.panrotas.com.br\/semreserva\/#personlogo\",\"inLanguage\":\"pt-BR\",\"url\":\"https:\/\/secure.gravatar.com\/avatar\/a94564d630220cefd5c82f3452ac1ef4?s=96&d=mm&r=g\",\"contentUrl\":\"https:\/\/secure.gravatar.com\/avatar\/a94564d630220cefd5c82f3452ac1ef4?s=96&d=mm&r=g\",\"caption\":\"Artur Andrade\"},\"description\":\"Artur Luiz Andrade \\u00e9 carioca, taurino, jornalista e nasceu em 1969. \\u00c9 editor-chefe da PANROTAS Editora e mora em S\\u00e3o Paulo desde 1998\",\"sameAs\":[\"http:\/\/www.panrotas.com.br\"]}]}<\/script>\n<!-- \/ Yoast SEO plugin. -->","yoast_head_json":{"title":"Querida Olga, -","description":"Querida Olga,. Confira essa Mat\u00e9ria no Canal Sem reserva. \u27a4 Projeto em parceria com a PANROTAS.","robots":{"index":"index","follow":"follow","max-snippet":"max-snippet:-1","max-image-preview":"max-image-preview:large","max-video-preview":"max-video-preview:-1"},"canonical":"https:\/\/blog.panrotas.com.br\/semreserva\/querida-olga\/29-10-2015\/","og_locale":"pt_BR","og_type":"article","og_title":"Querida Olga, -","og_description":"Querida Olga,. Confira essa Mat\u00e9ria no Canal Sem reserva. \u27a4 Projeto em parceria com a PANROTAS.","og_url":"https:\/\/blog.panrotas.com.br\/semreserva\/querida-olga\/29-10-2015\/","og_site_name":"Sem reserva","article_publisher":"https:\/\/www.facebook.com\/portalpanrotas\/","article_published_time":"2015-10-29T18:25:01+00:00","twitter_card":"summary_large_image","twitter_creator":"@portalpanrotas","twitter_site":"@portalpanrotas","twitter_misc":{"Escrito por":"Artur Andrade","Est. tempo de leitura":"6 minutos"},"schema":{"@context":"https:\/\/schema.org","@graph":[{"@type":"Organization","@id":"http:\/\/blog.panrotas.com.br\/semreserva\/#organization","name":"Sem Reserva - Blog no Portal PANROTAS","url":"http:\/\/blog.panrotas.com.br\/semreserva\/","sameAs":["https:\/\/www.facebook.com\/portalpanrotas\/","https:\/\/www.instagram.com\/portalpanrotas\/","https:\/\/br.linkedin.com\/company\/panrotas","https:\/\/www.youtube.com\/tvpanrotas","https:\/\/twitter.com\/portalpanrotas"],"logo":{"@type":"ImageObject","@id":"http:\/\/blog.panrotas.com.br\/semreserva\/#logo","inLanguage":"pt-BR","url":"https:\/\/blog.panrotas.com.br\/semreserva\/wp-content\/uploads\/sites\/5\/2020\/06\/logo.png","contentUrl":"https:\/\/blog.panrotas.com.br\/semreserva\/wp-content\/uploads\/sites\/5\/2020\/06\/logo.png","width":259,"height":53,"caption":"Sem Reserva - Blog no Portal PANROTAS"},"image":{"@id":"http:\/\/blog.panrotas.com.br\/semreserva\/#logo"}},{"@type":"WebSite","@id":"http:\/\/blog.panrotas.com.br\/semreserva\/#website","url":"http:\/\/blog.panrotas.com.br\/semreserva\/","name":"Sem reserva","description":"Blogosfera PANROTAS","publisher":{"@id":"http:\/\/blog.panrotas.com.br\/semreserva\/#organization"},"potentialAction":[{"@type":"SearchAction","target":{"@type":"EntryPoint","urlTemplate":"http:\/\/blog.panrotas.com.br\/semreserva\/?s={search_term_string}"},"query-input":"required name=search_term_string"}],"inLanguage":"pt-BR"},{"@type":"WebPage","@id":"https:\/\/blog.panrotas.com.br\/semreserva\/querida-olga\/29-10-2015\/#webpage","url":"https:\/\/blog.panrotas.com.br\/semreserva\/querida-olga\/29-10-2015\/","name":"Querida Olga, -","isPartOf":{"@id":"http:\/\/blog.panrotas.com.br\/semreserva\/#website"},"datePublished":"2015-10-29T18:25:01+00:00","dateModified":"2015-10-29T18:25:01+00:00","description":"Querida Olga,. Confira essa Mat\u00e9ria no Canal Sem reserva. \u27a4 Projeto em parceria com a PANROTAS.","breadcrumb":{"@id":"https:\/\/blog.panrotas.com.br\/semreserva\/querida-olga\/29-10-2015\/#breadcrumb"},"inLanguage":"pt-BR","potentialAction":[{"@type":"ReadAction","target":["https:\/\/blog.panrotas.com.br\/semreserva\/querida-olga\/29-10-2015\/"]}]},{"@type":"BreadcrumbList","@id":"https:\/\/blog.panrotas.com.br\/semreserva\/querida-olga\/29-10-2015\/#breadcrumb","itemListElement":[{"@type":"ListItem","position":1,"name":"Home do Blog","item":"http:\/\/blog.panrotas.com.br\/semreserva\/"},{"@type":"ListItem","position":2,"name":"Dia a dia","item":"https:\/\/blog.panrotas.com.br\/semreserva\/category\/dia-a-dia\/"},{"@type":"ListItem","position":3,"name":"Querida Olga,"}]},{"@type":"Article","@id":"https:\/\/blog.panrotas.com.br\/semreserva\/querida-olga\/29-10-2015\/#article","isPartOf":{"@id":"https:\/\/blog.panrotas.com.br\/semreserva\/querida-olga\/29-10-2015\/#webpage"},"author":{"@id":"http:\/\/blog.panrotas.com.br\/semreserva\/#\/schema\/person\/c93b4555f6a497d2d83c25dcb80f61ed"},"headline":"Querida Olga,","datePublished":"2015-10-29T18:25:01+00:00","dateModified":"2015-10-29T18:25:01+00:00","mainEntityOfPage":{"@id":"https:\/\/blog.panrotas.com.br\/semreserva\/querida-olga\/29-10-2015\/#webpage"},"wordCount":1165,"commentCount":0,"publisher":{"@id":"http:\/\/blog.panrotas.com.br\/semreserva\/#organization"},"articleSection":["Dia a dia"],"inLanguage":"pt-BR","potentialAction":[{"@type":"CommentAction","name":"Comment","target":["https:\/\/blog.panrotas.com.br\/semreserva\/querida-olga\/29-10-2015\/#respond"]}]},{"@type":"Person","@id":"http:\/\/blog.panrotas.com.br\/semreserva\/#\/schema\/person\/c93b4555f6a497d2d83c25dcb80f61ed","name":"Artur Andrade","image":{"@type":"ImageObject","@id":"http:\/\/blog.panrotas.com.br\/semreserva\/#personlogo","inLanguage":"pt-BR","url":"https:\/\/secure.gravatar.com\/avatar\/a94564d630220cefd5c82f3452ac1ef4?s=96&d=mm&r=g","contentUrl":"https:\/\/secure.gravatar.com\/avatar\/a94564d630220cefd5c82f3452ac1ef4?s=96&d=mm&r=g","caption":"Artur Andrade"},"description":"Artur Luiz Andrade \u00e9 carioca, taurino, jornalista e nasceu em 1969. \u00c9 editor-chefe da PANROTAS Editora e mora em S\u00e3o Paulo desde 1998","sameAs":["http:\/\/www.panrotas.com.br"]}]}},"jetpack_featured_media_url":"","jetpack_shortlink":"https:\/\/wp.me\/p7idIU-19C","_links":{"self":[{"href":"https:\/\/blog.panrotas.com.br\/semreserva\/wp-json\/wp\/v2\/posts\/4440"}],"collection":[{"href":"https:\/\/blog.panrotas.com.br\/semreserva\/wp-json\/wp\/v2\/posts"}],"about":[{"href":"https:\/\/blog.panrotas.com.br\/semreserva\/wp-json\/wp\/v2\/types\/post"}],"author":[{"embeddable":true,"href":"https:\/\/blog.panrotas.com.br\/semreserva\/wp-json\/wp\/v2\/users\/7"}],"replies":[{"embeddable":true,"href":"https:\/\/blog.panrotas.com.br\/semreserva\/wp-json\/wp\/v2\/comments?post=4440"}],"version-history":[{"count":0,"href":"https:\/\/blog.panrotas.com.br\/semreserva\/wp-json\/wp\/v2\/posts\/4440\/revisions"}],"wp:attachment":[{"href":"https:\/\/blog.panrotas.com.br\/semreserva\/wp-json\/wp\/v2\/media?parent=4440"}],"wp:term":[{"taxonomy":"category","embeddable":true,"href":"https:\/\/blog.panrotas.com.br\/semreserva\/wp-json\/wp\/v2\/categories?post=4440"},{"taxonomy":"post_tag","embeddable":true,"href":"https:\/\/blog.panrotas.com.br\/semreserva\/wp-json\/wp\/v2\/tags?post=4440"}],"curies":[{"name":"wp","href":"https:\/\/api.w.org\/{rel}","templated":true}]}}