{"id":4451,"date":"2015-11-10T17:14:19","date_gmt":"2015-11-10T20:14:19","guid":{"rendered":"http:\/\/blog.panrotas.com.br\/semreserva\/?p=4451"},"modified":"2015-11-10T17:14:19","modified_gmt":"2015-11-10T20:14:19","slug":"teia-de-intermediarios","status":"publish","type":"post","link":"https:\/\/blog.panrotas.com.br\/semreserva\/teia-de-intermediarios\/10-11-2015\/","title":{"rendered":"Teia de intermedi\u00e1rios"},"content":{"rendered":"<p>Neste final de semana ocorreu, em S\u00e3o Paulo, o primeiro Destination Hack Brasil, hackaton patrocinado pelo Sabre. Durante o final de semana, desenvolvedores foram estimulados a criar apps e solu\u00e7\u00f5es tecnol\u00f3gicas para a ind\u00fastria de viagens e turismo. Amanh\u00e3 soltaremos os detalhes dos projetos ganhadores.<\/p>\n<p>&nbsp;<\/p>\n<p>Dos dez projetos apresentados, uns sete queriam ser remunerados sobre a venda de passagens a\u00e9reas, hot\u00e9is&#8230; Ou seja, o usu\u00e1rio entraria no app por motivos diversos e estimulado a viajar compraria a viagem no link fornecido. Ser\u00e1 que eles sabem como anda esse mercado? E que ou eles descobrem a nova Apple e o novo Google ou a chance de ganharem dinheiro com comiss\u00e3o sobre passagem a\u00e9rea e hotel \u00e9 quase nula, beirando a menos que zero? Falta uma vis\u00e3o de mercado a eles, e como s\u00e3o bem novos, a gente entende. Eu sempre entendo todos os lados, fazer o qu\u00ea? Mesmo n\u00e3o concordando.<\/p>\n<p>&nbsp;<\/p>\n<p>Fiz parte do j\u00fari e o grande coment\u00e1rios \u00e9 que n\u00e3o basta ter ideia, tem que saber como monetiz\u00e1-la. Como gerir o novo neg\u00f3cio. Como ganhar dinheiro. Muitos tamb\u00e9m queriam sugerir viagens de acordo com o perfil dos clientes em suas redes sociais&#8230; A\u00ed se voc\u00ea comeu massa hoje, ele te recomenda a It\u00e1lia. Carne? Argentina. Eu n\u00e3o conhe\u00e7o gente que queira uma lista de lugares para visitar e sim de gente que j\u00e1 tem uma lista extensa de destinos visit\u00e1veis ou dos sonhos e que precisa \u00e9 de orienta\u00e7\u00e3o, saber se o or\u00e7amento cabe, se vale a pena&#8230; Enfim, vou sugerir um novo curso pro Paulo Salvador&#8230;<\/p>\n<p>&nbsp;<\/p>\n<p>Esses projetos de app s\u00e3o apenas uma amostra de que as companhias a\u00e9reas, que acharam que a internet significaria o fim da intermedia\u00e7\u00e3o, est\u00e3o tendo que lidar com players antigos e novos e com esses novos entrantes cheios de ideia que provavelmente n\u00e3o resultaram em grandes neg\u00f3cios, mas que, quando o raio cair no lugar certo, pode significar mais um fee para pagar nesse emaranhado do turismo.<\/p>\n<p>&nbsp;<\/p>\n<p><strong>MUDANDO DE PATO PRA GANSO<\/strong><\/p>\n<p>Enquanto isso, o trade est\u00e1 em polvorosa com um v\u00eddeo de humor feito recentemente sobre uma empresa que fechou as portas. Pede pra um amigo que ele te manda. \u00c9 a hist\u00f3ria do rir para n\u00e3o chorar.<\/p>\n<p>&nbsp;<\/p>\n<p>J\u00e1 no Facebook, n\u00e3o h\u00e1 crise. Em outra empresa que fechou, quem tem d\u00edvidas que coma no bandej\u00e3o, que eu vou comemorar (o qu\u00ea?) em Paris. Bom, como n\u00e3o tenho \u201cFeice\u201d essa voc\u00eas v\u00e3o ter pedir para outro amigo mandar tamb\u00e9m.<\/p>\n<p>&nbsp;<\/p>\n<p>E ainda sobre o caso Designer, tentamos mas n\u00e3o conseguimos falar com os donos\u00a0da empresa. A cada hora chegam casos de agentes tendo que colocar a m\u00e3o no bolso. Lament\u00e1vel. Mesmo que lamentemos o fim de tantas empresas, como disse um leitor, \u00e9 preciso saber fechar. Mas conversando com um ex-funcion\u00e1rio de l\u00e1, ele confirma a quest\u00e3o da gest\u00e3o. Fazer pacotes maravilhosos, como os desenvolvedores e seus apps, \u00e9 uma coisa. Fazer o neg\u00f3cio dar dinheiro, \u00e9 outra coisa. E \u00e9 na hora da crise que a conta \u00e9 cobrada.<\/p>\n<p>&nbsp;<\/p>\n<p>Nesse meio tempo, Rodolpho Gerstner reafirma que a quest\u00e3o seria\u00a0mesmo de gest\u00e3o e que o empres\u00e1rio precisa saber a hora de jogar o chap\u00e9u com dignidade. Mas quem \u00e9 que sabe? Achei estranho em nenhum dos casos citarem os funcion\u00e1rios dessas empresas. Mas cada um reclama do seu calo, n\u00e3o \u00e9 mesmo? J\u00e1 Aldo Leone Filho, em Gramado, disse que o problema \u00e9 ser especializado, segmentado. Mas essa n\u00e3o era a solu\u00e7\u00e3o at\u00e9 pouco tempo atr\u00e1s?<\/p>\n<p>&nbsp;<\/p>\n<p>Sinto mudan\u00e7as profundas no ar e na ind\u00fastria. Quem ainda n\u00e3o percebeu (e elas come\u00e7aram h\u00e1 anos) vai continuar em crise, mesmo como a era Dilma passar. Ter d\u00e9cadas de passado hoje j\u00e1 n\u00e3o vale tanto quanto ter dois ou tr\u00eas anos promissores \u00e0 frente. Do ponto de vista da hist\u00f3ria do setor, claro, os pioneiros ter\u00e3o sempre seu lugar no pante\u00e3o. \u00c9 outra hist\u00f3ria.<\/p>\n<p>&nbsp;<\/p>\n<p>E ent\u00e3o? J\u00e1 receberam o v\u00eddeo? E no Face? Curtiram as fotos?<\/p>\n<p>&nbsp;<\/p>\n<p>&nbsp;<\/p>\n<p>&nbsp;<\/p>\n<p>&nbsp;<\/p>\n<p>&nbsp;<\/p>\n","protected":false},"excerpt":{"rendered":"<p>Neste final de semana ocorreu, em S\u00e3o Paulo, o primeiro Destination Hack Brasil, hackaton patrocinado pelo Sabre. Durante o final de semana, desenvolvedores foram estimulados a criar apps e solu\u00e7\u00f5es tecnol\u00f3gicas para a ind\u00fastria de viagens e turismo. Amanh\u00e3 soltaremos os detalhes dos projetos ganhadores. &nbsp; Dos dez projetos apresentados, uns sete queriam ser remunerados [&hellip;]<\/p>\n","protected":false},"author":7,"featured_media":0,"comment_status":"open","ping_status":"open","sticky":false,"template":"","format":"standard","meta":{"spay_email":""},"categories":[2],"tags":[],"yoast_head":"<!-- This site is optimized with the Yoast SEO plugin v17.3 - https:\/\/yoast.com\/wordpress\/plugins\/seo\/ -->\n<title>Teia de intermedi\u00e1rios -<\/title>\n<meta name=\"description\" content=\"Teia de intermedi\u00e1rios. Confira essa Mat\u00e9ria no Canal Sem reserva. \u27a4 Projeto em parceria com a PANROTAS.\" \/>\n<meta name=\"robots\" content=\"index, follow, max-snippet:-1, max-image-preview:large, max-video-preview:-1\" \/>\n<link rel=\"canonical\" href=\"https:\/\/blog.panrotas.com.br\/semreserva\/teia-de-intermediarios\/10-11-2015\/\" \/>\n<meta property=\"og:locale\" content=\"pt_BR\" \/>\n<meta property=\"og:type\" content=\"article\" \/>\n<meta property=\"og:title\" content=\"Teia de intermedi\u00e1rios -\" \/>\n<meta property=\"og:description\" content=\"Teia de intermedi\u00e1rios. Confira essa Mat\u00e9ria no Canal Sem reserva. \u27a4 Projeto em parceria com a PANROTAS.\" \/>\n<meta property=\"og:url\" content=\"https:\/\/blog.panrotas.com.br\/semreserva\/teia-de-intermediarios\/10-11-2015\/\" \/>\n<meta property=\"og:site_name\" content=\"Sem reserva\" \/>\n<meta property=\"article:publisher\" content=\"https:\/\/www.facebook.com\/portalpanrotas\/\" \/>\n<meta property=\"article:published_time\" content=\"2015-11-10T20:14:19+00:00\" \/>\n<meta name=\"twitter:card\" content=\"summary_large_image\" \/>\n<meta name=\"twitter:creator\" content=\"@portalpanrotas\" \/>\n<meta name=\"twitter:site\" content=\"@portalpanrotas\" \/>\n<meta name=\"twitter:label1\" content=\"Escrito por\" \/>\n\t<meta name=\"twitter:data1\" content=\"Artur Andrade\" \/>\n\t<meta name=\"twitter:label2\" content=\"Est. tempo de leitura\" \/>\n\t<meta name=\"twitter:data2\" content=\"4 minutos\" \/>\n<script type=\"application\/ld+json\" class=\"yoast-schema-graph\">{\"@context\":\"https:\/\/schema.org\",\"@graph\":[{\"@type\":\"Organization\",\"@id\":\"http:\/\/blog.panrotas.com.br\/semreserva\/#organization\",\"name\":\"Sem Reserva - Blog no Portal PANROTAS\",\"url\":\"http:\/\/blog.panrotas.com.br\/semreserva\/\",\"sameAs\":[\"https:\/\/www.facebook.com\/portalpanrotas\/\",\"https:\/\/www.instagram.com\/portalpanrotas\/\",\"https:\/\/br.linkedin.com\/company\/panrotas\",\"https:\/\/www.youtube.com\/tvpanrotas\",\"https:\/\/twitter.com\/portalpanrotas\"],\"logo\":{\"@type\":\"ImageObject\",\"@id\":\"http:\/\/blog.panrotas.com.br\/semreserva\/#logo\",\"inLanguage\":\"pt-BR\",\"url\":\"https:\/\/blog.panrotas.com.br\/semreserva\/wp-content\/uploads\/sites\/5\/2020\/06\/logo.png\",\"contentUrl\":\"https:\/\/blog.panrotas.com.br\/semreserva\/wp-content\/uploads\/sites\/5\/2020\/06\/logo.png\",\"width\":259,\"height\":53,\"caption\":\"Sem Reserva - Blog no Portal PANROTAS\"},\"image\":{\"@id\":\"http:\/\/blog.panrotas.com.br\/semreserva\/#logo\"}},{\"@type\":\"WebSite\",\"@id\":\"http:\/\/blog.panrotas.com.br\/semreserva\/#website\",\"url\":\"http:\/\/blog.panrotas.com.br\/semreserva\/\",\"name\":\"Sem reserva\",\"description\":\"Blogosfera PANROTAS\",\"publisher\":{\"@id\":\"http:\/\/blog.panrotas.com.br\/semreserva\/#organization\"},\"potentialAction\":[{\"@type\":\"SearchAction\",\"target\":{\"@type\":\"EntryPoint\",\"urlTemplate\":\"http:\/\/blog.panrotas.com.br\/semreserva\/?s={search_term_string}\"},\"query-input\":\"required name=search_term_string\"}],\"inLanguage\":\"pt-BR\"},{\"@type\":\"WebPage\",\"@id\":\"https:\/\/blog.panrotas.com.br\/semreserva\/teia-de-intermediarios\/10-11-2015\/#webpage\",\"url\":\"https:\/\/blog.panrotas.com.br\/semreserva\/teia-de-intermediarios\/10-11-2015\/\",\"name\":\"Teia de intermedi\\u00e1rios -\",\"isPartOf\":{\"@id\":\"http:\/\/blog.panrotas.com.br\/semreserva\/#website\"},\"datePublished\":\"2015-11-10T20:14:19+00:00\",\"dateModified\":\"2015-11-10T20:14:19+00:00\",\"description\":\"Teia de intermedi\\u00e1rios. Confira essa Mat\\u00e9ria no Canal Sem reserva. \\u27a4 Projeto em parceria com a PANROTAS.\",\"breadcrumb\":{\"@id\":\"https:\/\/blog.panrotas.com.br\/semreserva\/teia-de-intermediarios\/10-11-2015\/#breadcrumb\"},\"inLanguage\":\"pt-BR\",\"potentialAction\":[{\"@type\":\"ReadAction\",\"target\":[\"https:\/\/blog.panrotas.com.br\/semreserva\/teia-de-intermediarios\/10-11-2015\/\"]}]},{\"@type\":\"BreadcrumbList\",\"@id\":\"https:\/\/blog.panrotas.com.br\/semreserva\/teia-de-intermediarios\/10-11-2015\/#breadcrumb\",\"itemListElement\":[{\"@type\":\"ListItem\",\"position\":1,\"name\":\"Home do Blog\",\"item\":\"http:\/\/blog.panrotas.com.br\/semreserva\/\"},{\"@type\":\"ListItem\",\"position\":2,\"name\":\"Dia a dia\",\"item\":\"https:\/\/blog.panrotas.com.br\/semreserva\/category\/dia-a-dia\/\"},{\"@type\":\"ListItem\",\"position\":3,\"name\":\"Teia de intermedi\\u00e1rios\"}]},{\"@type\":\"Article\",\"@id\":\"https:\/\/blog.panrotas.com.br\/semreserva\/teia-de-intermediarios\/10-11-2015\/#article\",\"isPartOf\":{\"@id\":\"https:\/\/blog.panrotas.com.br\/semreserva\/teia-de-intermediarios\/10-11-2015\/#webpage\"},\"author\":{\"@id\":\"http:\/\/blog.panrotas.com.br\/semreserva\/#\/schema\/person\/c93b4555f6a497d2d83c25dcb80f61ed\"},\"headline\":\"Teia de intermedi\\u00e1rios\",\"datePublished\":\"2015-11-10T20:14:19+00:00\",\"dateModified\":\"2015-11-10T20:14:19+00:00\",\"mainEntityOfPage\":{\"@id\":\"https:\/\/blog.panrotas.com.br\/semreserva\/teia-de-intermediarios\/10-11-2015\/#webpage\"},\"wordCount\":725,\"commentCount\":0,\"publisher\":{\"@id\":\"http:\/\/blog.panrotas.com.br\/semreserva\/#organization\"},\"articleSection\":[\"Dia a dia\"],\"inLanguage\":\"pt-BR\",\"potentialAction\":[{\"@type\":\"CommentAction\",\"name\":\"Comment\",\"target\":[\"https:\/\/blog.panrotas.com.br\/semreserva\/teia-de-intermediarios\/10-11-2015\/#respond\"]}]},{\"@type\":\"Person\",\"@id\":\"http:\/\/blog.panrotas.com.br\/semreserva\/#\/schema\/person\/c93b4555f6a497d2d83c25dcb80f61ed\",\"name\":\"Artur Andrade\",\"image\":{\"@type\":\"ImageObject\",\"@id\":\"http:\/\/blog.panrotas.com.br\/semreserva\/#personlogo\",\"inLanguage\":\"pt-BR\",\"url\":\"https:\/\/secure.gravatar.com\/avatar\/a94564d630220cefd5c82f3452ac1ef4?s=96&d=mm&r=g\",\"contentUrl\":\"https:\/\/secure.gravatar.com\/avatar\/a94564d630220cefd5c82f3452ac1ef4?s=96&d=mm&r=g\",\"caption\":\"Artur Andrade\"},\"description\":\"Artur Luiz Andrade \\u00e9 carioca, taurino, jornalista e nasceu em 1969. \\u00c9 editor-chefe da PANROTAS Editora e mora em S\\u00e3o Paulo desde 1998\",\"sameAs\":[\"http:\/\/www.panrotas.com.br\"]}]}<\/script>\n<!-- \/ Yoast SEO plugin. -->","yoast_head_json":{"title":"Teia de intermedi\u00e1rios -","description":"Teia de intermedi\u00e1rios. Confira essa Mat\u00e9ria no Canal Sem reserva. \u27a4 Projeto em parceria com a PANROTAS.","robots":{"index":"index","follow":"follow","max-snippet":"max-snippet:-1","max-image-preview":"max-image-preview:large","max-video-preview":"max-video-preview:-1"},"canonical":"https:\/\/blog.panrotas.com.br\/semreserva\/teia-de-intermediarios\/10-11-2015\/","og_locale":"pt_BR","og_type":"article","og_title":"Teia de intermedi\u00e1rios -","og_description":"Teia de intermedi\u00e1rios. Confira essa Mat\u00e9ria no Canal Sem reserva. \u27a4 Projeto em parceria com a PANROTAS.","og_url":"https:\/\/blog.panrotas.com.br\/semreserva\/teia-de-intermediarios\/10-11-2015\/","og_site_name":"Sem reserva","article_publisher":"https:\/\/www.facebook.com\/portalpanrotas\/","article_published_time":"2015-11-10T20:14:19+00:00","twitter_card":"summary_large_image","twitter_creator":"@portalpanrotas","twitter_site":"@portalpanrotas","twitter_misc":{"Escrito por":"Artur Andrade","Est. tempo de leitura":"4 minutos"},"schema":{"@context":"https:\/\/schema.org","@graph":[{"@type":"Organization","@id":"http:\/\/blog.panrotas.com.br\/semreserva\/#organization","name":"Sem Reserva - Blog no Portal PANROTAS","url":"http:\/\/blog.panrotas.com.br\/semreserva\/","sameAs":["https:\/\/www.facebook.com\/portalpanrotas\/","https:\/\/www.instagram.com\/portalpanrotas\/","https:\/\/br.linkedin.com\/company\/panrotas","https:\/\/www.youtube.com\/tvpanrotas","https:\/\/twitter.com\/portalpanrotas"],"logo":{"@type":"ImageObject","@id":"http:\/\/blog.panrotas.com.br\/semreserva\/#logo","inLanguage":"pt-BR","url":"https:\/\/blog.panrotas.com.br\/semreserva\/wp-content\/uploads\/sites\/5\/2020\/06\/logo.png","contentUrl":"https:\/\/blog.panrotas.com.br\/semreserva\/wp-content\/uploads\/sites\/5\/2020\/06\/logo.png","width":259,"height":53,"caption":"Sem Reserva - Blog no Portal PANROTAS"},"image":{"@id":"http:\/\/blog.panrotas.com.br\/semreserva\/#logo"}},{"@type":"WebSite","@id":"http:\/\/blog.panrotas.com.br\/semreserva\/#website","url":"http:\/\/blog.panrotas.com.br\/semreserva\/","name":"Sem reserva","description":"Blogosfera PANROTAS","publisher":{"@id":"http:\/\/blog.panrotas.com.br\/semreserva\/#organization"},"potentialAction":[{"@type":"SearchAction","target":{"@type":"EntryPoint","urlTemplate":"http:\/\/blog.panrotas.com.br\/semreserva\/?s={search_term_string}"},"query-input":"required name=search_term_string"}],"inLanguage":"pt-BR"},{"@type":"WebPage","@id":"https:\/\/blog.panrotas.com.br\/semreserva\/teia-de-intermediarios\/10-11-2015\/#webpage","url":"https:\/\/blog.panrotas.com.br\/semreserva\/teia-de-intermediarios\/10-11-2015\/","name":"Teia de intermedi\u00e1rios -","isPartOf":{"@id":"http:\/\/blog.panrotas.com.br\/semreserva\/#website"},"datePublished":"2015-11-10T20:14:19+00:00","dateModified":"2015-11-10T20:14:19+00:00","description":"Teia de intermedi\u00e1rios. Confira essa Mat\u00e9ria no Canal Sem reserva. \u27a4 Projeto em parceria com a PANROTAS.","breadcrumb":{"@id":"https:\/\/blog.panrotas.com.br\/semreserva\/teia-de-intermediarios\/10-11-2015\/#breadcrumb"},"inLanguage":"pt-BR","potentialAction":[{"@type":"ReadAction","target":["https:\/\/blog.panrotas.com.br\/semreserva\/teia-de-intermediarios\/10-11-2015\/"]}]},{"@type":"BreadcrumbList","@id":"https:\/\/blog.panrotas.com.br\/semreserva\/teia-de-intermediarios\/10-11-2015\/#breadcrumb","itemListElement":[{"@type":"ListItem","position":1,"name":"Home do Blog","item":"http:\/\/blog.panrotas.com.br\/semreserva\/"},{"@type":"ListItem","position":2,"name":"Dia a dia","item":"https:\/\/blog.panrotas.com.br\/semreserva\/category\/dia-a-dia\/"},{"@type":"ListItem","position":3,"name":"Teia de intermedi\u00e1rios"}]},{"@type":"Article","@id":"https:\/\/blog.panrotas.com.br\/semreserva\/teia-de-intermediarios\/10-11-2015\/#article","isPartOf":{"@id":"https:\/\/blog.panrotas.com.br\/semreserva\/teia-de-intermediarios\/10-11-2015\/#webpage"},"author":{"@id":"http:\/\/blog.panrotas.com.br\/semreserva\/#\/schema\/person\/c93b4555f6a497d2d83c25dcb80f61ed"},"headline":"Teia de intermedi\u00e1rios","datePublished":"2015-11-10T20:14:19+00:00","dateModified":"2015-11-10T20:14:19+00:00","mainEntityOfPage":{"@id":"https:\/\/blog.panrotas.com.br\/semreserva\/teia-de-intermediarios\/10-11-2015\/#webpage"},"wordCount":725,"commentCount":0,"publisher":{"@id":"http:\/\/blog.panrotas.com.br\/semreserva\/#organization"},"articleSection":["Dia a dia"],"inLanguage":"pt-BR","potentialAction":[{"@type":"CommentAction","name":"Comment","target":["https:\/\/blog.panrotas.com.br\/semreserva\/teia-de-intermediarios\/10-11-2015\/#respond"]}]},{"@type":"Person","@id":"http:\/\/blog.panrotas.com.br\/semreserva\/#\/schema\/person\/c93b4555f6a497d2d83c25dcb80f61ed","name":"Artur Andrade","image":{"@type":"ImageObject","@id":"http:\/\/blog.panrotas.com.br\/semreserva\/#personlogo","inLanguage":"pt-BR","url":"https:\/\/secure.gravatar.com\/avatar\/a94564d630220cefd5c82f3452ac1ef4?s=96&d=mm&r=g","contentUrl":"https:\/\/secure.gravatar.com\/avatar\/a94564d630220cefd5c82f3452ac1ef4?s=96&d=mm&r=g","caption":"Artur Andrade"},"description":"Artur Luiz Andrade \u00e9 carioca, taurino, jornalista e nasceu em 1969. \u00c9 editor-chefe da PANROTAS Editora e mora em S\u00e3o Paulo desde 1998","sameAs":["http:\/\/www.panrotas.com.br"]}]}},"jetpack_featured_media_url":"","jetpack_shortlink":"https:\/\/wp.me\/p7idIU-19N","_links":{"self":[{"href":"https:\/\/blog.panrotas.com.br\/semreserva\/wp-json\/wp\/v2\/posts\/4451"}],"collection":[{"href":"https:\/\/blog.panrotas.com.br\/semreserva\/wp-json\/wp\/v2\/posts"}],"about":[{"href":"https:\/\/blog.panrotas.com.br\/semreserva\/wp-json\/wp\/v2\/types\/post"}],"author":[{"embeddable":true,"href":"https:\/\/blog.panrotas.com.br\/semreserva\/wp-json\/wp\/v2\/users\/7"}],"replies":[{"embeddable":true,"href":"https:\/\/blog.panrotas.com.br\/semreserva\/wp-json\/wp\/v2\/comments?post=4451"}],"version-history":[{"count":0,"href":"https:\/\/blog.panrotas.com.br\/semreserva\/wp-json\/wp\/v2\/posts\/4451\/revisions"}],"wp:attachment":[{"href":"https:\/\/blog.panrotas.com.br\/semreserva\/wp-json\/wp\/v2\/media?parent=4451"}],"wp:term":[{"taxonomy":"category","embeddable":true,"href":"https:\/\/blog.panrotas.com.br\/semreserva\/wp-json\/wp\/v2\/categories?post=4451"},{"taxonomy":"post_tag","embeddable":true,"href":"https:\/\/blog.panrotas.com.br\/semreserva\/wp-json\/wp\/v2\/tags?post=4451"}],"curies":[{"name":"wp","href":"https:\/\/api.w.org\/{rel}","templated":true}]}}