{"id":4465,"date":"2015-12-16T07:59:29","date_gmt":"2015-12-16T10:59:29","guid":{"rendered":"http:\/\/blog.panrotas.com.br\/semreserva\/?p=4465"},"modified":"2015-12-16T07:59:29","modified_gmt":"2015-12-16T10:59:29","slug":"flygap","status":"publish","type":"post","link":"https:\/\/blog.panrotas.com.br\/semreserva\/flygap\/16-12-2015\/","title":{"rendered":"FLYGAP"},"content":{"rendered":"<p>&nbsp;<\/p>\n<p>Fus\u00f5es como a anunciada hoje pela Flytour e Gapnet, envolvendo todas as empresas dos dois grupos, n\u00e3o s\u00e3o mais surpresa e sim tend\u00eancia. Chega-se a um patamar que s\u00f3 unindo for\u00e7as para crescer e fazer frente aos novos desafios. Uma nova era para o turismo, oposta \u00e0 era que os s\u00f3cios de ambas as empresas vivenciaram e ajudaram a criar d\u00e9cadas atr\u00e1s. \u00c9 muito bom ver a evolu\u00e7\u00e3o de todo um setor, que ainda resiste a mudan\u00e7as e transforma\u00e7\u00f5es.<\/p>\n<p>&nbsp;<\/p>\n<p>Quando cheguei a S\u00e3o Paulo, em 1998, as consolidadoras j\u00e1 eram a grande for\u00e7a do turismo, substituindo os operadores desbravadores da d\u00e9cada de 1980, as grandes ag\u00eancias das d\u00e9cadas anteriores, como motores da ind\u00fastria. Ao lado do segmento de viagens corporativas mudaram a forma de se trabalhar, ajudaram a ind\u00fastria a evoluir e crescer.<\/p>\n<p>&nbsp;<\/p>\n<p>Se eu dissesse naquele ano a qualquer um deles que Rextur e Advance virariam uma s\u00f3 empresa, comprada pela CVC, e que Flytour e Gapnet se uniriam, com raz\u00e3o ririam da minha cara. At\u00e9 porque, naquela \u00e9poca e nos anos seguintes em que acompanhei esse setor, de poucos e brilhantes players, Advance e Gapnet se alternavam como alvo dos demais. Eram as ovelhas negras que ousavam desafiar acordos, pr\u00e1ticas tidas como comum&#8230; ou seja, incomodavam bastante.<\/p>\n<p>&nbsp;<\/p>\n<p>Sempre me dei muito bem com todos e acompanhei o crescimento e a profissionaliza\u00e7\u00e3o desse importante segmento. Mas a briga era ferrenha e eu tinha de estar sempre atento \u00e0s novidades de todos, sem privil\u00e9gios. Uma vez um deles perguntou quanto eu tinha ganhado para escrever uma mat\u00e9ria sobre a Flytour. Respondi: o mesmo que voc\u00ea me pagou pela mat\u00e9ria da semana passada sobre sua empresa. Ficou um clima ruim por um tempo, mas eu consegui entender que era guerra o que havia entre eles.<\/p>\n<p>&nbsp;<\/p>\n<p>Hoje, por mais que a Esferatur tente ser a voz mais dissidente, h\u00e1 mais ovelhas negras, e a Air Tkt \u00e9 apenas uma tentativa de organizar o desenvolvimento do setor. Continuam superconcorrentes. O n\u00famero de players tende a diminuir, mas os grupos estar\u00e3o mais fortes.<\/p>\n<p>&nbsp;<\/p>\n<p>Achei que a fus\u00e3o Flygap seria apenas na consolida\u00e7\u00e3o, mas fui surpreendido com algo maior e mais poderoso. Prometem manter marcas e empresas&#8230; Claro que com o tempo, ajustes ser\u00e3o feitos (como as duas culturas atuar\u00e3o juntas?), mas se sozinhas j\u00e1 eram fortes as duas empresas, agora mais ainda.<\/p>\n<p>&nbsp;<\/p>\n<p>Quem partir\u00e1 primeiro para a internacionaliza\u00e7\u00e3o? CVC? Alatur? Flygap? Que outras empresas ser\u00e3o agregadas a esses grandes grupos? Quem receber\u00e1 dinheiro forte de investidores daqui ou de fora? Como os fornecedores veem essas movimenta\u00e7\u00f5es? As empresas a\u00e9reas, ali\u00e1s, foram das primeiras a fundir, comprar, revender&#8230; O tema \u00e9 t\u00e3o &#8220;corriqueiro&#8221; ou parte de uma tend\u00eancia que n\u00e3o tem volta, que se duas a\u00e9reas nacionais decidirem se fundir ningu\u00e9m vai ficar estarrecido como na venda da CVC ou mesmo na fus\u00e3o Rextur Advance.<\/p>\n<p>&nbsp;<\/p>\n<p>H\u00e1 alguns setores, por\u00e9m, que pararam no tempo. E continuam apostando em modelos que deram certo l\u00e1 atr\u00e1s, mas que hoje apenas sobrevivem. Fus\u00e3o n\u00e3o \u00e9 apenas para grandes e gigantes; parcerias podem nascer entre as empresas mais diferentes. Basta estar aberto a isso.<\/p>\n<p>&nbsp;<\/p>\n<p>Os grupos est\u00e3o se formando&#8230; Onde os dissidentes e independentes v\u00e3o colar? O voo solo n\u00e3o \u00e9 necessariamente ruim, mas ca\u00e7ar em bando \u00e9 mais eficaz. Ou n\u00e3o?<\/p>\n","protected":false},"excerpt":{"rendered":"<p>&nbsp; Fus\u00f5es como a anunciada hoje pela Flytour e Gapnet, envolvendo todas as empresas dos dois grupos, n\u00e3o s\u00e3o mais surpresa e sim tend\u00eancia. Chega-se a um patamar que s\u00f3 unindo for\u00e7as para crescer e fazer frente aos novos desafios. Uma nova era para o turismo, oposta \u00e0 era que os s\u00f3cios de ambas as [&hellip;]<\/p>\n","protected":false},"author":7,"featured_media":0,"comment_status":"open","ping_status":"open","sticky":false,"template":"","format":"standard","meta":{"spay_email":""},"categories":[2],"tags":[],"yoast_head":"<!-- This site is optimized with the Yoast SEO plugin v17.3 - https:\/\/yoast.com\/wordpress\/plugins\/seo\/ -->\n<title>FLYGAP -<\/title>\n<meta name=\"description\" content=\"FLYGAP. Confira essa Mat\u00e9ria no Canal Sem reserva. \u27a4 Projeto em parceria com a PANROTAS.\" \/>\n<meta name=\"robots\" content=\"index, follow, max-snippet:-1, max-image-preview:large, max-video-preview:-1\" \/>\n<link rel=\"canonical\" href=\"https:\/\/blog.panrotas.com.br\/semreserva\/flygap\/16-12-2015\/\" \/>\n<meta property=\"og:locale\" content=\"pt_BR\" \/>\n<meta property=\"og:type\" content=\"article\" \/>\n<meta property=\"og:title\" content=\"FLYGAP -\" \/>\n<meta property=\"og:description\" content=\"FLYGAP. Confira essa Mat\u00e9ria no Canal Sem reserva. \u27a4 Projeto em parceria com a PANROTAS.\" \/>\n<meta property=\"og:url\" content=\"https:\/\/blog.panrotas.com.br\/semreserva\/flygap\/16-12-2015\/\" \/>\n<meta property=\"og:site_name\" content=\"Sem reserva\" \/>\n<meta property=\"article:publisher\" content=\"https:\/\/www.facebook.com\/portalpanrotas\/\" \/>\n<meta property=\"article:published_time\" content=\"2015-12-16T10:59:29+00:00\" \/>\n<meta name=\"twitter:card\" content=\"summary_large_image\" \/>\n<meta name=\"twitter:creator\" content=\"@portalpanrotas\" \/>\n<meta name=\"twitter:site\" content=\"@portalpanrotas\" \/>\n<meta name=\"twitter:label1\" content=\"Escrito por\" \/>\n\t<meta name=\"twitter:data1\" content=\"Artur Andrade\" \/>\n\t<meta name=\"twitter:label2\" content=\"Est. tempo de leitura\" \/>\n\t<meta name=\"twitter:data2\" content=\"3 minutos\" \/>\n<script type=\"application\/ld+json\" class=\"yoast-schema-graph\">{\"@context\":\"https:\/\/schema.org\",\"@graph\":[{\"@type\":\"Organization\",\"@id\":\"http:\/\/blog.panrotas.com.br\/semreserva\/#organization\",\"name\":\"Sem Reserva - Blog no Portal PANROTAS\",\"url\":\"http:\/\/blog.panrotas.com.br\/semreserva\/\",\"sameAs\":[\"https:\/\/www.facebook.com\/portalpanrotas\/\",\"https:\/\/www.instagram.com\/portalpanrotas\/\",\"https:\/\/br.linkedin.com\/company\/panrotas\",\"https:\/\/www.youtube.com\/tvpanrotas\",\"https:\/\/twitter.com\/portalpanrotas\"],\"logo\":{\"@type\":\"ImageObject\",\"@id\":\"http:\/\/blog.panrotas.com.br\/semreserva\/#logo\",\"inLanguage\":\"pt-BR\",\"url\":\"https:\/\/blog.panrotas.com.br\/semreserva\/wp-content\/uploads\/sites\/5\/2020\/06\/logo.png\",\"contentUrl\":\"https:\/\/blog.panrotas.com.br\/semreserva\/wp-content\/uploads\/sites\/5\/2020\/06\/logo.png\",\"width\":259,\"height\":53,\"caption\":\"Sem Reserva - Blog no Portal PANROTAS\"},\"image\":{\"@id\":\"http:\/\/blog.panrotas.com.br\/semreserva\/#logo\"}},{\"@type\":\"WebSite\",\"@id\":\"http:\/\/blog.panrotas.com.br\/semreserva\/#website\",\"url\":\"http:\/\/blog.panrotas.com.br\/semreserva\/\",\"name\":\"Sem reserva\",\"description\":\"Blogosfera PANROTAS\",\"publisher\":{\"@id\":\"http:\/\/blog.panrotas.com.br\/semreserva\/#organization\"},\"potentialAction\":[{\"@type\":\"SearchAction\",\"target\":{\"@type\":\"EntryPoint\",\"urlTemplate\":\"http:\/\/blog.panrotas.com.br\/semreserva\/?s={search_term_string}\"},\"query-input\":\"required name=search_term_string\"}],\"inLanguage\":\"pt-BR\"},{\"@type\":\"WebPage\",\"@id\":\"https:\/\/blog.panrotas.com.br\/semreserva\/flygap\/16-12-2015\/#webpage\",\"url\":\"https:\/\/blog.panrotas.com.br\/semreserva\/flygap\/16-12-2015\/\",\"name\":\"FLYGAP -\",\"isPartOf\":{\"@id\":\"http:\/\/blog.panrotas.com.br\/semreserva\/#website\"},\"datePublished\":\"2015-12-16T10:59:29+00:00\",\"dateModified\":\"2015-12-16T10:59:29+00:00\",\"description\":\"FLYGAP. Confira essa Mat\\u00e9ria no Canal Sem reserva. \\u27a4 Projeto em parceria com a PANROTAS.\",\"breadcrumb\":{\"@id\":\"https:\/\/blog.panrotas.com.br\/semreserva\/flygap\/16-12-2015\/#breadcrumb\"},\"inLanguage\":\"pt-BR\",\"potentialAction\":[{\"@type\":\"ReadAction\",\"target\":[\"https:\/\/blog.panrotas.com.br\/semreserva\/flygap\/16-12-2015\/\"]}]},{\"@type\":\"BreadcrumbList\",\"@id\":\"https:\/\/blog.panrotas.com.br\/semreserva\/flygap\/16-12-2015\/#breadcrumb\",\"itemListElement\":[{\"@type\":\"ListItem\",\"position\":1,\"name\":\"Home do Blog\",\"item\":\"http:\/\/blog.panrotas.com.br\/semreserva\/\"},{\"@type\":\"ListItem\",\"position\":2,\"name\":\"Dia a dia\",\"item\":\"https:\/\/blog.panrotas.com.br\/semreserva\/category\/dia-a-dia\/\"},{\"@type\":\"ListItem\",\"position\":3,\"name\":\"FLYGAP\"}]},{\"@type\":\"Article\",\"@id\":\"https:\/\/blog.panrotas.com.br\/semreserva\/flygap\/16-12-2015\/#article\",\"isPartOf\":{\"@id\":\"https:\/\/blog.panrotas.com.br\/semreserva\/flygap\/16-12-2015\/#webpage\"},\"author\":{\"@id\":\"http:\/\/blog.panrotas.com.br\/semreserva\/#\/schema\/person\/c93b4555f6a497d2d83c25dcb80f61ed\"},\"headline\":\"FLYGAP\",\"datePublished\":\"2015-12-16T10:59:29+00:00\",\"dateModified\":\"2015-12-16T10:59:29+00:00\",\"mainEntityOfPage\":{\"@id\":\"https:\/\/blog.panrotas.com.br\/semreserva\/flygap\/16-12-2015\/#webpage\"},\"wordCount\":593,\"commentCount\":0,\"publisher\":{\"@id\":\"http:\/\/blog.panrotas.com.br\/semreserva\/#organization\"},\"articleSection\":[\"Dia a dia\"],\"inLanguage\":\"pt-BR\",\"potentialAction\":[{\"@type\":\"CommentAction\",\"name\":\"Comment\",\"target\":[\"https:\/\/blog.panrotas.com.br\/semreserva\/flygap\/16-12-2015\/#respond\"]}]},{\"@type\":\"Person\",\"@id\":\"http:\/\/blog.panrotas.com.br\/semreserva\/#\/schema\/person\/c93b4555f6a497d2d83c25dcb80f61ed\",\"name\":\"Artur Andrade\",\"image\":{\"@type\":\"ImageObject\",\"@id\":\"http:\/\/blog.panrotas.com.br\/semreserva\/#personlogo\",\"inLanguage\":\"pt-BR\",\"url\":\"https:\/\/secure.gravatar.com\/avatar\/a94564d630220cefd5c82f3452ac1ef4?s=96&d=mm&r=g\",\"contentUrl\":\"https:\/\/secure.gravatar.com\/avatar\/a94564d630220cefd5c82f3452ac1ef4?s=96&d=mm&r=g\",\"caption\":\"Artur Andrade\"},\"description\":\"Artur Luiz Andrade \\u00e9 carioca, taurino, jornalista e nasceu em 1969. \\u00c9 editor-chefe da PANROTAS Editora e mora em S\\u00e3o Paulo desde 1998\",\"sameAs\":[\"http:\/\/www.panrotas.com.br\"]}]}<\/script>\n<!-- \/ Yoast SEO plugin. -->","yoast_head_json":{"title":"FLYGAP -","description":"FLYGAP. Confira essa Mat\u00e9ria no Canal Sem reserva. \u27a4 Projeto em parceria com a PANROTAS.","robots":{"index":"index","follow":"follow","max-snippet":"max-snippet:-1","max-image-preview":"max-image-preview:large","max-video-preview":"max-video-preview:-1"},"canonical":"https:\/\/blog.panrotas.com.br\/semreserva\/flygap\/16-12-2015\/","og_locale":"pt_BR","og_type":"article","og_title":"FLYGAP -","og_description":"FLYGAP. Confira essa Mat\u00e9ria no Canal Sem reserva. \u27a4 Projeto em parceria com a PANROTAS.","og_url":"https:\/\/blog.panrotas.com.br\/semreserva\/flygap\/16-12-2015\/","og_site_name":"Sem reserva","article_publisher":"https:\/\/www.facebook.com\/portalpanrotas\/","article_published_time":"2015-12-16T10:59:29+00:00","twitter_card":"summary_large_image","twitter_creator":"@portalpanrotas","twitter_site":"@portalpanrotas","twitter_misc":{"Escrito por":"Artur Andrade","Est. tempo de leitura":"3 minutos"},"schema":{"@context":"https:\/\/schema.org","@graph":[{"@type":"Organization","@id":"http:\/\/blog.panrotas.com.br\/semreserva\/#organization","name":"Sem Reserva - Blog no Portal PANROTAS","url":"http:\/\/blog.panrotas.com.br\/semreserva\/","sameAs":["https:\/\/www.facebook.com\/portalpanrotas\/","https:\/\/www.instagram.com\/portalpanrotas\/","https:\/\/br.linkedin.com\/company\/panrotas","https:\/\/www.youtube.com\/tvpanrotas","https:\/\/twitter.com\/portalpanrotas"],"logo":{"@type":"ImageObject","@id":"http:\/\/blog.panrotas.com.br\/semreserva\/#logo","inLanguage":"pt-BR","url":"https:\/\/blog.panrotas.com.br\/semreserva\/wp-content\/uploads\/sites\/5\/2020\/06\/logo.png","contentUrl":"https:\/\/blog.panrotas.com.br\/semreserva\/wp-content\/uploads\/sites\/5\/2020\/06\/logo.png","width":259,"height":53,"caption":"Sem Reserva - Blog no Portal PANROTAS"},"image":{"@id":"http:\/\/blog.panrotas.com.br\/semreserva\/#logo"}},{"@type":"WebSite","@id":"http:\/\/blog.panrotas.com.br\/semreserva\/#website","url":"http:\/\/blog.panrotas.com.br\/semreserva\/","name":"Sem reserva","description":"Blogosfera PANROTAS","publisher":{"@id":"http:\/\/blog.panrotas.com.br\/semreserva\/#organization"},"potentialAction":[{"@type":"SearchAction","target":{"@type":"EntryPoint","urlTemplate":"http:\/\/blog.panrotas.com.br\/semreserva\/?s={search_term_string}"},"query-input":"required name=search_term_string"}],"inLanguage":"pt-BR"},{"@type":"WebPage","@id":"https:\/\/blog.panrotas.com.br\/semreserva\/flygap\/16-12-2015\/#webpage","url":"https:\/\/blog.panrotas.com.br\/semreserva\/flygap\/16-12-2015\/","name":"FLYGAP -","isPartOf":{"@id":"http:\/\/blog.panrotas.com.br\/semreserva\/#website"},"datePublished":"2015-12-16T10:59:29+00:00","dateModified":"2015-12-16T10:59:29+00:00","description":"FLYGAP. Confira essa Mat\u00e9ria no Canal Sem reserva. \u27a4 Projeto em parceria com a PANROTAS.","breadcrumb":{"@id":"https:\/\/blog.panrotas.com.br\/semreserva\/flygap\/16-12-2015\/#breadcrumb"},"inLanguage":"pt-BR","potentialAction":[{"@type":"ReadAction","target":["https:\/\/blog.panrotas.com.br\/semreserva\/flygap\/16-12-2015\/"]}]},{"@type":"BreadcrumbList","@id":"https:\/\/blog.panrotas.com.br\/semreserva\/flygap\/16-12-2015\/#breadcrumb","itemListElement":[{"@type":"ListItem","position":1,"name":"Home do Blog","item":"http:\/\/blog.panrotas.com.br\/semreserva\/"},{"@type":"ListItem","position":2,"name":"Dia a dia","item":"https:\/\/blog.panrotas.com.br\/semreserva\/category\/dia-a-dia\/"},{"@type":"ListItem","position":3,"name":"FLYGAP"}]},{"@type":"Article","@id":"https:\/\/blog.panrotas.com.br\/semreserva\/flygap\/16-12-2015\/#article","isPartOf":{"@id":"https:\/\/blog.panrotas.com.br\/semreserva\/flygap\/16-12-2015\/#webpage"},"author":{"@id":"http:\/\/blog.panrotas.com.br\/semreserva\/#\/schema\/person\/c93b4555f6a497d2d83c25dcb80f61ed"},"headline":"FLYGAP","datePublished":"2015-12-16T10:59:29+00:00","dateModified":"2015-12-16T10:59:29+00:00","mainEntityOfPage":{"@id":"https:\/\/blog.panrotas.com.br\/semreserva\/flygap\/16-12-2015\/#webpage"},"wordCount":593,"commentCount":0,"publisher":{"@id":"http:\/\/blog.panrotas.com.br\/semreserva\/#organization"},"articleSection":["Dia a dia"],"inLanguage":"pt-BR","potentialAction":[{"@type":"CommentAction","name":"Comment","target":["https:\/\/blog.panrotas.com.br\/semreserva\/flygap\/16-12-2015\/#respond"]}]},{"@type":"Person","@id":"http:\/\/blog.panrotas.com.br\/semreserva\/#\/schema\/person\/c93b4555f6a497d2d83c25dcb80f61ed","name":"Artur Andrade","image":{"@type":"ImageObject","@id":"http:\/\/blog.panrotas.com.br\/semreserva\/#personlogo","inLanguage":"pt-BR","url":"https:\/\/secure.gravatar.com\/avatar\/a94564d630220cefd5c82f3452ac1ef4?s=96&d=mm&r=g","contentUrl":"https:\/\/secure.gravatar.com\/avatar\/a94564d630220cefd5c82f3452ac1ef4?s=96&d=mm&r=g","caption":"Artur Andrade"},"description":"Artur Luiz Andrade \u00e9 carioca, taurino, jornalista e nasceu em 1969. \u00c9 editor-chefe da PANROTAS Editora e mora em S\u00e3o Paulo desde 1998","sameAs":["http:\/\/www.panrotas.com.br"]}]}},"jetpack_featured_media_url":"","jetpack_shortlink":"https:\/\/wp.me\/s7idIU-flygap","_links":{"self":[{"href":"https:\/\/blog.panrotas.com.br\/semreserva\/wp-json\/wp\/v2\/posts\/4465"}],"collection":[{"href":"https:\/\/blog.panrotas.com.br\/semreserva\/wp-json\/wp\/v2\/posts"}],"about":[{"href":"https:\/\/blog.panrotas.com.br\/semreserva\/wp-json\/wp\/v2\/types\/post"}],"author":[{"embeddable":true,"href":"https:\/\/blog.panrotas.com.br\/semreserva\/wp-json\/wp\/v2\/users\/7"}],"replies":[{"embeddable":true,"href":"https:\/\/blog.panrotas.com.br\/semreserva\/wp-json\/wp\/v2\/comments?post=4465"}],"version-history":[{"count":0,"href":"https:\/\/blog.panrotas.com.br\/semreserva\/wp-json\/wp\/v2\/posts\/4465\/revisions"}],"wp:attachment":[{"href":"https:\/\/blog.panrotas.com.br\/semreserva\/wp-json\/wp\/v2\/media?parent=4465"}],"wp:term":[{"taxonomy":"category","embeddable":true,"href":"https:\/\/blog.panrotas.com.br\/semreserva\/wp-json\/wp\/v2\/categories?post=4465"},{"taxonomy":"post_tag","embeddable":true,"href":"https:\/\/blog.panrotas.com.br\/semreserva\/wp-json\/wp\/v2\/tags?post=4465"}],"curies":[{"name":"wp","href":"https:\/\/api.w.org\/{rel}","templated":true}]}}