{"id":4494,"date":"2016-01-26T14:30:49","date_gmt":"2016-01-26T17:30:49","guid":{"rendered":"http:\/\/blog.panrotas.com.br\/semreserva\/?p=4494"},"modified":"2016-01-26T14:30:49","modified_gmt":"2016-01-26T17:30:49","slug":"os-caminhos-para-a-aliquota-de-6","status":"publish","type":"post","link":"https:\/\/blog.panrotas.com.br\/semreserva\/os-caminhos-para-a-aliquota-de-6\/26-01-2016\/","title":{"rendered":"Os caminhos para a al\u00edquota de 6%"},"content":{"rendered":"<p>O mercado levou um susto com a lentid\u00e3o do governo, que s\u00f3 hoje publicou normativa definindo o imposto sobre remessas ao Exterior (25% desde 1\u00ba de janeiro), mas isso \u00e9 o que est\u00e1 valendo desde que o or\u00e7amento de 2016 foi aprovado, sem a inclus\u00e3o do acordo entre o Minist\u00e9rio da Fazenda e o Turismo (feito no final do ano). Ou seja, como o acordo n\u00e3o foi honrado no or\u00e7amento de 2016, come\u00e7amos o ano com a al\u00edquota de 25% (33% no valor final) valendo. A oficializa\u00e7\u00e3o se deu hoje.<\/p>\n<p>&nbsp;<\/p>\n<p>Isso n\u00e3o inviabiliza a negocia\u00e7\u00e3o do trade e do MTur para que o acordo seja validado o mais brevemente poss\u00edvel. H\u00e1, portanto, pelo menos tr\u00eas sa\u00eddas a curto e m\u00e9dio prazos para a situa\u00e7\u00e3o.<\/p>\n<p>&nbsp;<\/p>\n<ul>\n<li>1 &#8211; O governo assina a MP exclusiva e as remessas para pagamento de servi\u00e7os e produtos tur\u00edsticos ficam taxadas em 6,38%, como o IOF para compras com cart\u00e3o de cr\u00e9dito l\u00e1 fora.<\/li>\n<li>2 &#8211; O governo n\u00e3o assina a MP mas encaminha o texto via a medida provis\u00f3ria 694, que deve ser votada pelo Congresso na data limite de 8 de mar\u00e7o. Se a MP passar sem altera\u00e7\u00e3o, valem os 6%.<\/li>\n<li>3 &#8211; A Receita Federal aceita incluir o Turismo no artigo 690 do decreto 3.000 (que trata do imposto de renda). Pela normativa de hoje, viagens de interc\u00e2mbio e de tratamento de sa\u00fade estariam isentas de imposto, exatamente devido ao decreto 3.000. H\u00e1 quem defenda que, pelo mesmo decreto, o Turismo esteja isento da mesma forma.<\/li>\n<\/ul>\n<p>&nbsp;<\/p>\n<p>Essas s\u00e3o as solu\u00e7\u00f5es mais r\u00e1pidas e que dependem de menos interlocutores. \u00c9 em uma delas que o setor aposta.<\/p>\n<p>&nbsp;<\/p>\n<p>Se vencerem os pessimistas, h\u00e1 outros caminhos, mais demorados e tortuosos. At\u00e9 l\u00e1, continuam em risco empresas, empregos e a arrecada\u00e7\u00e3o t\u00e3o almejada pelo governo. At\u00e9 l\u00e1, mais empregos ser\u00e3o gerados&#8230; no Exterior. E mais informalidade haver\u00e1 em nosso Pa\u00eds.<\/p>\n<p>&nbsp;<\/p>\n<p>E voc\u00ea? Aposta em que solu\u00e7\u00e3o?<\/p>\n<p>&nbsp;<\/p>\n","protected":false},"excerpt":{"rendered":"<p>O mercado levou um susto com a lentid\u00e3o do governo, que s\u00f3 hoje publicou normativa definindo o imposto sobre remessas ao Exterior (25% desde 1\u00ba de janeiro), mas isso \u00e9 o que est\u00e1 valendo desde que o or\u00e7amento de 2016 foi aprovado, sem a inclus\u00e3o do acordo entre o Minist\u00e9rio da Fazenda e o Turismo [&hellip;]<\/p>\n","protected":false},"author":7,"featured_media":0,"comment_status":"open","ping_status":"open","sticky":false,"template":"","format":"standard","meta":{"spay_email":""},"categories":[2],"tags":[],"yoast_head":"<!-- This site is optimized with the Yoast SEO plugin v17.3 - https:\/\/yoast.com\/wordpress\/plugins\/seo\/ -->\n<title>Os caminhos para a al\u00edquota de 6% -<\/title>\n<meta name=\"description\" content=\"Os caminhos para a al\u00edquota de 6%. Confira essa Mat\u00e9ria no Canal Sem reserva. \u27a4 Projeto em parceria com a PANROTAS.\" \/>\n<meta name=\"robots\" content=\"index, follow, max-snippet:-1, max-image-preview:large, max-video-preview:-1\" \/>\n<link rel=\"canonical\" href=\"https:\/\/blog.panrotas.com.br\/semreserva\/os-caminhos-para-a-aliquota-de-6\/26-01-2016\/\" \/>\n<meta property=\"og:locale\" content=\"pt_BR\" \/>\n<meta property=\"og:type\" content=\"article\" \/>\n<meta property=\"og:title\" content=\"Os caminhos para a al\u00edquota de 6% -\" \/>\n<meta property=\"og:description\" content=\"Os caminhos para a al\u00edquota de 6%. Confira essa Mat\u00e9ria no Canal Sem reserva. \u27a4 Projeto em parceria com a PANROTAS.\" \/>\n<meta property=\"og:url\" content=\"https:\/\/blog.panrotas.com.br\/semreserva\/os-caminhos-para-a-aliquota-de-6\/26-01-2016\/\" \/>\n<meta property=\"og:site_name\" content=\"Sem reserva\" \/>\n<meta property=\"article:publisher\" content=\"https:\/\/www.facebook.com\/portalpanrotas\/\" \/>\n<meta property=\"article:published_time\" content=\"2016-01-26T17:30:49+00:00\" \/>\n<meta name=\"twitter:card\" content=\"summary_large_image\" \/>\n<meta name=\"twitter:creator\" content=\"@portalpanrotas\" \/>\n<meta name=\"twitter:site\" content=\"@portalpanrotas\" \/>\n<meta name=\"twitter:label1\" content=\"Escrito por\" \/>\n\t<meta name=\"twitter:data1\" content=\"Artur Andrade\" \/>\n\t<meta name=\"twitter:label2\" content=\"Est. tempo de leitura\" \/>\n\t<meta name=\"twitter:data2\" content=\"2 minutos\" \/>\n<script type=\"application\/ld+json\" class=\"yoast-schema-graph\">{\"@context\":\"https:\/\/schema.org\",\"@graph\":[{\"@type\":\"Organization\",\"@id\":\"http:\/\/blog.panrotas.com.br\/semreserva\/#organization\",\"name\":\"Sem Reserva - Blog no Portal PANROTAS\",\"url\":\"http:\/\/blog.panrotas.com.br\/semreserva\/\",\"sameAs\":[\"https:\/\/www.facebook.com\/portalpanrotas\/\",\"https:\/\/www.instagram.com\/portalpanrotas\/\",\"https:\/\/br.linkedin.com\/company\/panrotas\",\"https:\/\/www.youtube.com\/tvpanrotas\",\"https:\/\/twitter.com\/portalpanrotas\"],\"logo\":{\"@type\":\"ImageObject\",\"@id\":\"http:\/\/blog.panrotas.com.br\/semreserva\/#logo\",\"inLanguage\":\"pt-BR\",\"url\":\"https:\/\/blog.panrotas.com.br\/semreserva\/wp-content\/uploads\/sites\/5\/2020\/06\/logo.png\",\"contentUrl\":\"https:\/\/blog.panrotas.com.br\/semreserva\/wp-content\/uploads\/sites\/5\/2020\/06\/logo.png\",\"width\":259,\"height\":53,\"caption\":\"Sem Reserva - Blog no Portal PANROTAS\"},\"image\":{\"@id\":\"http:\/\/blog.panrotas.com.br\/semreserva\/#logo\"}},{\"@type\":\"WebSite\",\"@id\":\"http:\/\/blog.panrotas.com.br\/semreserva\/#website\",\"url\":\"http:\/\/blog.panrotas.com.br\/semreserva\/\",\"name\":\"Sem reserva\",\"description\":\"Blogosfera PANROTAS\",\"publisher\":{\"@id\":\"http:\/\/blog.panrotas.com.br\/semreserva\/#organization\"},\"potentialAction\":[{\"@type\":\"SearchAction\",\"target\":{\"@type\":\"EntryPoint\",\"urlTemplate\":\"http:\/\/blog.panrotas.com.br\/semreserva\/?s={search_term_string}\"},\"query-input\":\"required name=search_term_string\"}],\"inLanguage\":\"pt-BR\"},{\"@type\":\"WebPage\",\"@id\":\"https:\/\/blog.panrotas.com.br\/semreserva\/os-caminhos-para-a-aliquota-de-6\/26-01-2016\/#webpage\",\"url\":\"https:\/\/blog.panrotas.com.br\/semreserva\/os-caminhos-para-a-aliquota-de-6\/26-01-2016\/\",\"name\":\"Os caminhos para a al\\u00edquota de 6% -\",\"isPartOf\":{\"@id\":\"http:\/\/blog.panrotas.com.br\/semreserva\/#website\"},\"datePublished\":\"2016-01-26T17:30:49+00:00\",\"dateModified\":\"2016-01-26T17:30:49+00:00\",\"description\":\"Os caminhos para a al\\u00edquota de 6%. Confira essa Mat\\u00e9ria no Canal Sem reserva. \\u27a4 Projeto em parceria com a PANROTAS.\",\"breadcrumb\":{\"@id\":\"https:\/\/blog.panrotas.com.br\/semreserva\/os-caminhos-para-a-aliquota-de-6\/26-01-2016\/#breadcrumb\"},\"inLanguage\":\"pt-BR\",\"potentialAction\":[{\"@type\":\"ReadAction\",\"target\":[\"https:\/\/blog.panrotas.com.br\/semreserva\/os-caminhos-para-a-aliquota-de-6\/26-01-2016\/\"]}]},{\"@type\":\"BreadcrumbList\",\"@id\":\"https:\/\/blog.panrotas.com.br\/semreserva\/os-caminhos-para-a-aliquota-de-6\/26-01-2016\/#breadcrumb\",\"itemListElement\":[{\"@type\":\"ListItem\",\"position\":1,\"name\":\"Home do Blog\",\"item\":\"http:\/\/blog.panrotas.com.br\/semreserva\/\"},{\"@type\":\"ListItem\",\"position\":2,\"name\":\"Dia a dia\",\"item\":\"https:\/\/blog.panrotas.com.br\/semreserva\/category\/dia-a-dia\/\"},{\"@type\":\"ListItem\",\"position\":3,\"name\":\"Os caminhos para a al\\u00edquota de 6%\"}]},{\"@type\":\"Article\",\"@id\":\"https:\/\/blog.panrotas.com.br\/semreserva\/os-caminhos-para-a-aliquota-de-6\/26-01-2016\/#article\",\"isPartOf\":{\"@id\":\"https:\/\/blog.panrotas.com.br\/semreserva\/os-caminhos-para-a-aliquota-de-6\/26-01-2016\/#webpage\"},\"author\":{\"@id\":\"http:\/\/blog.panrotas.com.br\/semreserva\/#\/schema\/person\/c93b4555f6a497d2d83c25dcb80f61ed\"},\"headline\":\"Os caminhos para a al\\u00edquota de 6%\",\"datePublished\":\"2016-01-26T17:30:49+00:00\",\"dateModified\":\"2016-01-26T17:30:49+00:00\",\"mainEntityOfPage\":{\"@id\":\"https:\/\/blog.panrotas.com.br\/semreserva\/os-caminhos-para-a-aliquota-de-6\/26-01-2016\/#webpage\"},\"wordCount\":347,\"commentCount\":0,\"publisher\":{\"@id\":\"http:\/\/blog.panrotas.com.br\/semreserva\/#organization\"},\"articleSection\":[\"Dia a dia\"],\"inLanguage\":\"pt-BR\",\"potentialAction\":[{\"@type\":\"CommentAction\",\"name\":\"Comment\",\"target\":[\"https:\/\/blog.panrotas.com.br\/semreserva\/os-caminhos-para-a-aliquota-de-6\/26-01-2016\/#respond\"]}]},{\"@type\":\"Person\",\"@id\":\"http:\/\/blog.panrotas.com.br\/semreserva\/#\/schema\/person\/c93b4555f6a497d2d83c25dcb80f61ed\",\"name\":\"Artur Andrade\",\"image\":{\"@type\":\"ImageObject\",\"@id\":\"http:\/\/blog.panrotas.com.br\/semreserva\/#personlogo\",\"inLanguage\":\"pt-BR\",\"url\":\"https:\/\/secure.gravatar.com\/avatar\/a94564d630220cefd5c82f3452ac1ef4?s=96&d=mm&r=g\",\"contentUrl\":\"https:\/\/secure.gravatar.com\/avatar\/a94564d630220cefd5c82f3452ac1ef4?s=96&d=mm&r=g\",\"caption\":\"Artur Andrade\"},\"description\":\"Artur Luiz Andrade \\u00e9 carioca, taurino, jornalista e nasceu em 1969. \\u00c9 editor-chefe da PANROTAS Editora e mora em S\\u00e3o Paulo desde 1998\",\"sameAs\":[\"http:\/\/www.panrotas.com.br\"]}]}<\/script>\n<!-- \/ Yoast SEO plugin. -->","yoast_head_json":{"title":"Os caminhos para a al\u00edquota de 6% -","description":"Os caminhos para a al\u00edquota de 6%. Confira essa Mat\u00e9ria no Canal Sem reserva. \u27a4 Projeto em parceria com a PANROTAS.","robots":{"index":"index","follow":"follow","max-snippet":"max-snippet:-1","max-image-preview":"max-image-preview:large","max-video-preview":"max-video-preview:-1"},"canonical":"https:\/\/blog.panrotas.com.br\/semreserva\/os-caminhos-para-a-aliquota-de-6\/26-01-2016\/","og_locale":"pt_BR","og_type":"article","og_title":"Os caminhos para a al\u00edquota de 6% -","og_description":"Os caminhos para a al\u00edquota de 6%. Confira essa Mat\u00e9ria no Canal Sem reserva. \u27a4 Projeto em parceria com a PANROTAS.","og_url":"https:\/\/blog.panrotas.com.br\/semreserva\/os-caminhos-para-a-aliquota-de-6\/26-01-2016\/","og_site_name":"Sem reserva","article_publisher":"https:\/\/www.facebook.com\/portalpanrotas\/","article_published_time":"2016-01-26T17:30:49+00:00","twitter_card":"summary_large_image","twitter_creator":"@portalpanrotas","twitter_site":"@portalpanrotas","twitter_misc":{"Escrito por":"Artur Andrade","Est. tempo de leitura":"2 minutos"},"schema":{"@context":"https:\/\/schema.org","@graph":[{"@type":"Organization","@id":"http:\/\/blog.panrotas.com.br\/semreserva\/#organization","name":"Sem Reserva - Blog no Portal PANROTAS","url":"http:\/\/blog.panrotas.com.br\/semreserva\/","sameAs":["https:\/\/www.facebook.com\/portalpanrotas\/","https:\/\/www.instagram.com\/portalpanrotas\/","https:\/\/br.linkedin.com\/company\/panrotas","https:\/\/www.youtube.com\/tvpanrotas","https:\/\/twitter.com\/portalpanrotas"],"logo":{"@type":"ImageObject","@id":"http:\/\/blog.panrotas.com.br\/semreserva\/#logo","inLanguage":"pt-BR","url":"https:\/\/blog.panrotas.com.br\/semreserva\/wp-content\/uploads\/sites\/5\/2020\/06\/logo.png","contentUrl":"https:\/\/blog.panrotas.com.br\/semreserva\/wp-content\/uploads\/sites\/5\/2020\/06\/logo.png","width":259,"height":53,"caption":"Sem Reserva - Blog no Portal PANROTAS"},"image":{"@id":"http:\/\/blog.panrotas.com.br\/semreserva\/#logo"}},{"@type":"WebSite","@id":"http:\/\/blog.panrotas.com.br\/semreserva\/#website","url":"http:\/\/blog.panrotas.com.br\/semreserva\/","name":"Sem reserva","description":"Blogosfera PANROTAS","publisher":{"@id":"http:\/\/blog.panrotas.com.br\/semreserva\/#organization"},"potentialAction":[{"@type":"SearchAction","target":{"@type":"EntryPoint","urlTemplate":"http:\/\/blog.panrotas.com.br\/semreserva\/?s={search_term_string}"},"query-input":"required name=search_term_string"}],"inLanguage":"pt-BR"},{"@type":"WebPage","@id":"https:\/\/blog.panrotas.com.br\/semreserva\/os-caminhos-para-a-aliquota-de-6\/26-01-2016\/#webpage","url":"https:\/\/blog.panrotas.com.br\/semreserva\/os-caminhos-para-a-aliquota-de-6\/26-01-2016\/","name":"Os caminhos para a al\u00edquota de 6% -","isPartOf":{"@id":"http:\/\/blog.panrotas.com.br\/semreserva\/#website"},"datePublished":"2016-01-26T17:30:49+00:00","dateModified":"2016-01-26T17:30:49+00:00","description":"Os caminhos para a al\u00edquota de 6%. Confira essa Mat\u00e9ria no Canal Sem reserva. \u27a4 Projeto em parceria com a PANROTAS.","breadcrumb":{"@id":"https:\/\/blog.panrotas.com.br\/semreserva\/os-caminhos-para-a-aliquota-de-6\/26-01-2016\/#breadcrumb"},"inLanguage":"pt-BR","potentialAction":[{"@type":"ReadAction","target":["https:\/\/blog.panrotas.com.br\/semreserva\/os-caminhos-para-a-aliquota-de-6\/26-01-2016\/"]}]},{"@type":"BreadcrumbList","@id":"https:\/\/blog.panrotas.com.br\/semreserva\/os-caminhos-para-a-aliquota-de-6\/26-01-2016\/#breadcrumb","itemListElement":[{"@type":"ListItem","position":1,"name":"Home do Blog","item":"http:\/\/blog.panrotas.com.br\/semreserva\/"},{"@type":"ListItem","position":2,"name":"Dia a dia","item":"https:\/\/blog.panrotas.com.br\/semreserva\/category\/dia-a-dia\/"},{"@type":"ListItem","position":3,"name":"Os caminhos para a al\u00edquota de 6%"}]},{"@type":"Article","@id":"https:\/\/blog.panrotas.com.br\/semreserva\/os-caminhos-para-a-aliquota-de-6\/26-01-2016\/#article","isPartOf":{"@id":"https:\/\/blog.panrotas.com.br\/semreserva\/os-caminhos-para-a-aliquota-de-6\/26-01-2016\/#webpage"},"author":{"@id":"http:\/\/blog.panrotas.com.br\/semreserva\/#\/schema\/person\/c93b4555f6a497d2d83c25dcb80f61ed"},"headline":"Os caminhos para a al\u00edquota de 6%","datePublished":"2016-01-26T17:30:49+00:00","dateModified":"2016-01-26T17:30:49+00:00","mainEntityOfPage":{"@id":"https:\/\/blog.panrotas.com.br\/semreserva\/os-caminhos-para-a-aliquota-de-6\/26-01-2016\/#webpage"},"wordCount":347,"commentCount":0,"publisher":{"@id":"http:\/\/blog.panrotas.com.br\/semreserva\/#organization"},"articleSection":["Dia a dia"],"inLanguage":"pt-BR","potentialAction":[{"@type":"CommentAction","name":"Comment","target":["https:\/\/blog.panrotas.com.br\/semreserva\/os-caminhos-para-a-aliquota-de-6\/26-01-2016\/#respond"]}]},{"@type":"Person","@id":"http:\/\/blog.panrotas.com.br\/semreserva\/#\/schema\/person\/c93b4555f6a497d2d83c25dcb80f61ed","name":"Artur Andrade","image":{"@type":"ImageObject","@id":"http:\/\/blog.panrotas.com.br\/semreserva\/#personlogo","inLanguage":"pt-BR","url":"https:\/\/secure.gravatar.com\/avatar\/a94564d630220cefd5c82f3452ac1ef4?s=96&d=mm&r=g","contentUrl":"https:\/\/secure.gravatar.com\/avatar\/a94564d630220cefd5c82f3452ac1ef4?s=96&d=mm&r=g","caption":"Artur Andrade"},"description":"Artur Luiz Andrade \u00e9 carioca, taurino, jornalista e nasceu em 1969. \u00c9 editor-chefe da PANROTAS Editora e mora em S\u00e3o Paulo desde 1998","sameAs":["http:\/\/www.panrotas.com.br"]}]}},"jetpack_featured_media_url":"","jetpack_shortlink":"https:\/\/wp.me\/p7idIU-1au","_links":{"self":[{"href":"https:\/\/blog.panrotas.com.br\/semreserva\/wp-json\/wp\/v2\/posts\/4494"}],"collection":[{"href":"https:\/\/blog.panrotas.com.br\/semreserva\/wp-json\/wp\/v2\/posts"}],"about":[{"href":"https:\/\/blog.panrotas.com.br\/semreserva\/wp-json\/wp\/v2\/types\/post"}],"author":[{"embeddable":true,"href":"https:\/\/blog.panrotas.com.br\/semreserva\/wp-json\/wp\/v2\/users\/7"}],"replies":[{"embeddable":true,"href":"https:\/\/blog.panrotas.com.br\/semreserva\/wp-json\/wp\/v2\/comments?post=4494"}],"version-history":[{"count":0,"href":"https:\/\/blog.panrotas.com.br\/semreserva\/wp-json\/wp\/v2\/posts\/4494\/revisions"}],"wp:attachment":[{"href":"https:\/\/blog.panrotas.com.br\/semreserva\/wp-json\/wp\/v2\/media?parent=4494"}],"wp:term":[{"taxonomy":"category","embeddable":true,"href":"https:\/\/blog.panrotas.com.br\/semreserva\/wp-json\/wp\/v2\/categories?post=4494"},{"taxonomy":"post_tag","embeddable":true,"href":"https:\/\/blog.panrotas.com.br\/semreserva\/wp-json\/wp\/v2\/tags?post=4494"}],"curies":[{"name":"wp","href":"https:\/\/api.w.org\/{rel}","templated":true}]}}