{"id":4497,"date":"2016-02-02T12:23:14","date_gmt":"2016-02-02T15:23:14","guid":{"rendered":"http:\/\/blog.panrotas.com.br\/semreserva\/?p=4497"},"modified":"2016-02-02T12:23:14","modified_gmt":"2016-02-02T15:23:14","slug":"horas-de-desespero","status":"publish","type":"post","link":"https:\/\/blog.panrotas.com.br\/semreserva\/horas-de-desespero\/02-02-2016\/","title":{"rendered":"Horas de desespero"},"content":{"rendered":"<p>Os empres\u00e1rios do Turismo prometem recorde de interna\u00e7\u00f5es em hospitais para tratamento de \u00falcera, gastrite, estresse, ansiedade, aumento de peso, ins\u00f4nia e incremento da raiva&#8230; essa em rela\u00e7\u00e3o ao governo. Espero que ningu\u00e9m infarte.<\/p>\n<p>&nbsp;<\/p>\n<p>Est\u00e3o em Bras\u00edlia uma vez mais os l\u00edderes do setor que \u201cnegociam\u201d com o governo, mas a cada reuni\u00e3o vem um banho de \u00e1gua fria. N\u00e3o pelo teor das mesmas, pois promessas continuam sendo feitas e eles acreditam realmente que uma hora sai o acordo alinhavado desde 2015. A quest\u00e3o \u00e9 essa ang\u00fastia e adiamento e se chegarmos na sexta-feira de carnaval&#8230; s\u00f3 rasgando a fantasia mesmo.<\/p>\n<p>&nbsp;<\/p>\n<p>O desabafo do Aroldo Schultz \u00e9 bastante real e se repete: h\u00e1 empres\u00e1rios que ter\u00e3o de demitir um funcion\u00e1rio, outros 100, como ele. Schultz ainda conseguir\u00e1 aumentar sua equipe em Portugal. Os holandeses, sede da Booking, v\u00e3o erguer uma est\u00e1tua de Nelson Barbosa e da nossa presidente. O argentino Macri comemora o incentivo brasileiro aos empregos no Exterior.<\/p>\n<p>&nbsp;<\/p>\n<p>Mas e quem n\u00e3o tem essa alternativa? E quem tem de continuar seu neg\u00f3cio vendendo 33% mais caro, aguardando ansiosamente a volta da CPMF e o esgotamento de nossas reservas?<\/p>\n<p>&nbsp;<\/p>\n<p>Quando disse que o Turismo n\u00e3o tinha e n\u00e3o tem lobby me referia a isso: ao calv\u00e1rio (chegaremos \u00e0 Semana Santa? Ao Natal? Sem esse problema resolvido?) de alguns empres\u00e1rios e presidentes de entidade, tendo de implorar e convencer que Turismo \u00e9 algo que d\u00e1 retorno imediato ao Pa\u00eds.<\/p>\n<p>&nbsp;<\/p>\n<p>O ministro Henrique Alves, ex-presidente da C\u00e2mara e agora no Turismo, tem o cacife pol\u00edtico para resolver essa quest\u00e3o e eu acredito que resolver\u00e1. Podia ter demorado menos, ter sido mais f\u00e1cil. Se o governo tivesse uma vis\u00e3o clara do que \u00e9 a IND\u00daSTRIA DE VIAGENS E TURISMO. N\u00e3o \u00e9 dif\u00edcil: basta falar com os presidentes da Fran\u00e7a, Espanha, Estados Unidos, Chile, Argentina, Aruba, Panam\u00e1, M\u00e9xico, Col\u00f4mbia, Peru, \u00c1frica do Sul&#8230; e mais algumas dezenas, \u00e0 frente do Brasil em diversos quesitos, especialmente no reconhecimento da ind\u00fastria.<\/p>\n<p>&nbsp;<\/p>\n<p>Dito isso, acho v\u00e1lidos os protestos e opini\u00f5es (claro, vamos descontar os palavr\u00f5es e os haters da internet \u2013 eles existem e \u00e9 melhor mesmo que existam), mas ainda assim defendo a uni\u00e3o sadia e construtiva e ainda um certo otimismo de que isso ser\u00e1 resolvido ainda este m\u00eas. Os protestos servem para mostrar que h\u00e1 um caldeir\u00e3o sobre brasa quase adormecida. E j\u00e1 h\u00e1 sinais vis\u00edveis de fuma\u00e7a.<\/p>\n<p>&nbsp;<\/p>\n<p>Em ano de elei\u00e7\u00e3o, Turismo faz diferen\u00e7a?<\/p>\n","protected":false},"excerpt":{"rendered":"<p>Os empres\u00e1rios do Turismo prometem recorde de interna\u00e7\u00f5es em hospitais para tratamento de \u00falcera, gastrite, estresse, ansiedade, aumento de peso, ins\u00f4nia e incremento da raiva&#8230; essa em rela\u00e7\u00e3o ao governo. Espero que ningu\u00e9m infarte. &nbsp; Est\u00e3o em Bras\u00edlia uma vez mais os l\u00edderes do setor que \u201cnegociam\u201d com o governo, mas a cada reuni\u00e3o vem [&hellip;]<\/p>\n","protected":false},"author":7,"featured_media":4518,"comment_status":"open","ping_status":"open","sticky":false,"template":"","format":"standard","meta":{"spay_email":""},"categories":[2],"tags":[],"yoast_head":"<!-- This site is optimized with the Yoast SEO plugin v17.3 - https:\/\/yoast.com\/wordpress\/plugins\/seo\/ -->\n<title>Horas de desespero -<\/title>\n<meta name=\"description\" content=\"Horas de desespero. Confira essa Mat\u00e9ria no Canal Sem reserva. \u27a4 Projeto em parceria com a PANROTAS.\" \/>\n<meta name=\"robots\" content=\"index, follow, max-snippet:-1, max-image-preview:large, max-video-preview:-1\" \/>\n<link rel=\"canonical\" href=\"https:\/\/blog.panrotas.com.br\/semreserva\/horas-de-desespero\/02-02-2016\/\" \/>\n<meta property=\"og:locale\" content=\"pt_BR\" \/>\n<meta property=\"og:type\" content=\"article\" \/>\n<meta property=\"og:title\" content=\"Horas de desespero -\" \/>\n<meta property=\"og:description\" content=\"Horas de desespero. Confira essa Mat\u00e9ria no Canal Sem reserva. \u27a4 Projeto em parceria com a PANROTAS.\" \/>\n<meta property=\"og:url\" content=\"https:\/\/blog.panrotas.com.br\/semreserva\/horas-de-desespero\/02-02-2016\/\" \/>\n<meta property=\"og:site_name\" content=\"Sem reserva\" \/>\n<meta property=\"article:publisher\" content=\"https:\/\/www.facebook.com\/portalpanrotas\/\" \/>\n<meta property=\"article:published_time\" content=\"2016-02-02T15:23:14+00:00\" \/>\n<meta property=\"og:image\" content=\"https:\/\/blog.panrotas.com.br\/semreserva\/wp-content\/uploads\/sites\/5\/2016\/02\/dreamstime_m_14522601.jpg\" \/>\n\t<meta property=\"og:image:width\" content=\"1884\" \/>\n\t<meta property=\"og:image:height\" content=\"1591\" \/>\n<meta name=\"twitter:card\" content=\"summary_large_image\" \/>\n<meta name=\"twitter:creator\" content=\"@portalpanrotas\" \/>\n<meta name=\"twitter:site\" content=\"@portalpanrotas\" \/>\n<meta name=\"twitter:label1\" content=\"Escrito por\" \/>\n\t<meta name=\"twitter:data1\" content=\"Artur Andrade\" \/>\n\t<meta name=\"twitter:label2\" content=\"Est. tempo de leitura\" \/>\n\t<meta name=\"twitter:data2\" content=\"2 minutos\" \/>\n<script type=\"application\/ld+json\" class=\"yoast-schema-graph\">{\"@context\":\"https:\/\/schema.org\",\"@graph\":[{\"@type\":\"Organization\",\"@id\":\"http:\/\/blog.panrotas.com.br\/semreserva\/#organization\",\"name\":\"Sem Reserva - Blog no Portal PANROTAS\",\"url\":\"http:\/\/blog.panrotas.com.br\/semreserva\/\",\"sameAs\":[\"https:\/\/www.facebook.com\/portalpanrotas\/\",\"https:\/\/www.instagram.com\/portalpanrotas\/\",\"https:\/\/br.linkedin.com\/company\/panrotas\",\"https:\/\/www.youtube.com\/tvpanrotas\",\"https:\/\/twitter.com\/portalpanrotas\"],\"logo\":{\"@type\":\"ImageObject\",\"@id\":\"http:\/\/blog.panrotas.com.br\/semreserva\/#logo\",\"inLanguage\":\"pt-BR\",\"url\":\"https:\/\/blog.panrotas.com.br\/semreserva\/wp-content\/uploads\/sites\/5\/2020\/06\/logo.png\",\"contentUrl\":\"https:\/\/blog.panrotas.com.br\/semreserva\/wp-content\/uploads\/sites\/5\/2020\/06\/logo.png\",\"width\":259,\"height\":53,\"caption\":\"Sem Reserva - Blog no Portal PANROTAS\"},\"image\":{\"@id\":\"http:\/\/blog.panrotas.com.br\/semreserva\/#logo\"}},{\"@type\":\"WebSite\",\"@id\":\"http:\/\/blog.panrotas.com.br\/semreserva\/#website\",\"url\":\"http:\/\/blog.panrotas.com.br\/semreserva\/\",\"name\":\"Sem reserva\",\"description\":\"Blogosfera PANROTAS\",\"publisher\":{\"@id\":\"http:\/\/blog.panrotas.com.br\/semreserva\/#organization\"},\"potentialAction\":[{\"@type\":\"SearchAction\",\"target\":{\"@type\":\"EntryPoint\",\"urlTemplate\":\"http:\/\/blog.panrotas.com.br\/semreserva\/?s={search_term_string}\"},\"query-input\":\"required name=search_term_string\"}],\"inLanguage\":\"pt-BR\"},{\"@type\":\"ImageObject\",\"@id\":\"https:\/\/blog.panrotas.com.br\/semreserva\/horas-de-desespero\/02-02-2016\/#primaryimage\",\"inLanguage\":\"pt-BR\",\"url\":\"https:\/\/blog.panrotas.com.br\/semreserva\/wp-content\/uploads\/sites\/5\/2016\/02\/dreamstime_m_14522601.jpg\",\"contentUrl\":\"https:\/\/blog.panrotas.com.br\/semreserva\/wp-content\/uploads\/sites\/5\/2016\/02\/dreamstime_m_14522601.jpg\",\"width\":1884,\"height\":1591},{\"@type\":\"WebPage\",\"@id\":\"https:\/\/blog.panrotas.com.br\/semreserva\/horas-de-desespero\/02-02-2016\/#webpage\",\"url\":\"https:\/\/blog.panrotas.com.br\/semreserva\/horas-de-desespero\/02-02-2016\/\",\"name\":\"Horas de desespero -\",\"isPartOf\":{\"@id\":\"http:\/\/blog.panrotas.com.br\/semreserva\/#website\"},\"primaryImageOfPage\":{\"@id\":\"https:\/\/blog.panrotas.com.br\/semreserva\/horas-de-desespero\/02-02-2016\/#primaryimage\"},\"datePublished\":\"2016-02-02T15:23:14+00:00\",\"dateModified\":\"2016-02-02T15:23:14+00:00\",\"description\":\"Horas de desespero. Confira essa Mat\\u00e9ria no Canal Sem reserva. \\u27a4 Projeto em parceria com a PANROTAS.\",\"breadcrumb\":{\"@id\":\"https:\/\/blog.panrotas.com.br\/semreserva\/horas-de-desespero\/02-02-2016\/#breadcrumb\"},\"inLanguage\":\"pt-BR\",\"potentialAction\":[{\"@type\":\"ReadAction\",\"target\":[\"https:\/\/blog.panrotas.com.br\/semreserva\/horas-de-desespero\/02-02-2016\/\"]}]},{\"@type\":\"BreadcrumbList\",\"@id\":\"https:\/\/blog.panrotas.com.br\/semreserva\/horas-de-desespero\/02-02-2016\/#breadcrumb\",\"itemListElement\":[{\"@type\":\"ListItem\",\"position\":1,\"name\":\"Home do Blog\",\"item\":\"http:\/\/blog.panrotas.com.br\/semreserva\/\"},{\"@type\":\"ListItem\",\"position\":2,\"name\":\"Dia a dia\",\"item\":\"https:\/\/blog.panrotas.com.br\/semreserva\/category\/dia-a-dia\/\"},{\"@type\":\"ListItem\",\"position\":3,\"name\":\"Horas de desespero\"}]},{\"@type\":\"Article\",\"@id\":\"https:\/\/blog.panrotas.com.br\/semreserva\/horas-de-desespero\/02-02-2016\/#article\",\"isPartOf\":{\"@id\":\"https:\/\/blog.panrotas.com.br\/semreserva\/horas-de-desespero\/02-02-2016\/#webpage\"},\"author\":{\"@id\":\"http:\/\/blog.panrotas.com.br\/semreserva\/#\/schema\/person\/c93b4555f6a497d2d83c25dcb80f61ed\"},\"headline\":\"Horas de desespero\",\"datePublished\":\"2016-02-02T15:23:14+00:00\",\"dateModified\":\"2016-02-02T15:23:14+00:00\",\"mainEntityOfPage\":{\"@id\":\"https:\/\/blog.panrotas.com.br\/semreserva\/horas-de-desespero\/02-02-2016\/#webpage\"},\"wordCount\":445,\"commentCount\":0,\"publisher\":{\"@id\":\"http:\/\/blog.panrotas.com.br\/semreserva\/#organization\"},\"image\":{\"@id\":\"https:\/\/blog.panrotas.com.br\/semreserva\/horas-de-desespero\/02-02-2016\/#primaryimage\"},\"thumbnailUrl\":\"https:\/\/blog.panrotas.com.br\/semreserva\/wp-content\/uploads\/sites\/5\/2016\/02\/dreamstime_m_14522601.jpg\",\"articleSection\":[\"Dia a dia\"],\"inLanguage\":\"pt-BR\",\"potentialAction\":[{\"@type\":\"CommentAction\",\"name\":\"Comment\",\"target\":[\"https:\/\/blog.panrotas.com.br\/semreserva\/horas-de-desespero\/02-02-2016\/#respond\"]}]},{\"@type\":\"Person\",\"@id\":\"http:\/\/blog.panrotas.com.br\/semreserva\/#\/schema\/person\/c93b4555f6a497d2d83c25dcb80f61ed\",\"name\":\"Artur Andrade\",\"image\":{\"@type\":\"ImageObject\",\"@id\":\"http:\/\/blog.panrotas.com.br\/semreserva\/#personlogo\",\"inLanguage\":\"pt-BR\",\"url\":\"https:\/\/secure.gravatar.com\/avatar\/a94564d630220cefd5c82f3452ac1ef4?s=96&d=mm&r=g\",\"contentUrl\":\"https:\/\/secure.gravatar.com\/avatar\/a94564d630220cefd5c82f3452ac1ef4?s=96&d=mm&r=g\",\"caption\":\"Artur Andrade\"},\"description\":\"Artur Luiz Andrade \\u00e9 carioca, taurino, jornalista e nasceu em 1969. \\u00c9 editor-chefe da PANROTAS Editora e mora em S\\u00e3o Paulo desde 1998\",\"sameAs\":[\"http:\/\/www.panrotas.com.br\"]}]}<\/script>\n<!-- \/ Yoast SEO plugin. -->","yoast_head_json":{"title":"Horas de desespero -","description":"Horas de desespero. Confira essa Mat\u00e9ria no Canal Sem reserva. \u27a4 Projeto em parceria com a PANROTAS.","robots":{"index":"index","follow":"follow","max-snippet":"max-snippet:-1","max-image-preview":"max-image-preview:large","max-video-preview":"max-video-preview:-1"},"canonical":"https:\/\/blog.panrotas.com.br\/semreserva\/horas-de-desespero\/02-02-2016\/","og_locale":"pt_BR","og_type":"article","og_title":"Horas de desespero -","og_description":"Horas de desespero. Confira essa Mat\u00e9ria no Canal Sem reserva. \u27a4 Projeto em parceria com a PANROTAS.","og_url":"https:\/\/blog.panrotas.com.br\/semreserva\/horas-de-desespero\/02-02-2016\/","og_site_name":"Sem reserva","article_publisher":"https:\/\/www.facebook.com\/portalpanrotas\/","article_published_time":"2016-02-02T15:23:14+00:00","og_image":[{"width":1884,"height":1591,"url":"https:\/\/blog.panrotas.com.br\/semreserva\/wp-content\/uploads\/sites\/5\/2016\/02\/dreamstime_m_14522601.jpg","type":"image\/jpeg"}],"twitter_card":"summary_large_image","twitter_creator":"@portalpanrotas","twitter_site":"@portalpanrotas","twitter_misc":{"Escrito por":"Artur Andrade","Est. tempo de leitura":"2 minutos"},"schema":{"@context":"https:\/\/schema.org","@graph":[{"@type":"Organization","@id":"http:\/\/blog.panrotas.com.br\/semreserva\/#organization","name":"Sem Reserva - Blog no Portal PANROTAS","url":"http:\/\/blog.panrotas.com.br\/semreserva\/","sameAs":["https:\/\/www.facebook.com\/portalpanrotas\/","https:\/\/www.instagram.com\/portalpanrotas\/","https:\/\/br.linkedin.com\/company\/panrotas","https:\/\/www.youtube.com\/tvpanrotas","https:\/\/twitter.com\/portalpanrotas"],"logo":{"@type":"ImageObject","@id":"http:\/\/blog.panrotas.com.br\/semreserva\/#logo","inLanguage":"pt-BR","url":"https:\/\/blog.panrotas.com.br\/semreserva\/wp-content\/uploads\/sites\/5\/2020\/06\/logo.png","contentUrl":"https:\/\/blog.panrotas.com.br\/semreserva\/wp-content\/uploads\/sites\/5\/2020\/06\/logo.png","width":259,"height":53,"caption":"Sem Reserva - Blog no Portal PANROTAS"},"image":{"@id":"http:\/\/blog.panrotas.com.br\/semreserva\/#logo"}},{"@type":"WebSite","@id":"http:\/\/blog.panrotas.com.br\/semreserva\/#website","url":"http:\/\/blog.panrotas.com.br\/semreserva\/","name":"Sem reserva","description":"Blogosfera PANROTAS","publisher":{"@id":"http:\/\/blog.panrotas.com.br\/semreserva\/#organization"},"potentialAction":[{"@type":"SearchAction","target":{"@type":"EntryPoint","urlTemplate":"http:\/\/blog.panrotas.com.br\/semreserva\/?s={search_term_string}"},"query-input":"required name=search_term_string"}],"inLanguage":"pt-BR"},{"@type":"ImageObject","@id":"https:\/\/blog.panrotas.com.br\/semreserva\/horas-de-desespero\/02-02-2016\/#primaryimage","inLanguage":"pt-BR","url":"https:\/\/blog.panrotas.com.br\/semreserva\/wp-content\/uploads\/sites\/5\/2016\/02\/dreamstime_m_14522601.jpg","contentUrl":"https:\/\/blog.panrotas.com.br\/semreserva\/wp-content\/uploads\/sites\/5\/2016\/02\/dreamstime_m_14522601.jpg","width":1884,"height":1591},{"@type":"WebPage","@id":"https:\/\/blog.panrotas.com.br\/semreserva\/horas-de-desespero\/02-02-2016\/#webpage","url":"https:\/\/blog.panrotas.com.br\/semreserva\/horas-de-desespero\/02-02-2016\/","name":"Horas de desespero -","isPartOf":{"@id":"http:\/\/blog.panrotas.com.br\/semreserva\/#website"},"primaryImageOfPage":{"@id":"https:\/\/blog.panrotas.com.br\/semreserva\/horas-de-desespero\/02-02-2016\/#primaryimage"},"datePublished":"2016-02-02T15:23:14+00:00","dateModified":"2016-02-02T15:23:14+00:00","description":"Horas de desespero. Confira essa Mat\u00e9ria no Canal Sem reserva. \u27a4 Projeto em parceria com a PANROTAS.","breadcrumb":{"@id":"https:\/\/blog.panrotas.com.br\/semreserva\/horas-de-desespero\/02-02-2016\/#breadcrumb"},"inLanguage":"pt-BR","potentialAction":[{"@type":"ReadAction","target":["https:\/\/blog.panrotas.com.br\/semreserva\/horas-de-desespero\/02-02-2016\/"]}]},{"@type":"BreadcrumbList","@id":"https:\/\/blog.panrotas.com.br\/semreserva\/horas-de-desespero\/02-02-2016\/#breadcrumb","itemListElement":[{"@type":"ListItem","position":1,"name":"Home do Blog","item":"http:\/\/blog.panrotas.com.br\/semreserva\/"},{"@type":"ListItem","position":2,"name":"Dia a dia","item":"https:\/\/blog.panrotas.com.br\/semreserva\/category\/dia-a-dia\/"},{"@type":"ListItem","position":3,"name":"Horas de desespero"}]},{"@type":"Article","@id":"https:\/\/blog.panrotas.com.br\/semreserva\/horas-de-desespero\/02-02-2016\/#article","isPartOf":{"@id":"https:\/\/blog.panrotas.com.br\/semreserva\/horas-de-desespero\/02-02-2016\/#webpage"},"author":{"@id":"http:\/\/blog.panrotas.com.br\/semreserva\/#\/schema\/person\/c93b4555f6a497d2d83c25dcb80f61ed"},"headline":"Horas de desespero","datePublished":"2016-02-02T15:23:14+00:00","dateModified":"2016-02-02T15:23:14+00:00","mainEntityOfPage":{"@id":"https:\/\/blog.panrotas.com.br\/semreserva\/horas-de-desespero\/02-02-2016\/#webpage"},"wordCount":445,"commentCount":0,"publisher":{"@id":"http:\/\/blog.panrotas.com.br\/semreserva\/#organization"},"image":{"@id":"https:\/\/blog.panrotas.com.br\/semreserva\/horas-de-desespero\/02-02-2016\/#primaryimage"},"thumbnailUrl":"https:\/\/blog.panrotas.com.br\/semreserva\/wp-content\/uploads\/sites\/5\/2016\/02\/dreamstime_m_14522601.jpg","articleSection":["Dia a dia"],"inLanguage":"pt-BR","potentialAction":[{"@type":"CommentAction","name":"Comment","target":["https:\/\/blog.panrotas.com.br\/semreserva\/horas-de-desespero\/02-02-2016\/#respond"]}]},{"@type":"Person","@id":"http:\/\/blog.panrotas.com.br\/semreserva\/#\/schema\/person\/c93b4555f6a497d2d83c25dcb80f61ed","name":"Artur Andrade","image":{"@type":"ImageObject","@id":"http:\/\/blog.panrotas.com.br\/semreserva\/#personlogo","inLanguage":"pt-BR","url":"https:\/\/secure.gravatar.com\/avatar\/a94564d630220cefd5c82f3452ac1ef4?s=96&d=mm&r=g","contentUrl":"https:\/\/secure.gravatar.com\/avatar\/a94564d630220cefd5c82f3452ac1ef4?s=96&d=mm&r=g","caption":"Artur Andrade"},"description":"Artur Luiz Andrade \u00e9 carioca, taurino, jornalista e nasceu em 1969. \u00c9 editor-chefe da PANROTAS Editora e mora em S\u00e3o Paulo desde 1998","sameAs":["http:\/\/www.panrotas.com.br"]}]}},"jetpack_featured_media_url":"https:\/\/blog.panrotas.com.br\/semreserva\/wp-content\/uploads\/sites\/5\/2016\/02\/dreamstime_m_14522601.jpg","jetpack_shortlink":"https:\/\/wp.me\/p7idIU-1ax","_links":{"self":[{"href":"https:\/\/blog.panrotas.com.br\/semreserva\/wp-json\/wp\/v2\/posts\/4497"}],"collection":[{"href":"https:\/\/blog.panrotas.com.br\/semreserva\/wp-json\/wp\/v2\/posts"}],"about":[{"href":"https:\/\/blog.panrotas.com.br\/semreserva\/wp-json\/wp\/v2\/types\/post"}],"author":[{"embeddable":true,"href":"https:\/\/blog.panrotas.com.br\/semreserva\/wp-json\/wp\/v2\/users\/7"}],"replies":[{"embeddable":true,"href":"https:\/\/blog.panrotas.com.br\/semreserva\/wp-json\/wp\/v2\/comments?post=4497"}],"version-history":[{"count":0,"href":"https:\/\/blog.panrotas.com.br\/semreserva\/wp-json\/wp\/v2\/posts\/4497\/revisions"}],"wp:featuredmedia":[{"embeddable":true,"href":"https:\/\/blog.panrotas.com.br\/semreserva\/wp-json\/wp\/v2\/media\/4518"}],"wp:attachment":[{"href":"https:\/\/blog.panrotas.com.br\/semreserva\/wp-json\/wp\/v2\/media?parent=4497"}],"wp:term":[{"taxonomy":"category","embeddable":true,"href":"https:\/\/blog.panrotas.com.br\/semreserva\/wp-json\/wp\/v2\/categories?post=4497"},{"taxonomy":"post_tag","embeddable":true,"href":"https:\/\/blog.panrotas.com.br\/semreserva\/wp-json\/wp\/v2\/tags?post=4497"}],"curies":[{"name":"wp","href":"https:\/\/api.w.org\/{rel}","templated":true}]}}