{"id":4499,"date":"2016-02-03T16:55:20","date_gmt":"2016-02-03T19:55:20","guid":{"rendered":"http:\/\/blog.panrotas.com.br\/semreserva\/?p=4499"},"modified":"2016-02-03T16:55:20","modified_gmt":"2016-02-03T19:55:20","slug":"te-chamam-de-ladrao-de-bicha-maconheiro","status":"publish","type":"post","link":"https:\/\/blog.panrotas.com.br\/semreserva\/te-chamam-de-ladrao-de-bicha-maconheiro\/03-02-2016\/","title":{"rendered":"Te chamam de ladr\u00e3o, de bicha, maconheiro&#8230;"},"content":{"rendered":"<p>&nbsp;<\/p>\n<p>E agora, no mundo das redes sociais, terra de todos e de ningu\u00e9m, te chamam disso e muito mais diversas vezes ao dia. A internet d\u00e1 voz (ou a ilus\u00e3o disso) a corajosos e covardes, puxa-sacos e ing\u00eanuos, haters e s\u00e1dicos, bonzinhos e polianas, te\u00f3ricos e pr\u00e1ticos, a quem tem e a quem n\u00e3o tem conte\u00fado, t\u00edmidos e vaidosos&#8230; a quem quiser se expor, mesmo criando um perfil perfidamente falso.<\/p>\n<p>&nbsp;<\/p>\n<p>J\u00e1 na crise da Nascimento Turismo vimos como as redes sociais e seus personagens mudaram a rea\u00e7\u00e3o a uma not\u00edcia de impacto (na \u00e9poca da Soletur, j\u00e1 disse isso, n\u00e3o houve esse estardalha\u00e7o em massa, mesmo com a not\u00edcia veiculada nas TVs). A internet n\u00e3o deixa ou n\u00e3o deixa o assunto morrer e cair no esquecimento ou enterra de vez famas tidas como indestrut\u00edveis.<\/p>\n<p>&nbsp;<\/p>\n<p>Mas esse post n\u00e3o \u00e9 para debater o uso das redes sociais e apenas para levantar quest\u00f5es referentes \u00e0s rea\u00e7\u00f5es a elas. Quem \u00e9 objeto de um hater (como a Preta Gil, seja por preconceito ou perversa divers\u00e3o, bullying que a internet oficializou) ou de um coment\u00e1rio maldoso, uma fofoca que antes era de corredor, tem de fazer o qu\u00ea? E quando n\u00e3o se trata de \u201codiador\u201d nato e sim de algu\u00e9m que apenas discorda de voc\u00ea?<\/p>\n<p>&nbsp;<\/p>\n<p>Obviamente \u00e9 muito dif\u00edcil lidar com cr\u00edticas e opini\u00f5es contr\u00e1rias \u00e0s suas, especialmente em larga escala. Vaidade, ego, brio, orgulho, auto-estima&#8230; tudo isso fica nos cutucando: reage, reage, reage. H\u00e1 momentos em que o melhor \u00e9 mesmo reagir (seja respondendo, seja pedindo reparo popr via jur\u00eddica), mas em outros o melhor \u00e9 ignorar. Ou concordar pela metade. E partir para a ignor\u00e2ncia? \u00c9 recomend\u00e1vel?<\/p>\n<p>&nbsp;<\/p>\n<p>O Tripadvisor, as redes sociais, os smartphones com v\u00eddeos deram um poder a todos n\u00f3s e \u00e9 preciso saber lidar com eles. H\u00e1 hot\u00e9is que processam quem fez uma review negativa. H\u00e1 formas de denunciar haters e agressores aos administradores das redes sociais. Xingamentos e ofensas graves s\u00e3o retirados do ar em alguns casos, em outros ficam l\u00e1 para que cada um arque com suas responsabilidades.<\/p>\n<p>&nbsp;<\/p>\n<p>Chegam a nossa Reda\u00e7\u00e3o, e n\u00e3o \u00e9 de hoje, pedidos muito inusitados: \u201ctrabalhei numa empresa, que faliu, e n\u00e3o quero que uma foto minha, quando eu l\u00e1 trabalhava, apare\u00e7a em sua busca\u201d. \u00c9 um exemplo. E mesmo que a gente resolva essa demanda, \u00e9 preciso acionar o Google para que as buscas n\u00e3o tragam mais esse conte\u00fado retirado. Tem gente que pede para trocar foto, adjetivos de coment\u00e1rios, at\u00e9 t\u00edtulos que eles leem como ofensivos, mas palavras escritas podem ser lidas com diversas entona\u00e7\u00f5es.<\/p>\n<p>&nbsp;<\/p>\n<p>\u201cVamos aguardar o pr\u00f3ximo pronunciamento da presidenta Dilma\u201d pode ser lido como: \u201ccalma, vamos ver o que ela diz\u201d, ou \u201cvamos ver agora que pepino ela enfiar\u00e1 em nossa goela\u201d, ou \u201cl\u00e1 v\u00eam frases engra\u00e7adas e sem nexo\u201d e tamb\u00e9m \u201cela h\u00e1 de resolver esse impasse\u201d.<\/p>\n<p>&nbsp;<\/p>\n<p>Interpreta\u00e7\u00f5es \u00e0 parte n\u00e3o se iluda, voc\u00ea ser\u00e1 contrariado, xingado e acusado nas redes sociais. Faz parte. Isso sempre existiu, s\u00f3 que para poucos e pelas costas. \u00c9 claro que \u00e9 melhor quando h\u00e1 apenas uma discord\u00e2ncia de ideias, mas tem gente que \u00e9 do contra babando feito cachorro bravo e os que sorriem e te enfiam a faca devargazinho, sem que perceba. Quem voc\u00ea prefere que te ataque?<\/p>\n<p>&nbsp;<\/p>\n<p>N\u00e3o quer ser atacado? Passe a ter uma atitude passiva a tudo. N\u00e3o assuma responsabilidades, n\u00e3o emita opini\u00f5es, n\u00e3o compartilhe fotos, n\u00e3o divulgue sua empresa&#8230; Se sentiu ofendido?, tome provid\u00eancias. Se sentiu injusti\u00e7ado?, informe e seja transparente. N\u00e3o est\u00e1 nem a\u00ed para o que dizem de voc\u00ea? Divirta-se. Deita na cama e fica vendo as inj\u00farias rodando sobre sua cabe\u00e7a? Procure ajuda de um profissional (psic\u00f3logo, psiquiatra&#8230;).<\/p>\n<p>&nbsp;<\/p>\n<p>Acho que ignorar \u00e9 geralmente a melhor solu\u00e7\u00e3o. Quando escrevi o post \u201cQuerida, Olga\u201d fui metralhado, acho at\u00e9 que por falta de compreens\u00e3o do texto por alguns (n\u00e3o quero entrar de novo nessa discuss\u00e3o, pleeeeease), mas entendi bem a posi\u00e7\u00e3o de cada um que me criticou. Mesmo os raivosos. Eu tamb\u00e9m tenho meus momentos de raiva e n\u00e3o estou sempre a fim de mandar flores. E, resumindo, todas as palavras de amor e \u00f3dio em rela\u00e7\u00e3o a mim continuam na internet. J\u00e1 a indiferen\u00e7a n\u00e3o consigo julgar, por motivos \u00f3bvios.<\/p>\n<p>&nbsp;<\/p>\n<p>Por isso, outra dica \u00e9 se colocar no lugar de quem l\u00ea. E relevar sempre.<\/p>\n<p>&nbsp;<\/p>\n<p>A principal delas, por\u00e9m, \u00e9 contratar profissionais para que entendam de redes sociais e das gera\u00e7\u00f5es que nelas convivem. N\u00e3o saia dando opini\u00e3o ou tomando decis\u00f5es baseado apenas no emocional instant\u00e2neo. Mesmo sabendo que a decis\u00e3o e responsabilidade finais s\u00e3o suas. Somente suas. Ajoelhou, tem que rezar&#8230; n\u00e3o importa a religi\u00e3o. Foi-se o tempo em que apenas se fingia acreditar em algo.<\/p>\n<p>&nbsp;<\/p>\n<p>E, por fim, releve as baboseiras de blogueiros como eu. O importante \u00e9 pensarmos juntos. Com respeito e leveza, pois o mundo j\u00e1 anda muito pesado e nebuloso. Pode ser dif\u00edcil e angustiante tudo isso, mas tamb\u00e9m muito f\u00e1cil.<\/p>\n<p>&nbsp;<\/p>\n<p>Continuem me chamando de ladr\u00e3o, de bicha, de maconheiro&#8230; mas com respeito e\/ou, no m\u00ednimo, assinando embaixo.<\/p>\n<p>&nbsp;<\/p>\n<p>De qualquer forma, terminado este post (um tanto confuso, como as redes sociais e suas teias), constato que \u00e9 o segundo que fa\u00e7o antes do tema que realmente est\u00e1 me atormentando nos \u00faltimos dias: #oscarsowhite. O mundo dominado por homens brancos e ricos. Mas isso fica para a pr\u00f3xima postagem. Pois \u00e9 um tema que pode fazer brotar haters egypt a uma velocidade impressionante. Mais que a polariza\u00e7\u00e3o &#8220;Aroldo&#8221; X &#8220;Zuquim&#8221; desta semana.<\/p>\n<p>&nbsp;<\/p>\n<p>Sauda\u00e7\u00f5es<\/p>\n<p>&nbsp;<\/p>\n<p>Fake Artur (hehe)<\/p>\n","protected":false},"excerpt":{"rendered":"<p>&nbsp; E agora, no mundo das redes sociais, terra de todos e de ningu\u00e9m, te chamam disso e muito mais diversas vezes ao dia. A internet d\u00e1 voz (ou a ilus\u00e3o disso) a corajosos e covardes, puxa-sacos e ing\u00eanuos, haters e s\u00e1dicos, bonzinhos e polianas, te\u00f3ricos e pr\u00e1ticos, a quem tem e a quem n\u00e3o [&hellip;]<\/p>\n","protected":false},"author":7,"featured_media":4517,"comment_status":"open","ping_status":"open","sticky":false,"template":"","format":"standard","meta":{"spay_email":""},"categories":[2],"tags":[],"yoast_head":"<!-- This site is optimized with the Yoast SEO plugin v17.3 - https:\/\/yoast.com\/wordpress\/plugins\/seo\/ -->\n<title>Te chamam de ladr\u00e3o, de bicha, maconheiro... -<\/title>\n<meta name=\"description\" content=\"Te chamam de ladr\u00e3o, de bicha, maconheiro.... Confira essa Mat\u00e9ria no Canal Sem reserva. \u27a4 Projeto em parceria com a PANROTAS.\" \/>\n<meta name=\"robots\" content=\"index, follow, max-snippet:-1, max-image-preview:large, max-video-preview:-1\" \/>\n<link rel=\"canonical\" href=\"https:\/\/blog.panrotas.com.br\/semreserva\/te-chamam-de-ladrao-de-bicha-maconheiro\/03-02-2016\/\" \/>\n<meta property=\"og:locale\" content=\"pt_BR\" \/>\n<meta property=\"og:type\" content=\"article\" \/>\n<meta property=\"og:title\" content=\"Te chamam de ladr\u00e3o, de bicha, maconheiro... -\" \/>\n<meta property=\"og:description\" content=\"Te chamam de ladr\u00e3o, de bicha, maconheiro.... Confira essa Mat\u00e9ria no Canal Sem reserva. \u27a4 Projeto em parceria com a PANROTAS.\" \/>\n<meta property=\"og:url\" content=\"https:\/\/blog.panrotas.com.br\/semreserva\/te-chamam-de-ladrao-de-bicha-maconheiro\/03-02-2016\/\" \/>\n<meta property=\"og:site_name\" content=\"Sem reserva\" \/>\n<meta property=\"article:publisher\" content=\"https:\/\/www.facebook.com\/portalpanrotas\/\" \/>\n<meta property=\"article:published_time\" content=\"2016-02-03T19:55:20+00:00\" \/>\n<meta property=\"og:image\" content=\"https:\/\/blog.panrotas.com.br\/semreserva\/wp-content\/uploads\/sites\/5\/2016\/02\/Celular-na-m\u00e3o-IMG_5860b.jpg\" \/>\n\t<meta property=\"og:image:width\" content=\"1920\" \/>\n\t<meta property=\"og:image:height\" content=\"1280\" \/>\n<meta name=\"twitter:card\" content=\"summary_large_image\" \/>\n<meta name=\"twitter:creator\" content=\"@portalpanrotas\" \/>\n<meta name=\"twitter:site\" content=\"@portalpanrotas\" \/>\n<meta name=\"twitter:label1\" content=\"Escrito por\" \/>\n\t<meta name=\"twitter:data1\" content=\"Artur Andrade\" \/>\n\t<meta name=\"twitter:label2\" content=\"Est. tempo de leitura\" \/>\n\t<meta name=\"twitter:data2\" content=\"5 minutos\" \/>\n<script type=\"application\/ld+json\" class=\"yoast-schema-graph\">{\"@context\":\"https:\/\/schema.org\",\"@graph\":[{\"@type\":\"Organization\",\"@id\":\"http:\/\/blog.panrotas.com.br\/semreserva\/#organization\",\"name\":\"Sem Reserva - Blog no Portal PANROTAS\",\"url\":\"http:\/\/blog.panrotas.com.br\/semreserva\/\",\"sameAs\":[\"https:\/\/www.facebook.com\/portalpanrotas\/\",\"https:\/\/www.instagram.com\/portalpanrotas\/\",\"https:\/\/br.linkedin.com\/company\/panrotas\",\"https:\/\/www.youtube.com\/tvpanrotas\",\"https:\/\/twitter.com\/portalpanrotas\"],\"logo\":{\"@type\":\"ImageObject\",\"@id\":\"http:\/\/blog.panrotas.com.br\/semreserva\/#logo\",\"inLanguage\":\"pt-BR\",\"url\":\"https:\/\/blog.panrotas.com.br\/semreserva\/wp-content\/uploads\/sites\/5\/2020\/06\/logo.png\",\"contentUrl\":\"https:\/\/blog.panrotas.com.br\/semreserva\/wp-content\/uploads\/sites\/5\/2020\/06\/logo.png\",\"width\":259,\"height\":53,\"caption\":\"Sem Reserva - Blog no Portal PANROTAS\"},\"image\":{\"@id\":\"http:\/\/blog.panrotas.com.br\/semreserva\/#logo\"}},{\"@type\":\"WebSite\",\"@id\":\"http:\/\/blog.panrotas.com.br\/semreserva\/#website\",\"url\":\"http:\/\/blog.panrotas.com.br\/semreserva\/\",\"name\":\"Sem reserva\",\"description\":\"Blogosfera PANROTAS\",\"publisher\":{\"@id\":\"http:\/\/blog.panrotas.com.br\/semreserva\/#organization\"},\"potentialAction\":[{\"@type\":\"SearchAction\",\"target\":{\"@type\":\"EntryPoint\",\"urlTemplate\":\"http:\/\/blog.panrotas.com.br\/semreserva\/?s={search_term_string}\"},\"query-input\":\"required name=search_term_string\"}],\"inLanguage\":\"pt-BR\"},{\"@type\":\"ImageObject\",\"@id\":\"https:\/\/blog.panrotas.com.br\/semreserva\/te-chamam-de-ladrao-de-bicha-maconheiro\/03-02-2016\/#primaryimage\",\"inLanguage\":\"pt-BR\",\"url\":\"https:\/\/blog.panrotas.com.br\/semreserva\/wp-content\/uploads\/sites\/5\/2016\/02\/Celular-na-m\\u00e3o-IMG_5860b.jpg\",\"contentUrl\":\"https:\/\/blog.panrotas.com.br\/semreserva\/wp-content\/uploads\/sites\/5\/2016\/02\/Celular-na-m\\u00e3o-IMG_5860b.jpg\",\"width\":1920,\"height\":1280},{\"@type\":\"WebPage\",\"@id\":\"https:\/\/blog.panrotas.com.br\/semreserva\/te-chamam-de-ladrao-de-bicha-maconheiro\/03-02-2016\/#webpage\",\"url\":\"https:\/\/blog.panrotas.com.br\/semreserva\/te-chamam-de-ladrao-de-bicha-maconheiro\/03-02-2016\/\",\"name\":\"Te chamam de ladr\\u00e3o, de bicha, maconheiro... -\",\"isPartOf\":{\"@id\":\"http:\/\/blog.panrotas.com.br\/semreserva\/#website\"},\"primaryImageOfPage\":{\"@id\":\"https:\/\/blog.panrotas.com.br\/semreserva\/te-chamam-de-ladrao-de-bicha-maconheiro\/03-02-2016\/#primaryimage\"},\"datePublished\":\"2016-02-03T19:55:20+00:00\",\"dateModified\":\"2016-02-03T19:55:20+00:00\",\"description\":\"Te chamam de ladr\\u00e3o, de bicha, maconheiro.... Confira essa Mat\\u00e9ria no Canal Sem reserva. \\u27a4 Projeto em parceria com a PANROTAS.\",\"breadcrumb\":{\"@id\":\"https:\/\/blog.panrotas.com.br\/semreserva\/te-chamam-de-ladrao-de-bicha-maconheiro\/03-02-2016\/#breadcrumb\"},\"inLanguage\":\"pt-BR\",\"potentialAction\":[{\"@type\":\"ReadAction\",\"target\":[\"https:\/\/blog.panrotas.com.br\/semreserva\/te-chamam-de-ladrao-de-bicha-maconheiro\/03-02-2016\/\"]}]},{\"@type\":\"BreadcrumbList\",\"@id\":\"https:\/\/blog.panrotas.com.br\/semreserva\/te-chamam-de-ladrao-de-bicha-maconheiro\/03-02-2016\/#breadcrumb\",\"itemListElement\":[{\"@type\":\"ListItem\",\"position\":1,\"name\":\"Home do Blog\",\"item\":\"http:\/\/blog.panrotas.com.br\/semreserva\/\"},{\"@type\":\"ListItem\",\"position\":2,\"name\":\"Dia a dia\",\"item\":\"https:\/\/blog.panrotas.com.br\/semreserva\/category\/dia-a-dia\/\"},{\"@type\":\"ListItem\",\"position\":3,\"name\":\"Te chamam de ladr\\u00e3o, de bicha, maconheiro&#8230;\"}]},{\"@type\":\"Article\",\"@id\":\"https:\/\/blog.panrotas.com.br\/semreserva\/te-chamam-de-ladrao-de-bicha-maconheiro\/03-02-2016\/#article\",\"isPartOf\":{\"@id\":\"https:\/\/blog.panrotas.com.br\/semreserva\/te-chamam-de-ladrao-de-bicha-maconheiro\/03-02-2016\/#webpage\"},\"author\":{\"@id\":\"http:\/\/blog.panrotas.com.br\/semreserva\/#\/schema\/person\/c93b4555f6a497d2d83c25dcb80f61ed\"},\"headline\":\"Te chamam de ladr\\u00e3o, de bicha, maconheiro&#8230;\",\"datePublished\":\"2016-02-03T19:55:20+00:00\",\"dateModified\":\"2016-02-03T19:55:20+00:00\",\"mainEntityOfPage\":{\"@id\":\"https:\/\/blog.panrotas.com.br\/semreserva\/te-chamam-de-ladrao-de-bicha-maconheiro\/03-02-2016\/#webpage\"},\"wordCount\":1005,\"commentCount\":0,\"publisher\":{\"@id\":\"http:\/\/blog.panrotas.com.br\/semreserva\/#organization\"},\"image\":{\"@id\":\"https:\/\/blog.panrotas.com.br\/semreserva\/te-chamam-de-ladrao-de-bicha-maconheiro\/03-02-2016\/#primaryimage\"},\"thumbnailUrl\":\"https:\/\/blog.panrotas.com.br\/semreserva\/wp-content\/uploads\/sites\/5\/2016\/02\/Celular-na-m\\u00e3o-IMG_5860b.jpg\",\"articleSection\":[\"Dia a dia\"],\"inLanguage\":\"pt-BR\",\"potentialAction\":[{\"@type\":\"CommentAction\",\"name\":\"Comment\",\"target\":[\"https:\/\/blog.panrotas.com.br\/semreserva\/te-chamam-de-ladrao-de-bicha-maconheiro\/03-02-2016\/#respond\"]}]},{\"@type\":\"Person\",\"@id\":\"http:\/\/blog.panrotas.com.br\/semreserva\/#\/schema\/person\/c93b4555f6a497d2d83c25dcb80f61ed\",\"name\":\"Artur Andrade\",\"image\":{\"@type\":\"ImageObject\",\"@id\":\"http:\/\/blog.panrotas.com.br\/semreserva\/#personlogo\",\"inLanguage\":\"pt-BR\",\"url\":\"https:\/\/secure.gravatar.com\/avatar\/a94564d630220cefd5c82f3452ac1ef4?s=96&d=mm&r=g\",\"contentUrl\":\"https:\/\/secure.gravatar.com\/avatar\/a94564d630220cefd5c82f3452ac1ef4?s=96&d=mm&r=g\",\"caption\":\"Artur Andrade\"},\"description\":\"Artur Luiz Andrade \\u00e9 carioca, taurino, jornalista e nasceu em 1969. \\u00c9 editor-chefe da PANROTAS Editora e mora em S\\u00e3o Paulo desde 1998\",\"sameAs\":[\"http:\/\/www.panrotas.com.br\"]}]}<\/script>\n<!-- \/ Yoast SEO plugin. -->","yoast_head_json":{"title":"Te chamam de ladr\u00e3o, de bicha, maconheiro... -","description":"Te chamam de ladr\u00e3o, de bicha, maconheiro.... Confira essa Mat\u00e9ria no Canal Sem reserva. \u27a4 Projeto em parceria com a PANROTAS.","robots":{"index":"index","follow":"follow","max-snippet":"max-snippet:-1","max-image-preview":"max-image-preview:large","max-video-preview":"max-video-preview:-1"},"canonical":"https:\/\/blog.panrotas.com.br\/semreserva\/te-chamam-de-ladrao-de-bicha-maconheiro\/03-02-2016\/","og_locale":"pt_BR","og_type":"article","og_title":"Te chamam de ladr\u00e3o, de bicha, maconheiro... -","og_description":"Te chamam de ladr\u00e3o, de bicha, maconheiro.... Confira essa Mat\u00e9ria no Canal Sem reserva. \u27a4 Projeto em parceria com a PANROTAS.","og_url":"https:\/\/blog.panrotas.com.br\/semreserva\/te-chamam-de-ladrao-de-bicha-maconheiro\/03-02-2016\/","og_site_name":"Sem reserva","article_publisher":"https:\/\/www.facebook.com\/portalpanrotas\/","article_published_time":"2016-02-03T19:55:20+00:00","og_image":[{"width":1920,"height":1280,"url":"https:\/\/blog.panrotas.com.br\/semreserva\/wp-content\/uploads\/sites\/5\/2016\/02\/Celular-na-m\u00e3o-IMG_5860b.jpg","type":"image\/jpeg"}],"twitter_card":"summary_large_image","twitter_creator":"@portalpanrotas","twitter_site":"@portalpanrotas","twitter_misc":{"Escrito por":"Artur Andrade","Est. tempo de leitura":"5 minutos"},"schema":{"@context":"https:\/\/schema.org","@graph":[{"@type":"Organization","@id":"http:\/\/blog.panrotas.com.br\/semreserva\/#organization","name":"Sem Reserva - Blog no Portal PANROTAS","url":"http:\/\/blog.panrotas.com.br\/semreserva\/","sameAs":["https:\/\/www.facebook.com\/portalpanrotas\/","https:\/\/www.instagram.com\/portalpanrotas\/","https:\/\/br.linkedin.com\/company\/panrotas","https:\/\/www.youtube.com\/tvpanrotas","https:\/\/twitter.com\/portalpanrotas"],"logo":{"@type":"ImageObject","@id":"http:\/\/blog.panrotas.com.br\/semreserva\/#logo","inLanguage":"pt-BR","url":"https:\/\/blog.panrotas.com.br\/semreserva\/wp-content\/uploads\/sites\/5\/2020\/06\/logo.png","contentUrl":"https:\/\/blog.panrotas.com.br\/semreserva\/wp-content\/uploads\/sites\/5\/2020\/06\/logo.png","width":259,"height":53,"caption":"Sem Reserva - Blog no Portal PANROTAS"},"image":{"@id":"http:\/\/blog.panrotas.com.br\/semreserva\/#logo"}},{"@type":"WebSite","@id":"http:\/\/blog.panrotas.com.br\/semreserva\/#website","url":"http:\/\/blog.panrotas.com.br\/semreserva\/","name":"Sem reserva","description":"Blogosfera PANROTAS","publisher":{"@id":"http:\/\/blog.panrotas.com.br\/semreserva\/#organization"},"potentialAction":[{"@type":"SearchAction","target":{"@type":"EntryPoint","urlTemplate":"http:\/\/blog.panrotas.com.br\/semreserva\/?s={search_term_string}"},"query-input":"required name=search_term_string"}],"inLanguage":"pt-BR"},{"@type":"ImageObject","@id":"https:\/\/blog.panrotas.com.br\/semreserva\/te-chamam-de-ladrao-de-bicha-maconheiro\/03-02-2016\/#primaryimage","inLanguage":"pt-BR","url":"https:\/\/blog.panrotas.com.br\/semreserva\/wp-content\/uploads\/sites\/5\/2016\/02\/Celular-na-m\u00e3o-IMG_5860b.jpg","contentUrl":"https:\/\/blog.panrotas.com.br\/semreserva\/wp-content\/uploads\/sites\/5\/2016\/02\/Celular-na-m\u00e3o-IMG_5860b.jpg","width":1920,"height":1280},{"@type":"WebPage","@id":"https:\/\/blog.panrotas.com.br\/semreserva\/te-chamam-de-ladrao-de-bicha-maconheiro\/03-02-2016\/#webpage","url":"https:\/\/blog.panrotas.com.br\/semreserva\/te-chamam-de-ladrao-de-bicha-maconheiro\/03-02-2016\/","name":"Te chamam de ladr\u00e3o, de bicha, maconheiro... -","isPartOf":{"@id":"http:\/\/blog.panrotas.com.br\/semreserva\/#website"},"primaryImageOfPage":{"@id":"https:\/\/blog.panrotas.com.br\/semreserva\/te-chamam-de-ladrao-de-bicha-maconheiro\/03-02-2016\/#primaryimage"},"datePublished":"2016-02-03T19:55:20+00:00","dateModified":"2016-02-03T19:55:20+00:00","description":"Te chamam de ladr\u00e3o, de bicha, maconheiro.... Confira essa Mat\u00e9ria no Canal Sem reserva. \u27a4 Projeto em parceria com a PANROTAS.","breadcrumb":{"@id":"https:\/\/blog.panrotas.com.br\/semreserva\/te-chamam-de-ladrao-de-bicha-maconheiro\/03-02-2016\/#breadcrumb"},"inLanguage":"pt-BR","potentialAction":[{"@type":"ReadAction","target":["https:\/\/blog.panrotas.com.br\/semreserva\/te-chamam-de-ladrao-de-bicha-maconheiro\/03-02-2016\/"]}]},{"@type":"BreadcrumbList","@id":"https:\/\/blog.panrotas.com.br\/semreserva\/te-chamam-de-ladrao-de-bicha-maconheiro\/03-02-2016\/#breadcrumb","itemListElement":[{"@type":"ListItem","position":1,"name":"Home do Blog","item":"http:\/\/blog.panrotas.com.br\/semreserva\/"},{"@type":"ListItem","position":2,"name":"Dia a dia","item":"https:\/\/blog.panrotas.com.br\/semreserva\/category\/dia-a-dia\/"},{"@type":"ListItem","position":3,"name":"Te chamam de ladr\u00e3o, de bicha, maconheiro&#8230;"}]},{"@type":"Article","@id":"https:\/\/blog.panrotas.com.br\/semreserva\/te-chamam-de-ladrao-de-bicha-maconheiro\/03-02-2016\/#article","isPartOf":{"@id":"https:\/\/blog.panrotas.com.br\/semreserva\/te-chamam-de-ladrao-de-bicha-maconheiro\/03-02-2016\/#webpage"},"author":{"@id":"http:\/\/blog.panrotas.com.br\/semreserva\/#\/schema\/person\/c93b4555f6a497d2d83c25dcb80f61ed"},"headline":"Te chamam de ladr\u00e3o, de bicha, maconheiro&#8230;","datePublished":"2016-02-03T19:55:20+00:00","dateModified":"2016-02-03T19:55:20+00:00","mainEntityOfPage":{"@id":"https:\/\/blog.panrotas.com.br\/semreserva\/te-chamam-de-ladrao-de-bicha-maconheiro\/03-02-2016\/#webpage"},"wordCount":1005,"commentCount":0,"publisher":{"@id":"http:\/\/blog.panrotas.com.br\/semreserva\/#organization"},"image":{"@id":"https:\/\/blog.panrotas.com.br\/semreserva\/te-chamam-de-ladrao-de-bicha-maconheiro\/03-02-2016\/#primaryimage"},"thumbnailUrl":"https:\/\/blog.panrotas.com.br\/semreserva\/wp-content\/uploads\/sites\/5\/2016\/02\/Celular-na-m\u00e3o-IMG_5860b.jpg","articleSection":["Dia a dia"],"inLanguage":"pt-BR","potentialAction":[{"@type":"CommentAction","name":"Comment","target":["https:\/\/blog.panrotas.com.br\/semreserva\/te-chamam-de-ladrao-de-bicha-maconheiro\/03-02-2016\/#respond"]}]},{"@type":"Person","@id":"http:\/\/blog.panrotas.com.br\/semreserva\/#\/schema\/person\/c93b4555f6a497d2d83c25dcb80f61ed","name":"Artur Andrade","image":{"@type":"ImageObject","@id":"http:\/\/blog.panrotas.com.br\/semreserva\/#personlogo","inLanguage":"pt-BR","url":"https:\/\/secure.gravatar.com\/avatar\/a94564d630220cefd5c82f3452ac1ef4?s=96&d=mm&r=g","contentUrl":"https:\/\/secure.gravatar.com\/avatar\/a94564d630220cefd5c82f3452ac1ef4?s=96&d=mm&r=g","caption":"Artur Andrade"},"description":"Artur Luiz Andrade \u00e9 carioca, taurino, jornalista e nasceu em 1969. \u00c9 editor-chefe da PANROTAS Editora e mora em S\u00e3o Paulo desde 1998","sameAs":["http:\/\/www.panrotas.com.br"]}]}},"jetpack_featured_media_url":"https:\/\/blog.panrotas.com.br\/semreserva\/wp-content\/uploads\/sites\/5\/2016\/02\/Celular-na-m\u00e3o-IMG_5860b.jpg","jetpack_shortlink":"https:\/\/wp.me\/p7idIU-1az","_links":{"self":[{"href":"https:\/\/blog.panrotas.com.br\/semreserva\/wp-json\/wp\/v2\/posts\/4499"}],"collection":[{"href":"https:\/\/blog.panrotas.com.br\/semreserva\/wp-json\/wp\/v2\/posts"}],"about":[{"href":"https:\/\/blog.panrotas.com.br\/semreserva\/wp-json\/wp\/v2\/types\/post"}],"author":[{"embeddable":true,"href":"https:\/\/blog.panrotas.com.br\/semreserva\/wp-json\/wp\/v2\/users\/7"}],"replies":[{"embeddable":true,"href":"https:\/\/blog.panrotas.com.br\/semreserva\/wp-json\/wp\/v2\/comments?post=4499"}],"version-history":[{"count":0,"href":"https:\/\/blog.panrotas.com.br\/semreserva\/wp-json\/wp\/v2\/posts\/4499\/revisions"}],"wp:featuredmedia":[{"embeddable":true,"href":"https:\/\/blog.panrotas.com.br\/semreserva\/wp-json\/wp\/v2\/media\/4517"}],"wp:attachment":[{"href":"https:\/\/blog.panrotas.com.br\/semreserva\/wp-json\/wp\/v2\/media?parent=4499"}],"wp:term":[{"taxonomy":"category","embeddable":true,"href":"https:\/\/blog.panrotas.com.br\/semreserva\/wp-json\/wp\/v2\/categories?post=4499"},{"taxonomy":"post_tag","embeddable":true,"href":"https:\/\/blog.panrotas.com.br\/semreserva\/wp-json\/wp\/v2\/tags?post=4499"}],"curies":[{"name":"wp","href":"https:\/\/api.w.org\/{rel}","templated":true}]}}