{"id":4503,"date":"2016-02-15T13:47:05","date_gmt":"2016-02-15T16:47:05","guid":{"rendered":"http:\/\/blog.panrotas.com.br\/semreserva\/?p=4503"},"modified":"2016-02-15T13:47:05","modified_gmt":"2016-02-15T16:47:05","slug":"entre-bodes-e-macacos","status":"publish","type":"post","link":"https:\/\/blog.panrotas.com.br\/semreserva\/entre-bodes-e-macacos\/15-02-2016\/","title":{"rendered":"Entre bodes e macacos"},"content":{"rendered":"<p>(retirado do editorial do Jornal PANROTAS 1.205 &#8211; que tem na capa Zika e o Turismo)<\/p>\n<p>2015 n\u00e3o foi bom, dizem alguns, pois era o ano da cabra (no hor\u00f3scopo chin\u00eas), bicho que anda por terrenos \u00e1ridos e dif\u00edceis, cheios de obst\u00e1culos. Um tanto fedido tamb\u00e9m. Mas isso \u00e9 detalhe. Para outros, 2015 foi \u00f3timo. Outros pa\u00edses, diga-se.<\/p>\n<p>H\u00e1 justificativas mais plaus\u00edveis para nossa \u201cm\u00e1 sorte\u201d (enquanto os EUA crescem e a China cresce menos, n\u00f3s recuamos), como o desgoverno l\u00e1 na capital, a falta de uma pol\u00edtica econ\u00f4mica sustent\u00e1vel e at\u00e9 o despreparo de alguns setores para enfrentar tempos turbulentos. Entre trancos e barrancos, foi um ano para ser guardado entre os mais desafiadores.<\/p>\n<p>E eis que chega o macaco. Sim, j\u00e1 entramos no ano do macaco e que estripulias ele nos promete nos pr\u00f3ximos meses? Vai bagun\u00e7ar tudo o que j\u00e1 estava fora dos trilhos ou, como uma vers\u00e3o menos angustiada do ser humano, conseguir\u00e1 ter um novo olhar sobre nosso caos?<\/p>\n<p>N\u00e3o pode, seja no ano da cabra ou no do macaco \u00e9 vencer o porco, ou melhor, o esp\u00edrito de porco. Aquele que pensa: j\u00e1 que meu neg\u00f3cio vai mal, que o dos outros tamb\u00e9m degringole. Tipo: \u201cn\u00e3o vendo carnaval, ent\u00e3o esse povo que est\u00e1 se divertindo \u00e9 tudo alienado\u201d, ou \u201cn\u00e3o vendo pacotes para o Exterior, que se lasque esse novo velho imposto\u201d, ou ainda \u201cn\u00e3o sou uma empresa regularizada, n\u00e3o sou associado a nada, mas vamos descer o pau nesse povo que s\u00f3 quer sair em foto\u201d. Tem ainda os haters que amam odiar, talvez por n\u00e3o serem nem um nem outro, amados ou odiados. E a indiferen\u00e7a em temos de cabras e macacos pode significar&#8230; dinossauros. Extin\u00e7\u00e3o pura e simples.<\/p>\n<p>No ano do zika (ou da Olimp\u00edada, voc\u00ea escolhe), em tempos de crise (ou mudan\u00e7as para melhor), de desemprego (ou empreendedorismo), de amadores (ou de quem ama o que faz)&#8230; em \u00e9poca de incertezas e inseguran\u00e7a, s\u00f3 h\u00e1 uma coisa a fazer: construir juntos e nisso o Turismo pode dar exemplos. Ainda n\u00e3o o faz. Mas o clich\u00ea o \u201cpotencial tur\u00edstico\u201d est\u00e1 ainda vivo entre n\u00f3s. Vamos modific\u00e1-lo (geneticamente?) e criar uma nova gera\u00e7\u00e3o? Ou vamos continuar em galhos separados de um mesmo solo, olhando apenas para o concorrente e n\u00e3o para o todo?<\/p>\n<p>Voc\u00ea decide.<\/p>\n","protected":false},"excerpt":{"rendered":"<p>(retirado do editorial do Jornal PANROTAS 1.205 &#8211; que tem na capa Zika e o Turismo) 2015 n\u00e3o foi bom, dizem alguns, pois era o ano da cabra (no hor\u00f3scopo chin\u00eas), bicho que anda por terrenos \u00e1ridos e dif\u00edceis, cheios de obst\u00e1culos. Um tanto fedido tamb\u00e9m. Mas isso \u00e9 detalhe. Para outros, 2015 foi \u00f3timo. [&hellip;]<\/p>\n","protected":false},"author":7,"featured_media":4516,"comment_status":"open","ping_status":"open","sticky":false,"template":"","format":"standard","meta":{"spay_email":""},"categories":[2],"tags":[],"yoast_head":"<!-- This site is optimized with the Yoast SEO plugin v17.3 - https:\/\/yoast.com\/wordpress\/plugins\/seo\/ -->\n<title>Entre bodes e macacos -<\/title>\n<meta name=\"description\" content=\"Entre bodes e macacos. Confira essa Mat\u00e9ria no Canal Sem reserva. \u27a4 Projeto em parceria com a PANROTAS.\" \/>\n<meta name=\"robots\" content=\"index, follow, max-snippet:-1, max-image-preview:large, max-video-preview:-1\" \/>\n<link rel=\"canonical\" href=\"https:\/\/blog.panrotas.com.br\/semreserva\/entre-bodes-e-macacos\/15-02-2016\/\" \/>\n<meta property=\"og:locale\" content=\"pt_BR\" \/>\n<meta property=\"og:type\" content=\"article\" \/>\n<meta property=\"og:title\" content=\"Entre bodes e macacos -\" \/>\n<meta property=\"og:description\" content=\"Entre bodes e macacos. Confira essa Mat\u00e9ria no Canal Sem reserva. \u27a4 Projeto em parceria com a PANROTAS.\" \/>\n<meta property=\"og:url\" content=\"https:\/\/blog.panrotas.com.br\/semreserva\/entre-bodes-e-macacos\/15-02-2016\/\" \/>\n<meta property=\"og:site_name\" content=\"Sem reserva\" \/>\n<meta property=\"article:publisher\" content=\"https:\/\/www.facebook.com\/portalpanrotas\/\" \/>\n<meta property=\"article:published_time\" content=\"2016-02-15T16:47:05+00:00\" \/>\n<meta property=\"og:image\" content=\"https:\/\/blog.panrotas.com.br\/semreserva\/wp-content\/uploads\/sites\/5\/2016\/02\/zikavirus020216.jpg\" \/>\n\t<meta property=\"og:image:width\" content=\"670\" \/>\n\t<meta property=\"og:image:height\" content=\"400\" \/>\n<meta name=\"twitter:card\" content=\"summary_large_image\" \/>\n<meta name=\"twitter:creator\" content=\"@portalpanrotas\" \/>\n<meta name=\"twitter:site\" content=\"@portalpanrotas\" \/>\n<meta name=\"twitter:label1\" content=\"Escrito por\" \/>\n\t<meta name=\"twitter:data1\" content=\"Artur Andrade\" \/>\n\t<meta name=\"twitter:label2\" content=\"Est. tempo de leitura\" \/>\n\t<meta name=\"twitter:data2\" content=\"2 minutos\" \/>\n<script type=\"application\/ld+json\" class=\"yoast-schema-graph\">{\"@context\":\"https:\/\/schema.org\",\"@graph\":[{\"@type\":\"Organization\",\"@id\":\"http:\/\/blog.panrotas.com.br\/semreserva\/#organization\",\"name\":\"Sem Reserva - Blog no Portal PANROTAS\",\"url\":\"http:\/\/blog.panrotas.com.br\/semreserva\/\",\"sameAs\":[\"https:\/\/www.facebook.com\/portalpanrotas\/\",\"https:\/\/www.instagram.com\/portalpanrotas\/\",\"https:\/\/br.linkedin.com\/company\/panrotas\",\"https:\/\/www.youtube.com\/tvpanrotas\",\"https:\/\/twitter.com\/portalpanrotas\"],\"logo\":{\"@type\":\"ImageObject\",\"@id\":\"http:\/\/blog.panrotas.com.br\/semreserva\/#logo\",\"inLanguage\":\"pt-BR\",\"url\":\"https:\/\/blog.panrotas.com.br\/semreserva\/wp-content\/uploads\/sites\/5\/2020\/06\/logo.png\",\"contentUrl\":\"https:\/\/blog.panrotas.com.br\/semreserva\/wp-content\/uploads\/sites\/5\/2020\/06\/logo.png\",\"width\":259,\"height\":53,\"caption\":\"Sem Reserva - Blog no Portal PANROTAS\"},\"image\":{\"@id\":\"http:\/\/blog.panrotas.com.br\/semreserva\/#logo\"}},{\"@type\":\"WebSite\",\"@id\":\"http:\/\/blog.panrotas.com.br\/semreserva\/#website\",\"url\":\"http:\/\/blog.panrotas.com.br\/semreserva\/\",\"name\":\"Sem reserva\",\"description\":\"Blogosfera PANROTAS\",\"publisher\":{\"@id\":\"http:\/\/blog.panrotas.com.br\/semreserva\/#organization\"},\"potentialAction\":[{\"@type\":\"SearchAction\",\"target\":{\"@type\":\"EntryPoint\",\"urlTemplate\":\"http:\/\/blog.panrotas.com.br\/semreserva\/?s={search_term_string}\"},\"query-input\":\"required name=search_term_string\"}],\"inLanguage\":\"pt-BR\"},{\"@type\":\"ImageObject\",\"@id\":\"https:\/\/blog.panrotas.com.br\/semreserva\/entre-bodes-e-macacos\/15-02-2016\/#primaryimage\",\"inLanguage\":\"pt-BR\",\"url\":\"https:\/\/blog.panrotas.com.br\/semreserva\/wp-content\/uploads\/sites\/5\/2016\/02\/zikavirus020216.jpg\",\"contentUrl\":\"https:\/\/blog.panrotas.com.br\/semreserva\/wp-content\/uploads\/sites\/5\/2016\/02\/zikavirus020216.jpg\",\"width\":670,\"height\":400},{\"@type\":\"WebPage\",\"@id\":\"https:\/\/blog.panrotas.com.br\/semreserva\/entre-bodes-e-macacos\/15-02-2016\/#webpage\",\"url\":\"https:\/\/blog.panrotas.com.br\/semreserva\/entre-bodes-e-macacos\/15-02-2016\/\",\"name\":\"Entre bodes e macacos -\",\"isPartOf\":{\"@id\":\"http:\/\/blog.panrotas.com.br\/semreserva\/#website\"},\"primaryImageOfPage\":{\"@id\":\"https:\/\/blog.panrotas.com.br\/semreserva\/entre-bodes-e-macacos\/15-02-2016\/#primaryimage\"},\"datePublished\":\"2016-02-15T16:47:05+00:00\",\"dateModified\":\"2016-02-15T16:47:05+00:00\",\"description\":\"Entre bodes e macacos. Confira essa Mat\\u00e9ria no Canal Sem reserva. \\u27a4 Projeto em parceria com a PANROTAS.\",\"breadcrumb\":{\"@id\":\"https:\/\/blog.panrotas.com.br\/semreserva\/entre-bodes-e-macacos\/15-02-2016\/#breadcrumb\"},\"inLanguage\":\"pt-BR\",\"potentialAction\":[{\"@type\":\"ReadAction\",\"target\":[\"https:\/\/blog.panrotas.com.br\/semreserva\/entre-bodes-e-macacos\/15-02-2016\/\"]}]},{\"@type\":\"BreadcrumbList\",\"@id\":\"https:\/\/blog.panrotas.com.br\/semreserva\/entre-bodes-e-macacos\/15-02-2016\/#breadcrumb\",\"itemListElement\":[{\"@type\":\"ListItem\",\"position\":1,\"name\":\"Home do Blog\",\"item\":\"http:\/\/blog.panrotas.com.br\/semreserva\/\"},{\"@type\":\"ListItem\",\"position\":2,\"name\":\"Dia a dia\",\"item\":\"https:\/\/blog.panrotas.com.br\/semreserva\/category\/dia-a-dia\/\"},{\"@type\":\"ListItem\",\"position\":3,\"name\":\"Entre bodes e macacos\"}]},{\"@type\":\"Article\",\"@id\":\"https:\/\/blog.panrotas.com.br\/semreserva\/entre-bodes-e-macacos\/15-02-2016\/#article\",\"isPartOf\":{\"@id\":\"https:\/\/blog.panrotas.com.br\/semreserva\/entre-bodes-e-macacos\/15-02-2016\/#webpage\"},\"author\":{\"@id\":\"http:\/\/blog.panrotas.com.br\/semreserva\/#\/schema\/person\/c93b4555f6a497d2d83c25dcb80f61ed\"},\"headline\":\"Entre bodes e macacos\",\"datePublished\":\"2016-02-15T16:47:05+00:00\",\"dateModified\":\"2016-02-15T16:47:05+00:00\",\"mainEntityOfPage\":{\"@id\":\"https:\/\/blog.panrotas.com.br\/semreserva\/entre-bodes-e-macacos\/15-02-2016\/#webpage\"},\"wordCount\":417,\"commentCount\":0,\"publisher\":{\"@id\":\"http:\/\/blog.panrotas.com.br\/semreserva\/#organization\"},\"image\":{\"@id\":\"https:\/\/blog.panrotas.com.br\/semreserva\/entre-bodes-e-macacos\/15-02-2016\/#primaryimage\"},\"thumbnailUrl\":\"https:\/\/blog.panrotas.com.br\/semreserva\/wp-content\/uploads\/sites\/5\/2016\/02\/zikavirus020216.jpg\",\"articleSection\":[\"Dia a dia\"],\"inLanguage\":\"pt-BR\",\"potentialAction\":[{\"@type\":\"CommentAction\",\"name\":\"Comment\",\"target\":[\"https:\/\/blog.panrotas.com.br\/semreserva\/entre-bodes-e-macacos\/15-02-2016\/#respond\"]}]},{\"@type\":\"Person\",\"@id\":\"http:\/\/blog.panrotas.com.br\/semreserva\/#\/schema\/person\/c93b4555f6a497d2d83c25dcb80f61ed\",\"name\":\"Artur Andrade\",\"image\":{\"@type\":\"ImageObject\",\"@id\":\"http:\/\/blog.panrotas.com.br\/semreserva\/#personlogo\",\"inLanguage\":\"pt-BR\",\"url\":\"https:\/\/secure.gravatar.com\/avatar\/a94564d630220cefd5c82f3452ac1ef4?s=96&d=mm&r=g\",\"contentUrl\":\"https:\/\/secure.gravatar.com\/avatar\/a94564d630220cefd5c82f3452ac1ef4?s=96&d=mm&r=g\",\"caption\":\"Artur Andrade\"},\"description\":\"Artur Luiz Andrade \\u00e9 carioca, taurino, jornalista e nasceu em 1969. \\u00c9 editor-chefe da PANROTAS Editora e mora em S\\u00e3o Paulo desde 1998\",\"sameAs\":[\"http:\/\/www.panrotas.com.br\"]}]}<\/script>\n<!-- \/ Yoast SEO plugin. -->","yoast_head_json":{"title":"Entre bodes e macacos -","description":"Entre bodes e macacos. Confira essa Mat\u00e9ria no Canal Sem reserva. \u27a4 Projeto em parceria com a PANROTAS.","robots":{"index":"index","follow":"follow","max-snippet":"max-snippet:-1","max-image-preview":"max-image-preview:large","max-video-preview":"max-video-preview:-1"},"canonical":"https:\/\/blog.panrotas.com.br\/semreserva\/entre-bodes-e-macacos\/15-02-2016\/","og_locale":"pt_BR","og_type":"article","og_title":"Entre bodes e macacos -","og_description":"Entre bodes e macacos. Confira essa Mat\u00e9ria no Canal Sem reserva. \u27a4 Projeto em parceria com a PANROTAS.","og_url":"https:\/\/blog.panrotas.com.br\/semreserva\/entre-bodes-e-macacos\/15-02-2016\/","og_site_name":"Sem reserva","article_publisher":"https:\/\/www.facebook.com\/portalpanrotas\/","article_published_time":"2016-02-15T16:47:05+00:00","og_image":[{"width":670,"height":400,"url":"https:\/\/blog.panrotas.com.br\/semreserva\/wp-content\/uploads\/sites\/5\/2016\/02\/zikavirus020216.jpg","type":"image\/jpeg"}],"twitter_card":"summary_large_image","twitter_creator":"@portalpanrotas","twitter_site":"@portalpanrotas","twitter_misc":{"Escrito por":"Artur Andrade","Est. tempo de leitura":"2 minutos"},"schema":{"@context":"https:\/\/schema.org","@graph":[{"@type":"Organization","@id":"http:\/\/blog.panrotas.com.br\/semreserva\/#organization","name":"Sem Reserva - Blog no Portal PANROTAS","url":"http:\/\/blog.panrotas.com.br\/semreserva\/","sameAs":["https:\/\/www.facebook.com\/portalpanrotas\/","https:\/\/www.instagram.com\/portalpanrotas\/","https:\/\/br.linkedin.com\/company\/panrotas","https:\/\/www.youtube.com\/tvpanrotas","https:\/\/twitter.com\/portalpanrotas"],"logo":{"@type":"ImageObject","@id":"http:\/\/blog.panrotas.com.br\/semreserva\/#logo","inLanguage":"pt-BR","url":"https:\/\/blog.panrotas.com.br\/semreserva\/wp-content\/uploads\/sites\/5\/2020\/06\/logo.png","contentUrl":"https:\/\/blog.panrotas.com.br\/semreserva\/wp-content\/uploads\/sites\/5\/2020\/06\/logo.png","width":259,"height":53,"caption":"Sem Reserva - Blog no Portal PANROTAS"},"image":{"@id":"http:\/\/blog.panrotas.com.br\/semreserva\/#logo"}},{"@type":"WebSite","@id":"http:\/\/blog.panrotas.com.br\/semreserva\/#website","url":"http:\/\/blog.panrotas.com.br\/semreserva\/","name":"Sem reserva","description":"Blogosfera PANROTAS","publisher":{"@id":"http:\/\/blog.panrotas.com.br\/semreserva\/#organization"},"potentialAction":[{"@type":"SearchAction","target":{"@type":"EntryPoint","urlTemplate":"http:\/\/blog.panrotas.com.br\/semreserva\/?s={search_term_string}"},"query-input":"required name=search_term_string"}],"inLanguage":"pt-BR"},{"@type":"ImageObject","@id":"https:\/\/blog.panrotas.com.br\/semreserva\/entre-bodes-e-macacos\/15-02-2016\/#primaryimage","inLanguage":"pt-BR","url":"https:\/\/blog.panrotas.com.br\/semreserva\/wp-content\/uploads\/sites\/5\/2016\/02\/zikavirus020216.jpg","contentUrl":"https:\/\/blog.panrotas.com.br\/semreserva\/wp-content\/uploads\/sites\/5\/2016\/02\/zikavirus020216.jpg","width":670,"height":400},{"@type":"WebPage","@id":"https:\/\/blog.panrotas.com.br\/semreserva\/entre-bodes-e-macacos\/15-02-2016\/#webpage","url":"https:\/\/blog.panrotas.com.br\/semreserva\/entre-bodes-e-macacos\/15-02-2016\/","name":"Entre bodes e macacos -","isPartOf":{"@id":"http:\/\/blog.panrotas.com.br\/semreserva\/#website"},"primaryImageOfPage":{"@id":"https:\/\/blog.panrotas.com.br\/semreserva\/entre-bodes-e-macacos\/15-02-2016\/#primaryimage"},"datePublished":"2016-02-15T16:47:05+00:00","dateModified":"2016-02-15T16:47:05+00:00","description":"Entre bodes e macacos. Confira essa Mat\u00e9ria no Canal Sem reserva. \u27a4 Projeto em parceria com a PANROTAS.","breadcrumb":{"@id":"https:\/\/blog.panrotas.com.br\/semreserva\/entre-bodes-e-macacos\/15-02-2016\/#breadcrumb"},"inLanguage":"pt-BR","potentialAction":[{"@type":"ReadAction","target":["https:\/\/blog.panrotas.com.br\/semreserva\/entre-bodes-e-macacos\/15-02-2016\/"]}]},{"@type":"BreadcrumbList","@id":"https:\/\/blog.panrotas.com.br\/semreserva\/entre-bodes-e-macacos\/15-02-2016\/#breadcrumb","itemListElement":[{"@type":"ListItem","position":1,"name":"Home do Blog","item":"http:\/\/blog.panrotas.com.br\/semreserva\/"},{"@type":"ListItem","position":2,"name":"Dia a dia","item":"https:\/\/blog.panrotas.com.br\/semreserva\/category\/dia-a-dia\/"},{"@type":"ListItem","position":3,"name":"Entre bodes e macacos"}]},{"@type":"Article","@id":"https:\/\/blog.panrotas.com.br\/semreserva\/entre-bodes-e-macacos\/15-02-2016\/#article","isPartOf":{"@id":"https:\/\/blog.panrotas.com.br\/semreserva\/entre-bodes-e-macacos\/15-02-2016\/#webpage"},"author":{"@id":"http:\/\/blog.panrotas.com.br\/semreserva\/#\/schema\/person\/c93b4555f6a497d2d83c25dcb80f61ed"},"headline":"Entre bodes e macacos","datePublished":"2016-02-15T16:47:05+00:00","dateModified":"2016-02-15T16:47:05+00:00","mainEntityOfPage":{"@id":"https:\/\/blog.panrotas.com.br\/semreserva\/entre-bodes-e-macacos\/15-02-2016\/#webpage"},"wordCount":417,"commentCount":0,"publisher":{"@id":"http:\/\/blog.panrotas.com.br\/semreserva\/#organization"},"image":{"@id":"https:\/\/blog.panrotas.com.br\/semreserva\/entre-bodes-e-macacos\/15-02-2016\/#primaryimage"},"thumbnailUrl":"https:\/\/blog.panrotas.com.br\/semreserva\/wp-content\/uploads\/sites\/5\/2016\/02\/zikavirus020216.jpg","articleSection":["Dia a dia"],"inLanguage":"pt-BR","potentialAction":[{"@type":"CommentAction","name":"Comment","target":["https:\/\/blog.panrotas.com.br\/semreserva\/entre-bodes-e-macacos\/15-02-2016\/#respond"]}]},{"@type":"Person","@id":"http:\/\/blog.panrotas.com.br\/semreserva\/#\/schema\/person\/c93b4555f6a497d2d83c25dcb80f61ed","name":"Artur Andrade","image":{"@type":"ImageObject","@id":"http:\/\/blog.panrotas.com.br\/semreserva\/#personlogo","inLanguage":"pt-BR","url":"https:\/\/secure.gravatar.com\/avatar\/a94564d630220cefd5c82f3452ac1ef4?s=96&d=mm&r=g","contentUrl":"https:\/\/secure.gravatar.com\/avatar\/a94564d630220cefd5c82f3452ac1ef4?s=96&d=mm&r=g","caption":"Artur Andrade"},"description":"Artur Luiz Andrade \u00e9 carioca, taurino, jornalista e nasceu em 1969. \u00c9 editor-chefe da PANROTAS Editora e mora em S\u00e3o Paulo desde 1998","sameAs":["http:\/\/www.panrotas.com.br"]}]}},"jetpack_featured_media_url":"https:\/\/blog.panrotas.com.br\/semreserva\/wp-content\/uploads\/sites\/5\/2016\/02\/zikavirus020216.jpg","jetpack_shortlink":"https:\/\/wp.me\/p7idIU-1aD","_links":{"self":[{"href":"https:\/\/blog.panrotas.com.br\/semreserva\/wp-json\/wp\/v2\/posts\/4503"}],"collection":[{"href":"https:\/\/blog.panrotas.com.br\/semreserva\/wp-json\/wp\/v2\/posts"}],"about":[{"href":"https:\/\/blog.panrotas.com.br\/semreserva\/wp-json\/wp\/v2\/types\/post"}],"author":[{"embeddable":true,"href":"https:\/\/blog.panrotas.com.br\/semreserva\/wp-json\/wp\/v2\/users\/7"}],"replies":[{"embeddable":true,"href":"https:\/\/blog.panrotas.com.br\/semreserva\/wp-json\/wp\/v2\/comments?post=4503"}],"version-history":[{"count":0,"href":"https:\/\/blog.panrotas.com.br\/semreserva\/wp-json\/wp\/v2\/posts\/4503\/revisions"}],"wp:featuredmedia":[{"embeddable":true,"href":"https:\/\/blog.panrotas.com.br\/semreserva\/wp-json\/wp\/v2\/media\/4516"}],"wp:attachment":[{"href":"https:\/\/blog.panrotas.com.br\/semreserva\/wp-json\/wp\/v2\/media?parent=4503"}],"wp:term":[{"taxonomy":"category","embeddable":true,"href":"https:\/\/blog.panrotas.com.br\/semreserva\/wp-json\/wp\/v2\/categories?post=4503"},{"taxonomy":"post_tag","embeddable":true,"href":"https:\/\/blog.panrotas.com.br\/semreserva\/wp-json\/wp\/v2\/tags?post=4503"}],"curies":[{"name":"wp","href":"https:\/\/api.w.org\/{rel}","templated":true}]}}