{"id":4527,"date":"2016-03-13T15:30:02","date_gmt":"2016-03-13T18:30:02","guid":{"rendered":"http:\/\/blog.panrotas.com.br\/semreserva\/?p=4527"},"modified":"2016-03-13T15:30:02","modified_gmt":"2016-03-13T18:30:02","slug":"ainda-queremos-mais","status":"publish","type":"post","link":"https:\/\/blog.panrotas.com.br\/semreserva\/ainda-queremos-mais\/13-03-2016\/","title":{"rendered":"AINDA QUEREMOS MAIS"},"content":{"rendered":"<p>27 blogs, alguns colaborativos, como o Blog do Agente, todos abertos a sua participa\u00e7\u00e3o. E cabe muito mais ainda. Porque o que queremos com esse blog \u00e9 mostrar o qu\u00e3o diversa e rica \u00e9 a ind\u00fastria de Viagens e Turismo.<\/p>\n<p>&nbsp;<\/p>\n<p>Em um mundo, em um Pa\u00eds onde a intoler\u00e2ncia, o racismo e o preconceito ainda influenciam nas tomadas de decis\u00e3o, em que se julga o outro a todo instante e &#8211; pior ainda &#8211; por causa da cor da pele, da conta banc\u00e1ria, da fun\u00e7\u00e3o que exerce ou de onde nasceu, quanto mais vozes tivermos registradas, melhor.<\/p>\n<p>&nbsp;<\/p>\n<p>E na discord\u00e2ncia h\u00e3o de nascer novas ideias, novos caminhos e at\u00e9 mudan\u00e7as de rumos. Sem o \u00f3dio an\u00f4nimo que traumas passados vomitam na internet. Sem a ilus\u00e3o de que tudo est\u00e1 bem, obrigado. Sem a cegueira causada pelas lentes sujas de \u00f3culos desfocados e mal regulados.<\/p>\n<p>&nbsp;<\/p>\n<p>Um mundo sem preconceitos? Imposs\u00edvel. Carregamos dentro de n\u00f3s h\u00e1bitos e diferen\u00e7as que nos fazem querer nos proteger, mesmo que erroneamente. O diferente assusta. O diferente d\u00e1 medo. O diferente pode ser melhor que tudo o que somos. Mas o respeito iguala todas as diferen\u00e7as, mantendo-as diferentes e habitantes do mesmo planeta.<\/p>\n<p>&nbsp;<\/p>\n<p>Um mundo de uma s\u00f3 voz? Deus me livre. E para quem n\u00e3o acredita em Deus, tamb\u00e9m nos livre. Um mundo perfeito? Talvez o das formigas t\u00e3o disciplinadamente&#8230;alienadas?<\/p>\n<p>&nbsp;<\/p>\n<p>Um mundo sem desigualdades? A ind\u00fastria de Viagens e Turismo pode ajudar. E muito. Mas para isso \u00e9 preciso olhar al\u00e9m da cor da pele, al\u00e9m dos cargos, al\u00e9m do g\u00eanero, al\u00e9m do que imaginamos (e nem dever\u00edamos) que outros fazem entre quatro paredes ou ao ar livre.<\/p>\n<p>&nbsp;<\/p>\n<p>Que esses blogs se multipliquem e sejam centenas, milhares de vozes em busca de um mundo melhor, por meio das viagens, do Turismo. Que voc\u00eas discordem sempre ou nunca concordem, mas pelos motivos certos e n\u00e3o pelo preconceito que n\u00e3o queremos mas carregamos. O passado, afinal, \u00e9 pesado. E n\u00e3o d\u00e1 para corrigi-lo, mas sim para compens\u00e1-lo com um futuro melhor.<\/p>\n<p>&nbsp;<\/p>\n<p>Diversidade n\u00e3o \u00e9 sobre escolha sexual. \u00c9 sobre pensar que o mundo m\u00e1sculo e branco n\u00e3o \u00e9 um mundo de machos brancos. Olhe para o lado. Olhe para voc\u00ea. Relembre sua inf\u00e2ncia.<\/p>\n<p>&nbsp;<\/p>\n<p>Como podemos ter um Turismo melhor e assim um Brasil melhor? Nos livrando dos pol\u00edticos? De todos eles? E voc\u00ea fazendo pol\u00edtica, como \u00e9, como seria? Nos livrando das amarras? Mas e voc\u00ea: Est\u00e1 amarrando que m\u00e3os no seu dia a dia?<\/p>\n<p>&nbsp;<\/p>\n<p>Esse espa\u00e7o \u00e9 para boas ideias, opini\u00f5es a favor e contr\u00e1rias (nunca indiferentes), \u00e9 para ceder aqui e ganhar acol\u00e1, \u00e9 para ouvir mais do que falar, \u00e9 menos para um e mais para todos juntos. Um mundo un\u00edssono? Esquece. Um Brasil melhor? Queremos. Uma vida que valha a pena? Que todos n\u00f3s consigamos.<\/p>\n<p>&nbsp;<\/p>\n<p>Ent\u00e3o, nada de &#8220;fala que eu te escuto&#8221; e sim &#8220;conversando a gente se entende&#8221;. Internet n\u00e3o \u00e9 div\u00e3, h\u00e1 profissionais especializados para isso. Internet \u00e9 participa\u00e7\u00e3o em conjunto. \u00c9 aprender a ler e a escolher.<\/p>\n<p>&nbsp;<\/p>\n<p>Muito obrigado aos nossos blogueiros, novos e antigos, pelo convite aceito e pela energia que desprendem nesse projeto apaixonante. Obrigado aos blogueiros que nos deixaram e que ajudaram todos n\u00f3s a chegarmos at\u00e9 aqui. Obrigado aos haters e aos cora\u00e7\u00f5ezinhos animados. Obrigado por receberem t\u00e3o bem nosso novo time, que est\u00e1 apenas come\u00e7ando. Aqui, sempre cabem mais uns&#8230;<\/p>\n<p>&nbsp;<\/p>\n<p>Conversaremos mais\u00a0no F\u00f3rum PANROTAS 2016. In loco ou nos mais diversos canais. Sem reserva, sem fronteiras, sem m\u00e1scaras, sem preconceitos.<\/p>\n<p>&nbsp;<\/p>\n<p>&nbsp;<\/p>\n<p>&nbsp;<\/p>\n","protected":false},"excerpt":{"rendered":"<p>27 blogs, alguns colaborativos, como o Blog do Agente, todos abertos a sua participa\u00e7\u00e3o. E cabe muito mais ainda. Porque o que queremos com esse blog \u00e9 mostrar o qu\u00e3o diversa e rica \u00e9 a ind\u00fastria de Viagens e Turismo. &nbsp; Em um mundo, em um Pa\u00eds onde a intoler\u00e2ncia, o racismo e o preconceito [&hellip;]<\/p>\n","protected":false},"author":7,"featured_media":4529,"comment_status":"open","ping_status":"open","sticky":false,"template":"","format":"standard","meta":{"spay_email":""},"categories":[2],"tags":[9,10,21,29,56,57],"yoast_head":"<!-- This site is optimized with the Yoast SEO plugin v17.3 - https:\/\/yoast.com\/wordpress\/plugins\/seo\/ -->\n<title>AINDA QUEREMOS MAIS -<\/title>\n<meta name=\"description\" content=\"AINDA QUEREMOS MAIS. Confira essa Mat\u00e9ria no Canal Sem reserva. \u27a4 Projeto em parceria com a PANROTAS.\" \/>\n<meta name=\"robots\" content=\"index, follow, max-snippet:-1, max-image-preview:large, max-video-preview:-1\" \/>\n<link rel=\"canonical\" href=\"https:\/\/blog.panrotas.com.br\/semreserva\/ainda-queremos-mais\/13-03-2016\/\" \/>\n<meta property=\"og:locale\" content=\"pt_BR\" \/>\n<meta property=\"og:type\" content=\"article\" \/>\n<meta property=\"og:title\" content=\"AINDA QUEREMOS MAIS -\" \/>\n<meta property=\"og:description\" content=\"AINDA QUEREMOS MAIS. Confira essa Mat\u00e9ria no Canal Sem reserva. \u27a4 Projeto em parceria com a PANROTAS.\" \/>\n<meta property=\"og:url\" content=\"https:\/\/blog.panrotas.com.br\/semreserva\/ainda-queremos-mais\/13-03-2016\/\" \/>\n<meta property=\"og:site_name\" content=\"Sem reserva\" \/>\n<meta property=\"article:publisher\" content=\"https:\/\/www.facebook.com\/portalpanrotas\/\" \/>\n<meta property=\"article:published_time\" content=\"2016-03-13T18:30:02+00:00\" \/>\n<meta property=\"og:image\" content=\"https:\/\/blog.panrotas.com.br\/semreserva\/wp-content\/uploads\/sites\/5\/2016\/03\/dreamstimefree_236312.jpg\" \/>\n\t<meta property=\"og:image:width\" content=\"2979\" \/>\n\t<meta property=\"og:image:height\" content=\"1982\" \/>\n<meta name=\"twitter:card\" content=\"summary_large_image\" \/>\n<meta name=\"twitter:creator\" content=\"@portalpanrotas\" \/>\n<meta name=\"twitter:site\" content=\"@portalpanrotas\" \/>\n<meta name=\"twitter:label1\" content=\"Escrito por\" \/>\n\t<meta name=\"twitter:data1\" content=\"Artur Andrade\" \/>\n\t<meta name=\"twitter:label2\" content=\"Est. tempo de leitura\" \/>\n\t<meta name=\"twitter:data2\" content=\"3 minutos\" \/>\n<script type=\"application\/ld+json\" class=\"yoast-schema-graph\">{\"@context\":\"https:\/\/schema.org\",\"@graph\":[{\"@type\":\"Organization\",\"@id\":\"http:\/\/blog.panrotas.com.br\/semreserva\/#organization\",\"name\":\"Sem Reserva - Blog no Portal PANROTAS\",\"url\":\"http:\/\/blog.panrotas.com.br\/semreserva\/\",\"sameAs\":[\"https:\/\/www.facebook.com\/portalpanrotas\/\",\"https:\/\/www.instagram.com\/portalpanrotas\/\",\"https:\/\/br.linkedin.com\/company\/panrotas\",\"https:\/\/www.youtube.com\/tvpanrotas\",\"https:\/\/twitter.com\/portalpanrotas\"],\"logo\":{\"@type\":\"ImageObject\",\"@id\":\"http:\/\/blog.panrotas.com.br\/semreserva\/#logo\",\"inLanguage\":\"pt-BR\",\"url\":\"https:\/\/blog.panrotas.com.br\/semreserva\/wp-content\/uploads\/sites\/5\/2020\/06\/logo.png\",\"contentUrl\":\"https:\/\/blog.panrotas.com.br\/semreserva\/wp-content\/uploads\/sites\/5\/2020\/06\/logo.png\",\"width\":259,\"height\":53,\"caption\":\"Sem Reserva - Blog no Portal PANROTAS\"},\"image\":{\"@id\":\"http:\/\/blog.panrotas.com.br\/semreserva\/#logo\"}},{\"@type\":\"WebSite\",\"@id\":\"http:\/\/blog.panrotas.com.br\/semreserva\/#website\",\"url\":\"http:\/\/blog.panrotas.com.br\/semreserva\/\",\"name\":\"Sem reserva\",\"description\":\"Blogosfera PANROTAS\",\"publisher\":{\"@id\":\"http:\/\/blog.panrotas.com.br\/semreserva\/#organization\"},\"potentialAction\":[{\"@type\":\"SearchAction\",\"target\":{\"@type\":\"EntryPoint\",\"urlTemplate\":\"http:\/\/blog.panrotas.com.br\/semreserva\/?s={search_term_string}\"},\"query-input\":\"required name=search_term_string\"}],\"inLanguage\":\"pt-BR\"},{\"@type\":\"ImageObject\",\"@id\":\"https:\/\/blog.panrotas.com.br\/semreserva\/ainda-queremos-mais\/13-03-2016\/#primaryimage\",\"inLanguage\":\"pt-BR\",\"url\":\"https:\/\/blog.panrotas.com.br\/semreserva\/wp-content\/uploads\/sites\/5\/2016\/03\/dreamstimefree_236312-scaled.jpg\",\"contentUrl\":\"https:\/\/blog.panrotas.com.br\/semreserva\/wp-content\/uploads\/sites\/5\/2016\/03\/dreamstimefree_236312-scaled.jpg\",\"width\":2560,\"height\":1703,\"caption\":\"(Jamie Wilson\/Dreamstime)\"},{\"@type\":\"WebPage\",\"@id\":\"https:\/\/blog.panrotas.com.br\/semreserva\/ainda-queremos-mais\/13-03-2016\/#webpage\",\"url\":\"https:\/\/blog.panrotas.com.br\/semreserva\/ainda-queremos-mais\/13-03-2016\/\",\"name\":\"AINDA QUEREMOS MAIS -\",\"isPartOf\":{\"@id\":\"http:\/\/blog.panrotas.com.br\/semreserva\/#website\"},\"primaryImageOfPage\":{\"@id\":\"https:\/\/blog.panrotas.com.br\/semreserva\/ainda-queremos-mais\/13-03-2016\/#primaryimage\"},\"datePublished\":\"2016-03-13T18:30:02+00:00\",\"dateModified\":\"2016-03-13T18:30:02+00:00\",\"description\":\"AINDA QUEREMOS MAIS. Confira essa Mat\\u00e9ria no Canal Sem reserva. \\u27a4 Projeto em parceria com a PANROTAS.\",\"breadcrumb\":{\"@id\":\"https:\/\/blog.panrotas.com.br\/semreserva\/ainda-queremos-mais\/13-03-2016\/#breadcrumb\"},\"inLanguage\":\"pt-BR\",\"potentialAction\":[{\"@type\":\"ReadAction\",\"target\":[\"https:\/\/blog.panrotas.com.br\/semreserva\/ainda-queremos-mais\/13-03-2016\/\"]}]},{\"@type\":\"BreadcrumbList\",\"@id\":\"https:\/\/blog.panrotas.com.br\/semreserva\/ainda-queremos-mais\/13-03-2016\/#breadcrumb\",\"itemListElement\":[{\"@type\":\"ListItem\",\"position\":1,\"name\":\"Home do Blog\",\"item\":\"http:\/\/blog.panrotas.com.br\/semreserva\/\"},{\"@type\":\"ListItem\",\"position\":2,\"name\":\"Dia a dia\",\"item\":\"https:\/\/blog.panrotas.com.br\/semreserva\/category\/dia-a-dia\/\"},{\"@type\":\"ListItem\",\"position\":3,\"name\":\"AINDA QUEREMOS MAIS\"}]},{\"@type\":\"Article\",\"@id\":\"https:\/\/blog.panrotas.com.br\/semreserva\/ainda-queremos-mais\/13-03-2016\/#article\",\"isPartOf\":{\"@id\":\"https:\/\/blog.panrotas.com.br\/semreserva\/ainda-queremos-mais\/13-03-2016\/#webpage\"},\"author\":{\"@id\":\"http:\/\/blog.panrotas.com.br\/semreserva\/#\/schema\/person\/c93b4555f6a497d2d83c25dcb80f61ed\"},\"headline\":\"AINDA QUEREMOS MAIS\",\"datePublished\":\"2016-03-13T18:30:02+00:00\",\"dateModified\":\"2016-03-13T18:30:02+00:00\",\"mainEntityOfPage\":{\"@id\":\"https:\/\/blog.panrotas.com.br\/semreserva\/ainda-queremos-mais\/13-03-2016\/#webpage\"},\"wordCount\":632,\"commentCount\":0,\"publisher\":{\"@id\":\"http:\/\/blog.panrotas.com.br\/semreserva\/#organization\"},\"image\":{\"@id\":\"https:\/\/blog.panrotas.com.br\/semreserva\/ainda-queremos-mais\/13-03-2016\/#primaryimage\"},\"thumbnailUrl\":\"https:\/\/blog.panrotas.com.br\/semreserva\/wp-content\/uploads\/sites\/5\/2016\/03\/dreamstimefree_236312-scaled.jpg\",\"keywords\":[\"blogs panrotas\",\"blogueiros panrotas\",\"diversidade turismo\",\"f\\u00f3rum panrotas\",\"turismo contra preconceito\",\"turismo e desenvolvimento\"],\"articleSection\":[\"Dia a dia\"],\"inLanguage\":\"pt-BR\",\"potentialAction\":[{\"@type\":\"CommentAction\",\"name\":\"Comment\",\"target\":[\"https:\/\/blog.panrotas.com.br\/semreserva\/ainda-queremos-mais\/13-03-2016\/#respond\"]}]},{\"@type\":\"Person\",\"@id\":\"http:\/\/blog.panrotas.com.br\/semreserva\/#\/schema\/person\/c93b4555f6a497d2d83c25dcb80f61ed\",\"name\":\"Artur Andrade\",\"image\":{\"@type\":\"ImageObject\",\"@id\":\"http:\/\/blog.panrotas.com.br\/semreserva\/#personlogo\",\"inLanguage\":\"pt-BR\",\"url\":\"https:\/\/secure.gravatar.com\/avatar\/a94564d630220cefd5c82f3452ac1ef4?s=96&d=mm&r=g\",\"contentUrl\":\"https:\/\/secure.gravatar.com\/avatar\/a94564d630220cefd5c82f3452ac1ef4?s=96&d=mm&r=g\",\"caption\":\"Artur Andrade\"},\"description\":\"Artur Luiz Andrade \\u00e9 carioca, taurino, jornalista e nasceu em 1969. \\u00c9 editor-chefe da PANROTAS Editora e mora em S\\u00e3o Paulo desde 1998\",\"sameAs\":[\"http:\/\/www.panrotas.com.br\"]}]}<\/script>\n<!-- \/ Yoast SEO plugin. -->","yoast_head_json":{"title":"AINDA QUEREMOS MAIS -","description":"AINDA QUEREMOS MAIS. Confira essa Mat\u00e9ria no Canal Sem reserva. \u27a4 Projeto em parceria com a PANROTAS.","robots":{"index":"index","follow":"follow","max-snippet":"max-snippet:-1","max-image-preview":"max-image-preview:large","max-video-preview":"max-video-preview:-1"},"canonical":"https:\/\/blog.panrotas.com.br\/semreserva\/ainda-queremos-mais\/13-03-2016\/","og_locale":"pt_BR","og_type":"article","og_title":"AINDA QUEREMOS MAIS -","og_description":"AINDA QUEREMOS MAIS. Confira essa Mat\u00e9ria no Canal Sem reserva. \u27a4 Projeto em parceria com a PANROTAS.","og_url":"https:\/\/blog.panrotas.com.br\/semreserva\/ainda-queremos-mais\/13-03-2016\/","og_site_name":"Sem reserva","article_publisher":"https:\/\/www.facebook.com\/portalpanrotas\/","article_published_time":"2016-03-13T18:30:02+00:00","og_image":[{"width":2979,"height":1982,"url":"https:\/\/blog.panrotas.com.br\/semreserva\/wp-content\/uploads\/sites\/5\/2016\/03\/dreamstimefree_236312.jpg","type":"image\/jpeg"}],"twitter_card":"summary_large_image","twitter_creator":"@portalpanrotas","twitter_site":"@portalpanrotas","twitter_misc":{"Escrito por":"Artur Andrade","Est. tempo de leitura":"3 minutos"},"schema":{"@context":"https:\/\/schema.org","@graph":[{"@type":"Organization","@id":"http:\/\/blog.panrotas.com.br\/semreserva\/#organization","name":"Sem Reserva - Blog no Portal PANROTAS","url":"http:\/\/blog.panrotas.com.br\/semreserva\/","sameAs":["https:\/\/www.facebook.com\/portalpanrotas\/","https:\/\/www.instagram.com\/portalpanrotas\/","https:\/\/br.linkedin.com\/company\/panrotas","https:\/\/www.youtube.com\/tvpanrotas","https:\/\/twitter.com\/portalpanrotas"],"logo":{"@type":"ImageObject","@id":"http:\/\/blog.panrotas.com.br\/semreserva\/#logo","inLanguage":"pt-BR","url":"https:\/\/blog.panrotas.com.br\/semreserva\/wp-content\/uploads\/sites\/5\/2020\/06\/logo.png","contentUrl":"https:\/\/blog.panrotas.com.br\/semreserva\/wp-content\/uploads\/sites\/5\/2020\/06\/logo.png","width":259,"height":53,"caption":"Sem Reserva - Blog no Portal PANROTAS"},"image":{"@id":"http:\/\/blog.panrotas.com.br\/semreserva\/#logo"}},{"@type":"WebSite","@id":"http:\/\/blog.panrotas.com.br\/semreserva\/#website","url":"http:\/\/blog.panrotas.com.br\/semreserva\/","name":"Sem reserva","description":"Blogosfera PANROTAS","publisher":{"@id":"http:\/\/blog.panrotas.com.br\/semreserva\/#organization"},"potentialAction":[{"@type":"SearchAction","target":{"@type":"EntryPoint","urlTemplate":"http:\/\/blog.panrotas.com.br\/semreserva\/?s={search_term_string}"},"query-input":"required name=search_term_string"}],"inLanguage":"pt-BR"},{"@type":"ImageObject","@id":"https:\/\/blog.panrotas.com.br\/semreserva\/ainda-queremos-mais\/13-03-2016\/#primaryimage","inLanguage":"pt-BR","url":"https:\/\/blog.panrotas.com.br\/semreserva\/wp-content\/uploads\/sites\/5\/2016\/03\/dreamstimefree_236312-scaled.jpg","contentUrl":"https:\/\/blog.panrotas.com.br\/semreserva\/wp-content\/uploads\/sites\/5\/2016\/03\/dreamstimefree_236312-scaled.jpg","width":2560,"height":1703,"caption":"(Jamie Wilson\/Dreamstime)"},{"@type":"WebPage","@id":"https:\/\/blog.panrotas.com.br\/semreserva\/ainda-queremos-mais\/13-03-2016\/#webpage","url":"https:\/\/blog.panrotas.com.br\/semreserva\/ainda-queremos-mais\/13-03-2016\/","name":"AINDA QUEREMOS MAIS -","isPartOf":{"@id":"http:\/\/blog.panrotas.com.br\/semreserva\/#website"},"primaryImageOfPage":{"@id":"https:\/\/blog.panrotas.com.br\/semreserva\/ainda-queremos-mais\/13-03-2016\/#primaryimage"},"datePublished":"2016-03-13T18:30:02+00:00","dateModified":"2016-03-13T18:30:02+00:00","description":"AINDA QUEREMOS MAIS. Confira essa Mat\u00e9ria no Canal Sem reserva. \u27a4 Projeto em parceria com a PANROTAS.","breadcrumb":{"@id":"https:\/\/blog.panrotas.com.br\/semreserva\/ainda-queremos-mais\/13-03-2016\/#breadcrumb"},"inLanguage":"pt-BR","potentialAction":[{"@type":"ReadAction","target":["https:\/\/blog.panrotas.com.br\/semreserva\/ainda-queremos-mais\/13-03-2016\/"]}]},{"@type":"BreadcrumbList","@id":"https:\/\/blog.panrotas.com.br\/semreserva\/ainda-queremos-mais\/13-03-2016\/#breadcrumb","itemListElement":[{"@type":"ListItem","position":1,"name":"Home do Blog","item":"http:\/\/blog.panrotas.com.br\/semreserva\/"},{"@type":"ListItem","position":2,"name":"Dia a dia","item":"https:\/\/blog.panrotas.com.br\/semreserva\/category\/dia-a-dia\/"},{"@type":"ListItem","position":3,"name":"AINDA QUEREMOS MAIS"}]},{"@type":"Article","@id":"https:\/\/blog.panrotas.com.br\/semreserva\/ainda-queremos-mais\/13-03-2016\/#article","isPartOf":{"@id":"https:\/\/blog.panrotas.com.br\/semreserva\/ainda-queremos-mais\/13-03-2016\/#webpage"},"author":{"@id":"http:\/\/blog.panrotas.com.br\/semreserva\/#\/schema\/person\/c93b4555f6a497d2d83c25dcb80f61ed"},"headline":"AINDA QUEREMOS MAIS","datePublished":"2016-03-13T18:30:02+00:00","dateModified":"2016-03-13T18:30:02+00:00","mainEntityOfPage":{"@id":"https:\/\/blog.panrotas.com.br\/semreserva\/ainda-queremos-mais\/13-03-2016\/#webpage"},"wordCount":632,"commentCount":0,"publisher":{"@id":"http:\/\/blog.panrotas.com.br\/semreserva\/#organization"},"image":{"@id":"https:\/\/blog.panrotas.com.br\/semreserva\/ainda-queremos-mais\/13-03-2016\/#primaryimage"},"thumbnailUrl":"https:\/\/blog.panrotas.com.br\/semreserva\/wp-content\/uploads\/sites\/5\/2016\/03\/dreamstimefree_236312-scaled.jpg","keywords":["blogs panrotas","blogueiros panrotas","diversidade turismo","f\u00f3rum panrotas","turismo contra preconceito","turismo e desenvolvimento"],"articleSection":["Dia a dia"],"inLanguage":"pt-BR","potentialAction":[{"@type":"CommentAction","name":"Comment","target":["https:\/\/blog.panrotas.com.br\/semreserva\/ainda-queremos-mais\/13-03-2016\/#respond"]}]},{"@type":"Person","@id":"http:\/\/blog.panrotas.com.br\/semreserva\/#\/schema\/person\/c93b4555f6a497d2d83c25dcb80f61ed","name":"Artur Andrade","image":{"@type":"ImageObject","@id":"http:\/\/blog.panrotas.com.br\/semreserva\/#personlogo","inLanguage":"pt-BR","url":"https:\/\/secure.gravatar.com\/avatar\/a94564d630220cefd5c82f3452ac1ef4?s=96&d=mm&r=g","contentUrl":"https:\/\/secure.gravatar.com\/avatar\/a94564d630220cefd5c82f3452ac1ef4?s=96&d=mm&r=g","caption":"Artur Andrade"},"description":"Artur Luiz Andrade \u00e9 carioca, taurino, jornalista e nasceu em 1969. \u00c9 editor-chefe da PANROTAS Editora e mora em S\u00e3o Paulo desde 1998","sameAs":["http:\/\/www.panrotas.com.br"]}]}},"jetpack_featured_media_url":"https:\/\/blog.panrotas.com.br\/semreserva\/wp-content\/uploads\/sites\/5\/2016\/03\/dreamstimefree_236312-scaled.jpg","jetpack_shortlink":"https:\/\/wp.me\/p7idIU-1b1","_links":{"self":[{"href":"https:\/\/blog.panrotas.com.br\/semreserva\/wp-json\/wp\/v2\/posts\/4527"}],"collection":[{"href":"https:\/\/blog.panrotas.com.br\/semreserva\/wp-json\/wp\/v2\/posts"}],"about":[{"href":"https:\/\/blog.panrotas.com.br\/semreserva\/wp-json\/wp\/v2\/types\/post"}],"author":[{"embeddable":true,"href":"https:\/\/blog.panrotas.com.br\/semreserva\/wp-json\/wp\/v2\/users\/7"}],"replies":[{"embeddable":true,"href":"https:\/\/blog.panrotas.com.br\/semreserva\/wp-json\/wp\/v2\/comments?post=4527"}],"version-history":[{"count":0,"href":"https:\/\/blog.panrotas.com.br\/semreserva\/wp-json\/wp\/v2\/posts\/4527\/revisions"}],"wp:featuredmedia":[{"embeddable":true,"href":"https:\/\/blog.panrotas.com.br\/semreserva\/wp-json\/wp\/v2\/media\/4529"}],"wp:attachment":[{"href":"https:\/\/blog.panrotas.com.br\/semreserva\/wp-json\/wp\/v2\/media?parent=4527"}],"wp:term":[{"taxonomy":"category","embeddable":true,"href":"https:\/\/blog.panrotas.com.br\/semreserva\/wp-json\/wp\/v2\/categories?post=4527"},{"taxonomy":"post_tag","embeddable":true,"href":"https:\/\/blog.panrotas.com.br\/semreserva\/wp-json\/wp\/v2\/tags?post=4527"}],"curies":[{"name":"wp","href":"https:\/\/api.w.org\/{rel}","templated":true}]}}