{"id":4536,"date":"2016-03-18T17:15:45","date_gmt":"2016-03-18T20:15:45","guid":{"rendered":"http:\/\/blog.panrotas.com.br\/semreserva\/?p=4536"},"modified":"2016-03-18T17:15:45","modified_gmt":"2016-03-18T20:15:45","slug":"o-seu-lugar-no-mundo","status":"publish","type":"post","link":"https:\/\/blog.panrotas.com.br\/semreserva\/o-seu-lugar-no-mundo\/18-03-2016\/","title":{"rendered":"O seu lugar no mundo"},"content":{"rendered":"<p>Sim, parece t\u00edtulo de novela juvenil da Globo, mas cada um tem o seu (lugar no mundo) e o dif\u00edcil \u00e9 ach\u00e1-lo e, mais que isso, faz\u00ea-lo interagir. \u00c9 a interse\u00e7\u00e3o (com os lugares no mundo dos demais cidad\u00e3os desse mesmo mundo) que vai determinar como se vive. E definitivamente viver angustiado \u00e9 a pior op\u00e7\u00e3o.<\/p>\n<p>&nbsp;<\/p>\n<p>Por que digo isso? Porque talvez alguns (e eu incluso) tenham se sentido velhos ou deslocados no choque de gera\u00e7\u00f5es incentivado pelo F\u00f3rum PANROTAS 2016. N\u00e3o eram o jeans e a camiseta ou o corte de cabelo, muito menos as g\u00edrias e a timidez sobre o palco que marcavam a diferen\u00e7a de gera\u00e7\u00f5es. E sim, o olhar sobre a ind\u00fastria. \u00c0s vezes um olhar ing\u00eanuo e idealista, em outros momentos esperto e vivaz, sempre com bastante entusiasmo e a urg\u00eancia em resolver problemas criados pelas gera\u00e7\u00f5es anteriores.<\/p>\n<p>&nbsp;<\/p>\n<p>O estranhamento \u00e9 parte fundamental de nosso crescimento e da (re)afirma\u00e7\u00e3o de nossas escolhas.<\/p>\n<p>&nbsp;<\/p>\n<p>Jovens com ideias na cabe\u00e7a querendo seu lugar ao sol&#8230; J\u00e1 vimos esse filme antes. Anos ou d\u00e9cadas atr\u00e1s. Bastava que olh\u00e1ssemos no espelho. Hoje, por\u00e9m, parece que a disrup\u00e7\u00e3o vem mais rapidamente. Parece n\u00e3o. \u00c9. O smartphone de um ano atr\u00e1s nos parece burro e nada smart. Puro consumo ou tudo muda muito velozmente mesmo? Both.<\/p>\n<p>&nbsp;<\/p>\n<p>N\u00e3o se sinta velho ou ultrapassado, o segredo \u00e9 n\u00e3o envelhecer nas ideias, n\u00e3o se isolar, n\u00e3o se deslocar da realidade em que todos vivemos e n\u00e3o apenas quem tem menos de 30 anos.<\/p>\n<p>&nbsp;<\/p>\n<p>O F\u00f3rum PANROTAS 2016 juntou, no mesmo espa\u00e7o, com ideias \u00e0s vezes opostas, outras vezes complementares, e sempre coexistindo de forma construtiva, gera\u00e7\u00f5es e vis\u00f5es diferentes do Turismo.<\/p>\n<p>&nbsp;<\/p>\n<p>Em vez de virar as costas \u00e9 preciso ouvir, entender e analisar o outro. At\u00e9 para podermos ter certeza de nossas escolhas. Olhar para frente, como j\u00e1 disseram v\u00e1rias lideran\u00e7as em entrevistas \u00e0 PANROTAS. Para termos a coragem para dizermos em alto e bom som: \u00e9 por aqui e com essas companhias que vou seguir. Para termos quase certezas, j\u00e1 que o 100% \u00e9 perigoso e pedante demais.<\/p>\n<p>&nbsp;<\/p>\n<p>A arena do F\u00f3rum PANROTAS 2016, e nela inclu\u00edmos todos os espa\u00e7os de networking do evento, foi feita para quem quer dialogar e n\u00e3o ficar, arrogante e\/ou medroso, falsamente protegido atr\u00e1s de sua mesa de trabalho, sua workstation, suas telas cheias de gr\u00e1ficos e repletas de uma nomenclatura que n\u00e3o olha no olho, n\u00e3o sente cheiros e sabores, n\u00e3o viaja.<\/p>\n<p>&nbsp;<\/p>\n<p>N\u00e3o seguir indiferente \u00e9 o que queremos dos mais de 1,4 mil participantes do f\u00f3rum e dos outros milhares que nos acompanharam via redes sociais, not\u00edcias do portal, na pr\u00f3xima edi\u00e7\u00e3o do jornal&#8230; E acho que indiferen\u00e7a passou longe daquele ambiente.<\/p>\n<p>&nbsp;<\/p>\n<p>Vamos continuar contando hist\u00f3rias boas, ouvidas de todos voc\u00eas, reinterpretadas para quem n\u00e3o participou delas e document\u00e1-las para a hist\u00f3ria. E a hist\u00f3ria \u00e9 feita de velhos e novos, de idade e de pensamentos, de alma e de cora\u00e7\u00e3o.<\/p>\n<p>&nbsp;<\/p>\n<p>N\u00e3o se tinta velho demais ou ainda muito novo. Lembro de um CD (olha eu revelando a idade&#8230; CD? E da\u00ed? CD sim) do Paulinho da Viola onde a mensagem era: meu tempo \u00e9 hoje. E o hoje \u00e9 de todos n\u00f3s.<\/p>\n<p>&nbsp;<\/p>\n<p>Olhe para tr\u00e1s como quem consulta refer\u00eancias \u00fateis e preciosas; compartilhe seu presente com quem vale a pena; olhe para frente de m\u00e3os dadas com todas as gera\u00e7\u00f5es com quem se identifica, com quem quer construir um mundo melhor. N\u00e3o entendeu? Pergunte? Se inspire? N\u00e3o serviu para voc\u00ea? Ache outra op\u00e7\u00e3o, hoje elas s\u00e3o muitas, in\u00fameras, incont\u00e1veis.<\/p>\n<p>&nbsp;<\/p>\n<p>Ache o seu lugar no mundo. Com relev\u00e2ncia e com quem importa. Com um olhar inquieto, mas tamb\u00e9m com a calma necess\u00e1ria para os tempos velozes.<\/p>\n<p>&nbsp;<\/p>\n<p>Foi muito bom ver todos voc\u00eas no F\u00f3rum PANROTAS 2016. E tem sido assim h\u00e1 muito tempo. Conte-nos suas hist\u00f3rias. Ou\u00e7a as nossas. Fa\u00e7a parte.<\/p>\n<p>&nbsp;<\/p>\n<p>Estamos juntos, mesmo que pensando algumas vezes 99% de forma diferente.<\/p>\n<p>&nbsp;<\/p>\n<figure id=\"attachment_4540\" aria-describedby=\"caption-attachment-4540\" style=\"width: 1276px\" class=\"wp-caption alignnone\"><a href=\"http:\/\/panrotas.blog.br\/semreserva\/wp-content\/uploads\/sites\/5\/2016\/03\/6754F\u00f3rumPanrotas180316.jpg\" rel=\"attachment wp-att-4540\"><img loading=\"lazy\" class=\"size-full wp-image-4540\" src=\"http:\/\/panrotas.blog.br\/semreserva\/wp-content\/uploads\/sites\/5\/2016\/03\/6754F\u00f3rumPanrotas180316.jpg\" alt=\"O M\u00f3r fez chifrinho em mim na foto? :0\" width=\"1276\" height=\"850\" srcset=\"https:\/\/blog.panrotas.com.br\/semreserva\/wp-content\/uploads\/sites\/5\/2016\/03\/6754F\u00f3rumPanrotas180316.jpg 1276w, https:\/\/blog.panrotas.com.br\/semreserva\/wp-content\/uploads\/sites\/5\/2016\/03\/6754F\u00f3rumPanrotas180316-300x200.jpg 300w, https:\/\/blog.panrotas.com.br\/semreserva\/wp-content\/uploads\/sites\/5\/2016\/03\/6754F\u00f3rumPanrotas180316-1024x682.jpg 1024w, https:\/\/blog.panrotas.com.br\/semreserva\/wp-content\/uploads\/sites\/5\/2016\/03\/6754F\u00f3rumPanrotas180316-768x512.jpg 768w, https:\/\/blog.panrotas.com.br\/semreserva\/wp-content\/uploads\/sites\/5\/2016\/03\/6754F\u00f3rumPanrotas180316-414x276.jpg 414w, https:\/\/blog.panrotas.com.br\/semreserva\/wp-content\/uploads\/sites\/5\/2016\/03\/6754F\u00f3rumPanrotas180316-990x659.jpg 990w\" sizes=\"(max-width: 1276px) 100vw, 1276px\" \/><\/a><figcaption id=\"caption-attachment-4540\" class=\"wp-caption-text\">O M\u00f3r fez chifrinho em mim na foto? :0<\/figcaption><\/figure>\n<p>&nbsp;<\/p>\n<figure id=\"attachment_4539\" aria-describedby=\"caption-attachment-4539\" style=\"width: 1284px\" class=\"wp-caption alignnone\"><a href=\"http:\/\/panrotas.blog.br\/semreserva\/wp-content\/uploads\/sites\/5\/2016\/03\/1727F\u00f3rumPanrotas180316.jpg\" rel=\"attachment wp-att-4539\"><img loading=\"lazy\" class=\"size-full wp-image-4539\" src=\"http:\/\/panrotas.blog.br\/semreserva\/wp-content\/uploads\/sites\/5\/2016\/03\/1727F\u00f3rumPanrotas180316.jpg\" alt=\"Cariocas da Fran\u00e7a, de Santana do Livramento e de Copa\" width=\"1284\" height=\"850\" srcset=\"https:\/\/blog.panrotas.com.br\/semreserva\/wp-content\/uploads\/sites\/5\/2016\/03\/1727F\u00f3rumPanrotas180316.jpg 1284w, https:\/\/blog.panrotas.com.br\/semreserva\/wp-content\/uploads\/sites\/5\/2016\/03\/1727F\u00f3rumPanrotas180316-300x200.jpg 300w, https:\/\/blog.panrotas.com.br\/semreserva\/wp-content\/uploads\/sites\/5\/2016\/03\/1727F\u00f3rumPanrotas180316-1024x678.jpg 1024w, https:\/\/blog.panrotas.com.br\/semreserva\/wp-content\/uploads\/sites\/5\/2016\/03\/1727F\u00f3rumPanrotas180316-768x508.jpg 768w, https:\/\/blog.panrotas.com.br\/semreserva\/wp-content\/uploads\/sites\/5\/2016\/03\/1727F\u00f3rumPanrotas180316-990x655.jpg 990w\" sizes=\"(max-width: 1284px) 100vw, 1284px\" \/><\/a><figcaption id=\"caption-attachment-4539\" class=\"wp-caption-text\">Cariocas da Fran\u00e7a, de Santana do Livramento e de Copa<\/figcaption><\/figure>\n<figure id=\"attachment_4538\" aria-describedby=\"caption-attachment-4538\" style=\"width: 1052px\" class=\"wp-caption alignnone\"><a href=\"http:\/\/panrotas.blog.br\/semreserva\/wp-content\/uploads\/sites\/5\/2016\/03\/1696F\u00f3rumPanrotas180316.jpg\" rel=\"attachment wp-att-4538\"><img loading=\"lazy\" class=\"size-full wp-image-4538\" src=\"http:\/\/panrotas.blog.br\/semreserva\/wp-content\/uploads\/sites\/5\/2016\/03\/1696F\u00f3rumPanrotas180316.jpg\" alt=\"Marianna, Maria e Renata\" width=\"1052\" height=\"626\" srcset=\"https:\/\/blog.panrotas.com.br\/semreserva\/wp-content\/uploads\/sites\/5\/2016\/03\/1696F\u00f3rumPanrotas180316.jpg 1052w, https:\/\/blog.panrotas.com.br\/semreserva\/wp-content\/uploads\/sites\/5\/2016\/03\/1696F\u00f3rumPanrotas180316-300x179.jpg 300w, https:\/\/blog.panrotas.com.br\/semreserva\/wp-content\/uploads\/sites\/5\/2016\/03\/1696F\u00f3rumPanrotas180316-1024x609.jpg 1024w, https:\/\/blog.panrotas.com.br\/semreserva\/wp-content\/uploads\/sites\/5\/2016\/03\/1696F\u00f3rumPanrotas180316-768x457.jpg 768w, https:\/\/blog.panrotas.com.br\/semreserva\/wp-content\/uploads\/sites\/5\/2016\/03\/1696F\u00f3rumPanrotas180316-990x589.jpg 990w\" sizes=\"(max-width: 1052px) 100vw, 1052px\" \/><\/a><figcaption id=\"caption-attachment-4538\" class=\"wp-caption-text\">Marianna, Maria e Renata<\/figcaption><\/figure>\n<p>&nbsp;<\/p>\n<figure id=\"attachment_4537\" aria-describedby=\"caption-attachment-4537\" style=\"width: 1284px\" class=\"wp-caption alignnone\"><a href=\"http:\/\/panrotas.blog.br\/semreserva\/wp-content\/uploads\/sites\/5\/2016\/03\/1649F\u00f3rumPanrotas180316.jpg\" rel=\"attachment wp-att-4537\"><img loading=\"lazy\" class=\"size-full wp-image-4537\" src=\"http:\/\/panrotas.blog.br\/semreserva\/wp-content\/uploads\/sites\/5\/2016\/03\/1649F\u00f3rumPanrotas180316.jpg\" alt=\"Paulistana de Santos, carioca de Volta Redonda\" width=\"1284\" height=\"850\" srcset=\"https:\/\/blog.panrotas.com.br\/semreserva\/wp-content\/uploads\/sites\/5\/2016\/03\/1649F\u00f3rumPanrotas180316.jpg 1284w, https:\/\/blog.panrotas.com.br\/semreserva\/wp-content\/uploads\/sites\/5\/2016\/03\/1649F\u00f3rumPanrotas180316-300x200.jpg 300w, https:\/\/blog.panrotas.com.br\/semreserva\/wp-content\/uploads\/sites\/5\/2016\/03\/1649F\u00f3rumPanrotas180316-1024x678.jpg 1024w, https:\/\/blog.panrotas.com.br\/semreserva\/wp-content\/uploads\/sites\/5\/2016\/03\/1649F\u00f3rumPanrotas180316-768x508.jpg 768w, https:\/\/blog.panrotas.com.br\/semreserva\/wp-content\/uploads\/sites\/5\/2016\/03\/1649F\u00f3rumPanrotas180316-990x655.jpg 990w\" sizes=\"(max-width: 1284px) 100vw, 1284px\" \/><\/a><figcaption id=\"caption-attachment-4537\" class=\"wp-caption-text\">Paulistana de Santos, carioca de Volta Redonda<\/figcaption><\/figure>\n","protected":false},"excerpt":{"rendered":"<p>Sim, parece t\u00edtulo de novela juvenil da Globo, mas cada um tem o seu (lugar no mundo) e o dif\u00edcil \u00e9 ach\u00e1-lo e, mais que isso, faz\u00ea-lo interagir. \u00c9 a interse\u00e7\u00e3o (com os lugares no mundo dos demais cidad\u00e3os desse mesmo mundo) que vai determinar como se vive. E definitivamente viver angustiado \u00e9 a pior [&hellip;]<\/p>\n","protected":false},"author":7,"featured_media":4541,"comment_status":"open","ping_status":"open","sticky":false,"template":"","format":"standard","meta":{"spay_email":""},"categories":[2],"tags":[15,25,29,31,49],"yoast_head":"<!-- This site is optimized with the Yoast SEO plugin v17.3 - https:\/\/yoast.com\/wordpress\/plugins\/seo\/ -->\n<title>O seu lugar no mundo -<\/title>\n<meta name=\"description\" content=\"O seu lugar no mundo. Confira essa Mat\u00e9ria no Canal Sem reserva. \u27a4 Projeto em parceria com a PANROTAS.\" \/>\n<meta name=\"robots\" content=\"index, follow, max-snippet:-1, max-image-preview:large, max-video-preview:-1\" \/>\n<link rel=\"canonical\" href=\"https:\/\/blog.panrotas.com.br\/semreserva\/o-seu-lugar-no-mundo\/18-03-2016\/\" \/>\n<meta property=\"og:locale\" content=\"pt_BR\" \/>\n<meta property=\"og:type\" content=\"article\" \/>\n<meta property=\"og:title\" content=\"O seu lugar no mundo -\" \/>\n<meta property=\"og:description\" content=\"O seu lugar no mundo. Confira essa Mat\u00e9ria no Canal Sem reserva. \u27a4 Projeto em parceria com a PANROTAS.\" \/>\n<meta property=\"og:url\" content=\"https:\/\/blog.panrotas.com.br\/semreserva\/o-seu-lugar-no-mundo\/18-03-2016\/\" \/>\n<meta property=\"og:site_name\" content=\"Sem reserva\" \/>\n<meta property=\"article:publisher\" content=\"https:\/\/www.facebook.com\/portalpanrotas\/\" \/>\n<meta property=\"article:published_time\" content=\"2016-03-18T20:15:45+00:00\" \/>\n<meta property=\"og:image\" content=\"https:\/\/blog.panrotas.com.br\/semreserva\/wp-content\/uploads\/sites\/5\/2016\/03\/7911F\u00f3rumPanrotas180316.jpg\" \/>\n\t<meta property=\"og:image:width\" content=\"2126\" \/>\n\t<meta property=\"og:image:height\" content=\"1417\" \/>\n<meta name=\"twitter:card\" content=\"summary_large_image\" \/>\n<meta name=\"twitter:creator\" content=\"@portalpanrotas\" \/>\n<meta name=\"twitter:site\" content=\"@portalpanrotas\" \/>\n<meta name=\"twitter:label1\" content=\"Escrito por\" \/>\n\t<meta name=\"twitter:data1\" content=\"Artur Andrade\" \/>\n\t<meta name=\"twitter:label2\" content=\"Est. tempo de leitura\" \/>\n\t<meta name=\"twitter:data2\" content=\"4 minutos\" \/>\n<script type=\"application\/ld+json\" class=\"yoast-schema-graph\">{\"@context\":\"https:\/\/schema.org\",\"@graph\":[{\"@type\":\"Organization\",\"@id\":\"http:\/\/blog.panrotas.com.br\/semreserva\/#organization\",\"name\":\"Sem Reserva - Blog no Portal PANROTAS\",\"url\":\"http:\/\/blog.panrotas.com.br\/semreserva\/\",\"sameAs\":[\"https:\/\/www.facebook.com\/portalpanrotas\/\",\"https:\/\/www.instagram.com\/portalpanrotas\/\",\"https:\/\/br.linkedin.com\/company\/panrotas\",\"https:\/\/www.youtube.com\/tvpanrotas\",\"https:\/\/twitter.com\/portalpanrotas\"],\"logo\":{\"@type\":\"ImageObject\",\"@id\":\"http:\/\/blog.panrotas.com.br\/semreserva\/#logo\",\"inLanguage\":\"pt-BR\",\"url\":\"https:\/\/blog.panrotas.com.br\/semreserva\/wp-content\/uploads\/sites\/5\/2020\/06\/logo.png\",\"contentUrl\":\"https:\/\/blog.panrotas.com.br\/semreserva\/wp-content\/uploads\/sites\/5\/2020\/06\/logo.png\",\"width\":259,\"height\":53,\"caption\":\"Sem Reserva - Blog no Portal PANROTAS\"},\"image\":{\"@id\":\"http:\/\/blog.panrotas.com.br\/semreserva\/#logo\"}},{\"@type\":\"WebSite\",\"@id\":\"http:\/\/blog.panrotas.com.br\/semreserva\/#website\",\"url\":\"http:\/\/blog.panrotas.com.br\/semreserva\/\",\"name\":\"Sem reserva\",\"description\":\"Blogosfera PANROTAS\",\"publisher\":{\"@id\":\"http:\/\/blog.panrotas.com.br\/semreserva\/#organization\"},\"potentialAction\":[{\"@type\":\"SearchAction\",\"target\":{\"@type\":\"EntryPoint\",\"urlTemplate\":\"http:\/\/blog.panrotas.com.br\/semreserva\/?s={search_term_string}\"},\"query-input\":\"required name=search_term_string\"}],\"inLanguage\":\"pt-BR\"},{\"@type\":\"ImageObject\",\"@id\":\"https:\/\/blog.panrotas.com.br\/semreserva\/o-seu-lugar-no-mundo\/18-03-2016\/#primaryimage\",\"inLanguage\":\"pt-BR\",\"url\":\"https:\/\/blog.panrotas.com.br\/semreserva\/wp-content\/uploads\/sites\/5\/2016\/03\/7911F\\u00f3rumPanrotas180316.jpg\",\"contentUrl\":\"https:\/\/blog.panrotas.com.br\/semreserva\/wp-content\/uploads\/sites\/5\/2016\/03\/7911F\\u00f3rumPanrotas180316.jpg\",\"width\":2126,\"height\":1417},{\"@type\":\"WebPage\",\"@id\":\"https:\/\/blog.panrotas.com.br\/semreserva\/o-seu-lugar-no-mundo\/18-03-2016\/#webpage\",\"url\":\"https:\/\/blog.panrotas.com.br\/semreserva\/o-seu-lugar-no-mundo\/18-03-2016\/\",\"name\":\"O seu lugar no mundo -\",\"isPartOf\":{\"@id\":\"http:\/\/blog.panrotas.com.br\/semreserva\/#website\"},\"primaryImageOfPage\":{\"@id\":\"https:\/\/blog.panrotas.com.br\/semreserva\/o-seu-lugar-no-mundo\/18-03-2016\/#primaryimage\"},\"datePublished\":\"2016-03-18T20:15:45+00:00\",\"dateModified\":\"2016-03-18T20:15:45+00:00\",\"description\":\"O seu lugar no mundo. Confira essa Mat\\u00e9ria no Canal Sem reserva. \\u27a4 Projeto em parceria com a PANROTAS.\",\"breadcrumb\":{\"@id\":\"https:\/\/blog.panrotas.com.br\/semreserva\/o-seu-lugar-no-mundo\/18-03-2016\/#breadcrumb\"},\"inLanguage\":\"pt-BR\",\"potentialAction\":[{\"@type\":\"ReadAction\",\"target\":[\"https:\/\/blog.panrotas.com.br\/semreserva\/o-seu-lugar-no-mundo\/18-03-2016\/\"]}]},{\"@type\":\"BreadcrumbList\",\"@id\":\"https:\/\/blog.panrotas.com.br\/semreserva\/o-seu-lugar-no-mundo\/18-03-2016\/#breadcrumb\",\"itemListElement\":[{\"@type\":\"ListItem\",\"position\":1,\"name\":\"Home do Blog\",\"item\":\"http:\/\/blog.panrotas.com.br\/semreserva\/\"},{\"@type\":\"ListItem\",\"position\":2,\"name\":\"Dia a dia\",\"item\":\"https:\/\/blog.panrotas.com.br\/semreserva\/category\/dia-a-dia\/\"},{\"@type\":\"ListItem\",\"position\":3,\"name\":\"O seu lugar no mundo\"}]},{\"@type\":\"Article\",\"@id\":\"https:\/\/blog.panrotas.com.br\/semreserva\/o-seu-lugar-no-mundo\/18-03-2016\/#article\",\"isPartOf\":{\"@id\":\"https:\/\/blog.panrotas.com.br\/semreserva\/o-seu-lugar-no-mundo\/18-03-2016\/#webpage\"},\"author\":{\"@id\":\"http:\/\/blog.panrotas.com.br\/semreserva\/#\/schema\/person\/c93b4555f6a497d2d83c25dcb80f61ed\"},\"headline\":\"O seu lugar no mundo\",\"datePublished\":\"2016-03-18T20:15:45+00:00\",\"dateModified\":\"2016-03-18T20:15:45+00:00\",\"mainEntityOfPage\":{\"@id\":\"https:\/\/blog.panrotas.com.br\/semreserva\/o-seu-lugar-no-mundo\/18-03-2016\/#webpage\"},\"wordCount\":785,\"commentCount\":0,\"publisher\":{\"@id\":\"http:\/\/blog.panrotas.com.br\/semreserva\/#organization\"},\"image\":{\"@id\":\"https:\/\/blog.panrotas.com.br\/semreserva\/o-seu-lugar-no-mundo\/18-03-2016\/#primaryimage\"},\"thumbnailUrl\":\"https:\/\/blog.panrotas.com.br\/semreserva\/wp-content\/uploads\/sites\/5\/2016\/03\/7911F\\u00f3rumPanrotas180316.jpg\",\"keywords\":[\"conviv\\u00eancia de gera\\u00e7\\u00f5es\",\"envelhecer\",\"f\\u00f3rum panrotas\",\"gera\\u00e7\\u00f5es no turismo\",\"reda\\u00e7\\u00e3o PANROTAS\"],\"articleSection\":[\"Dia a dia\"],\"inLanguage\":\"pt-BR\",\"potentialAction\":[{\"@type\":\"CommentAction\",\"name\":\"Comment\",\"target\":[\"https:\/\/blog.panrotas.com.br\/semreserva\/o-seu-lugar-no-mundo\/18-03-2016\/#respond\"]}]},{\"@type\":\"Person\",\"@id\":\"http:\/\/blog.panrotas.com.br\/semreserva\/#\/schema\/person\/c93b4555f6a497d2d83c25dcb80f61ed\",\"name\":\"Artur Andrade\",\"image\":{\"@type\":\"ImageObject\",\"@id\":\"http:\/\/blog.panrotas.com.br\/semreserva\/#personlogo\",\"inLanguage\":\"pt-BR\",\"url\":\"https:\/\/secure.gravatar.com\/avatar\/a94564d630220cefd5c82f3452ac1ef4?s=96&d=mm&r=g\",\"contentUrl\":\"https:\/\/secure.gravatar.com\/avatar\/a94564d630220cefd5c82f3452ac1ef4?s=96&d=mm&r=g\",\"caption\":\"Artur Andrade\"},\"description\":\"Artur Luiz Andrade \\u00e9 carioca, taurino, jornalista e nasceu em 1969. \\u00c9 editor-chefe da PANROTAS Editora e mora em S\\u00e3o Paulo desde 1998\",\"sameAs\":[\"http:\/\/www.panrotas.com.br\"]}]}<\/script>\n<!-- \/ Yoast SEO plugin. -->","yoast_head_json":{"title":"O seu lugar no mundo -","description":"O seu lugar no mundo. Confira essa Mat\u00e9ria no Canal Sem reserva. \u27a4 Projeto em parceria com a PANROTAS.","robots":{"index":"index","follow":"follow","max-snippet":"max-snippet:-1","max-image-preview":"max-image-preview:large","max-video-preview":"max-video-preview:-1"},"canonical":"https:\/\/blog.panrotas.com.br\/semreserva\/o-seu-lugar-no-mundo\/18-03-2016\/","og_locale":"pt_BR","og_type":"article","og_title":"O seu lugar no mundo -","og_description":"O seu lugar no mundo. Confira essa Mat\u00e9ria no Canal Sem reserva. \u27a4 Projeto em parceria com a PANROTAS.","og_url":"https:\/\/blog.panrotas.com.br\/semreserva\/o-seu-lugar-no-mundo\/18-03-2016\/","og_site_name":"Sem reserva","article_publisher":"https:\/\/www.facebook.com\/portalpanrotas\/","article_published_time":"2016-03-18T20:15:45+00:00","og_image":[{"width":2126,"height":1417,"url":"https:\/\/blog.panrotas.com.br\/semreserva\/wp-content\/uploads\/sites\/5\/2016\/03\/7911F\u00f3rumPanrotas180316.jpg","type":"image\/jpeg"}],"twitter_card":"summary_large_image","twitter_creator":"@portalpanrotas","twitter_site":"@portalpanrotas","twitter_misc":{"Escrito por":"Artur Andrade","Est. tempo de leitura":"4 minutos"},"schema":{"@context":"https:\/\/schema.org","@graph":[{"@type":"Organization","@id":"http:\/\/blog.panrotas.com.br\/semreserva\/#organization","name":"Sem Reserva - Blog no Portal PANROTAS","url":"http:\/\/blog.panrotas.com.br\/semreserva\/","sameAs":["https:\/\/www.facebook.com\/portalpanrotas\/","https:\/\/www.instagram.com\/portalpanrotas\/","https:\/\/br.linkedin.com\/company\/panrotas","https:\/\/www.youtube.com\/tvpanrotas","https:\/\/twitter.com\/portalpanrotas"],"logo":{"@type":"ImageObject","@id":"http:\/\/blog.panrotas.com.br\/semreserva\/#logo","inLanguage":"pt-BR","url":"https:\/\/blog.panrotas.com.br\/semreserva\/wp-content\/uploads\/sites\/5\/2020\/06\/logo.png","contentUrl":"https:\/\/blog.panrotas.com.br\/semreserva\/wp-content\/uploads\/sites\/5\/2020\/06\/logo.png","width":259,"height":53,"caption":"Sem Reserva - Blog no Portal PANROTAS"},"image":{"@id":"http:\/\/blog.panrotas.com.br\/semreserva\/#logo"}},{"@type":"WebSite","@id":"http:\/\/blog.panrotas.com.br\/semreserva\/#website","url":"http:\/\/blog.panrotas.com.br\/semreserva\/","name":"Sem reserva","description":"Blogosfera PANROTAS","publisher":{"@id":"http:\/\/blog.panrotas.com.br\/semreserva\/#organization"},"potentialAction":[{"@type":"SearchAction","target":{"@type":"EntryPoint","urlTemplate":"http:\/\/blog.panrotas.com.br\/semreserva\/?s={search_term_string}"},"query-input":"required name=search_term_string"}],"inLanguage":"pt-BR"},{"@type":"ImageObject","@id":"https:\/\/blog.panrotas.com.br\/semreserva\/o-seu-lugar-no-mundo\/18-03-2016\/#primaryimage","inLanguage":"pt-BR","url":"https:\/\/blog.panrotas.com.br\/semreserva\/wp-content\/uploads\/sites\/5\/2016\/03\/7911F\u00f3rumPanrotas180316.jpg","contentUrl":"https:\/\/blog.panrotas.com.br\/semreserva\/wp-content\/uploads\/sites\/5\/2016\/03\/7911F\u00f3rumPanrotas180316.jpg","width":2126,"height":1417},{"@type":"WebPage","@id":"https:\/\/blog.panrotas.com.br\/semreserva\/o-seu-lugar-no-mundo\/18-03-2016\/#webpage","url":"https:\/\/blog.panrotas.com.br\/semreserva\/o-seu-lugar-no-mundo\/18-03-2016\/","name":"O seu lugar no mundo -","isPartOf":{"@id":"http:\/\/blog.panrotas.com.br\/semreserva\/#website"},"primaryImageOfPage":{"@id":"https:\/\/blog.panrotas.com.br\/semreserva\/o-seu-lugar-no-mundo\/18-03-2016\/#primaryimage"},"datePublished":"2016-03-18T20:15:45+00:00","dateModified":"2016-03-18T20:15:45+00:00","description":"O seu lugar no mundo. Confira essa Mat\u00e9ria no Canal Sem reserva. \u27a4 Projeto em parceria com a PANROTAS.","breadcrumb":{"@id":"https:\/\/blog.panrotas.com.br\/semreserva\/o-seu-lugar-no-mundo\/18-03-2016\/#breadcrumb"},"inLanguage":"pt-BR","potentialAction":[{"@type":"ReadAction","target":["https:\/\/blog.panrotas.com.br\/semreserva\/o-seu-lugar-no-mundo\/18-03-2016\/"]}]},{"@type":"BreadcrumbList","@id":"https:\/\/blog.panrotas.com.br\/semreserva\/o-seu-lugar-no-mundo\/18-03-2016\/#breadcrumb","itemListElement":[{"@type":"ListItem","position":1,"name":"Home do Blog","item":"http:\/\/blog.panrotas.com.br\/semreserva\/"},{"@type":"ListItem","position":2,"name":"Dia a dia","item":"https:\/\/blog.panrotas.com.br\/semreserva\/category\/dia-a-dia\/"},{"@type":"ListItem","position":3,"name":"O seu lugar no mundo"}]},{"@type":"Article","@id":"https:\/\/blog.panrotas.com.br\/semreserva\/o-seu-lugar-no-mundo\/18-03-2016\/#article","isPartOf":{"@id":"https:\/\/blog.panrotas.com.br\/semreserva\/o-seu-lugar-no-mundo\/18-03-2016\/#webpage"},"author":{"@id":"http:\/\/blog.panrotas.com.br\/semreserva\/#\/schema\/person\/c93b4555f6a497d2d83c25dcb80f61ed"},"headline":"O seu lugar no mundo","datePublished":"2016-03-18T20:15:45+00:00","dateModified":"2016-03-18T20:15:45+00:00","mainEntityOfPage":{"@id":"https:\/\/blog.panrotas.com.br\/semreserva\/o-seu-lugar-no-mundo\/18-03-2016\/#webpage"},"wordCount":785,"commentCount":0,"publisher":{"@id":"http:\/\/blog.panrotas.com.br\/semreserva\/#organization"},"image":{"@id":"https:\/\/blog.panrotas.com.br\/semreserva\/o-seu-lugar-no-mundo\/18-03-2016\/#primaryimage"},"thumbnailUrl":"https:\/\/blog.panrotas.com.br\/semreserva\/wp-content\/uploads\/sites\/5\/2016\/03\/7911F\u00f3rumPanrotas180316.jpg","keywords":["conviv\u00eancia de gera\u00e7\u00f5es","envelhecer","f\u00f3rum panrotas","gera\u00e7\u00f5es no turismo","reda\u00e7\u00e3o PANROTAS"],"articleSection":["Dia a dia"],"inLanguage":"pt-BR","potentialAction":[{"@type":"CommentAction","name":"Comment","target":["https:\/\/blog.panrotas.com.br\/semreserva\/o-seu-lugar-no-mundo\/18-03-2016\/#respond"]}]},{"@type":"Person","@id":"http:\/\/blog.panrotas.com.br\/semreserva\/#\/schema\/person\/c93b4555f6a497d2d83c25dcb80f61ed","name":"Artur Andrade","image":{"@type":"ImageObject","@id":"http:\/\/blog.panrotas.com.br\/semreserva\/#personlogo","inLanguage":"pt-BR","url":"https:\/\/secure.gravatar.com\/avatar\/a94564d630220cefd5c82f3452ac1ef4?s=96&d=mm&r=g","contentUrl":"https:\/\/secure.gravatar.com\/avatar\/a94564d630220cefd5c82f3452ac1ef4?s=96&d=mm&r=g","caption":"Artur Andrade"},"description":"Artur Luiz Andrade \u00e9 carioca, taurino, jornalista e nasceu em 1969. \u00c9 editor-chefe da PANROTAS Editora e mora em S\u00e3o Paulo desde 1998","sameAs":["http:\/\/www.panrotas.com.br"]}]}},"jetpack_featured_media_url":"https:\/\/blog.panrotas.com.br\/semreserva\/wp-content\/uploads\/sites\/5\/2016\/03\/7911F\u00f3rumPanrotas180316.jpg","jetpack_shortlink":"https:\/\/wp.me\/p7idIU-1ba","_links":{"self":[{"href":"https:\/\/blog.panrotas.com.br\/semreserva\/wp-json\/wp\/v2\/posts\/4536"}],"collection":[{"href":"https:\/\/blog.panrotas.com.br\/semreserva\/wp-json\/wp\/v2\/posts"}],"about":[{"href":"https:\/\/blog.panrotas.com.br\/semreserva\/wp-json\/wp\/v2\/types\/post"}],"author":[{"embeddable":true,"href":"https:\/\/blog.panrotas.com.br\/semreserva\/wp-json\/wp\/v2\/users\/7"}],"replies":[{"embeddable":true,"href":"https:\/\/blog.panrotas.com.br\/semreserva\/wp-json\/wp\/v2\/comments?post=4536"}],"version-history":[{"count":0,"href":"https:\/\/blog.panrotas.com.br\/semreserva\/wp-json\/wp\/v2\/posts\/4536\/revisions"}],"wp:featuredmedia":[{"embeddable":true,"href":"https:\/\/blog.panrotas.com.br\/semreserva\/wp-json\/wp\/v2\/media\/4541"}],"wp:attachment":[{"href":"https:\/\/blog.panrotas.com.br\/semreserva\/wp-json\/wp\/v2\/media?parent=4536"}],"wp:term":[{"taxonomy":"category","embeddable":true,"href":"https:\/\/blog.panrotas.com.br\/semreserva\/wp-json\/wp\/v2\/categories?post=4536"},{"taxonomy":"post_tag","embeddable":true,"href":"https:\/\/blog.panrotas.com.br\/semreserva\/wp-json\/wp\/v2\/tags?post=4536"}],"curies":[{"name":"wp","href":"https:\/\/api.w.org\/{rel}","templated":true}]}}