{"id":4558,"date":"2016-04-08T15:49:43","date_gmt":"2016-04-08T18:49:43","guid":{"rendered":"http:\/\/blog.panrotas.com.br\/semreserva\/?p=4558"},"modified":"2016-04-08T15:49:43","modified_gmt":"2016-04-08T18:49:43","slug":"com-o-abacaxi-faca-uma-limonada","status":"publish","type":"post","link":"https:\/\/blog.panrotas.com.br\/semreserva\/com-o-abacaxi-faca-uma-limonada\/08-04-2016\/","title":{"rendered":"Com o abacaxi, fa\u00e7a uma limonada"},"content":{"rendered":"<p>\u00c9 o que a ind\u00fastria espera da pr\u00f3xima Feira da Abav. O novo presidente da entidade, Edmar Bull, j\u00e1 est\u00e1 articulando para modernizar e entregar um produto diferente, um evento mais condizente com a nova realidade do Turismo no Brasil e no mundo. Depois do sucesso de cr\u00edtica e p\u00fablico (qualificado e n\u00e3o os an\u00f4nimos que passam nos estandes pegando brindes e suco de caju) da WTM Latin America, do Visit USA e mesmo da Aviesp, nesse seu primeiro dia, o caminho \u00e9 at\u00e9 meio \u00f3bvio: menos au\u00ea e mais neg\u00f3cios, menos tambores e batucadas e mais vendas futuras. Mais tend\u00eancias, mais produtos, mais capacita\u00e7\u00e3o. Mais orienta\u00e7\u00e3o.<\/p>\n<p>&nbsp;<\/p>\n<p>A WTM, com a expertise da Reed, j\u00e1 vaticinou: a Braztoa \u00e9 o cora\u00e7\u00e3o da WTM Latin America (Ieia na pr\u00f3xima edi\u00e7\u00e3o do Jornal PANROTAS). A mesma Braztoa que j\u00e1 reclamou da forma como era trada nas edi\u00e7\u00f5es passadas da Abav. OK, n\u00e3o olhemos para tr\u00e1s. Mas o que vemos \u00e0 frente?<\/p>\n<p>&nbsp;<\/p>\n<p>Edmar Bull tem um belo abacaxi nas m\u00e3os, suculento, que pode dar\u00a0boa limonada. Para isso, vale tamb\u00e9m o exemplo do processo pela diminui\u00e7\u00e3o do imposto de renda sobre remessas ao Exterior: UNI\u00c3O. Sozinho, atualmente, ningu\u00e9m faz nada. Mas uni\u00e3o tamb\u00e9m de qualidade. Deixemos os aproveitadores esticarem o pesco\u00e7o para sa\u00edrem na foto, l\u00e1 atr\u00e1s. E s\u00f3. Para tr\u00e1s \u00e9 onde devem ficar.<\/p>\n<p>&nbsp;<\/p>\n<p>Bull e Magda Nassar, ali\u00e1s, ontem, na abertura da Feira da Aviesp, j\u00e1 mandaram recados ao governo federal: o Turismo pode ajudar o Brasil a sair da crise. Vamos ajudar o Turismo? Incentivar? Dar recursos? Facilitar o tr\u00e2mite de alguns projetos de lei no Congresso? Abrir o Pa\u00eds para uma ind\u00fastria de Viagens e Turismo mais moderna e madura? Vamos aproveitar os Jogos Ol\u00edmpicos e esquecer a oportunidade perdida durante a Copa? Vamos encarar o Turismo de frente?<\/p>\n<p>&nbsp;<\/p>\n<p>O jogo virou, n\u00e3o \u00e9 mesmo? Vamos saborear essa limonada juntos?<\/p>\n<p>&nbsp;<\/p>\n<p>Leia os recados de Edmar e Magda ao governo <a href=\"http:\/\/www.panrotas.com.br\/noticia-turismo\/politica\/2016\/04\/magda-e-edmar-turismo-ajuda-pais-a-sair-da-crise_124876.html?superdestaque\">aqui<\/a>.<\/p>\n<p>&nbsp;<\/p>\n","protected":false},"excerpt":{"rendered":"<p>\u00c9 o que a ind\u00fastria espera da pr\u00f3xima Feira da Abav. O novo presidente da entidade, Edmar Bull, j\u00e1 est\u00e1 articulando para modernizar e entregar um produto diferente, um evento mais condizente com a nova realidade do Turismo no Brasil e no mundo. Depois do sucesso de cr\u00edtica e p\u00fablico (qualificado e n\u00e3o os an\u00f4nimos [&hellip;]<\/p>\n","protected":false},"author":7,"featured_media":4559,"comment_status":"open","ping_status":"open","sticky":false,"template":"","format":"standard","meta":{"spay_email":""},"categories":[2],"tags":[3,11,23,27,28,64],"yoast_head":"<!-- This site is optimized with the Yoast SEO plugin v17.3 - https:\/\/yoast.com\/wordpress\/plugins\/seo\/ -->\n<title>Com o abacaxi, fa\u00e7a uma limonada -<\/title>\n<meta name=\"description\" content=\"Com o abacaxi, fa\u00e7a uma limonada. Confira essa Mat\u00e9ria no Canal Sem reserva. \u27a4 Projeto em parceria com a PANROTAS.\" \/>\n<meta name=\"robots\" content=\"index, follow, max-snippet:-1, max-image-preview:large, max-video-preview:-1\" \/>\n<link rel=\"canonical\" href=\"https:\/\/blog.panrotas.com.br\/semreserva\/com-o-abacaxi-faca-uma-limonada\/08-04-2016\/\" \/>\n<meta property=\"og:locale\" content=\"pt_BR\" \/>\n<meta property=\"og:type\" content=\"article\" \/>\n<meta property=\"og:title\" content=\"Com o abacaxi, fa\u00e7a uma limonada -\" \/>\n<meta property=\"og:description\" content=\"Com o abacaxi, fa\u00e7a uma limonada. Confira essa Mat\u00e9ria no Canal Sem reserva. \u27a4 Projeto em parceria com a PANROTAS.\" \/>\n<meta property=\"og:url\" content=\"https:\/\/blog.panrotas.com.br\/semreserva\/com-o-abacaxi-faca-uma-limonada\/08-04-2016\/\" \/>\n<meta property=\"og:site_name\" content=\"Sem reserva\" \/>\n<meta property=\"article:publisher\" content=\"https:\/\/www.facebook.com\/portalpanrotas\/\" \/>\n<meta property=\"article:published_time\" content=\"2016-04-08T18:49:43+00:00\" \/>\n<meta property=\"og:image\" content=\"https:\/\/blog.panrotas.com.br\/semreserva\/wp-content\/uploads\/sites\/5\/2016\/04\/Abacaxitropicalpineapple080416.jpg\" \/>\n\t<meta property=\"og:image:width\" content=\"670\" \/>\n\t<meta property=\"og:image:height\" content=\"400\" \/>\n<meta name=\"twitter:card\" content=\"summary_large_image\" \/>\n<meta name=\"twitter:creator\" content=\"@portalpanrotas\" \/>\n<meta name=\"twitter:site\" content=\"@portalpanrotas\" \/>\n<meta name=\"twitter:label1\" content=\"Escrito por\" \/>\n\t<meta name=\"twitter:data1\" content=\"Artur Andrade\" \/>\n\t<meta name=\"twitter:label2\" content=\"Est. tempo de leitura\" \/>\n\t<meta name=\"twitter:data2\" content=\"2 minutos\" \/>\n<script type=\"application\/ld+json\" class=\"yoast-schema-graph\">{\"@context\":\"https:\/\/schema.org\",\"@graph\":[{\"@type\":\"Organization\",\"@id\":\"http:\/\/blog.panrotas.com.br\/semreserva\/#organization\",\"name\":\"Sem Reserva - Blog no Portal PANROTAS\",\"url\":\"http:\/\/blog.panrotas.com.br\/semreserva\/\",\"sameAs\":[\"https:\/\/www.facebook.com\/portalpanrotas\/\",\"https:\/\/www.instagram.com\/portalpanrotas\/\",\"https:\/\/br.linkedin.com\/company\/panrotas\",\"https:\/\/www.youtube.com\/tvpanrotas\",\"https:\/\/twitter.com\/portalpanrotas\"],\"logo\":{\"@type\":\"ImageObject\",\"@id\":\"http:\/\/blog.panrotas.com.br\/semreserva\/#logo\",\"inLanguage\":\"pt-BR\",\"url\":\"https:\/\/blog.panrotas.com.br\/semreserva\/wp-content\/uploads\/sites\/5\/2020\/06\/logo.png\",\"contentUrl\":\"https:\/\/blog.panrotas.com.br\/semreserva\/wp-content\/uploads\/sites\/5\/2020\/06\/logo.png\",\"width\":259,\"height\":53,\"caption\":\"Sem Reserva - Blog no Portal PANROTAS\"},\"image\":{\"@id\":\"http:\/\/blog.panrotas.com.br\/semreserva\/#logo\"}},{\"@type\":\"WebSite\",\"@id\":\"http:\/\/blog.panrotas.com.br\/semreserva\/#website\",\"url\":\"http:\/\/blog.panrotas.com.br\/semreserva\/\",\"name\":\"Sem reserva\",\"description\":\"Blogosfera PANROTAS\",\"publisher\":{\"@id\":\"http:\/\/blog.panrotas.com.br\/semreserva\/#organization\"},\"potentialAction\":[{\"@type\":\"SearchAction\",\"target\":{\"@type\":\"EntryPoint\",\"urlTemplate\":\"http:\/\/blog.panrotas.com.br\/semreserva\/?s={search_term_string}\"},\"query-input\":\"required name=search_term_string\"}],\"inLanguage\":\"pt-BR\"},{\"@type\":\"ImageObject\",\"@id\":\"https:\/\/blog.panrotas.com.br\/semreserva\/com-o-abacaxi-faca-uma-limonada\/08-04-2016\/#primaryimage\",\"inLanguage\":\"pt-BR\",\"url\":\"https:\/\/blog.panrotas.com.br\/semreserva\/wp-content\/uploads\/sites\/5\/2016\/04\/Abacaxitropicalpineapple080416.jpg\",\"contentUrl\":\"https:\/\/blog.panrotas.com.br\/semreserva\/wp-content\/uploads\/sites\/5\/2016\/04\/Abacaxitropicalpineapple080416.jpg\",\"width\":670,\"height\":400},{\"@type\":\"WebPage\",\"@id\":\"https:\/\/blog.panrotas.com.br\/semreserva\/com-o-abacaxi-faca-uma-limonada\/08-04-2016\/#webpage\",\"url\":\"https:\/\/blog.panrotas.com.br\/semreserva\/com-o-abacaxi-faca-uma-limonada\/08-04-2016\/\",\"name\":\"Com o abacaxi, fa\\u00e7a uma limonada -\",\"isPartOf\":{\"@id\":\"http:\/\/blog.panrotas.com.br\/semreserva\/#website\"},\"primaryImageOfPage\":{\"@id\":\"https:\/\/blog.panrotas.com.br\/semreserva\/com-o-abacaxi-faca-uma-limonada\/08-04-2016\/#primaryimage\"},\"datePublished\":\"2016-04-08T18:49:43+00:00\",\"dateModified\":\"2016-04-08T18:49:43+00:00\",\"description\":\"Com o abacaxi, fa\\u00e7a uma limonada. Confira essa Mat\\u00e9ria no Canal Sem reserva. \\u27a4 Projeto em parceria com a PANROTAS.\",\"breadcrumb\":{\"@id\":\"https:\/\/blog.panrotas.com.br\/semreserva\/com-o-abacaxi-faca-uma-limonada\/08-04-2016\/#breadcrumb\"},\"inLanguage\":\"pt-BR\",\"potentialAction\":[{\"@type\":\"ReadAction\",\"target\":[\"https:\/\/blog.panrotas.com.br\/semreserva\/com-o-abacaxi-faca-uma-limonada\/08-04-2016\/\"]}]},{\"@type\":\"BreadcrumbList\",\"@id\":\"https:\/\/blog.panrotas.com.br\/semreserva\/com-o-abacaxi-faca-uma-limonada\/08-04-2016\/#breadcrumb\",\"itemListElement\":[{\"@type\":\"ListItem\",\"position\":1,\"name\":\"Home do Blog\",\"item\":\"http:\/\/blog.panrotas.com.br\/semreserva\/\"},{\"@type\":\"ListItem\",\"position\":2,\"name\":\"Dia a dia\",\"item\":\"https:\/\/blog.panrotas.com.br\/semreserva\/category\/dia-a-dia\/\"},{\"@type\":\"ListItem\",\"position\":3,\"name\":\"Com o abacaxi, fa\\u00e7a uma limonada\"}]},{\"@type\":\"Article\",\"@id\":\"https:\/\/blog.panrotas.com.br\/semreserva\/com-o-abacaxi-faca-uma-limonada\/08-04-2016\/#article\",\"isPartOf\":{\"@id\":\"https:\/\/blog.panrotas.com.br\/semreserva\/com-o-abacaxi-faca-uma-limonada\/08-04-2016\/#webpage\"},\"author\":{\"@id\":\"http:\/\/blog.panrotas.com.br\/semreserva\/#\/schema\/person\/c93b4555f6a497d2d83c25dcb80f61ed\"},\"headline\":\"Com o abacaxi, fa\\u00e7a uma limonada\",\"datePublished\":\"2016-04-08T18:49:43+00:00\",\"dateModified\":\"2016-04-08T18:49:43+00:00\",\"mainEntityOfPage\":{\"@id\":\"https:\/\/blog.panrotas.com.br\/semreserva\/com-o-abacaxi-faca-uma-limonada\/08-04-2016\/#webpage\"},\"wordCount\":361,\"commentCount\":0,\"publisher\":{\"@id\":\"http:\/\/blog.panrotas.com.br\/semreserva\/#organization\"},\"image\":{\"@id\":\"https:\/\/blog.panrotas.com.br\/semreserva\/com-o-abacaxi-faca-uma-limonada\/08-04-2016\/#primaryimage\"},\"thumbnailUrl\":\"https:\/\/blog.panrotas.com.br\/semreserva\/wp-content\/uploads\/sites\/5\/2016\/04\/Abacaxitropicalpineapple080416.jpg\",\"keywords\":[\"abav\",\"braztoa\",\"edmar bull\",\"feira da abav\",\"feira da aviesp\",\"wtm latin america\"],\"articleSection\":[\"Dia a dia\"],\"inLanguage\":\"pt-BR\",\"potentialAction\":[{\"@type\":\"CommentAction\",\"name\":\"Comment\",\"target\":[\"https:\/\/blog.panrotas.com.br\/semreserva\/com-o-abacaxi-faca-uma-limonada\/08-04-2016\/#respond\"]}]},{\"@type\":\"Person\",\"@id\":\"http:\/\/blog.panrotas.com.br\/semreserva\/#\/schema\/person\/c93b4555f6a497d2d83c25dcb80f61ed\",\"name\":\"Artur Andrade\",\"image\":{\"@type\":\"ImageObject\",\"@id\":\"http:\/\/blog.panrotas.com.br\/semreserva\/#personlogo\",\"inLanguage\":\"pt-BR\",\"url\":\"https:\/\/secure.gravatar.com\/avatar\/a94564d630220cefd5c82f3452ac1ef4?s=96&d=mm&r=g\",\"contentUrl\":\"https:\/\/secure.gravatar.com\/avatar\/a94564d630220cefd5c82f3452ac1ef4?s=96&d=mm&r=g\",\"caption\":\"Artur Andrade\"},\"description\":\"Artur Luiz Andrade \\u00e9 carioca, taurino, jornalista e nasceu em 1969. \\u00c9 editor-chefe da PANROTAS Editora e mora em S\\u00e3o Paulo desde 1998\",\"sameAs\":[\"http:\/\/www.panrotas.com.br\"]}]}<\/script>\n<!-- \/ Yoast SEO plugin. -->","yoast_head_json":{"title":"Com o abacaxi, fa\u00e7a uma limonada -","description":"Com o abacaxi, fa\u00e7a uma limonada. Confira essa Mat\u00e9ria no Canal Sem reserva. \u27a4 Projeto em parceria com a PANROTAS.","robots":{"index":"index","follow":"follow","max-snippet":"max-snippet:-1","max-image-preview":"max-image-preview:large","max-video-preview":"max-video-preview:-1"},"canonical":"https:\/\/blog.panrotas.com.br\/semreserva\/com-o-abacaxi-faca-uma-limonada\/08-04-2016\/","og_locale":"pt_BR","og_type":"article","og_title":"Com o abacaxi, fa\u00e7a uma limonada -","og_description":"Com o abacaxi, fa\u00e7a uma limonada. Confira essa Mat\u00e9ria no Canal Sem reserva. \u27a4 Projeto em parceria com a PANROTAS.","og_url":"https:\/\/blog.panrotas.com.br\/semreserva\/com-o-abacaxi-faca-uma-limonada\/08-04-2016\/","og_site_name":"Sem reserva","article_publisher":"https:\/\/www.facebook.com\/portalpanrotas\/","article_published_time":"2016-04-08T18:49:43+00:00","og_image":[{"width":670,"height":400,"url":"https:\/\/blog.panrotas.com.br\/semreserva\/wp-content\/uploads\/sites\/5\/2016\/04\/Abacaxitropicalpineapple080416.jpg","type":"image\/jpeg"}],"twitter_card":"summary_large_image","twitter_creator":"@portalpanrotas","twitter_site":"@portalpanrotas","twitter_misc":{"Escrito por":"Artur Andrade","Est. tempo de leitura":"2 minutos"},"schema":{"@context":"https:\/\/schema.org","@graph":[{"@type":"Organization","@id":"http:\/\/blog.panrotas.com.br\/semreserva\/#organization","name":"Sem Reserva - Blog no Portal PANROTAS","url":"http:\/\/blog.panrotas.com.br\/semreserva\/","sameAs":["https:\/\/www.facebook.com\/portalpanrotas\/","https:\/\/www.instagram.com\/portalpanrotas\/","https:\/\/br.linkedin.com\/company\/panrotas","https:\/\/www.youtube.com\/tvpanrotas","https:\/\/twitter.com\/portalpanrotas"],"logo":{"@type":"ImageObject","@id":"http:\/\/blog.panrotas.com.br\/semreserva\/#logo","inLanguage":"pt-BR","url":"https:\/\/blog.panrotas.com.br\/semreserva\/wp-content\/uploads\/sites\/5\/2020\/06\/logo.png","contentUrl":"https:\/\/blog.panrotas.com.br\/semreserva\/wp-content\/uploads\/sites\/5\/2020\/06\/logo.png","width":259,"height":53,"caption":"Sem Reserva - Blog no Portal PANROTAS"},"image":{"@id":"http:\/\/blog.panrotas.com.br\/semreserva\/#logo"}},{"@type":"WebSite","@id":"http:\/\/blog.panrotas.com.br\/semreserva\/#website","url":"http:\/\/blog.panrotas.com.br\/semreserva\/","name":"Sem reserva","description":"Blogosfera PANROTAS","publisher":{"@id":"http:\/\/blog.panrotas.com.br\/semreserva\/#organization"},"potentialAction":[{"@type":"SearchAction","target":{"@type":"EntryPoint","urlTemplate":"http:\/\/blog.panrotas.com.br\/semreserva\/?s={search_term_string}"},"query-input":"required name=search_term_string"}],"inLanguage":"pt-BR"},{"@type":"ImageObject","@id":"https:\/\/blog.panrotas.com.br\/semreserva\/com-o-abacaxi-faca-uma-limonada\/08-04-2016\/#primaryimage","inLanguage":"pt-BR","url":"https:\/\/blog.panrotas.com.br\/semreserva\/wp-content\/uploads\/sites\/5\/2016\/04\/Abacaxitropicalpineapple080416.jpg","contentUrl":"https:\/\/blog.panrotas.com.br\/semreserva\/wp-content\/uploads\/sites\/5\/2016\/04\/Abacaxitropicalpineapple080416.jpg","width":670,"height":400},{"@type":"WebPage","@id":"https:\/\/blog.panrotas.com.br\/semreserva\/com-o-abacaxi-faca-uma-limonada\/08-04-2016\/#webpage","url":"https:\/\/blog.panrotas.com.br\/semreserva\/com-o-abacaxi-faca-uma-limonada\/08-04-2016\/","name":"Com o abacaxi, fa\u00e7a uma limonada -","isPartOf":{"@id":"http:\/\/blog.panrotas.com.br\/semreserva\/#website"},"primaryImageOfPage":{"@id":"https:\/\/blog.panrotas.com.br\/semreserva\/com-o-abacaxi-faca-uma-limonada\/08-04-2016\/#primaryimage"},"datePublished":"2016-04-08T18:49:43+00:00","dateModified":"2016-04-08T18:49:43+00:00","description":"Com o abacaxi, fa\u00e7a uma limonada. Confira essa Mat\u00e9ria no Canal Sem reserva. \u27a4 Projeto em parceria com a PANROTAS.","breadcrumb":{"@id":"https:\/\/blog.panrotas.com.br\/semreserva\/com-o-abacaxi-faca-uma-limonada\/08-04-2016\/#breadcrumb"},"inLanguage":"pt-BR","potentialAction":[{"@type":"ReadAction","target":["https:\/\/blog.panrotas.com.br\/semreserva\/com-o-abacaxi-faca-uma-limonada\/08-04-2016\/"]}]},{"@type":"BreadcrumbList","@id":"https:\/\/blog.panrotas.com.br\/semreserva\/com-o-abacaxi-faca-uma-limonada\/08-04-2016\/#breadcrumb","itemListElement":[{"@type":"ListItem","position":1,"name":"Home do Blog","item":"http:\/\/blog.panrotas.com.br\/semreserva\/"},{"@type":"ListItem","position":2,"name":"Dia a dia","item":"https:\/\/blog.panrotas.com.br\/semreserva\/category\/dia-a-dia\/"},{"@type":"ListItem","position":3,"name":"Com o abacaxi, fa\u00e7a uma limonada"}]},{"@type":"Article","@id":"https:\/\/blog.panrotas.com.br\/semreserva\/com-o-abacaxi-faca-uma-limonada\/08-04-2016\/#article","isPartOf":{"@id":"https:\/\/blog.panrotas.com.br\/semreserva\/com-o-abacaxi-faca-uma-limonada\/08-04-2016\/#webpage"},"author":{"@id":"http:\/\/blog.panrotas.com.br\/semreserva\/#\/schema\/person\/c93b4555f6a497d2d83c25dcb80f61ed"},"headline":"Com o abacaxi, fa\u00e7a uma limonada","datePublished":"2016-04-08T18:49:43+00:00","dateModified":"2016-04-08T18:49:43+00:00","mainEntityOfPage":{"@id":"https:\/\/blog.panrotas.com.br\/semreserva\/com-o-abacaxi-faca-uma-limonada\/08-04-2016\/#webpage"},"wordCount":361,"commentCount":0,"publisher":{"@id":"http:\/\/blog.panrotas.com.br\/semreserva\/#organization"},"image":{"@id":"https:\/\/blog.panrotas.com.br\/semreserva\/com-o-abacaxi-faca-uma-limonada\/08-04-2016\/#primaryimage"},"thumbnailUrl":"https:\/\/blog.panrotas.com.br\/semreserva\/wp-content\/uploads\/sites\/5\/2016\/04\/Abacaxitropicalpineapple080416.jpg","keywords":["abav","braztoa","edmar bull","feira da abav","feira da aviesp","wtm latin america"],"articleSection":["Dia a dia"],"inLanguage":"pt-BR","potentialAction":[{"@type":"CommentAction","name":"Comment","target":["https:\/\/blog.panrotas.com.br\/semreserva\/com-o-abacaxi-faca-uma-limonada\/08-04-2016\/#respond"]}]},{"@type":"Person","@id":"http:\/\/blog.panrotas.com.br\/semreserva\/#\/schema\/person\/c93b4555f6a497d2d83c25dcb80f61ed","name":"Artur Andrade","image":{"@type":"ImageObject","@id":"http:\/\/blog.panrotas.com.br\/semreserva\/#personlogo","inLanguage":"pt-BR","url":"https:\/\/secure.gravatar.com\/avatar\/a94564d630220cefd5c82f3452ac1ef4?s=96&d=mm&r=g","contentUrl":"https:\/\/secure.gravatar.com\/avatar\/a94564d630220cefd5c82f3452ac1ef4?s=96&d=mm&r=g","caption":"Artur Andrade"},"description":"Artur Luiz Andrade \u00e9 carioca, taurino, jornalista e nasceu em 1969. \u00c9 editor-chefe da PANROTAS Editora e mora em S\u00e3o Paulo desde 1998","sameAs":["http:\/\/www.panrotas.com.br"]}]}},"jetpack_featured_media_url":"https:\/\/blog.panrotas.com.br\/semreserva\/wp-content\/uploads\/sites\/5\/2016\/04\/Abacaxitropicalpineapple080416.jpg","jetpack_shortlink":"https:\/\/wp.me\/p7idIU-1bw","_links":{"self":[{"href":"https:\/\/blog.panrotas.com.br\/semreserva\/wp-json\/wp\/v2\/posts\/4558"}],"collection":[{"href":"https:\/\/blog.panrotas.com.br\/semreserva\/wp-json\/wp\/v2\/posts"}],"about":[{"href":"https:\/\/blog.panrotas.com.br\/semreserva\/wp-json\/wp\/v2\/types\/post"}],"author":[{"embeddable":true,"href":"https:\/\/blog.panrotas.com.br\/semreserva\/wp-json\/wp\/v2\/users\/7"}],"replies":[{"embeddable":true,"href":"https:\/\/blog.panrotas.com.br\/semreserva\/wp-json\/wp\/v2\/comments?post=4558"}],"version-history":[{"count":0,"href":"https:\/\/blog.panrotas.com.br\/semreserva\/wp-json\/wp\/v2\/posts\/4558\/revisions"}],"wp:featuredmedia":[{"embeddable":true,"href":"https:\/\/blog.panrotas.com.br\/semreserva\/wp-json\/wp\/v2\/media\/4559"}],"wp:attachment":[{"href":"https:\/\/blog.panrotas.com.br\/semreserva\/wp-json\/wp\/v2\/media?parent=4558"}],"wp:term":[{"taxonomy":"category","embeddable":true,"href":"https:\/\/blog.panrotas.com.br\/semreserva\/wp-json\/wp\/v2\/categories?post=4558"},{"taxonomy":"post_tag","embeddable":true,"href":"https:\/\/blog.panrotas.com.br\/semreserva\/wp-json\/wp\/v2\/tags?post=4558"}],"curies":[{"name":"wp","href":"https:\/\/api.w.org\/{rel}","templated":true}]}}