{"id":4565,"date":"2016-04-18T00:52:35","date_gmt":"2016-04-18T03:52:35","guid":{"rendered":"http:\/\/blog.panrotas.com.br\/semreserva\/?p=4565"},"modified":"2016-04-18T00:52:35","modified_gmt":"2016-04-18T03:52:35","slug":"4565","status":"publish","type":"post","link":"https:\/\/blog.panrotas.com.br\/semreserva\/4565\/18-04-2016\/","title":{"rendered":"OLHO POR OLHO"},"content":{"rendered":"<p>(<em>foto Ag\u00eancia Brasil<\/em>)<\/p>\n<p>&nbsp;<\/p>\n<p>Dia hist\u00f3rico, tempos hist\u00f3ricos. N\u00e3o importam os caminhos, as puni\u00e7\u00f5es contra quem rouba o Pa\u00eds devem continuar. Nunca teremos, como nenhuma na\u00e7\u00e3o tem, pol\u00edticos 100% honestos, 100% focados no desenvolvimento do Brasil. Mas se j\u00e1 tivermos pol\u00edticos com medo, com receio de ca\u00edrem na tenta\u00e7\u00e3o (ou no que imaginam ser o ato natural &#8211; roubar), com dever de prestar contas, j\u00e1 teremos dado um importante passo.<\/p>\n<p>&nbsp;<\/p>\n<p>No m\u00ednimo vimos uma presidente da Rep\u00fablica que n\u00e3o sabe fazer pol\u00edtica, pois o impeachment est\u00e1 sendo liderado n\u00e3o pela oposi\u00e7\u00e3o, mas pelo seu antigo maior aliado, o PMDB, que, se assumir o governo, j\u00e1 chegar\u00e1 sabendo que opera\u00e7\u00f5es da Pol\u00edcia Federal devem, t\u00eam, precisam continuar. Doa a quem doer.<\/p>\n<p>&nbsp;<\/p>\n<p>Em um meio em que parece que todo mundo deve, ficar calado n\u00e3o \u00e9 omiss\u00e3o: \u00e9 erro, \u00e9 assumir culpa, \u00e9 fraqueza.<\/p>\n<p>&nbsp;<\/p>\n<p>N\u00e3o importa quem vem por a\u00ed, se ela fica, se ela sai. O Pa\u00eds tem de ser gerido com responsabilidade e n\u00e3o com o assassinato da popula\u00e7\u00e3o por falta de seguran\u00e7a, sa\u00fade, emprego, educa\u00e7\u00e3o&#8230; Do mensal\u00e3o ao petrol\u00e3o tentaram nos dizer que era tudo normal. N\u00e3o \u00e9 n\u00e3o. E se a presidente n\u00e3o tomou as atitudes, vai pagar por isso como membro do mesmo balaio de gatos. Se a presidente for honesta, isso ser\u00e1 provado. Boa administradora j\u00e1 vimos que n\u00e3o \u00e9. Inclusive demorou a admitir erros do governo e que a situa\u00e7\u00e3o estava beirando o abismo. E hoje quem lhe d\u00e1 na cara, antes lhe beijava o rosto. E vice versa.<\/p>\n<p>&nbsp;<\/p>\n<p>Culpa do PMDB? Era aliado do governo. Culpa do PT? \u00c9 a base do governo. Culpa do Lula? \u00c9 quem fez e elegeu Dilma. Culpa da imprensa? Ora fa\u00e7am o favor&#8230; A imprensa est\u00e1 inventando as dela\u00e7\u00f5es? Culpa de quem pagou propina? Com certeza? Culpa de quem pagou e acobertou? Idem. Culpa do sistema? Tamb\u00e9m. Culpa da anestesia geral que nos aplicam h\u00e1 anos? Idem. Idem. Culpa de quem votou? Sim e n\u00e3o. O n\u00edvel da maioria da popula\u00e7\u00e3o pode ser visto na fala dos deputados que a representa. Nem todo mundo sabe falar a l\u00edngua, conjugar verbos, citar figuras hist\u00f3ricas, nomear pa\u00edses e governos no Exterior, fazer contas a n\u00e3o ser a do final do m\u00eas&#8230; Sem educa\u00e7\u00e3o, n\u00e3o h\u00e1 voto bom e consciente. Sem comida na mesa, migalhas s\u00e3o bem vindas. S\u00f3 culpa? Claro que n\u00e3o. H\u00e1 muito sendo feito. S\u00f3 que nesses tempos, o mau exemplo salta aos olhos e brilha nas manchetes. Reforma pol\u00edtica j\u00e1. Culpar o povo n\u00e3o me parece &#8230;justo (ou apropriado), especialmente os mais pobres e pouco educados.<\/p>\n<p>&nbsp;<\/p>\n<p>O que vimos no discurso dos deputados, que deveriam dizer &#8220;sim&#8221; ou &#8220;n\u00e3o&#8221; ou no m\u00e1ximo dizer uma frase constru\u00edda com l\u00f3gica e argumentos, foi de chorar&#8230; rios de l\u00e1grimas. Beijos pros filhos, pros netos, pras tias&#8230; Beijos pra torturadores do antigo regime militar!!! Deus nunca foi t\u00e3o invocado. Quem fala em nome de Deus? E tamb\u00e9m Plat\u00e3o, Ulysses, Eduardo Campos, Brizola, Teot\u00f4nio Vilella, o meu povo, meu Estado, minha cidade, meu suplente&#8230; Votaram Maluf, Bolsonaro, Jean Wyllis, Chico Alencar, Ot\u00e1vio Leite, Feliciano, Tiririca, Cunha, Jandira Feghalli, filhos de pol\u00edticos das antigas, gente com for\u00e7a regional&#8230; Muita gente diferente e com falas muito erradas pra esse momento. Nunca ouvi tanto portugu\u00eas errado, falta de racioc\u00ednio l\u00f3gico e egos por estar aparecendo em rede nacional na Globo (e dizem que a audi\u00eancia do Programa Silvio Santos estava t\u00e3o boa quanto&#8230; n\u00e3o seria melhor ir l\u00e1 tentar o jogo dos pontinhos? Ok, ganhar R$ 100 no avi\u00e3ozinho do Silvio \u00e9 pouco. Muito pouco. Entendo).<\/p>\n<p>&nbsp;<\/p>\n<p>Mas n\u00e3o d\u00e1 para aceitar estarmos t\u00e3o mal representados, do presidente ao vereador. Por isso bato tanto na tecla da import\u00e2ncia da pol\u00edtica associativa. Tudo come\u00e7a ao seu lado, no que te afeta mais. N\u00e3o importa quem \u00e9 o presidente da sua associa\u00e7\u00e3o? Quem \u00e9 seu vereador? Seu deputado federal? Ele votou bem ou voc\u00ea nem se lembra dele?<\/p>\n<p>&nbsp;<\/p>\n<p>O governo perdeu por m\u00e9ritos seus e do PMDB. A oposi\u00e7\u00e3o seguiu o vento. Eu n\u00e3o vejo os l\u00edderes (que est\u00e3o a\u00ed, com certeza, e s\u00e3o novos, jovens) que nos salvar\u00e3o. Talvez seja melhor o mandato tamp\u00e3o de Temer (e Henrique Alves promete voltar &#8211; ser\u00e1 que no Turismo, ou em um minist\u00e9rio&#8230; melhor?) at\u00e9 que esses novos l\u00edderes apare\u00e7am. Precisamos de um sopro de confian\u00e7a, de investimentos, de economia girando, de f\u00f4lego&#8230; Elei\u00e7\u00f5es imediatas, uma ideia boa e constitucional caso todos sofram imp\u00edtiman (h\u00e1 essa possibilidade), desanimam pois n\u00e3o vemos os l\u00edderes que nos levar\u00e3o a tempos melhores. Marina, A\u00e9cio, Alckmin, Eduardo Paes (e eu queria ter uma casa em Maric\u00e1&#8230;)? Quem mais?<\/p>\n<p>&nbsp;<\/p>\n<p>H\u00e1 salva\u00e7\u00e3o. S\u00f3 n\u00e3o estou vendo os salvadores. Por isso h\u00e1 pressa (a economia est\u00e1 parada e todos segurando seus investimentos e planos) e n\u00e3o h\u00e1 pressa (elei\u00e7\u00f5es amanh\u00e3 nos fariam decidir bem? Por quem? Qualquer um menos ela? N\u00e3o \u00e9 bem assim&#8230;). O per\u00edodo \u00e9 longo e passa pela democracia: falar e ouvir com respeito. Punir quem rouba. Punir, de diversas formas, como na urna, quem administra mal.<\/p>\n<p>&nbsp;<\/p>\n<p>Quem vai ser seu pr\u00f3ximo prefeito? E vereador? N\u00e3o interessa ou tudo interessa e os novos tempos t\u00eam de fiscalizar tudo e todos e finalmente colocar a m\u00e1quina para servir o Brasil e n\u00e3o a poucos e (nada) bons?<\/p>\n<p>&nbsp;<\/p>\n<p>Dia hist\u00f3rico, mas apenas mais um dia. A mudan\u00e7a do Pa\u00eds ser\u00e1 lenta e gradual e depende de todos n\u00f3s. Todos incluindo os que n\u00e3o t\u00eam essa clareza de pensamentos que achamos que temos? As realidades do Brasil s\u00e3o muitas (olhem os deputados e seus discursos na hora de votar). E incluir todos no debate \u00e9 algo que beira o imposs\u00edvel e pode gerar esses \u00f3dios e rea\u00e7\u00f5es absurdas que vimos dos dois lados ultimamente (pr\u00e9 e contra governo). D\u00e1 para ser contra sem \u00f3dio e a favor sem colocar propina no bolso.<\/p>\n<p>&nbsp;<\/p>\n<p>E nos Estados Unidos? Vai dar Hillary ou Trump?<\/p>\n<p>&nbsp;<\/p>\n<p>E o Panam\u00e1? Voc\u00ea tamb\u00e9m tem conta no Exterior?<\/p>\n<p>&nbsp;<\/p>\n<p>Quem voc\u00ea conhece da lista da Lava Jato? O que voc\u00ea faria se fosse chamado de ladr\u00e3o e canalha por seus pares durante a vota\u00e7\u00e3o? Clima pesado entre nossos representantes. Nossos?<\/p>\n<p>&nbsp;<\/p>\n<p>N\u00e3o se desespere. Mudar \u00e9 assim mesmo. Correm-se riscos. Mas n\u00e3o o de andar para tr\u00e1s. Espero.<\/p>\n<p>&nbsp;<\/p>\n<p>Dia hist\u00f3rico. Esperemos os pr\u00f3ximos.<\/p>\n","protected":false},"excerpt":{"rendered":"<p>(foto Ag\u00eancia Brasil) &nbsp; Dia hist\u00f3rico, tempos hist\u00f3ricos. N\u00e3o importam os caminhos, as puni\u00e7\u00f5es contra quem rouba o Pa\u00eds devem continuar. Nunca teremos, como nenhuma na\u00e7\u00e3o tem, pol\u00edticos 100% honestos, 100% focados no desenvolvimento do Brasil. Mas se j\u00e1 tivermos pol\u00edticos com medo, com receio de ca\u00edrem na tenta\u00e7\u00e3o (ou no que imaginam ser o [&hellip;]<\/p>\n","protected":false},"author":7,"featured_media":4568,"comment_status":"open","ping_status":"open","sticky":false,"template":"","format":"standard","meta":{"spay_email":""},"categories":[2],"tags":[16,20,35,39,45],"yoast_head":"<!-- This site is optimized with the Yoast SEO plugin v17.3 - https:\/\/yoast.com\/wordpress\/plugins\/seo\/ -->\n<title>OLHO POR OLHO -<\/title>\n<meta name=\"description\" content=\"OLHO POR OLHO. Confira essa Mat\u00e9ria no Canal Sem reserva. \u27a4 Projeto em parceria com a PANROTAS.\" \/>\n<meta name=\"robots\" content=\"index, follow, max-snippet:-1, max-image-preview:large, max-video-preview:-1\" \/>\n<link rel=\"canonical\" href=\"https:\/\/blog.panrotas.com.br\/semreserva\/4565\/18-04-2016\/\" \/>\n<meta property=\"og:locale\" content=\"pt_BR\" \/>\n<meta property=\"og:type\" content=\"article\" \/>\n<meta property=\"og:title\" content=\"OLHO POR OLHO -\" \/>\n<meta property=\"og:description\" content=\"OLHO POR OLHO. Confira essa Mat\u00e9ria no Canal Sem reserva. \u27a4 Projeto em parceria com a PANROTAS.\" \/>\n<meta property=\"og:url\" content=\"https:\/\/blog.panrotas.com.br\/semreserva\/4565\/18-04-2016\/\" \/>\n<meta property=\"og:site_name\" content=\"Sem reserva\" \/>\n<meta property=\"article:publisher\" content=\"https:\/\/www.facebook.com\/portalpanrotas\/\" \/>\n<meta property=\"article:published_time\" content=\"2016-04-18T03:52:35+00:00\" \/>\n<meta property=\"og:image\" content=\"https:\/\/blog.panrotas.com.br\/semreserva\/wp-content\/uploads\/sites\/5\/2016\/04\/1013802-10112016-img_4394.jpg\" \/>\n\t<meta property=\"og:image:width\" content=\"580\" \/>\n\t<meta property=\"og:image:height\" content=\"388\" \/>\n<meta name=\"twitter:card\" content=\"summary_large_image\" \/>\n<meta name=\"twitter:creator\" content=\"@portalpanrotas\" \/>\n<meta name=\"twitter:site\" content=\"@portalpanrotas\" \/>\n<meta name=\"twitter:label1\" content=\"Escrito por\" \/>\n\t<meta name=\"twitter:data1\" content=\"Artur Andrade\" \/>\n\t<meta name=\"twitter:label2\" content=\"Est. tempo de leitura\" \/>\n\t<meta name=\"twitter:data2\" content=\"6 minutos\" \/>\n<script type=\"application\/ld+json\" class=\"yoast-schema-graph\">{\"@context\":\"https:\/\/schema.org\",\"@graph\":[{\"@type\":\"Organization\",\"@id\":\"http:\/\/blog.panrotas.com.br\/semreserva\/#organization\",\"name\":\"Sem Reserva - Blog no Portal PANROTAS\",\"url\":\"http:\/\/blog.panrotas.com.br\/semreserva\/\",\"sameAs\":[\"https:\/\/www.facebook.com\/portalpanrotas\/\",\"https:\/\/www.instagram.com\/portalpanrotas\/\",\"https:\/\/br.linkedin.com\/company\/panrotas\",\"https:\/\/www.youtube.com\/tvpanrotas\",\"https:\/\/twitter.com\/portalpanrotas\"],\"logo\":{\"@type\":\"ImageObject\",\"@id\":\"http:\/\/blog.panrotas.com.br\/semreserva\/#logo\",\"inLanguage\":\"pt-BR\",\"url\":\"https:\/\/blog.panrotas.com.br\/semreserva\/wp-content\/uploads\/sites\/5\/2020\/06\/logo.png\",\"contentUrl\":\"https:\/\/blog.panrotas.com.br\/semreserva\/wp-content\/uploads\/sites\/5\/2020\/06\/logo.png\",\"width\":259,\"height\":53,\"caption\":\"Sem Reserva - Blog no Portal PANROTAS\"},\"image\":{\"@id\":\"http:\/\/blog.panrotas.com.br\/semreserva\/#logo\"}},{\"@type\":\"WebSite\",\"@id\":\"http:\/\/blog.panrotas.com.br\/semreserva\/#website\",\"url\":\"http:\/\/blog.panrotas.com.br\/semreserva\/\",\"name\":\"Sem reserva\",\"description\":\"Blogosfera PANROTAS\",\"publisher\":{\"@id\":\"http:\/\/blog.panrotas.com.br\/semreserva\/#organization\"},\"potentialAction\":[{\"@type\":\"SearchAction\",\"target\":{\"@type\":\"EntryPoint\",\"urlTemplate\":\"http:\/\/blog.panrotas.com.br\/semreserva\/?s={search_term_string}\"},\"query-input\":\"required name=search_term_string\"}],\"inLanguage\":\"pt-BR\"},{\"@type\":\"ImageObject\",\"@id\":\"https:\/\/blog.panrotas.com.br\/semreserva\/4565\/18-04-2016\/#primaryimage\",\"inLanguage\":\"pt-BR\",\"url\":\"https:\/\/blog.panrotas.com.br\/semreserva\/wp-content\/uploads\/sites\/5\/2016\/04\/1013802-10112016-img_4394.jpg\",\"contentUrl\":\"https:\/\/blog.panrotas.com.br\/semreserva\/wp-content\/uploads\/sites\/5\/2016\/04\/1013802-10112016-img_4394.jpg\",\"width\":580,\"height\":388},{\"@type\":\"WebPage\",\"@id\":\"https:\/\/blog.panrotas.com.br\/semreserva\/4565\/18-04-2016\/#webpage\",\"url\":\"https:\/\/blog.panrotas.com.br\/semreserva\/4565\/18-04-2016\/\",\"name\":\"OLHO POR OLHO -\",\"isPartOf\":{\"@id\":\"http:\/\/blog.panrotas.com.br\/semreserva\/#website\"},\"primaryImageOfPage\":{\"@id\":\"https:\/\/blog.panrotas.com.br\/semreserva\/4565\/18-04-2016\/#primaryimage\"},\"datePublished\":\"2016-04-18T03:52:35+00:00\",\"dateModified\":\"2016-04-18T03:52:35+00:00\",\"description\":\"OLHO POR OLHO. Confira essa Mat\\u00e9ria no Canal Sem reserva. \\u27a4 Projeto em parceria com a PANROTAS.\",\"breadcrumb\":{\"@id\":\"https:\/\/blog.panrotas.com.br\/semreserva\/4565\/18-04-2016\/#breadcrumb\"},\"inLanguage\":\"pt-BR\",\"potentialAction\":[{\"@type\":\"ReadAction\",\"target\":[\"https:\/\/blog.panrotas.com.br\/semreserva\/4565\/18-04-2016\/\"]}]},{\"@type\":\"BreadcrumbList\",\"@id\":\"https:\/\/blog.panrotas.com.br\/semreserva\/4565\/18-04-2016\/#breadcrumb\",\"itemListElement\":[{\"@type\":\"ListItem\",\"position\":1,\"name\":\"Home do Blog\",\"item\":\"http:\/\/blog.panrotas.com.br\/semreserva\/\"},{\"@type\":\"ListItem\",\"position\":2,\"name\":\"Dia a dia\",\"item\":\"https:\/\/blog.panrotas.com.br\/semreserva\/category\/dia-a-dia\/\"},{\"@type\":\"ListItem\",\"position\":3,\"name\":\"OLHO POR OLHO\"}]},{\"@type\":\"Article\",\"@id\":\"https:\/\/blog.panrotas.com.br\/semreserva\/4565\/18-04-2016\/#article\",\"isPartOf\":{\"@id\":\"https:\/\/blog.panrotas.com.br\/semreserva\/4565\/18-04-2016\/#webpage\"},\"author\":{\"@id\":\"http:\/\/blog.panrotas.com.br\/semreserva\/#\/schema\/person\/c93b4555f6a497d2d83c25dcb80f61ed\"},\"headline\":\"OLHO POR OLHO\",\"datePublished\":\"2016-04-18T03:52:35+00:00\",\"dateModified\":\"2016-04-18T03:52:35+00:00\",\"mainEntityOfPage\":{\"@id\":\"https:\/\/blog.panrotas.com.br\/semreserva\/4565\/18-04-2016\/#webpage\"},\"wordCount\":1162,\"commentCount\":0,\"publisher\":{\"@id\":\"http:\/\/blog.panrotas.com.br\/semreserva\/#organization\"},\"image\":{\"@id\":\"https:\/\/blog.panrotas.com.br\/semreserva\/4565\/18-04-2016\/#primaryimage\"},\"thumbnailUrl\":\"https:\/\/blog.panrotas.com.br\/semreserva\/wp-content\/uploads\/sites\/5\/2016\/04\/1013802-10112016-img_4394.jpg\",\"keywords\":[\"corrup\\u00e7\\u00e3o\",\"dilma rousseff\",\"henrique alves\",\"impeachment\",\"pol\\u00edtica e turismo\"],\"articleSection\":[\"Dia a dia\"],\"inLanguage\":\"pt-BR\",\"potentialAction\":[{\"@type\":\"CommentAction\",\"name\":\"Comment\",\"target\":[\"https:\/\/blog.panrotas.com.br\/semreserva\/4565\/18-04-2016\/#respond\"]}]},{\"@type\":\"Person\",\"@id\":\"http:\/\/blog.panrotas.com.br\/semreserva\/#\/schema\/person\/c93b4555f6a497d2d83c25dcb80f61ed\",\"name\":\"Artur Andrade\",\"image\":{\"@type\":\"ImageObject\",\"@id\":\"http:\/\/blog.panrotas.com.br\/semreserva\/#personlogo\",\"inLanguage\":\"pt-BR\",\"url\":\"https:\/\/secure.gravatar.com\/avatar\/a94564d630220cefd5c82f3452ac1ef4?s=96&d=mm&r=g\",\"contentUrl\":\"https:\/\/secure.gravatar.com\/avatar\/a94564d630220cefd5c82f3452ac1ef4?s=96&d=mm&r=g\",\"caption\":\"Artur Andrade\"},\"description\":\"Artur Luiz Andrade \\u00e9 carioca, taurino, jornalista e nasceu em 1969. \\u00c9 editor-chefe da PANROTAS Editora e mora em S\\u00e3o Paulo desde 1998\",\"sameAs\":[\"http:\/\/www.panrotas.com.br\"]}]}<\/script>\n<!-- \/ Yoast SEO plugin. -->","yoast_head_json":{"title":"OLHO POR OLHO -","description":"OLHO POR OLHO. Confira essa Mat\u00e9ria no Canal Sem reserva. \u27a4 Projeto em parceria com a PANROTAS.","robots":{"index":"index","follow":"follow","max-snippet":"max-snippet:-1","max-image-preview":"max-image-preview:large","max-video-preview":"max-video-preview:-1"},"canonical":"https:\/\/blog.panrotas.com.br\/semreserva\/4565\/18-04-2016\/","og_locale":"pt_BR","og_type":"article","og_title":"OLHO POR OLHO -","og_description":"OLHO POR OLHO. Confira essa Mat\u00e9ria no Canal Sem reserva. \u27a4 Projeto em parceria com a PANROTAS.","og_url":"https:\/\/blog.panrotas.com.br\/semreserva\/4565\/18-04-2016\/","og_site_name":"Sem reserva","article_publisher":"https:\/\/www.facebook.com\/portalpanrotas\/","article_published_time":"2016-04-18T03:52:35+00:00","og_image":[{"width":580,"height":388,"url":"https:\/\/blog.panrotas.com.br\/semreserva\/wp-content\/uploads\/sites\/5\/2016\/04\/1013802-10112016-img_4394.jpg","type":"image\/jpeg"}],"twitter_card":"summary_large_image","twitter_creator":"@portalpanrotas","twitter_site":"@portalpanrotas","twitter_misc":{"Escrito por":"Artur Andrade","Est. tempo de leitura":"6 minutos"},"schema":{"@context":"https:\/\/schema.org","@graph":[{"@type":"Organization","@id":"http:\/\/blog.panrotas.com.br\/semreserva\/#organization","name":"Sem Reserva - Blog no Portal PANROTAS","url":"http:\/\/blog.panrotas.com.br\/semreserva\/","sameAs":["https:\/\/www.facebook.com\/portalpanrotas\/","https:\/\/www.instagram.com\/portalpanrotas\/","https:\/\/br.linkedin.com\/company\/panrotas","https:\/\/www.youtube.com\/tvpanrotas","https:\/\/twitter.com\/portalpanrotas"],"logo":{"@type":"ImageObject","@id":"http:\/\/blog.panrotas.com.br\/semreserva\/#logo","inLanguage":"pt-BR","url":"https:\/\/blog.panrotas.com.br\/semreserva\/wp-content\/uploads\/sites\/5\/2020\/06\/logo.png","contentUrl":"https:\/\/blog.panrotas.com.br\/semreserva\/wp-content\/uploads\/sites\/5\/2020\/06\/logo.png","width":259,"height":53,"caption":"Sem Reserva - Blog no Portal PANROTAS"},"image":{"@id":"http:\/\/blog.panrotas.com.br\/semreserva\/#logo"}},{"@type":"WebSite","@id":"http:\/\/blog.panrotas.com.br\/semreserva\/#website","url":"http:\/\/blog.panrotas.com.br\/semreserva\/","name":"Sem reserva","description":"Blogosfera PANROTAS","publisher":{"@id":"http:\/\/blog.panrotas.com.br\/semreserva\/#organization"},"potentialAction":[{"@type":"SearchAction","target":{"@type":"EntryPoint","urlTemplate":"http:\/\/blog.panrotas.com.br\/semreserva\/?s={search_term_string}"},"query-input":"required name=search_term_string"}],"inLanguage":"pt-BR"},{"@type":"ImageObject","@id":"https:\/\/blog.panrotas.com.br\/semreserva\/4565\/18-04-2016\/#primaryimage","inLanguage":"pt-BR","url":"https:\/\/blog.panrotas.com.br\/semreserva\/wp-content\/uploads\/sites\/5\/2016\/04\/1013802-10112016-img_4394.jpg","contentUrl":"https:\/\/blog.panrotas.com.br\/semreserva\/wp-content\/uploads\/sites\/5\/2016\/04\/1013802-10112016-img_4394.jpg","width":580,"height":388},{"@type":"WebPage","@id":"https:\/\/blog.panrotas.com.br\/semreserva\/4565\/18-04-2016\/#webpage","url":"https:\/\/blog.panrotas.com.br\/semreserva\/4565\/18-04-2016\/","name":"OLHO POR OLHO -","isPartOf":{"@id":"http:\/\/blog.panrotas.com.br\/semreserva\/#website"},"primaryImageOfPage":{"@id":"https:\/\/blog.panrotas.com.br\/semreserva\/4565\/18-04-2016\/#primaryimage"},"datePublished":"2016-04-18T03:52:35+00:00","dateModified":"2016-04-18T03:52:35+00:00","description":"OLHO POR OLHO. Confira essa Mat\u00e9ria no Canal Sem reserva. \u27a4 Projeto em parceria com a PANROTAS.","breadcrumb":{"@id":"https:\/\/blog.panrotas.com.br\/semreserva\/4565\/18-04-2016\/#breadcrumb"},"inLanguage":"pt-BR","potentialAction":[{"@type":"ReadAction","target":["https:\/\/blog.panrotas.com.br\/semreserva\/4565\/18-04-2016\/"]}]},{"@type":"BreadcrumbList","@id":"https:\/\/blog.panrotas.com.br\/semreserva\/4565\/18-04-2016\/#breadcrumb","itemListElement":[{"@type":"ListItem","position":1,"name":"Home do Blog","item":"http:\/\/blog.panrotas.com.br\/semreserva\/"},{"@type":"ListItem","position":2,"name":"Dia a dia","item":"https:\/\/blog.panrotas.com.br\/semreserva\/category\/dia-a-dia\/"},{"@type":"ListItem","position":3,"name":"OLHO POR OLHO"}]},{"@type":"Article","@id":"https:\/\/blog.panrotas.com.br\/semreserva\/4565\/18-04-2016\/#article","isPartOf":{"@id":"https:\/\/blog.panrotas.com.br\/semreserva\/4565\/18-04-2016\/#webpage"},"author":{"@id":"http:\/\/blog.panrotas.com.br\/semreserva\/#\/schema\/person\/c93b4555f6a497d2d83c25dcb80f61ed"},"headline":"OLHO POR OLHO","datePublished":"2016-04-18T03:52:35+00:00","dateModified":"2016-04-18T03:52:35+00:00","mainEntityOfPage":{"@id":"https:\/\/blog.panrotas.com.br\/semreserva\/4565\/18-04-2016\/#webpage"},"wordCount":1162,"commentCount":0,"publisher":{"@id":"http:\/\/blog.panrotas.com.br\/semreserva\/#organization"},"image":{"@id":"https:\/\/blog.panrotas.com.br\/semreserva\/4565\/18-04-2016\/#primaryimage"},"thumbnailUrl":"https:\/\/blog.panrotas.com.br\/semreserva\/wp-content\/uploads\/sites\/5\/2016\/04\/1013802-10112016-img_4394.jpg","keywords":["corrup\u00e7\u00e3o","dilma rousseff","henrique alves","impeachment","pol\u00edtica e turismo"],"articleSection":["Dia a dia"],"inLanguage":"pt-BR","potentialAction":[{"@type":"CommentAction","name":"Comment","target":["https:\/\/blog.panrotas.com.br\/semreserva\/4565\/18-04-2016\/#respond"]}]},{"@type":"Person","@id":"http:\/\/blog.panrotas.com.br\/semreserva\/#\/schema\/person\/c93b4555f6a497d2d83c25dcb80f61ed","name":"Artur Andrade","image":{"@type":"ImageObject","@id":"http:\/\/blog.panrotas.com.br\/semreserva\/#personlogo","inLanguage":"pt-BR","url":"https:\/\/secure.gravatar.com\/avatar\/a94564d630220cefd5c82f3452ac1ef4?s=96&d=mm&r=g","contentUrl":"https:\/\/secure.gravatar.com\/avatar\/a94564d630220cefd5c82f3452ac1ef4?s=96&d=mm&r=g","caption":"Artur Andrade"},"description":"Artur Luiz Andrade \u00e9 carioca, taurino, jornalista e nasceu em 1969. \u00c9 editor-chefe da PANROTAS Editora e mora em S\u00e3o Paulo desde 1998","sameAs":["http:\/\/www.panrotas.com.br"]}]}},"jetpack_featured_media_url":"https:\/\/blog.panrotas.com.br\/semreserva\/wp-content\/uploads\/sites\/5\/2016\/04\/1013802-10112016-img_4394.jpg","jetpack_shortlink":"https:\/\/wp.me\/s7idIU-4565","_links":{"self":[{"href":"https:\/\/blog.panrotas.com.br\/semreserva\/wp-json\/wp\/v2\/posts\/4565"}],"collection":[{"href":"https:\/\/blog.panrotas.com.br\/semreserva\/wp-json\/wp\/v2\/posts"}],"about":[{"href":"https:\/\/blog.panrotas.com.br\/semreserva\/wp-json\/wp\/v2\/types\/post"}],"author":[{"embeddable":true,"href":"https:\/\/blog.panrotas.com.br\/semreserva\/wp-json\/wp\/v2\/users\/7"}],"replies":[{"embeddable":true,"href":"https:\/\/blog.panrotas.com.br\/semreserva\/wp-json\/wp\/v2\/comments?post=4565"}],"version-history":[{"count":0,"href":"https:\/\/blog.panrotas.com.br\/semreserva\/wp-json\/wp\/v2\/posts\/4565\/revisions"}],"wp:featuredmedia":[{"embeddable":true,"href":"https:\/\/blog.panrotas.com.br\/semreserva\/wp-json\/wp\/v2\/media\/4568"}],"wp:attachment":[{"href":"https:\/\/blog.panrotas.com.br\/semreserva\/wp-json\/wp\/v2\/media?parent=4565"}],"wp:term":[{"taxonomy":"category","embeddable":true,"href":"https:\/\/blog.panrotas.com.br\/semreserva\/wp-json\/wp\/v2\/categories?post=4565"},{"taxonomy":"post_tag","embeddable":true,"href":"https:\/\/blog.panrotas.com.br\/semreserva\/wp-json\/wp\/v2\/tags?post=4565"}],"curies":[{"name":"wp","href":"https:\/\/api.w.org\/{rel}","templated":true}]}}