{"id":4575,"date":"2016-04-20T17:43:47","date_gmt":"2016-04-20T20:43:47","guid":{"rendered":"http:\/\/blog.panrotas.com.br\/semreserva\/?p=4575"},"modified":"2016-04-20T17:43:47","modified_gmt":"2016-04-20T20:43:47","slug":"nao-e-nada-nao-e-nada","status":"publish","type":"post","link":"https:\/\/blog.panrotas.com.br\/semreserva\/nao-e-nada-nao-e-nada\/20-04-2016\/","title":{"rendered":"N\u00e3o \u00e9 nada, n\u00e3o \u00e9 nada&#8230;"},"content":{"rendered":"<p><em>Kylo Ren, S2!!! (foto: WDWNews)<\/em><\/p>\n<p>&nbsp;<\/p>\n<p><strong>Se<\/strong> nos for concedido um, apenas um desejo, com certeza a ambi\u00e7\u00e3o falar\u00e1 mais alto e muitos dir\u00e3o: <strong>\u201co g\u00eanio da l\u00e2mpada\u201d<\/strong>. Afinal, um viram tr\u00eas.<\/p>\n<p>&nbsp;<\/p>\n<p>Se n\u00e3o for aceita nossa escolha, apelaremos para o tempo e pediremos: <strong>voltar a ser crian\u00e7a<\/strong>.<\/p>\n<p>&nbsp;<\/p>\n<p>Novamente negado o anseio (voc\u00ea fez suas escolhas na vida, agora assuma), bateremos o p\u00e9 e bradaremos o que sempre quisemos, l\u00e1 no fundo: <strong>vingan\u00e7a, vingan\u00e7a, vingan\u00e7a!<\/strong><\/p>\n<p>&nbsp;<\/p>\n<p>O mal do outro (o dito inimigo, muitas vezes circunstancial) nos faz t\u00e3o bem assim? Ser\u00e1 mesmo? Melhor que ser feliz \u00e9 ver o outro lascado e estropiado?<\/p>\n<p>&nbsp;<\/p>\n<p>Quem n\u00e3o usa as redes sociais e o whatsapp para namorar tem mesmo que atirar pedras? Quem fica calado n\u00e3o \u00e9 notado, \u00e9 isso? E pode ser&#8230; pavor, pavor&#8230; descurtido!<\/p>\n<p>&nbsp;<\/p>\n<p>Todo mundo tem uma fun\u00e7\u00e3o no mundo. Mesmo as baratas que se alimentam de gordura, sujeira, dejetos. Mesmo os urubus, que limpam os ossos. Mesmos os ociosos, que n\u00e3o ter\u00e3o amor ao acordar, beijos de bom dia ou boa noite, mas um torto sorriso (quase um esgar) no canto da boca ao lan\u00e7arem sobre a terra seu veneno e l\u00e1 verem nascer&#8230; vingan\u00e7a? N\u00e3o, nada. Apenas nada.<\/p>\n<p>&nbsp;<\/p>\n<p>E o nada nos \u00e9 muito \u00fatil, pois qualquer coisa que se construa sobre ele (ou ao largo dele) ser\u00e1 bem mais que ele.<\/p>\n<p>&nbsp;<\/p>\n<p>Bom feriado. Mandem sorrisos, mandem nudes. Mandem&#8230; <strong>nada?<\/strong><\/p>\n","protected":false},"excerpt":{"rendered":"<p>Kylo Ren, S2!!! (foto: WDWNews) &nbsp; Se nos for concedido um, apenas um desejo, com certeza a ambi\u00e7\u00e3o falar\u00e1 mais alto e muitos dir\u00e3o: \u201co g\u00eanio da l\u00e2mpada\u201d. Afinal, um viram tr\u00eas. &nbsp; Se n\u00e3o for aceita nossa escolha, apelaremos para o tempo e pediremos: voltar a ser crian\u00e7a. &nbsp; Novamente negado o anseio (voc\u00ea [&hellip;]<\/p>\n","protected":false},"author":7,"featured_media":4576,"comment_status":"open","ping_status":"open","sticky":false,"template":"","format":"standard","meta":{"spay_email":""},"categories":[2],"tags":[51,63],"yoast_head":"<!-- This site is optimized with the Yoast SEO plugin v17.3 - https:\/\/yoast.com\/wordpress\/plugins\/seo\/ -->\n<title>N\u00e3o \u00e9 nada, n\u00e3o \u00e9 nada... -<\/title>\n<meta name=\"description\" content=\"N\u00e3o \u00e9 nada, n\u00e3o \u00e9 nada.... Confira essa Mat\u00e9ria no Canal Sem reserva. \u27a4 Projeto em parceria com a PANROTAS.\" \/>\n<meta name=\"robots\" content=\"index, follow, max-snippet:-1, max-image-preview:large, max-video-preview:-1\" \/>\n<link rel=\"canonical\" href=\"https:\/\/blog.panrotas.com.br\/semreserva\/nao-e-nada-nao-e-nada\/20-04-2016\/\" \/>\n<meta property=\"og:locale\" content=\"pt_BR\" \/>\n<meta property=\"og:type\" content=\"article\" \/>\n<meta property=\"og:title\" content=\"N\u00e3o \u00e9 nada, n\u00e3o \u00e9 nada... -\" \/>\n<meta property=\"og:description\" content=\"N\u00e3o \u00e9 nada, n\u00e3o \u00e9 nada.... Confira essa Mat\u00e9ria no Canal Sem reserva. \u27a4 Projeto em parceria com a PANROTAS.\" \/>\n<meta property=\"og:url\" content=\"https:\/\/blog.panrotas.com.br\/semreserva\/nao-e-nada-nao-e-nada\/20-04-2016\/\" \/>\n<meta property=\"og:site_name\" content=\"Sem reserva\" \/>\n<meta property=\"article:publisher\" content=\"https:\/\/www.facebook.com\/portalpanrotas\/\" \/>\n<meta property=\"article:published_time\" content=\"2016-04-20T20:43:47+00:00\" \/>\n<meta property=\"og:image\" content=\"https:\/\/blog.panrotas.com.br\/semreserva\/wp-content\/uploads\/sites\/5\/2016\/04\/0204ZU_0436MS-2-742x494.jpg\" \/>\n\t<meta property=\"og:image:width\" content=\"742\" \/>\n\t<meta property=\"og:image:height\" content=\"494\" \/>\n<meta name=\"twitter:card\" content=\"summary_large_image\" \/>\n<meta name=\"twitter:creator\" content=\"@portalpanrotas\" \/>\n<meta name=\"twitter:site\" content=\"@portalpanrotas\" \/>\n<meta name=\"twitter:label1\" content=\"Escrito por\" \/>\n\t<meta name=\"twitter:data1\" content=\"Artur Andrade\" \/>\n\t<meta name=\"twitter:label2\" content=\"Est. tempo de leitura\" \/>\n\t<meta name=\"twitter:data2\" content=\"1 minuto\" \/>\n<script type=\"application\/ld+json\" class=\"yoast-schema-graph\">{\"@context\":\"https:\/\/schema.org\",\"@graph\":[{\"@type\":\"Organization\",\"@id\":\"http:\/\/blog.panrotas.com.br\/semreserva\/#organization\",\"name\":\"Sem Reserva - Blog no Portal PANROTAS\",\"url\":\"http:\/\/blog.panrotas.com.br\/semreserva\/\",\"sameAs\":[\"https:\/\/www.facebook.com\/portalpanrotas\/\",\"https:\/\/www.instagram.com\/portalpanrotas\/\",\"https:\/\/br.linkedin.com\/company\/panrotas\",\"https:\/\/www.youtube.com\/tvpanrotas\",\"https:\/\/twitter.com\/portalpanrotas\"],\"logo\":{\"@type\":\"ImageObject\",\"@id\":\"http:\/\/blog.panrotas.com.br\/semreserva\/#logo\",\"inLanguage\":\"pt-BR\",\"url\":\"https:\/\/blog.panrotas.com.br\/semreserva\/wp-content\/uploads\/sites\/5\/2020\/06\/logo.png\",\"contentUrl\":\"https:\/\/blog.panrotas.com.br\/semreserva\/wp-content\/uploads\/sites\/5\/2020\/06\/logo.png\",\"width\":259,\"height\":53,\"caption\":\"Sem Reserva - Blog no Portal PANROTAS\"},\"image\":{\"@id\":\"http:\/\/blog.panrotas.com.br\/semreserva\/#logo\"}},{\"@type\":\"WebSite\",\"@id\":\"http:\/\/blog.panrotas.com.br\/semreserva\/#website\",\"url\":\"http:\/\/blog.panrotas.com.br\/semreserva\/\",\"name\":\"Sem reserva\",\"description\":\"Blogosfera PANROTAS\",\"publisher\":{\"@id\":\"http:\/\/blog.panrotas.com.br\/semreserva\/#organization\"},\"potentialAction\":[{\"@type\":\"SearchAction\",\"target\":{\"@type\":\"EntryPoint\",\"urlTemplate\":\"http:\/\/blog.panrotas.com.br\/semreserva\/?s={search_term_string}\"},\"query-input\":\"required name=search_term_string\"}],\"inLanguage\":\"pt-BR\"},{\"@type\":\"ImageObject\",\"@id\":\"https:\/\/blog.panrotas.com.br\/semreserva\/nao-e-nada-nao-e-nada\/20-04-2016\/#primaryimage\",\"inLanguage\":\"pt-BR\",\"url\":\"https:\/\/blog.panrotas.com.br\/semreserva\/wp-content\/uploads\/sites\/5\/2016\/04\/0204ZU_0436MS-2-742x494.jpg\",\"contentUrl\":\"https:\/\/blog.panrotas.com.br\/semreserva\/wp-content\/uploads\/sites\/5\/2016\/04\/0204ZU_0436MS-2-742x494.jpg\",\"width\":742,\"height\":494},{\"@type\":\"WebPage\",\"@id\":\"https:\/\/blog.panrotas.com.br\/semreserva\/nao-e-nada-nao-e-nada\/20-04-2016\/#webpage\",\"url\":\"https:\/\/blog.panrotas.com.br\/semreserva\/nao-e-nada-nao-e-nada\/20-04-2016\/\",\"name\":\"N\\u00e3o \\u00e9 nada, n\\u00e3o \\u00e9 nada... -\",\"isPartOf\":{\"@id\":\"http:\/\/blog.panrotas.com.br\/semreserva\/#website\"},\"primaryImageOfPage\":{\"@id\":\"https:\/\/blog.panrotas.com.br\/semreserva\/nao-e-nada-nao-e-nada\/20-04-2016\/#primaryimage\"},\"datePublished\":\"2016-04-20T20:43:47+00:00\",\"dateModified\":\"2016-04-20T20:43:47+00:00\",\"description\":\"N\\u00e3o \\u00e9 nada, n\\u00e3o \\u00e9 nada.... Confira essa Mat\\u00e9ria no Canal Sem reserva. \\u27a4 Projeto em parceria com a PANROTAS.\",\"breadcrumb\":{\"@id\":\"https:\/\/blog.panrotas.com.br\/semreserva\/nao-e-nada-nao-e-nada\/20-04-2016\/#breadcrumb\"},\"inLanguage\":\"pt-BR\",\"potentialAction\":[{\"@type\":\"ReadAction\",\"target\":[\"https:\/\/blog.panrotas.com.br\/semreserva\/nao-e-nada-nao-e-nada\/20-04-2016\/\"]}]},{\"@type\":\"BreadcrumbList\",\"@id\":\"https:\/\/blog.panrotas.com.br\/semreserva\/nao-e-nada-nao-e-nada\/20-04-2016\/#breadcrumb\",\"itemListElement\":[{\"@type\":\"ListItem\",\"position\":1,\"name\":\"Home do Blog\",\"item\":\"http:\/\/blog.panrotas.com.br\/semreserva\/\"},{\"@type\":\"ListItem\",\"position\":2,\"name\":\"Dia a dia\",\"item\":\"https:\/\/blog.panrotas.com.br\/semreserva\/category\/dia-a-dia\/\"},{\"@type\":\"ListItem\",\"position\":3,\"name\":\"N\\u00e3o \\u00e9 nada, n\\u00e3o \\u00e9 nada&#8230;\"}]},{\"@type\":\"Article\",\"@id\":\"https:\/\/blog.panrotas.com.br\/semreserva\/nao-e-nada-nao-e-nada\/20-04-2016\/#article\",\"isPartOf\":{\"@id\":\"https:\/\/blog.panrotas.com.br\/semreserva\/nao-e-nada-nao-e-nada\/20-04-2016\/#webpage\"},\"author\":{\"@id\":\"http:\/\/blog.panrotas.com.br\/semreserva\/#\/schema\/person\/c93b4555f6a497d2d83c25dcb80f61ed\"},\"headline\":\"N\\u00e3o \\u00e9 nada, n\\u00e3o \\u00e9 nada&#8230;\",\"datePublished\":\"2016-04-20T20:43:47+00:00\",\"dateModified\":\"2016-04-20T20:43:47+00:00\",\"mainEntityOfPage\":{\"@id\":\"https:\/\/blog.panrotas.com.br\/semreserva\/nao-e-nada-nao-e-nada\/20-04-2016\/#webpage\"},\"wordCount\":260,\"commentCount\":0,\"publisher\":{\"@id\":\"http:\/\/blog.panrotas.com.br\/semreserva\/#organization\"},\"image\":{\"@id\":\"https:\/\/blog.panrotas.com.br\/semreserva\/nao-e-nada-nao-e-nada\/20-04-2016\/#primaryimage\"},\"thumbnailUrl\":\"https:\/\/blog.panrotas.com.br\/semreserva\/wp-content\/uploads\/sites\/5\/2016\/04\/0204ZU_0436MS-2-742x494.jpg\",\"keywords\":[\"redes sociais\",\"whatsapp\"],\"articleSection\":[\"Dia a dia\"],\"inLanguage\":\"pt-BR\",\"potentialAction\":[{\"@type\":\"CommentAction\",\"name\":\"Comment\",\"target\":[\"https:\/\/blog.panrotas.com.br\/semreserva\/nao-e-nada-nao-e-nada\/20-04-2016\/#respond\"]}]},{\"@type\":\"Person\",\"@id\":\"http:\/\/blog.panrotas.com.br\/semreserva\/#\/schema\/person\/c93b4555f6a497d2d83c25dcb80f61ed\",\"name\":\"Artur Andrade\",\"image\":{\"@type\":\"ImageObject\",\"@id\":\"http:\/\/blog.panrotas.com.br\/semreserva\/#personlogo\",\"inLanguage\":\"pt-BR\",\"url\":\"https:\/\/secure.gravatar.com\/avatar\/a94564d630220cefd5c82f3452ac1ef4?s=96&d=mm&r=g\",\"contentUrl\":\"https:\/\/secure.gravatar.com\/avatar\/a94564d630220cefd5c82f3452ac1ef4?s=96&d=mm&r=g\",\"caption\":\"Artur Andrade\"},\"description\":\"Artur Luiz Andrade \\u00e9 carioca, taurino, jornalista e nasceu em 1969. \\u00c9 editor-chefe da PANROTAS Editora e mora em S\\u00e3o Paulo desde 1998\",\"sameAs\":[\"http:\/\/www.panrotas.com.br\"]}]}<\/script>\n<!-- \/ Yoast SEO plugin. -->","yoast_head_json":{"title":"N\u00e3o \u00e9 nada, n\u00e3o \u00e9 nada... -","description":"N\u00e3o \u00e9 nada, n\u00e3o \u00e9 nada.... Confira essa Mat\u00e9ria no Canal Sem reserva. \u27a4 Projeto em parceria com a PANROTAS.","robots":{"index":"index","follow":"follow","max-snippet":"max-snippet:-1","max-image-preview":"max-image-preview:large","max-video-preview":"max-video-preview:-1"},"canonical":"https:\/\/blog.panrotas.com.br\/semreserva\/nao-e-nada-nao-e-nada\/20-04-2016\/","og_locale":"pt_BR","og_type":"article","og_title":"N\u00e3o \u00e9 nada, n\u00e3o \u00e9 nada... -","og_description":"N\u00e3o \u00e9 nada, n\u00e3o \u00e9 nada.... Confira essa Mat\u00e9ria no Canal Sem reserva. \u27a4 Projeto em parceria com a PANROTAS.","og_url":"https:\/\/blog.panrotas.com.br\/semreserva\/nao-e-nada-nao-e-nada\/20-04-2016\/","og_site_name":"Sem reserva","article_publisher":"https:\/\/www.facebook.com\/portalpanrotas\/","article_published_time":"2016-04-20T20:43:47+00:00","og_image":[{"width":742,"height":494,"url":"https:\/\/blog.panrotas.com.br\/semreserva\/wp-content\/uploads\/sites\/5\/2016\/04\/0204ZU_0436MS-2-742x494.jpg","type":"image\/jpeg"}],"twitter_card":"summary_large_image","twitter_creator":"@portalpanrotas","twitter_site":"@portalpanrotas","twitter_misc":{"Escrito por":"Artur Andrade","Est. tempo de leitura":"1 minuto"},"schema":{"@context":"https:\/\/schema.org","@graph":[{"@type":"Organization","@id":"http:\/\/blog.panrotas.com.br\/semreserva\/#organization","name":"Sem Reserva - Blog no Portal PANROTAS","url":"http:\/\/blog.panrotas.com.br\/semreserva\/","sameAs":["https:\/\/www.facebook.com\/portalpanrotas\/","https:\/\/www.instagram.com\/portalpanrotas\/","https:\/\/br.linkedin.com\/company\/panrotas","https:\/\/www.youtube.com\/tvpanrotas","https:\/\/twitter.com\/portalpanrotas"],"logo":{"@type":"ImageObject","@id":"http:\/\/blog.panrotas.com.br\/semreserva\/#logo","inLanguage":"pt-BR","url":"https:\/\/blog.panrotas.com.br\/semreserva\/wp-content\/uploads\/sites\/5\/2020\/06\/logo.png","contentUrl":"https:\/\/blog.panrotas.com.br\/semreserva\/wp-content\/uploads\/sites\/5\/2020\/06\/logo.png","width":259,"height":53,"caption":"Sem Reserva - Blog no Portal PANROTAS"},"image":{"@id":"http:\/\/blog.panrotas.com.br\/semreserva\/#logo"}},{"@type":"WebSite","@id":"http:\/\/blog.panrotas.com.br\/semreserva\/#website","url":"http:\/\/blog.panrotas.com.br\/semreserva\/","name":"Sem reserva","description":"Blogosfera PANROTAS","publisher":{"@id":"http:\/\/blog.panrotas.com.br\/semreserva\/#organization"},"potentialAction":[{"@type":"SearchAction","target":{"@type":"EntryPoint","urlTemplate":"http:\/\/blog.panrotas.com.br\/semreserva\/?s={search_term_string}"},"query-input":"required name=search_term_string"}],"inLanguage":"pt-BR"},{"@type":"ImageObject","@id":"https:\/\/blog.panrotas.com.br\/semreserva\/nao-e-nada-nao-e-nada\/20-04-2016\/#primaryimage","inLanguage":"pt-BR","url":"https:\/\/blog.panrotas.com.br\/semreserva\/wp-content\/uploads\/sites\/5\/2016\/04\/0204ZU_0436MS-2-742x494.jpg","contentUrl":"https:\/\/blog.panrotas.com.br\/semreserva\/wp-content\/uploads\/sites\/5\/2016\/04\/0204ZU_0436MS-2-742x494.jpg","width":742,"height":494},{"@type":"WebPage","@id":"https:\/\/blog.panrotas.com.br\/semreserva\/nao-e-nada-nao-e-nada\/20-04-2016\/#webpage","url":"https:\/\/blog.panrotas.com.br\/semreserva\/nao-e-nada-nao-e-nada\/20-04-2016\/","name":"N\u00e3o \u00e9 nada, n\u00e3o \u00e9 nada... -","isPartOf":{"@id":"http:\/\/blog.panrotas.com.br\/semreserva\/#website"},"primaryImageOfPage":{"@id":"https:\/\/blog.panrotas.com.br\/semreserva\/nao-e-nada-nao-e-nada\/20-04-2016\/#primaryimage"},"datePublished":"2016-04-20T20:43:47+00:00","dateModified":"2016-04-20T20:43:47+00:00","description":"N\u00e3o \u00e9 nada, n\u00e3o \u00e9 nada.... Confira essa Mat\u00e9ria no Canal Sem reserva. \u27a4 Projeto em parceria com a PANROTAS.","breadcrumb":{"@id":"https:\/\/blog.panrotas.com.br\/semreserva\/nao-e-nada-nao-e-nada\/20-04-2016\/#breadcrumb"},"inLanguage":"pt-BR","potentialAction":[{"@type":"ReadAction","target":["https:\/\/blog.panrotas.com.br\/semreserva\/nao-e-nada-nao-e-nada\/20-04-2016\/"]}]},{"@type":"BreadcrumbList","@id":"https:\/\/blog.panrotas.com.br\/semreserva\/nao-e-nada-nao-e-nada\/20-04-2016\/#breadcrumb","itemListElement":[{"@type":"ListItem","position":1,"name":"Home do Blog","item":"http:\/\/blog.panrotas.com.br\/semreserva\/"},{"@type":"ListItem","position":2,"name":"Dia a dia","item":"https:\/\/blog.panrotas.com.br\/semreserva\/category\/dia-a-dia\/"},{"@type":"ListItem","position":3,"name":"N\u00e3o \u00e9 nada, n\u00e3o \u00e9 nada&#8230;"}]},{"@type":"Article","@id":"https:\/\/blog.panrotas.com.br\/semreserva\/nao-e-nada-nao-e-nada\/20-04-2016\/#article","isPartOf":{"@id":"https:\/\/blog.panrotas.com.br\/semreserva\/nao-e-nada-nao-e-nada\/20-04-2016\/#webpage"},"author":{"@id":"http:\/\/blog.panrotas.com.br\/semreserva\/#\/schema\/person\/c93b4555f6a497d2d83c25dcb80f61ed"},"headline":"N\u00e3o \u00e9 nada, n\u00e3o \u00e9 nada&#8230;","datePublished":"2016-04-20T20:43:47+00:00","dateModified":"2016-04-20T20:43:47+00:00","mainEntityOfPage":{"@id":"https:\/\/blog.panrotas.com.br\/semreserva\/nao-e-nada-nao-e-nada\/20-04-2016\/#webpage"},"wordCount":260,"commentCount":0,"publisher":{"@id":"http:\/\/blog.panrotas.com.br\/semreserva\/#organization"},"image":{"@id":"https:\/\/blog.panrotas.com.br\/semreserva\/nao-e-nada-nao-e-nada\/20-04-2016\/#primaryimage"},"thumbnailUrl":"https:\/\/blog.panrotas.com.br\/semreserva\/wp-content\/uploads\/sites\/5\/2016\/04\/0204ZU_0436MS-2-742x494.jpg","keywords":["redes sociais","whatsapp"],"articleSection":["Dia a dia"],"inLanguage":"pt-BR","potentialAction":[{"@type":"CommentAction","name":"Comment","target":["https:\/\/blog.panrotas.com.br\/semreserva\/nao-e-nada-nao-e-nada\/20-04-2016\/#respond"]}]},{"@type":"Person","@id":"http:\/\/blog.panrotas.com.br\/semreserva\/#\/schema\/person\/c93b4555f6a497d2d83c25dcb80f61ed","name":"Artur Andrade","image":{"@type":"ImageObject","@id":"http:\/\/blog.panrotas.com.br\/semreserva\/#personlogo","inLanguage":"pt-BR","url":"https:\/\/secure.gravatar.com\/avatar\/a94564d630220cefd5c82f3452ac1ef4?s=96&d=mm&r=g","contentUrl":"https:\/\/secure.gravatar.com\/avatar\/a94564d630220cefd5c82f3452ac1ef4?s=96&d=mm&r=g","caption":"Artur Andrade"},"description":"Artur Luiz Andrade \u00e9 carioca, taurino, jornalista e nasceu em 1969. \u00c9 editor-chefe da PANROTAS Editora e mora em S\u00e3o Paulo desde 1998","sameAs":["http:\/\/www.panrotas.com.br"]}]}},"jetpack_featured_media_url":"https:\/\/blog.panrotas.com.br\/semreserva\/wp-content\/uploads\/sites\/5\/2016\/04\/0204ZU_0436MS-2-742x494.jpg","jetpack_shortlink":"https:\/\/wp.me\/p7idIU-1bN","_links":{"self":[{"href":"https:\/\/blog.panrotas.com.br\/semreserva\/wp-json\/wp\/v2\/posts\/4575"}],"collection":[{"href":"https:\/\/blog.panrotas.com.br\/semreserva\/wp-json\/wp\/v2\/posts"}],"about":[{"href":"https:\/\/blog.panrotas.com.br\/semreserva\/wp-json\/wp\/v2\/types\/post"}],"author":[{"embeddable":true,"href":"https:\/\/blog.panrotas.com.br\/semreserva\/wp-json\/wp\/v2\/users\/7"}],"replies":[{"embeddable":true,"href":"https:\/\/blog.panrotas.com.br\/semreserva\/wp-json\/wp\/v2\/comments?post=4575"}],"version-history":[{"count":0,"href":"https:\/\/blog.panrotas.com.br\/semreserva\/wp-json\/wp\/v2\/posts\/4575\/revisions"}],"wp:featuredmedia":[{"embeddable":true,"href":"https:\/\/blog.panrotas.com.br\/semreserva\/wp-json\/wp\/v2\/media\/4576"}],"wp:attachment":[{"href":"https:\/\/blog.panrotas.com.br\/semreserva\/wp-json\/wp\/v2\/media?parent=4575"}],"wp:term":[{"taxonomy":"category","embeddable":true,"href":"https:\/\/blog.panrotas.com.br\/semreserva\/wp-json\/wp\/v2\/categories?post=4575"},{"taxonomy":"post_tag","embeddable":true,"href":"https:\/\/blog.panrotas.com.br\/semreserva\/wp-json\/wp\/v2\/tags?post=4575"}],"curies":[{"name":"wp","href":"https:\/\/api.w.org\/{rel}","templated":true}]}}