{"id":4578,"date":"2016-04-25T11:16:22","date_gmt":"2016-04-25T14:16:22","guid":{"rendered":"http:\/\/blog.panrotas.com.br\/semreserva\/?p=4578"},"modified":"2016-04-25T11:16:22","modified_gmt":"2016-04-25T14:16:22","slug":"vem-ai-o-novo-presidente-da-abracorp","status":"publish","type":"post","link":"https:\/\/blog.panrotas.com.br\/semreserva\/vem-ai-o-novo-presidente-da-abracorp\/25-04-2016\/","title":{"rendered":"VEM A\u00cd&#8230; O NOVO PRESIDENTE DA ABRACORP"},"content":{"rendered":"<p>Esta semana, depois de um m\u00eas de adiamento estrat\u00e9gico, a Abracorp conhecer\u00e1 seu novo presidente. A vota\u00e7\u00e3o se d\u00e1 para a forma\u00e7\u00e3o de um conselho, com sete nomes, e este conselho escolhe o novo presidente. No conselho h\u00e1 obrigatoriamente representantes das grandes ag\u00eancias (vendas de mais de R$ 250 milh\u00f5es por ano), das m\u00e9dias e das pequenas e o ex-presidente Edmar Bull n\u00e3o pode ser escolhido l\u00edder novamente, pelo estatuto e por acabar de assumir\u00a0a Abav Nacional.<\/p>\n<p>H\u00e1 pouco mais de um m\u00eas estava tudo certo para Reifer Souza, na \u00e9poca na Maring\u00e1, assumiu a presid\u00eancia. Como ele saiu da ag\u00eancia, houve esse adiamento de um m\u00eas. Na sequ\u00eancia, foi contratado pela Alatur JTB, uma ag\u00eancia que ainda sofre rejei\u00e7\u00e3o para presidir uma entidade como a Abracorp. A entrada de Marcos Balsam\u00e3o na Abav-SP foi um passo importante, que pode mudar isso.<\/p>\n<p>Mas e agora? Quem ser\u00e1 eleito presidente? Balsam\u00e3o deixaria a Abav-SP poucos meses depois de assumir para liderar a Abracorp e quebrar o tabu de vez? Rubens Schwartzmann, presidente interino, est\u00e1 pronto para o desafio? Lu\u00edz Vabo, comprometido com a gest\u00e3o de Bull na Abav Nacional, seria uma via poss\u00edvel? Algu\u00e9m convenceria Goiaci Guimar\u00e3es a sair de seu retiro volunt\u00e1rio e da comodidade de ser conselheiro vital\u00edcio? El\u00f3i Oliveira, da Flytour Gapnet, em meio \u00e0 fus\u00e3o das duas empresas, teria disponibilidade? Volta Francisco Leme? Algum representante das pequenas empresas? Tem de ser dono ou pode haver exce\u00e7\u00f5es?<\/p>\n<p>A Abracorp \u00e9 uma entidade que faz a diferen\u00e7a (a Gol \u00e9 um bom exemplo disso, pois cresceu seu share no corporativo ao se aproximar mais e desenvolver projetos com a associa\u00e7\u00e3o), que precisa dar passos mais largos e por isso tem\u00a0de ter um presidente estrat\u00e9gico. Como foi o pr\u00f3prio Edmar Bull&#8230;<\/p>\n<p>E ent\u00e3o? Quem ser\u00e1 esse &#8220;novo&#8221; l\u00edder?<\/p>\n","protected":false},"excerpt":{"rendered":"<p>Esta semana, depois de um m\u00eas de adiamento estrat\u00e9gico, a Abracorp conhecer\u00e1 seu novo presidente. A vota\u00e7\u00e3o se d\u00e1 para a forma\u00e7\u00e3o de um conselho, com sete nomes, e este conselho escolhe o novo presidente. No conselho h\u00e1 obrigatoriamente representantes das grandes ag\u00eancias (vendas de mais de R$ 250 milh\u00f5es por ano), das m\u00e9dias e [&hellip;]<\/p>\n","protected":false},"author":7,"featured_media":4581,"comment_status":"open","ping_status":"open","sticky":false,"template":"","format":"standard","meta":{"spay_email":""},"categories":[2],"tags":[4,23,24,60],"yoast_head":"<!-- This site is optimized with the Yoast SEO plugin v17.3 - https:\/\/yoast.com\/wordpress\/plugins\/seo\/ -->\n<title>VEM A\u00cd... O NOVO PRESIDENTE DA ABRACORP -<\/title>\n<meta name=\"description\" content=\"VEM A\u00cd... O NOVO PRESIDENTE DA ABRACORP. Confira essa Mat\u00e9ria no Canal Sem reserva. \u27a4 Projeto em parceria com a PANROTAS.\" \/>\n<meta name=\"robots\" content=\"index, follow, max-snippet:-1, max-image-preview:large, max-video-preview:-1\" \/>\n<link rel=\"canonical\" href=\"https:\/\/blog.panrotas.com.br\/semreserva\/vem-ai-o-novo-presidente-da-abracorp\/25-04-2016\/\" \/>\n<meta property=\"og:locale\" content=\"pt_BR\" \/>\n<meta property=\"og:type\" content=\"article\" \/>\n<meta property=\"og:title\" content=\"VEM A\u00cd... O NOVO PRESIDENTE DA ABRACORP -\" \/>\n<meta property=\"og:description\" content=\"VEM A\u00cd... O NOVO PRESIDENTE DA ABRACORP. Confira essa Mat\u00e9ria no Canal Sem reserva. \u27a4 Projeto em parceria com a PANROTAS.\" \/>\n<meta property=\"og:url\" content=\"https:\/\/blog.panrotas.com.br\/semreserva\/vem-ai-o-novo-presidente-da-abracorp\/25-04-2016\/\" \/>\n<meta property=\"og:site_name\" content=\"Sem reserva\" \/>\n<meta property=\"article:publisher\" content=\"https:\/\/www.facebook.com\/portalpanrotas\/\" \/>\n<meta property=\"article:published_time\" content=\"2016-04-25T14:16:22+00:00\" \/>\n<meta property=\"og:image\" content=\"https:\/\/blog.panrotas.com.br\/semreserva\/wp-content\/uploads\/sites\/5\/2016\/04\/MontagemBlog250416.jpg\" \/>\n\t<meta property=\"og:image:width\" content=\"440\" \/>\n\t<meta property=\"og:image:height\" content=\"185\" \/>\n<meta name=\"twitter:card\" content=\"summary_large_image\" \/>\n<meta name=\"twitter:creator\" content=\"@portalpanrotas\" \/>\n<meta name=\"twitter:site\" content=\"@portalpanrotas\" \/>\n<meta name=\"twitter:label1\" content=\"Escrito por\" \/>\n\t<meta name=\"twitter:data1\" content=\"Artur Andrade\" \/>\n\t<meta name=\"twitter:label2\" content=\"Est. tempo de leitura\" \/>\n\t<meta name=\"twitter:data2\" content=\"2 minutos\" \/>\n<script type=\"application\/ld+json\" class=\"yoast-schema-graph\">{\"@context\":\"https:\/\/schema.org\",\"@graph\":[{\"@type\":\"Organization\",\"@id\":\"http:\/\/blog.panrotas.com.br\/semreserva\/#organization\",\"name\":\"Sem Reserva - Blog no Portal PANROTAS\",\"url\":\"http:\/\/blog.panrotas.com.br\/semreserva\/\",\"sameAs\":[\"https:\/\/www.facebook.com\/portalpanrotas\/\",\"https:\/\/www.instagram.com\/portalpanrotas\/\",\"https:\/\/br.linkedin.com\/company\/panrotas\",\"https:\/\/www.youtube.com\/tvpanrotas\",\"https:\/\/twitter.com\/portalpanrotas\"],\"logo\":{\"@type\":\"ImageObject\",\"@id\":\"http:\/\/blog.panrotas.com.br\/semreserva\/#logo\",\"inLanguage\":\"pt-BR\",\"url\":\"https:\/\/blog.panrotas.com.br\/semreserva\/wp-content\/uploads\/sites\/5\/2020\/06\/logo.png\",\"contentUrl\":\"https:\/\/blog.panrotas.com.br\/semreserva\/wp-content\/uploads\/sites\/5\/2020\/06\/logo.png\",\"width\":259,\"height\":53,\"caption\":\"Sem Reserva - Blog no Portal PANROTAS\"},\"image\":{\"@id\":\"http:\/\/blog.panrotas.com.br\/semreserva\/#logo\"}},{\"@type\":\"WebSite\",\"@id\":\"http:\/\/blog.panrotas.com.br\/semreserva\/#website\",\"url\":\"http:\/\/blog.panrotas.com.br\/semreserva\/\",\"name\":\"Sem reserva\",\"description\":\"Blogosfera PANROTAS\",\"publisher\":{\"@id\":\"http:\/\/blog.panrotas.com.br\/semreserva\/#organization\"},\"potentialAction\":[{\"@type\":\"SearchAction\",\"target\":{\"@type\":\"EntryPoint\",\"urlTemplate\":\"http:\/\/blog.panrotas.com.br\/semreserva\/?s={search_term_string}\"},\"query-input\":\"required name=search_term_string\"}],\"inLanguage\":\"pt-BR\"},{\"@type\":\"ImageObject\",\"@id\":\"https:\/\/blog.panrotas.com.br\/semreserva\/vem-ai-o-novo-presidente-da-abracorp\/25-04-2016\/#primaryimage\",\"inLanguage\":\"pt-BR\",\"url\":\"https:\/\/blog.panrotas.com.br\/semreserva\/wp-content\/uploads\/sites\/5\/2016\/04\/MontagemBlog250416.jpg\",\"contentUrl\":\"https:\/\/blog.panrotas.com.br\/semreserva\/wp-content\/uploads\/sites\/5\/2016\/04\/MontagemBlog250416.jpg\",\"width\":440,\"height\":185},{\"@type\":\"WebPage\",\"@id\":\"https:\/\/blog.panrotas.com.br\/semreserva\/vem-ai-o-novo-presidente-da-abracorp\/25-04-2016\/#webpage\",\"url\":\"https:\/\/blog.panrotas.com.br\/semreserva\/vem-ai-o-novo-presidente-da-abracorp\/25-04-2016\/\",\"name\":\"VEM A\\u00cd... O NOVO PRESIDENTE DA ABRACORP -\",\"isPartOf\":{\"@id\":\"http:\/\/blog.panrotas.com.br\/semreserva\/#website\"},\"primaryImageOfPage\":{\"@id\":\"https:\/\/blog.panrotas.com.br\/semreserva\/vem-ai-o-novo-presidente-da-abracorp\/25-04-2016\/#primaryimage\"},\"datePublished\":\"2016-04-25T14:16:22+00:00\",\"dateModified\":\"2016-04-25T14:16:22+00:00\",\"description\":\"VEM A\\u00cd... O NOVO PRESIDENTE DA ABRACORP. Confira essa Mat\\u00e9ria no Canal Sem reserva. \\u27a4 Projeto em parceria com a PANROTAS.\",\"breadcrumb\":{\"@id\":\"https:\/\/blog.panrotas.com.br\/semreserva\/vem-ai-o-novo-presidente-da-abracorp\/25-04-2016\/#breadcrumb\"},\"inLanguage\":\"pt-BR\",\"potentialAction\":[{\"@type\":\"ReadAction\",\"target\":[\"https:\/\/blog.panrotas.com.br\/semreserva\/vem-ai-o-novo-presidente-da-abracorp\/25-04-2016\/\"]}]},{\"@type\":\"BreadcrumbList\",\"@id\":\"https:\/\/blog.panrotas.com.br\/semreserva\/vem-ai-o-novo-presidente-da-abracorp\/25-04-2016\/#breadcrumb\",\"itemListElement\":[{\"@type\":\"ListItem\",\"position\":1,\"name\":\"Home do Blog\",\"item\":\"http:\/\/blog.panrotas.com.br\/semreserva\/\"},{\"@type\":\"ListItem\",\"position\":2,\"name\":\"Dia a dia\",\"item\":\"https:\/\/blog.panrotas.com.br\/semreserva\/category\/dia-a-dia\/\"},{\"@type\":\"ListItem\",\"position\":3,\"name\":\"VEM A\\u00cd&#8230; O NOVO PRESIDENTE DA ABRACORP\"}]},{\"@type\":\"Article\",\"@id\":\"https:\/\/blog.panrotas.com.br\/semreserva\/vem-ai-o-novo-presidente-da-abracorp\/25-04-2016\/#article\",\"isPartOf\":{\"@id\":\"https:\/\/blog.panrotas.com.br\/semreserva\/vem-ai-o-novo-presidente-da-abracorp\/25-04-2016\/#webpage\"},\"author\":{\"@id\":\"http:\/\/blog.panrotas.com.br\/semreserva\/#\/schema\/person\/c93b4555f6a497d2d83c25dcb80f61ed\"},\"headline\":\"VEM A\\u00cd&#8230; O NOVO PRESIDENTE DA ABRACORP\",\"datePublished\":\"2016-04-25T14:16:22+00:00\",\"dateModified\":\"2016-04-25T14:16:22+00:00\",\"mainEntityOfPage\":{\"@id\":\"https:\/\/blog.panrotas.com.br\/semreserva\/vem-ai-o-novo-presidente-da-abracorp\/25-04-2016\/#webpage\"},\"wordCount\":337,\"commentCount\":0,\"publisher\":{\"@id\":\"http:\/\/blog.panrotas.com.br\/semreserva\/#organization\"},\"image\":{\"@id\":\"https:\/\/blog.panrotas.com.br\/semreserva\/vem-ai-o-novo-presidente-da-abracorp\/25-04-2016\/#primaryimage\"},\"thumbnailUrl\":\"https:\/\/blog.panrotas.com.br\/semreserva\/wp-content\/uploads\/sites\/5\/2016\/04\/MontagemBlog250416.jpg\",\"keywords\":[\"abracorp\",\"edmar bull\",\"entidades turismo\",\"viagens corporativas\"],\"articleSection\":[\"Dia a dia\"],\"inLanguage\":\"pt-BR\",\"potentialAction\":[{\"@type\":\"CommentAction\",\"name\":\"Comment\",\"target\":[\"https:\/\/blog.panrotas.com.br\/semreserva\/vem-ai-o-novo-presidente-da-abracorp\/25-04-2016\/#respond\"]}]},{\"@type\":\"Person\",\"@id\":\"http:\/\/blog.panrotas.com.br\/semreserva\/#\/schema\/person\/c93b4555f6a497d2d83c25dcb80f61ed\",\"name\":\"Artur Andrade\",\"image\":{\"@type\":\"ImageObject\",\"@id\":\"http:\/\/blog.panrotas.com.br\/semreserva\/#personlogo\",\"inLanguage\":\"pt-BR\",\"url\":\"https:\/\/secure.gravatar.com\/avatar\/a94564d630220cefd5c82f3452ac1ef4?s=96&d=mm&r=g\",\"contentUrl\":\"https:\/\/secure.gravatar.com\/avatar\/a94564d630220cefd5c82f3452ac1ef4?s=96&d=mm&r=g\",\"caption\":\"Artur Andrade\"},\"description\":\"Artur Luiz Andrade \\u00e9 carioca, taurino, jornalista e nasceu em 1969. \\u00c9 editor-chefe da PANROTAS Editora e mora em S\\u00e3o Paulo desde 1998\",\"sameAs\":[\"http:\/\/www.panrotas.com.br\"]}]}<\/script>\n<!-- \/ Yoast SEO plugin. -->","yoast_head_json":{"title":"VEM A\u00cd... O NOVO PRESIDENTE DA ABRACORP -","description":"VEM A\u00cd... O NOVO PRESIDENTE DA ABRACORP. Confira essa Mat\u00e9ria no Canal Sem reserva. \u27a4 Projeto em parceria com a PANROTAS.","robots":{"index":"index","follow":"follow","max-snippet":"max-snippet:-1","max-image-preview":"max-image-preview:large","max-video-preview":"max-video-preview:-1"},"canonical":"https:\/\/blog.panrotas.com.br\/semreserva\/vem-ai-o-novo-presidente-da-abracorp\/25-04-2016\/","og_locale":"pt_BR","og_type":"article","og_title":"VEM A\u00cd... O NOVO PRESIDENTE DA ABRACORP -","og_description":"VEM A\u00cd... O NOVO PRESIDENTE DA ABRACORP. Confira essa Mat\u00e9ria no Canal Sem reserva. \u27a4 Projeto em parceria com a PANROTAS.","og_url":"https:\/\/blog.panrotas.com.br\/semreserva\/vem-ai-o-novo-presidente-da-abracorp\/25-04-2016\/","og_site_name":"Sem reserva","article_publisher":"https:\/\/www.facebook.com\/portalpanrotas\/","article_published_time":"2016-04-25T14:16:22+00:00","og_image":[{"width":440,"height":185,"url":"https:\/\/blog.panrotas.com.br\/semreserva\/wp-content\/uploads\/sites\/5\/2016\/04\/MontagemBlog250416.jpg","type":"image\/jpeg"}],"twitter_card":"summary_large_image","twitter_creator":"@portalpanrotas","twitter_site":"@portalpanrotas","twitter_misc":{"Escrito por":"Artur Andrade","Est. tempo de leitura":"2 minutos"},"schema":{"@context":"https:\/\/schema.org","@graph":[{"@type":"Organization","@id":"http:\/\/blog.panrotas.com.br\/semreserva\/#organization","name":"Sem Reserva - Blog no Portal PANROTAS","url":"http:\/\/blog.panrotas.com.br\/semreserva\/","sameAs":["https:\/\/www.facebook.com\/portalpanrotas\/","https:\/\/www.instagram.com\/portalpanrotas\/","https:\/\/br.linkedin.com\/company\/panrotas","https:\/\/www.youtube.com\/tvpanrotas","https:\/\/twitter.com\/portalpanrotas"],"logo":{"@type":"ImageObject","@id":"http:\/\/blog.panrotas.com.br\/semreserva\/#logo","inLanguage":"pt-BR","url":"https:\/\/blog.panrotas.com.br\/semreserva\/wp-content\/uploads\/sites\/5\/2020\/06\/logo.png","contentUrl":"https:\/\/blog.panrotas.com.br\/semreserva\/wp-content\/uploads\/sites\/5\/2020\/06\/logo.png","width":259,"height":53,"caption":"Sem Reserva - Blog no Portal PANROTAS"},"image":{"@id":"http:\/\/blog.panrotas.com.br\/semreserva\/#logo"}},{"@type":"WebSite","@id":"http:\/\/blog.panrotas.com.br\/semreserva\/#website","url":"http:\/\/blog.panrotas.com.br\/semreserva\/","name":"Sem reserva","description":"Blogosfera PANROTAS","publisher":{"@id":"http:\/\/blog.panrotas.com.br\/semreserva\/#organization"},"potentialAction":[{"@type":"SearchAction","target":{"@type":"EntryPoint","urlTemplate":"http:\/\/blog.panrotas.com.br\/semreserva\/?s={search_term_string}"},"query-input":"required name=search_term_string"}],"inLanguage":"pt-BR"},{"@type":"ImageObject","@id":"https:\/\/blog.panrotas.com.br\/semreserva\/vem-ai-o-novo-presidente-da-abracorp\/25-04-2016\/#primaryimage","inLanguage":"pt-BR","url":"https:\/\/blog.panrotas.com.br\/semreserva\/wp-content\/uploads\/sites\/5\/2016\/04\/MontagemBlog250416.jpg","contentUrl":"https:\/\/blog.panrotas.com.br\/semreserva\/wp-content\/uploads\/sites\/5\/2016\/04\/MontagemBlog250416.jpg","width":440,"height":185},{"@type":"WebPage","@id":"https:\/\/blog.panrotas.com.br\/semreserva\/vem-ai-o-novo-presidente-da-abracorp\/25-04-2016\/#webpage","url":"https:\/\/blog.panrotas.com.br\/semreserva\/vem-ai-o-novo-presidente-da-abracorp\/25-04-2016\/","name":"VEM A\u00cd... O NOVO PRESIDENTE DA ABRACORP -","isPartOf":{"@id":"http:\/\/blog.panrotas.com.br\/semreserva\/#website"},"primaryImageOfPage":{"@id":"https:\/\/blog.panrotas.com.br\/semreserva\/vem-ai-o-novo-presidente-da-abracorp\/25-04-2016\/#primaryimage"},"datePublished":"2016-04-25T14:16:22+00:00","dateModified":"2016-04-25T14:16:22+00:00","description":"VEM A\u00cd... O NOVO PRESIDENTE DA ABRACORP. Confira essa Mat\u00e9ria no Canal Sem reserva. \u27a4 Projeto em parceria com a PANROTAS.","breadcrumb":{"@id":"https:\/\/blog.panrotas.com.br\/semreserva\/vem-ai-o-novo-presidente-da-abracorp\/25-04-2016\/#breadcrumb"},"inLanguage":"pt-BR","potentialAction":[{"@type":"ReadAction","target":["https:\/\/blog.panrotas.com.br\/semreserva\/vem-ai-o-novo-presidente-da-abracorp\/25-04-2016\/"]}]},{"@type":"BreadcrumbList","@id":"https:\/\/blog.panrotas.com.br\/semreserva\/vem-ai-o-novo-presidente-da-abracorp\/25-04-2016\/#breadcrumb","itemListElement":[{"@type":"ListItem","position":1,"name":"Home do Blog","item":"http:\/\/blog.panrotas.com.br\/semreserva\/"},{"@type":"ListItem","position":2,"name":"Dia a dia","item":"https:\/\/blog.panrotas.com.br\/semreserva\/category\/dia-a-dia\/"},{"@type":"ListItem","position":3,"name":"VEM A\u00cd&#8230; O NOVO PRESIDENTE DA ABRACORP"}]},{"@type":"Article","@id":"https:\/\/blog.panrotas.com.br\/semreserva\/vem-ai-o-novo-presidente-da-abracorp\/25-04-2016\/#article","isPartOf":{"@id":"https:\/\/blog.panrotas.com.br\/semreserva\/vem-ai-o-novo-presidente-da-abracorp\/25-04-2016\/#webpage"},"author":{"@id":"http:\/\/blog.panrotas.com.br\/semreserva\/#\/schema\/person\/c93b4555f6a497d2d83c25dcb80f61ed"},"headline":"VEM A\u00cd&#8230; O NOVO PRESIDENTE DA ABRACORP","datePublished":"2016-04-25T14:16:22+00:00","dateModified":"2016-04-25T14:16:22+00:00","mainEntityOfPage":{"@id":"https:\/\/blog.panrotas.com.br\/semreserva\/vem-ai-o-novo-presidente-da-abracorp\/25-04-2016\/#webpage"},"wordCount":337,"commentCount":0,"publisher":{"@id":"http:\/\/blog.panrotas.com.br\/semreserva\/#organization"},"image":{"@id":"https:\/\/blog.panrotas.com.br\/semreserva\/vem-ai-o-novo-presidente-da-abracorp\/25-04-2016\/#primaryimage"},"thumbnailUrl":"https:\/\/blog.panrotas.com.br\/semreserva\/wp-content\/uploads\/sites\/5\/2016\/04\/MontagemBlog250416.jpg","keywords":["abracorp","edmar bull","entidades turismo","viagens corporativas"],"articleSection":["Dia a dia"],"inLanguage":"pt-BR","potentialAction":[{"@type":"CommentAction","name":"Comment","target":["https:\/\/blog.panrotas.com.br\/semreserva\/vem-ai-o-novo-presidente-da-abracorp\/25-04-2016\/#respond"]}]},{"@type":"Person","@id":"http:\/\/blog.panrotas.com.br\/semreserva\/#\/schema\/person\/c93b4555f6a497d2d83c25dcb80f61ed","name":"Artur Andrade","image":{"@type":"ImageObject","@id":"http:\/\/blog.panrotas.com.br\/semreserva\/#personlogo","inLanguage":"pt-BR","url":"https:\/\/secure.gravatar.com\/avatar\/a94564d630220cefd5c82f3452ac1ef4?s=96&d=mm&r=g","contentUrl":"https:\/\/secure.gravatar.com\/avatar\/a94564d630220cefd5c82f3452ac1ef4?s=96&d=mm&r=g","caption":"Artur Andrade"},"description":"Artur Luiz Andrade \u00e9 carioca, taurino, jornalista e nasceu em 1969. \u00c9 editor-chefe da PANROTAS Editora e mora em S\u00e3o Paulo desde 1998","sameAs":["http:\/\/www.panrotas.com.br"]}]}},"jetpack_featured_media_url":"https:\/\/blog.panrotas.com.br\/semreserva\/wp-content\/uploads\/sites\/5\/2016\/04\/MontagemBlog250416.jpg","jetpack_shortlink":"https:\/\/wp.me\/p7idIU-1bQ","_links":{"self":[{"href":"https:\/\/blog.panrotas.com.br\/semreserva\/wp-json\/wp\/v2\/posts\/4578"}],"collection":[{"href":"https:\/\/blog.panrotas.com.br\/semreserva\/wp-json\/wp\/v2\/posts"}],"about":[{"href":"https:\/\/blog.panrotas.com.br\/semreserva\/wp-json\/wp\/v2\/types\/post"}],"author":[{"embeddable":true,"href":"https:\/\/blog.panrotas.com.br\/semreserva\/wp-json\/wp\/v2\/users\/7"}],"replies":[{"embeddable":true,"href":"https:\/\/blog.panrotas.com.br\/semreserva\/wp-json\/wp\/v2\/comments?post=4578"}],"version-history":[{"count":0,"href":"https:\/\/blog.panrotas.com.br\/semreserva\/wp-json\/wp\/v2\/posts\/4578\/revisions"}],"wp:featuredmedia":[{"embeddable":true,"href":"https:\/\/blog.panrotas.com.br\/semreserva\/wp-json\/wp\/v2\/media\/4581"}],"wp:attachment":[{"href":"https:\/\/blog.panrotas.com.br\/semreserva\/wp-json\/wp\/v2\/media?parent=4578"}],"wp:term":[{"taxonomy":"category","embeddable":true,"href":"https:\/\/blog.panrotas.com.br\/semreserva\/wp-json\/wp\/v2\/categories?post=4578"},{"taxonomy":"post_tag","embeddable":true,"href":"https:\/\/blog.panrotas.com.br\/semreserva\/wp-json\/wp\/v2\/tags?post=4578"}],"curies":[{"name":"wp","href":"https:\/\/api.w.org\/{rel}","templated":true}]}}