{"id":4585,"date":"2016-05-02T16:26:16","date_gmt":"2016-05-02T19:26:16","guid":{"rendered":"http:\/\/blog.panrotas.com.br\/semreserva\/?p=4585"},"modified":"2016-05-02T16:26:16","modified_gmt":"2016-05-02T19:26:16","slug":"cade-o-agente-de-viagens-que-estava-aqui","status":"publish","type":"post","link":"https:\/\/blog.panrotas.com.br\/semreserva\/cade-o-agente-de-viagens-que-estava-aqui\/02-05-2016\/","title":{"rendered":"Cad\u00ea o agente de viagens que estava aqui?"},"content":{"rendered":"<p class=\"x_MsoNormal\">Esta semana o presidente da Abav Nacional, Edmar Bull, deve anunciar novidades para a Expo Abav, que a gente chama mesmo de Feira da Abav, e que ocorre em setembro no Expo Center Norte. Novas \u00e1reas, novos formatos, nova programa\u00e7\u00e3o, mas principalmente o \u00f3bvio: parcerias com a Braztoa, Aviesp, Abracorp e Air Tkt tendo como miss\u00e3o levar profissionais da ind\u00fastria para o evento, sejam eles agentes de viagens (ou consultores ou travel advisors ou travel planners ou qualquer outra denomina\u00e7\u00e3o em voga), operadores, consolidadores, gestores de viagens corporativas, TMCs, OTAs, organizadores de eventos&#8230; Isso porque o que o expositor quer (e \u00e9 por isso que ele paga &#8211; caro &#8211; para estar, por exemplo, na Travelweek: por audi\u00eancia qualificada &#8211; e \u00e9 o que recebe) \u00e9 comprador. De qualidade. Interessado. Com potencial de neg\u00f3cios. Quantidade n\u00e3o quer mais dizer nada e a WTM deu um passo \u00e0 frente ao divulgar visitantes \u00fanicos, dado mais valorizado em tempos digitais, e n\u00e3o uma quantidade qualquer, fria e amorfa, n\u00e3o importando quem entrou ou quantas vezes.<\/p>\n<p class=\"x_MsoNormal\">Se antes, embaixo do guarda-chuva Abav era muito f\u00e1cil encontrar os agentes de viagens da Feira da Abav&#8230; Hoje n\u00e3o \u00e9 mais assim.<\/p>\n<p class=\"x_MsoNormal\">Digamos que a Abav hoje concentra os agentes de viagens &#8220;tradicionais&#8221;, que veem import\u00e2ncia no associativismo, que s\u00e3o estabelecidos e consolidados, que conhecem bem a ind\u00fastria ou boa parte dela.<\/p>\n<p class=\"x_MsoNormal\">J\u00e1 a Abracorp re\u00fane pouco mais de 30 TMCs, mas que t\u00eam um mapa da mina que vale muito: os gestores de viagens.<\/p>\n<p class=\"x_MsoNormal\">A Braztoa tem contato com profissionais (agentes ou consultores) n\u00e3o necessariamente ligados a uma ag\u00eancia e tamb\u00e9m com uma massa mais h\u00edbrida e dependente de um operador.<\/p>\n<p class=\"x_MsoNormal\">Outra for\u00e7a, a Air Tkt, re\u00fane 11 consolidadores e milhares de ag\u00eancias que neles compram majoritariamente a\u00e9reo, mas todo dia, numa rela\u00e7\u00e3o muito pr\u00f3xima e que envolve confian\u00e7a e at\u00e9 certa fideliza\u00e7\u00e3o. Se algu\u00e9m tem a capacidade de falar rapidamente com um grande grupo de ag\u00eancias \u00e9 a Air Tkt. Mas n\u00e3o com todos eles.<\/p>\n<p class=\"x_MsoNormal\">A Aviesp tem a for\u00e7a do interior, para ficarmos no clich\u00ea.<\/p>\n<p class=\"x_MsoNormal\">H\u00e1 ainda a CVC, que afirma que n\u00e3o ter\u00e1 estande na feira, mas controla mais de mil ag\u00eancias de viagens e cinco milh\u00f5es de passageiros.<\/p>\n<p class=\"x_MsoNormal\">Vemos no Portal PANROTAS todas essas origens de ag\u00eancias e ainda outras mais, como grupos informais, linhas independentes, entidades afim&#8230;<\/p>\n<p class=\"x_MsoNormal\">Ou seja: n\u00e3o d\u00e1 para a Abav contar apenas com as Abavs para que a feira funcione. E mesmo as Abavs n\u00e3o tinham (e ainda n\u00e3o t\u00eam, \u00e9 uma luta de Edmar Bull) uma unidade e uma s\u00f3 l\u00edngua e estrat\u00e9gia. Enfim&#8230; a uni\u00e3o \u00e9 a \u00fanica solu\u00e7\u00e3o. Como uni\u00e3o \u00e9 uma palavra meio vazia no setor, podemos usar parcerias ou humildade ou intelig\u00eancia ou discernimento ou ainda a estrat\u00e9gia exata para colocar toda a ind\u00fastria dentro do evento.<\/p>\n<p class=\"x_MsoNormal\">Tem de estar todo mundo l\u00e1, se a feira quiser ser o evento da ind\u00fastria de Viagens e Turismo e desse &#8220;intermedi\u00e1rio&#8221; que viu seu papel mudar e a ele serem agregados novas denomina\u00e7\u00e3o e siglas, como OTA, consultor, operadora-ag\u00eancia, ag\u00eancia-operadora, free lancers, home office, integradores de conte\u00fado, apps, empresas de TI e por a\u00ed vai.<\/p>\n<p class=\"x_MsoNormal\">O sucesso qualitativo da WTM Latin America e da Travelweek by ILTM mostra que s\u00f3 h\u00e1 um caminho: ter no evento o comprador que o expositor quer e vive-versa. O resto \u00e9 valor agregado, que pode funcionar &#8211; ou n\u00e3o. Que pode mudar de cara &#8211; ou n\u00e3o. Mas que n\u00e3o pode atrapalhar os encontros de NEG\u00d3CIOS.<\/p>\n<p class=\"x_MsoNormal\">Segundo o Cadastur&#8230; s\u00e3o mais de 11 mil ag\u00eancias de viagens no Brasil. Segundo a Abav, ela tem cerca de 3,2 mil. A Aviesp, algumas centenas. A Abracorp, tr\u00eas dezenas. E o restante? Quem s\u00e3o? O que fazem? O que vendem? O que pensam?<\/p>\n<p class=\"x_MsoNormal\">As respostas est\u00e3o nas ruas. Mas n\u00e3o mastigadas e decifradas. A Feira da Abav pode ser um bom momento para expor tudo isso.<\/p>\n","protected":false},"excerpt":{"rendered":"<p>Esta semana o presidente da Abav Nacional, Edmar Bull, deve anunciar novidades para a Expo Abav, que a gente chama mesmo de Feira da Abav, e que ocorre em setembro no Expo Center Norte. Novas \u00e1reas, novos formatos, nova programa\u00e7\u00e3o, mas principalmente o \u00f3bvio: parcerias com a Braztoa, Aviesp, Abracorp e Air Tkt tendo como [&hellip;]<\/p>\n","protected":false},"author":7,"featured_media":4587,"comment_status":"open","ping_status":"open","sticky":false,"template":"","format":"standard","meta":{"spay_email":""},"categories":[2],"tags":[],"yoast_head":"<!-- This site is optimized with the Yoast SEO plugin v17.3 - https:\/\/yoast.com\/wordpress\/plugins\/seo\/ -->\n<title>Cad\u00ea o agente de viagens que estava aqui? -<\/title>\n<meta name=\"description\" content=\"Cad\u00ea o agente de viagens que estava aqui?. Confira essa Mat\u00e9ria no Canal Sem reserva. \u27a4 Projeto em parceria com a PANROTAS.\" \/>\n<meta name=\"robots\" content=\"index, follow, max-snippet:-1, max-image-preview:large, max-video-preview:-1\" \/>\n<link rel=\"canonical\" href=\"https:\/\/blog.panrotas.com.br\/semreserva\/cade-o-agente-de-viagens-que-estava-aqui\/02-05-2016\/\" \/>\n<meta property=\"og:locale\" content=\"pt_BR\" \/>\n<meta property=\"og:type\" content=\"article\" \/>\n<meta property=\"og:title\" content=\"Cad\u00ea o agente de viagens que estava aqui? -\" \/>\n<meta property=\"og:description\" content=\"Cad\u00ea o agente de viagens que estava aqui?. Confira essa Mat\u00e9ria no Canal Sem reserva. \u27a4 Projeto em parceria com a PANROTAS.\" \/>\n<meta property=\"og:url\" content=\"https:\/\/blog.panrotas.com.br\/semreserva\/cade-o-agente-de-viagens-que-estava-aqui\/02-05-2016\/\" \/>\n<meta property=\"og:site_name\" content=\"Sem reserva\" \/>\n<meta property=\"article:publisher\" content=\"https:\/\/www.facebook.com\/portalpanrotas\/\" \/>\n<meta property=\"article:published_time\" content=\"2016-05-02T19:26:16+00:00\" \/>\n<meta property=\"og:image\" content=\"https:\/\/blog.panrotas.com.br\/semreserva\/wp-content\/uploads\/sites\/5\/2016\/05\/businessman-1240871.jpg\" \/>\n\t<meta property=\"og:image:width\" content=\"1600\" \/>\n\t<meta property=\"og:image:height\" content=\"1200\" \/>\n<meta name=\"twitter:card\" content=\"summary_large_image\" \/>\n<meta name=\"twitter:creator\" content=\"@portalpanrotas\" \/>\n<meta name=\"twitter:site\" content=\"@portalpanrotas\" \/>\n<meta name=\"twitter:label1\" content=\"Escrito por\" \/>\n\t<meta name=\"twitter:data1\" content=\"Artur Andrade\" \/>\n\t<meta name=\"twitter:label2\" content=\"Est. tempo de leitura\" \/>\n\t<meta name=\"twitter:data2\" content=\"3 minutos\" \/>\n<script type=\"application\/ld+json\" class=\"yoast-schema-graph\">{\"@context\":\"https:\/\/schema.org\",\"@graph\":[{\"@type\":\"Organization\",\"@id\":\"http:\/\/blog.panrotas.com.br\/semreserva\/#organization\",\"name\":\"Sem Reserva - Blog no Portal PANROTAS\",\"url\":\"http:\/\/blog.panrotas.com.br\/semreserva\/\",\"sameAs\":[\"https:\/\/www.facebook.com\/portalpanrotas\/\",\"https:\/\/www.instagram.com\/portalpanrotas\/\",\"https:\/\/br.linkedin.com\/company\/panrotas\",\"https:\/\/www.youtube.com\/tvpanrotas\",\"https:\/\/twitter.com\/portalpanrotas\"],\"logo\":{\"@type\":\"ImageObject\",\"@id\":\"http:\/\/blog.panrotas.com.br\/semreserva\/#logo\",\"inLanguage\":\"pt-BR\",\"url\":\"https:\/\/blog.panrotas.com.br\/semreserva\/wp-content\/uploads\/sites\/5\/2020\/06\/logo.png\",\"contentUrl\":\"https:\/\/blog.panrotas.com.br\/semreserva\/wp-content\/uploads\/sites\/5\/2020\/06\/logo.png\",\"width\":259,\"height\":53,\"caption\":\"Sem Reserva - Blog no Portal PANROTAS\"},\"image\":{\"@id\":\"http:\/\/blog.panrotas.com.br\/semreserva\/#logo\"}},{\"@type\":\"WebSite\",\"@id\":\"http:\/\/blog.panrotas.com.br\/semreserva\/#website\",\"url\":\"http:\/\/blog.panrotas.com.br\/semreserva\/\",\"name\":\"Sem reserva\",\"description\":\"Blogosfera PANROTAS\",\"publisher\":{\"@id\":\"http:\/\/blog.panrotas.com.br\/semreserva\/#organization\"},\"potentialAction\":[{\"@type\":\"SearchAction\",\"target\":{\"@type\":\"EntryPoint\",\"urlTemplate\":\"http:\/\/blog.panrotas.com.br\/semreserva\/?s={search_term_string}\"},\"query-input\":\"required name=search_term_string\"}],\"inLanguage\":\"pt-BR\"},{\"@type\":\"ImageObject\",\"@id\":\"https:\/\/blog.panrotas.com.br\/semreserva\/cade-o-agente-de-viagens-que-estava-aqui\/02-05-2016\/#primaryimage\",\"inLanguage\":\"pt-BR\",\"url\":\"https:\/\/blog.panrotas.com.br\/semreserva\/wp-content\/uploads\/sites\/5\/2016\/05\/businessman-1240871.jpg\",\"contentUrl\":\"https:\/\/blog.panrotas.com.br\/semreserva\/wp-content\/uploads\/sites\/5\/2016\/05\/businessman-1240871.jpg\",\"width\":1600,\"height\":1200},{\"@type\":\"WebPage\",\"@id\":\"https:\/\/blog.panrotas.com.br\/semreserva\/cade-o-agente-de-viagens-que-estava-aqui\/02-05-2016\/#webpage\",\"url\":\"https:\/\/blog.panrotas.com.br\/semreserva\/cade-o-agente-de-viagens-que-estava-aqui\/02-05-2016\/\",\"name\":\"Cad\\u00ea o agente de viagens que estava aqui? -\",\"isPartOf\":{\"@id\":\"http:\/\/blog.panrotas.com.br\/semreserva\/#website\"},\"primaryImageOfPage\":{\"@id\":\"https:\/\/blog.panrotas.com.br\/semreserva\/cade-o-agente-de-viagens-que-estava-aqui\/02-05-2016\/#primaryimage\"},\"datePublished\":\"2016-05-02T19:26:16+00:00\",\"dateModified\":\"2016-05-02T19:26:16+00:00\",\"description\":\"Cad\\u00ea o agente de viagens que estava aqui?. Confira essa Mat\\u00e9ria no Canal Sem reserva. \\u27a4 Projeto em parceria com a PANROTAS.\",\"breadcrumb\":{\"@id\":\"https:\/\/blog.panrotas.com.br\/semreserva\/cade-o-agente-de-viagens-que-estava-aqui\/02-05-2016\/#breadcrumb\"},\"inLanguage\":\"pt-BR\",\"potentialAction\":[{\"@type\":\"ReadAction\",\"target\":[\"https:\/\/blog.panrotas.com.br\/semreserva\/cade-o-agente-de-viagens-que-estava-aqui\/02-05-2016\/\"]}]},{\"@type\":\"BreadcrumbList\",\"@id\":\"https:\/\/blog.panrotas.com.br\/semreserva\/cade-o-agente-de-viagens-que-estava-aqui\/02-05-2016\/#breadcrumb\",\"itemListElement\":[{\"@type\":\"ListItem\",\"position\":1,\"name\":\"Home do Blog\",\"item\":\"http:\/\/blog.panrotas.com.br\/semreserva\/\"},{\"@type\":\"ListItem\",\"position\":2,\"name\":\"Dia a dia\",\"item\":\"https:\/\/blog.panrotas.com.br\/semreserva\/category\/dia-a-dia\/\"},{\"@type\":\"ListItem\",\"position\":3,\"name\":\"Cad\\u00ea o agente de viagens que estava aqui?\"}]},{\"@type\":\"Article\",\"@id\":\"https:\/\/blog.panrotas.com.br\/semreserva\/cade-o-agente-de-viagens-que-estava-aqui\/02-05-2016\/#article\",\"isPartOf\":{\"@id\":\"https:\/\/blog.panrotas.com.br\/semreserva\/cade-o-agente-de-viagens-que-estava-aqui\/02-05-2016\/#webpage\"},\"author\":{\"@id\":\"http:\/\/blog.panrotas.com.br\/semreserva\/#\/schema\/person\/c93b4555f6a497d2d83c25dcb80f61ed\"},\"headline\":\"Cad\\u00ea o agente de viagens que estava aqui?\",\"datePublished\":\"2016-05-02T19:26:16+00:00\",\"dateModified\":\"2016-05-02T19:26:16+00:00\",\"mainEntityOfPage\":{\"@id\":\"https:\/\/blog.panrotas.com.br\/semreserva\/cade-o-agente-de-viagens-que-estava-aqui\/02-05-2016\/#webpage\"},\"wordCount\":704,\"commentCount\":0,\"publisher\":{\"@id\":\"http:\/\/blog.panrotas.com.br\/semreserva\/#organization\"},\"image\":{\"@id\":\"https:\/\/blog.panrotas.com.br\/semreserva\/cade-o-agente-de-viagens-que-estava-aqui\/02-05-2016\/#primaryimage\"},\"thumbnailUrl\":\"https:\/\/blog.panrotas.com.br\/semreserva\/wp-content\/uploads\/sites\/5\/2016\/05\/businessman-1240871.jpg\",\"articleSection\":[\"Dia a dia\"],\"inLanguage\":\"pt-BR\",\"potentialAction\":[{\"@type\":\"CommentAction\",\"name\":\"Comment\",\"target\":[\"https:\/\/blog.panrotas.com.br\/semreserva\/cade-o-agente-de-viagens-que-estava-aqui\/02-05-2016\/#respond\"]}]},{\"@type\":\"Person\",\"@id\":\"http:\/\/blog.panrotas.com.br\/semreserva\/#\/schema\/person\/c93b4555f6a497d2d83c25dcb80f61ed\",\"name\":\"Artur Andrade\",\"image\":{\"@type\":\"ImageObject\",\"@id\":\"http:\/\/blog.panrotas.com.br\/semreserva\/#personlogo\",\"inLanguage\":\"pt-BR\",\"url\":\"https:\/\/secure.gravatar.com\/avatar\/a94564d630220cefd5c82f3452ac1ef4?s=96&d=mm&r=g\",\"contentUrl\":\"https:\/\/secure.gravatar.com\/avatar\/a94564d630220cefd5c82f3452ac1ef4?s=96&d=mm&r=g\",\"caption\":\"Artur Andrade\"},\"description\":\"Artur Luiz Andrade \\u00e9 carioca, taurino, jornalista e nasceu em 1969. \\u00c9 editor-chefe da PANROTAS Editora e mora em S\\u00e3o Paulo desde 1998\",\"sameAs\":[\"http:\/\/www.panrotas.com.br\"]}]}<\/script>\n<!-- \/ Yoast SEO plugin. -->","yoast_head_json":{"title":"Cad\u00ea o agente de viagens que estava aqui? -","description":"Cad\u00ea o agente de viagens que estava aqui?. Confira essa Mat\u00e9ria no Canal Sem reserva. \u27a4 Projeto em parceria com a PANROTAS.","robots":{"index":"index","follow":"follow","max-snippet":"max-snippet:-1","max-image-preview":"max-image-preview:large","max-video-preview":"max-video-preview:-1"},"canonical":"https:\/\/blog.panrotas.com.br\/semreserva\/cade-o-agente-de-viagens-que-estava-aqui\/02-05-2016\/","og_locale":"pt_BR","og_type":"article","og_title":"Cad\u00ea o agente de viagens que estava aqui? -","og_description":"Cad\u00ea o agente de viagens que estava aqui?. Confira essa Mat\u00e9ria no Canal Sem reserva. \u27a4 Projeto em parceria com a PANROTAS.","og_url":"https:\/\/blog.panrotas.com.br\/semreserva\/cade-o-agente-de-viagens-que-estava-aqui\/02-05-2016\/","og_site_name":"Sem reserva","article_publisher":"https:\/\/www.facebook.com\/portalpanrotas\/","article_published_time":"2016-05-02T19:26:16+00:00","og_image":[{"width":1600,"height":1200,"url":"https:\/\/blog.panrotas.com.br\/semreserva\/wp-content\/uploads\/sites\/5\/2016\/05\/businessman-1240871.jpg","type":"image\/jpeg"}],"twitter_card":"summary_large_image","twitter_creator":"@portalpanrotas","twitter_site":"@portalpanrotas","twitter_misc":{"Escrito por":"Artur Andrade","Est. tempo de leitura":"3 minutos"},"schema":{"@context":"https:\/\/schema.org","@graph":[{"@type":"Organization","@id":"http:\/\/blog.panrotas.com.br\/semreserva\/#organization","name":"Sem Reserva - Blog no Portal PANROTAS","url":"http:\/\/blog.panrotas.com.br\/semreserva\/","sameAs":["https:\/\/www.facebook.com\/portalpanrotas\/","https:\/\/www.instagram.com\/portalpanrotas\/","https:\/\/br.linkedin.com\/company\/panrotas","https:\/\/www.youtube.com\/tvpanrotas","https:\/\/twitter.com\/portalpanrotas"],"logo":{"@type":"ImageObject","@id":"http:\/\/blog.panrotas.com.br\/semreserva\/#logo","inLanguage":"pt-BR","url":"https:\/\/blog.panrotas.com.br\/semreserva\/wp-content\/uploads\/sites\/5\/2020\/06\/logo.png","contentUrl":"https:\/\/blog.panrotas.com.br\/semreserva\/wp-content\/uploads\/sites\/5\/2020\/06\/logo.png","width":259,"height":53,"caption":"Sem Reserva - Blog no Portal PANROTAS"},"image":{"@id":"http:\/\/blog.panrotas.com.br\/semreserva\/#logo"}},{"@type":"WebSite","@id":"http:\/\/blog.panrotas.com.br\/semreserva\/#website","url":"http:\/\/blog.panrotas.com.br\/semreserva\/","name":"Sem reserva","description":"Blogosfera PANROTAS","publisher":{"@id":"http:\/\/blog.panrotas.com.br\/semreserva\/#organization"},"potentialAction":[{"@type":"SearchAction","target":{"@type":"EntryPoint","urlTemplate":"http:\/\/blog.panrotas.com.br\/semreserva\/?s={search_term_string}"},"query-input":"required name=search_term_string"}],"inLanguage":"pt-BR"},{"@type":"ImageObject","@id":"https:\/\/blog.panrotas.com.br\/semreserva\/cade-o-agente-de-viagens-que-estava-aqui\/02-05-2016\/#primaryimage","inLanguage":"pt-BR","url":"https:\/\/blog.panrotas.com.br\/semreserva\/wp-content\/uploads\/sites\/5\/2016\/05\/businessman-1240871.jpg","contentUrl":"https:\/\/blog.panrotas.com.br\/semreserva\/wp-content\/uploads\/sites\/5\/2016\/05\/businessman-1240871.jpg","width":1600,"height":1200},{"@type":"WebPage","@id":"https:\/\/blog.panrotas.com.br\/semreserva\/cade-o-agente-de-viagens-que-estava-aqui\/02-05-2016\/#webpage","url":"https:\/\/blog.panrotas.com.br\/semreserva\/cade-o-agente-de-viagens-que-estava-aqui\/02-05-2016\/","name":"Cad\u00ea o agente de viagens que estava aqui? -","isPartOf":{"@id":"http:\/\/blog.panrotas.com.br\/semreserva\/#website"},"primaryImageOfPage":{"@id":"https:\/\/blog.panrotas.com.br\/semreserva\/cade-o-agente-de-viagens-que-estava-aqui\/02-05-2016\/#primaryimage"},"datePublished":"2016-05-02T19:26:16+00:00","dateModified":"2016-05-02T19:26:16+00:00","description":"Cad\u00ea o agente de viagens que estava aqui?. Confira essa Mat\u00e9ria no Canal Sem reserva. \u27a4 Projeto em parceria com a PANROTAS.","breadcrumb":{"@id":"https:\/\/blog.panrotas.com.br\/semreserva\/cade-o-agente-de-viagens-que-estava-aqui\/02-05-2016\/#breadcrumb"},"inLanguage":"pt-BR","potentialAction":[{"@type":"ReadAction","target":["https:\/\/blog.panrotas.com.br\/semreserva\/cade-o-agente-de-viagens-que-estava-aqui\/02-05-2016\/"]}]},{"@type":"BreadcrumbList","@id":"https:\/\/blog.panrotas.com.br\/semreserva\/cade-o-agente-de-viagens-que-estava-aqui\/02-05-2016\/#breadcrumb","itemListElement":[{"@type":"ListItem","position":1,"name":"Home do Blog","item":"http:\/\/blog.panrotas.com.br\/semreserva\/"},{"@type":"ListItem","position":2,"name":"Dia a dia","item":"https:\/\/blog.panrotas.com.br\/semreserva\/category\/dia-a-dia\/"},{"@type":"ListItem","position":3,"name":"Cad\u00ea o agente de viagens que estava aqui?"}]},{"@type":"Article","@id":"https:\/\/blog.panrotas.com.br\/semreserva\/cade-o-agente-de-viagens-que-estava-aqui\/02-05-2016\/#article","isPartOf":{"@id":"https:\/\/blog.panrotas.com.br\/semreserva\/cade-o-agente-de-viagens-que-estava-aqui\/02-05-2016\/#webpage"},"author":{"@id":"http:\/\/blog.panrotas.com.br\/semreserva\/#\/schema\/person\/c93b4555f6a497d2d83c25dcb80f61ed"},"headline":"Cad\u00ea o agente de viagens que estava aqui?","datePublished":"2016-05-02T19:26:16+00:00","dateModified":"2016-05-02T19:26:16+00:00","mainEntityOfPage":{"@id":"https:\/\/blog.panrotas.com.br\/semreserva\/cade-o-agente-de-viagens-que-estava-aqui\/02-05-2016\/#webpage"},"wordCount":704,"commentCount":0,"publisher":{"@id":"http:\/\/blog.panrotas.com.br\/semreserva\/#organization"},"image":{"@id":"https:\/\/blog.panrotas.com.br\/semreserva\/cade-o-agente-de-viagens-que-estava-aqui\/02-05-2016\/#primaryimage"},"thumbnailUrl":"https:\/\/blog.panrotas.com.br\/semreserva\/wp-content\/uploads\/sites\/5\/2016\/05\/businessman-1240871.jpg","articleSection":["Dia a dia"],"inLanguage":"pt-BR","potentialAction":[{"@type":"CommentAction","name":"Comment","target":["https:\/\/blog.panrotas.com.br\/semreserva\/cade-o-agente-de-viagens-que-estava-aqui\/02-05-2016\/#respond"]}]},{"@type":"Person","@id":"http:\/\/blog.panrotas.com.br\/semreserva\/#\/schema\/person\/c93b4555f6a497d2d83c25dcb80f61ed","name":"Artur Andrade","image":{"@type":"ImageObject","@id":"http:\/\/blog.panrotas.com.br\/semreserva\/#personlogo","inLanguage":"pt-BR","url":"https:\/\/secure.gravatar.com\/avatar\/a94564d630220cefd5c82f3452ac1ef4?s=96&d=mm&r=g","contentUrl":"https:\/\/secure.gravatar.com\/avatar\/a94564d630220cefd5c82f3452ac1ef4?s=96&d=mm&r=g","caption":"Artur Andrade"},"description":"Artur Luiz Andrade \u00e9 carioca, taurino, jornalista e nasceu em 1969. \u00c9 editor-chefe da PANROTAS Editora e mora em S\u00e3o Paulo desde 1998","sameAs":["http:\/\/www.panrotas.com.br"]}]}},"jetpack_featured_media_url":"https:\/\/blog.panrotas.com.br\/semreserva\/wp-content\/uploads\/sites\/5\/2016\/05\/businessman-1240871.jpg","jetpack_shortlink":"https:\/\/wp.me\/p7idIU-1bX","_links":{"self":[{"href":"https:\/\/blog.panrotas.com.br\/semreserva\/wp-json\/wp\/v2\/posts\/4585"}],"collection":[{"href":"https:\/\/blog.panrotas.com.br\/semreserva\/wp-json\/wp\/v2\/posts"}],"about":[{"href":"https:\/\/blog.panrotas.com.br\/semreserva\/wp-json\/wp\/v2\/types\/post"}],"author":[{"embeddable":true,"href":"https:\/\/blog.panrotas.com.br\/semreserva\/wp-json\/wp\/v2\/users\/7"}],"replies":[{"embeddable":true,"href":"https:\/\/blog.panrotas.com.br\/semreserva\/wp-json\/wp\/v2\/comments?post=4585"}],"version-history":[{"count":0,"href":"https:\/\/blog.panrotas.com.br\/semreserva\/wp-json\/wp\/v2\/posts\/4585\/revisions"}],"wp:featuredmedia":[{"embeddable":true,"href":"https:\/\/blog.panrotas.com.br\/semreserva\/wp-json\/wp\/v2\/media\/4587"}],"wp:attachment":[{"href":"https:\/\/blog.panrotas.com.br\/semreserva\/wp-json\/wp\/v2\/media?parent=4585"}],"wp:term":[{"taxonomy":"category","embeddable":true,"href":"https:\/\/blog.panrotas.com.br\/semreserva\/wp-json\/wp\/v2\/categories?post=4585"},{"taxonomy":"post_tag","embeddable":true,"href":"https:\/\/blog.panrotas.com.br\/semreserva\/wp-json\/wp\/v2\/tags?post=4585"}],"curies":[{"name":"wp","href":"https:\/\/api.w.org\/{rel}","templated":true}]}}