{"id":4591,"date":"2016-05-11T12:05:45","date_gmt":"2016-05-11T15:05:45","guid":{"rendered":"http:\/\/blog.panrotas.com.br\/semreserva\/?p=4591"},"modified":"2016-05-11T12:05:45","modified_gmt":"2016-05-11T15:05:45","slug":"matou-a-familia-e-foi-ao-cinema-risos","status":"publish","type":"post","link":"https:\/\/blog.panrotas.com.br\/semreserva\/matou-a-familia-e-foi-ao-cinema-risos\/11-05-2016\/","title":{"rendered":"Matou a fam\u00edlia e foi ao cinema (risos)"},"content":{"rendered":"<p class=\"x_MsoNormal\">Sem p\u00e1tria, haitianos invadem o Chile fugindo da crise brasileira. E n\u00f3s brasileiros? Invadiremos que p\u00e1tria? Ops, que praia?<\/p>\n<p class=\"x_MsoNormal\">\n<p class=\"x_MsoNormal\">Sem m\u00e3e, Suzane von Richtofen ganha folga da pris\u00e3o no dia das&#8230; m\u00e3es. Oi? Foi visitar o t\u00famulo daquela que ajudou a matar? A Justi\u00e7a prev\u00ea esse benef\u00edcio&#8230; A Justi\u00e7a?<\/p>\n<p class=\"x_MsoNormal\">\n<p class=\"x_MsoNormal\">Sem vergonha, o presidente interino da C\u00e2mara, Severino Cavalcanti&#8230; ops, Jos\u00e9 Sarney&#8230; ops, Fl\u00e1vio Dino&#8230; aka Waldir Maranh\u00e3o assina e desassina e passa&#8230; vergonha nacional.<\/p>\n<p class=\"x_MsoNormal\">\n<p class=\"x_MsoNormal\">Sem papas na l\u00edngua, o presidente da Bristih e da Iberia diz que o Brasil est\u00e1 d\u00e9bil e que por isso est\u00e1 cortando oferta de assentos ou voos das duas companhias no Pa\u00eds, o que j\u00e1 fizeram American, Tam, Copa, Air France, Delta&#8230; Pelo menos muitos voos est\u00e3o sendo cortados em Bras\u00edlia. Na hora de fugir, depois de votarem, os pol\u00edticos ter\u00e3o de fazer escala em solo nacional.<\/p>\n<p class=\"x_MsoNormal\">\n<p class=\"x_MsoNormal\">Deve haver alguma explica\u00e7\u00e3o dos astros para esse nosso Brasil. Algum planeta safadinho e abilolado que permite tantos desmandos e not\u00edcias que nem nos chocam mais. Ou n\u00e3o. Vai ver somos o programa de humor do cosmos. A TV Pirata, a Zorra Total do Universo. Nos choramos e eles riem. E at\u00e9 que nos divertimos. Talvez se nos divert\u00edssemos menos&#8230;<\/p>\n<p class=\"x_MsoNormal\">\n<p class=\"x_MsoNormal\">Vamos de Uber aos protestos e voltamos de t\u00e1xi. Vamos a Miami de executiva (upgrade, claro), mas a vida n\u00e3o t\u00e1 f\u00e1cil. Queremos liberdade e um futuro melhor, e aplaudimos Bolsonaros?<\/p>\n<p class=\"x_MsoNormal\">\n<p class=\"x_MsoNormal\">E ent\u00e3o, aguardamos um novo governo (de gente que j\u00e1 estava a\u00ed) e a volta da estabilidade para podermos planejar de novo, acreditar de novo, nos iludirmos de novo. E lermos os portais com uma indigna\u00e7\u00e3o mais distanciada. No fundo, h\u00e1 uma chance de dar certo, pois, melhorar o que est\u00e1 p\u00e9ssimo n\u00e3o ser\u00e1 t\u00e3o dif\u00edcil, e, para continuar no poder e n\u00e3o usar tornozeleiras, j\u00e1 aprendemos (ou aprenderam) que tem que se fazer o mais&#8230; correto (poss\u00edvel). O Brasil mudou? Nem. Mas como diria Lulu (ou Raul?): n\u00e3o vou dizer que foi ruim&#8230; tamb\u00e9m n\u00e3o foi t\u00e3o bom assim.<\/p>\n<p class=\"x_MsoNormal\">\n<p class=\"x_MsoNormal\">Machista, racista, cheio de preconceitos, intolerante, sem paci\u00eancia, sem m\u00e3e, sem p\u00e1tria, sem Justi\u00e7a, sem papas na l\u00edngua&#8230; \u00c9 o futuro repetindo o passado, no tal museu de grandes novidades.<\/p>\n<p class=\"x_MsoNormal\">\n<p class=\"x_MsoNormal\">Mas tamb\u00e9m vemos (ou queremos ver?) o futuro por cima do muro de hipocrisia e, quem sabe?, ao voltarmos, encontraremos um pouco menos de tudo isso. Um pouco menos apenas, ou n\u00e3o rir\u00e3o mais de n\u00f3s. E trocar\u00e3o de canal. Para a TV V\u00eanus, a TV Marte&#8230; outra TV qualquer.<\/p>\n<p class=\"x_MsoNormal\">\n<p class=\"x_MsoNormal\">\n","protected":false},"excerpt":{"rendered":"<p>Sem p\u00e1tria, haitianos invadem o Chile fugindo da crise brasileira. E n\u00f3s brasileiros? Invadiremos que p\u00e1tria? Ops, que praia? Sem m\u00e3e, Suzane von Richtofen ganha folga da pris\u00e3o no dia das&#8230; m\u00e3es. Oi? Foi visitar o t\u00famulo daquela que ajudou a matar? A Justi\u00e7a prev\u00ea esse benef\u00edcio&#8230; A Justi\u00e7a? Sem vergonha, o presidente interino da [&hellip;]<\/p>\n","protected":false},"author":7,"featured_media":4592,"comment_status":"open","ping_status":"open","sticky":false,"template":"","format":"standard","meta":{"spay_email":""},"categories":[2],"tags":[],"yoast_head":"<!-- This site is optimized with the Yoast SEO plugin v17.3 - https:\/\/yoast.com\/wordpress\/plugins\/seo\/ -->\n<title>Matou a fam\u00edlia e foi ao cinema (risos) -<\/title>\n<meta name=\"description\" content=\"Matou a fam\u00edlia e foi ao cinema (risos). Confira essa Mat\u00e9ria no Canal Sem reserva. \u27a4 Projeto em parceria com a PANROTAS.\" \/>\n<meta name=\"robots\" content=\"index, follow, max-snippet:-1, max-image-preview:large, max-video-preview:-1\" \/>\n<link rel=\"canonical\" href=\"https:\/\/blog.panrotas.com.br\/semreserva\/matou-a-familia-e-foi-ao-cinema-risos\/11-05-2016\/\" \/>\n<meta property=\"og:locale\" content=\"pt_BR\" \/>\n<meta property=\"og:type\" content=\"article\" \/>\n<meta property=\"og:title\" content=\"Matou a fam\u00edlia e foi ao cinema (risos) -\" \/>\n<meta property=\"og:description\" content=\"Matou a fam\u00edlia e foi ao cinema (risos). Confira essa Mat\u00e9ria no Canal Sem reserva. \u27a4 Projeto em parceria com a PANROTAS.\" \/>\n<meta property=\"og:url\" content=\"https:\/\/blog.panrotas.com.br\/semreserva\/matou-a-familia-e-foi-ao-cinema-risos\/11-05-2016\/\" \/>\n<meta property=\"og:site_name\" content=\"Sem reserva\" \/>\n<meta property=\"article:publisher\" content=\"https:\/\/www.facebook.com\/portalpanrotas\/\" \/>\n<meta property=\"article:published_time\" content=\"2016-05-11T15:05:45+00:00\" \/>\n<meta property=\"og:image\" content=\"https:\/\/blog.panrotas.com.br\/semreserva\/wp-content\/uploads\/sites\/5\/2016\/05\/bode149286.jpg\" \/>\n\t<meta property=\"og:image:width\" content=\"2966\" \/>\n\t<meta property=\"og:image:height\" content=\"2111\" \/>\n<meta name=\"twitter:card\" content=\"summary_large_image\" \/>\n<meta name=\"twitter:creator\" content=\"@portalpanrotas\" \/>\n<meta name=\"twitter:site\" content=\"@portalpanrotas\" \/>\n<meta name=\"twitter:label1\" content=\"Escrito por\" \/>\n\t<meta name=\"twitter:data1\" content=\"Artur Andrade\" \/>\n\t<meta name=\"twitter:label2\" content=\"Est. tempo de leitura\" \/>\n\t<meta name=\"twitter:data2\" content=\"2 minutos\" \/>\n<script type=\"application\/ld+json\" class=\"yoast-schema-graph\">{\"@context\":\"https:\/\/schema.org\",\"@graph\":[{\"@type\":\"Organization\",\"@id\":\"http:\/\/blog.panrotas.com.br\/semreserva\/#organization\",\"name\":\"Sem Reserva - Blog no Portal PANROTAS\",\"url\":\"http:\/\/blog.panrotas.com.br\/semreserva\/\",\"sameAs\":[\"https:\/\/www.facebook.com\/portalpanrotas\/\",\"https:\/\/www.instagram.com\/portalpanrotas\/\",\"https:\/\/br.linkedin.com\/company\/panrotas\",\"https:\/\/www.youtube.com\/tvpanrotas\",\"https:\/\/twitter.com\/portalpanrotas\"],\"logo\":{\"@type\":\"ImageObject\",\"@id\":\"http:\/\/blog.panrotas.com.br\/semreserva\/#logo\",\"inLanguage\":\"pt-BR\",\"url\":\"https:\/\/blog.panrotas.com.br\/semreserva\/wp-content\/uploads\/sites\/5\/2020\/06\/logo.png\",\"contentUrl\":\"https:\/\/blog.panrotas.com.br\/semreserva\/wp-content\/uploads\/sites\/5\/2020\/06\/logo.png\",\"width\":259,\"height\":53,\"caption\":\"Sem Reserva - Blog no Portal PANROTAS\"},\"image\":{\"@id\":\"http:\/\/blog.panrotas.com.br\/semreserva\/#logo\"}},{\"@type\":\"WebSite\",\"@id\":\"http:\/\/blog.panrotas.com.br\/semreserva\/#website\",\"url\":\"http:\/\/blog.panrotas.com.br\/semreserva\/\",\"name\":\"Sem reserva\",\"description\":\"Blogosfera PANROTAS\",\"publisher\":{\"@id\":\"http:\/\/blog.panrotas.com.br\/semreserva\/#organization\"},\"potentialAction\":[{\"@type\":\"SearchAction\",\"target\":{\"@type\":\"EntryPoint\",\"urlTemplate\":\"http:\/\/blog.panrotas.com.br\/semreserva\/?s={search_term_string}\"},\"query-input\":\"required name=search_term_string\"}],\"inLanguage\":\"pt-BR\"},{\"@type\":\"ImageObject\",\"@id\":\"https:\/\/blog.panrotas.com.br\/semreserva\/matou-a-familia-e-foi-ao-cinema-risos\/11-05-2016\/#primaryimage\",\"inLanguage\":\"pt-BR\",\"url\":\"https:\/\/blog.panrotas.com.br\/semreserva\/wp-content\/uploads\/sites\/5\/2016\/05\/bode149286-scaled.jpg\",\"contentUrl\":\"https:\/\/blog.panrotas.com.br\/semreserva\/wp-content\/uploads\/sites\/5\/2016\/05\/bode149286-scaled.jpg\",\"width\":2560,\"height\":1822},{\"@type\":\"WebPage\",\"@id\":\"https:\/\/blog.panrotas.com.br\/semreserva\/matou-a-familia-e-foi-ao-cinema-risos\/11-05-2016\/#webpage\",\"url\":\"https:\/\/blog.panrotas.com.br\/semreserva\/matou-a-familia-e-foi-ao-cinema-risos\/11-05-2016\/\",\"name\":\"Matou a fam\\u00edlia e foi ao cinema (risos) -\",\"isPartOf\":{\"@id\":\"http:\/\/blog.panrotas.com.br\/semreserva\/#website\"},\"primaryImageOfPage\":{\"@id\":\"https:\/\/blog.panrotas.com.br\/semreserva\/matou-a-familia-e-foi-ao-cinema-risos\/11-05-2016\/#primaryimage\"},\"datePublished\":\"2016-05-11T15:05:45+00:00\",\"dateModified\":\"2016-05-11T15:05:45+00:00\",\"description\":\"Matou a fam\\u00edlia e foi ao cinema (risos). Confira essa Mat\\u00e9ria no Canal Sem reserva. \\u27a4 Projeto em parceria com a PANROTAS.\",\"breadcrumb\":{\"@id\":\"https:\/\/blog.panrotas.com.br\/semreserva\/matou-a-familia-e-foi-ao-cinema-risos\/11-05-2016\/#breadcrumb\"},\"inLanguage\":\"pt-BR\",\"potentialAction\":[{\"@type\":\"ReadAction\",\"target\":[\"https:\/\/blog.panrotas.com.br\/semreserva\/matou-a-familia-e-foi-ao-cinema-risos\/11-05-2016\/\"]}]},{\"@type\":\"BreadcrumbList\",\"@id\":\"https:\/\/blog.panrotas.com.br\/semreserva\/matou-a-familia-e-foi-ao-cinema-risos\/11-05-2016\/#breadcrumb\",\"itemListElement\":[{\"@type\":\"ListItem\",\"position\":1,\"name\":\"Home do Blog\",\"item\":\"http:\/\/blog.panrotas.com.br\/semreserva\/\"},{\"@type\":\"ListItem\",\"position\":2,\"name\":\"Dia a dia\",\"item\":\"https:\/\/blog.panrotas.com.br\/semreserva\/category\/dia-a-dia\/\"},{\"@type\":\"ListItem\",\"position\":3,\"name\":\"Matou a fam\\u00edlia e foi ao cinema (risos)\"}]},{\"@type\":\"Article\",\"@id\":\"https:\/\/blog.panrotas.com.br\/semreserva\/matou-a-familia-e-foi-ao-cinema-risos\/11-05-2016\/#article\",\"isPartOf\":{\"@id\":\"https:\/\/blog.panrotas.com.br\/semreserva\/matou-a-familia-e-foi-ao-cinema-risos\/11-05-2016\/#webpage\"},\"author\":{\"@id\":\"http:\/\/blog.panrotas.com.br\/semreserva\/#\/schema\/person\/c93b4555f6a497d2d83c25dcb80f61ed\"},\"headline\":\"Matou a fam\\u00edlia e foi ao cinema (risos)\",\"datePublished\":\"2016-05-11T15:05:45+00:00\",\"dateModified\":\"2016-05-11T15:05:45+00:00\",\"mainEntityOfPage\":{\"@id\":\"https:\/\/blog.panrotas.com.br\/semreserva\/matou-a-familia-e-foi-ao-cinema-risos\/11-05-2016\/#webpage\"},\"wordCount\":471,\"commentCount\":0,\"publisher\":{\"@id\":\"http:\/\/blog.panrotas.com.br\/semreserva\/#organization\"},\"image\":{\"@id\":\"https:\/\/blog.panrotas.com.br\/semreserva\/matou-a-familia-e-foi-ao-cinema-risos\/11-05-2016\/#primaryimage\"},\"thumbnailUrl\":\"https:\/\/blog.panrotas.com.br\/semreserva\/wp-content\/uploads\/sites\/5\/2016\/05\/bode149286-scaled.jpg\",\"articleSection\":[\"Dia a dia\"],\"inLanguage\":\"pt-BR\",\"potentialAction\":[{\"@type\":\"CommentAction\",\"name\":\"Comment\",\"target\":[\"https:\/\/blog.panrotas.com.br\/semreserva\/matou-a-familia-e-foi-ao-cinema-risos\/11-05-2016\/#respond\"]}]},{\"@type\":\"Person\",\"@id\":\"http:\/\/blog.panrotas.com.br\/semreserva\/#\/schema\/person\/c93b4555f6a497d2d83c25dcb80f61ed\",\"name\":\"Artur Andrade\",\"image\":{\"@type\":\"ImageObject\",\"@id\":\"http:\/\/blog.panrotas.com.br\/semreserva\/#personlogo\",\"inLanguage\":\"pt-BR\",\"url\":\"https:\/\/secure.gravatar.com\/avatar\/a94564d630220cefd5c82f3452ac1ef4?s=96&d=mm&r=g\",\"contentUrl\":\"https:\/\/secure.gravatar.com\/avatar\/a94564d630220cefd5c82f3452ac1ef4?s=96&d=mm&r=g\",\"caption\":\"Artur Andrade\"},\"description\":\"Artur Luiz Andrade \\u00e9 carioca, taurino, jornalista e nasceu em 1969. \\u00c9 editor-chefe da PANROTAS Editora e mora em S\\u00e3o Paulo desde 1998\",\"sameAs\":[\"http:\/\/www.panrotas.com.br\"]}]}<\/script>\n<!-- \/ Yoast SEO plugin. -->","yoast_head_json":{"title":"Matou a fam\u00edlia e foi ao cinema (risos) -","description":"Matou a fam\u00edlia e foi ao cinema (risos). Confira essa Mat\u00e9ria no Canal Sem reserva. \u27a4 Projeto em parceria com a PANROTAS.","robots":{"index":"index","follow":"follow","max-snippet":"max-snippet:-1","max-image-preview":"max-image-preview:large","max-video-preview":"max-video-preview:-1"},"canonical":"https:\/\/blog.panrotas.com.br\/semreserva\/matou-a-familia-e-foi-ao-cinema-risos\/11-05-2016\/","og_locale":"pt_BR","og_type":"article","og_title":"Matou a fam\u00edlia e foi ao cinema (risos) -","og_description":"Matou a fam\u00edlia e foi ao cinema (risos). Confira essa Mat\u00e9ria no Canal Sem reserva. \u27a4 Projeto em parceria com a PANROTAS.","og_url":"https:\/\/blog.panrotas.com.br\/semreserva\/matou-a-familia-e-foi-ao-cinema-risos\/11-05-2016\/","og_site_name":"Sem reserva","article_publisher":"https:\/\/www.facebook.com\/portalpanrotas\/","article_published_time":"2016-05-11T15:05:45+00:00","og_image":[{"width":2966,"height":2111,"url":"https:\/\/blog.panrotas.com.br\/semreserva\/wp-content\/uploads\/sites\/5\/2016\/05\/bode149286.jpg","type":"image\/jpeg"}],"twitter_card":"summary_large_image","twitter_creator":"@portalpanrotas","twitter_site":"@portalpanrotas","twitter_misc":{"Escrito por":"Artur Andrade","Est. tempo de leitura":"2 minutos"},"schema":{"@context":"https:\/\/schema.org","@graph":[{"@type":"Organization","@id":"http:\/\/blog.panrotas.com.br\/semreserva\/#organization","name":"Sem Reserva - Blog no Portal PANROTAS","url":"http:\/\/blog.panrotas.com.br\/semreserva\/","sameAs":["https:\/\/www.facebook.com\/portalpanrotas\/","https:\/\/www.instagram.com\/portalpanrotas\/","https:\/\/br.linkedin.com\/company\/panrotas","https:\/\/www.youtube.com\/tvpanrotas","https:\/\/twitter.com\/portalpanrotas"],"logo":{"@type":"ImageObject","@id":"http:\/\/blog.panrotas.com.br\/semreserva\/#logo","inLanguage":"pt-BR","url":"https:\/\/blog.panrotas.com.br\/semreserva\/wp-content\/uploads\/sites\/5\/2020\/06\/logo.png","contentUrl":"https:\/\/blog.panrotas.com.br\/semreserva\/wp-content\/uploads\/sites\/5\/2020\/06\/logo.png","width":259,"height":53,"caption":"Sem Reserva - Blog no Portal PANROTAS"},"image":{"@id":"http:\/\/blog.panrotas.com.br\/semreserva\/#logo"}},{"@type":"WebSite","@id":"http:\/\/blog.panrotas.com.br\/semreserva\/#website","url":"http:\/\/blog.panrotas.com.br\/semreserva\/","name":"Sem reserva","description":"Blogosfera PANROTAS","publisher":{"@id":"http:\/\/blog.panrotas.com.br\/semreserva\/#organization"},"potentialAction":[{"@type":"SearchAction","target":{"@type":"EntryPoint","urlTemplate":"http:\/\/blog.panrotas.com.br\/semreserva\/?s={search_term_string}"},"query-input":"required name=search_term_string"}],"inLanguage":"pt-BR"},{"@type":"ImageObject","@id":"https:\/\/blog.panrotas.com.br\/semreserva\/matou-a-familia-e-foi-ao-cinema-risos\/11-05-2016\/#primaryimage","inLanguage":"pt-BR","url":"https:\/\/blog.panrotas.com.br\/semreserva\/wp-content\/uploads\/sites\/5\/2016\/05\/bode149286-scaled.jpg","contentUrl":"https:\/\/blog.panrotas.com.br\/semreserva\/wp-content\/uploads\/sites\/5\/2016\/05\/bode149286-scaled.jpg","width":2560,"height":1822},{"@type":"WebPage","@id":"https:\/\/blog.panrotas.com.br\/semreserva\/matou-a-familia-e-foi-ao-cinema-risos\/11-05-2016\/#webpage","url":"https:\/\/blog.panrotas.com.br\/semreserva\/matou-a-familia-e-foi-ao-cinema-risos\/11-05-2016\/","name":"Matou a fam\u00edlia e foi ao cinema (risos) -","isPartOf":{"@id":"http:\/\/blog.panrotas.com.br\/semreserva\/#website"},"primaryImageOfPage":{"@id":"https:\/\/blog.panrotas.com.br\/semreserva\/matou-a-familia-e-foi-ao-cinema-risos\/11-05-2016\/#primaryimage"},"datePublished":"2016-05-11T15:05:45+00:00","dateModified":"2016-05-11T15:05:45+00:00","description":"Matou a fam\u00edlia e foi ao cinema (risos). Confira essa Mat\u00e9ria no Canal Sem reserva. \u27a4 Projeto em parceria com a PANROTAS.","breadcrumb":{"@id":"https:\/\/blog.panrotas.com.br\/semreserva\/matou-a-familia-e-foi-ao-cinema-risos\/11-05-2016\/#breadcrumb"},"inLanguage":"pt-BR","potentialAction":[{"@type":"ReadAction","target":["https:\/\/blog.panrotas.com.br\/semreserva\/matou-a-familia-e-foi-ao-cinema-risos\/11-05-2016\/"]}]},{"@type":"BreadcrumbList","@id":"https:\/\/blog.panrotas.com.br\/semreserva\/matou-a-familia-e-foi-ao-cinema-risos\/11-05-2016\/#breadcrumb","itemListElement":[{"@type":"ListItem","position":1,"name":"Home do Blog","item":"http:\/\/blog.panrotas.com.br\/semreserva\/"},{"@type":"ListItem","position":2,"name":"Dia a dia","item":"https:\/\/blog.panrotas.com.br\/semreserva\/category\/dia-a-dia\/"},{"@type":"ListItem","position":3,"name":"Matou a fam\u00edlia e foi ao cinema (risos)"}]},{"@type":"Article","@id":"https:\/\/blog.panrotas.com.br\/semreserva\/matou-a-familia-e-foi-ao-cinema-risos\/11-05-2016\/#article","isPartOf":{"@id":"https:\/\/blog.panrotas.com.br\/semreserva\/matou-a-familia-e-foi-ao-cinema-risos\/11-05-2016\/#webpage"},"author":{"@id":"http:\/\/blog.panrotas.com.br\/semreserva\/#\/schema\/person\/c93b4555f6a497d2d83c25dcb80f61ed"},"headline":"Matou a fam\u00edlia e foi ao cinema (risos)","datePublished":"2016-05-11T15:05:45+00:00","dateModified":"2016-05-11T15:05:45+00:00","mainEntityOfPage":{"@id":"https:\/\/blog.panrotas.com.br\/semreserva\/matou-a-familia-e-foi-ao-cinema-risos\/11-05-2016\/#webpage"},"wordCount":471,"commentCount":0,"publisher":{"@id":"http:\/\/blog.panrotas.com.br\/semreserva\/#organization"},"image":{"@id":"https:\/\/blog.panrotas.com.br\/semreserva\/matou-a-familia-e-foi-ao-cinema-risos\/11-05-2016\/#primaryimage"},"thumbnailUrl":"https:\/\/blog.panrotas.com.br\/semreserva\/wp-content\/uploads\/sites\/5\/2016\/05\/bode149286-scaled.jpg","articleSection":["Dia a dia"],"inLanguage":"pt-BR","potentialAction":[{"@type":"CommentAction","name":"Comment","target":["https:\/\/blog.panrotas.com.br\/semreserva\/matou-a-familia-e-foi-ao-cinema-risos\/11-05-2016\/#respond"]}]},{"@type":"Person","@id":"http:\/\/blog.panrotas.com.br\/semreserva\/#\/schema\/person\/c93b4555f6a497d2d83c25dcb80f61ed","name":"Artur Andrade","image":{"@type":"ImageObject","@id":"http:\/\/blog.panrotas.com.br\/semreserva\/#personlogo","inLanguage":"pt-BR","url":"https:\/\/secure.gravatar.com\/avatar\/a94564d630220cefd5c82f3452ac1ef4?s=96&d=mm&r=g","contentUrl":"https:\/\/secure.gravatar.com\/avatar\/a94564d630220cefd5c82f3452ac1ef4?s=96&d=mm&r=g","caption":"Artur Andrade"},"description":"Artur Luiz Andrade \u00e9 carioca, taurino, jornalista e nasceu em 1969. \u00c9 editor-chefe da PANROTAS Editora e mora em S\u00e3o Paulo desde 1998","sameAs":["http:\/\/www.panrotas.com.br"]}]}},"jetpack_featured_media_url":"https:\/\/blog.panrotas.com.br\/semreserva\/wp-content\/uploads\/sites\/5\/2016\/05\/bode149286-scaled.jpg","jetpack_shortlink":"https:\/\/wp.me\/p7idIU-1c3","_links":{"self":[{"href":"https:\/\/blog.panrotas.com.br\/semreserva\/wp-json\/wp\/v2\/posts\/4591"}],"collection":[{"href":"https:\/\/blog.panrotas.com.br\/semreserva\/wp-json\/wp\/v2\/posts"}],"about":[{"href":"https:\/\/blog.panrotas.com.br\/semreserva\/wp-json\/wp\/v2\/types\/post"}],"author":[{"embeddable":true,"href":"https:\/\/blog.panrotas.com.br\/semreserva\/wp-json\/wp\/v2\/users\/7"}],"replies":[{"embeddable":true,"href":"https:\/\/blog.panrotas.com.br\/semreserva\/wp-json\/wp\/v2\/comments?post=4591"}],"version-history":[{"count":0,"href":"https:\/\/blog.panrotas.com.br\/semreserva\/wp-json\/wp\/v2\/posts\/4591\/revisions"}],"wp:featuredmedia":[{"embeddable":true,"href":"https:\/\/blog.panrotas.com.br\/semreserva\/wp-json\/wp\/v2\/media\/4592"}],"wp:attachment":[{"href":"https:\/\/blog.panrotas.com.br\/semreserva\/wp-json\/wp\/v2\/media?parent=4591"}],"wp:term":[{"taxonomy":"category","embeddable":true,"href":"https:\/\/blog.panrotas.com.br\/semreserva\/wp-json\/wp\/v2\/categories?post=4591"},{"taxonomy":"post_tag","embeddable":true,"href":"https:\/\/blog.panrotas.com.br\/semreserva\/wp-json\/wp\/v2\/tags?post=4591"}],"curies":[{"name":"wp","href":"https:\/\/api.w.org\/{rel}","templated":true}]}}