{"id":4614,"date":"2016-07-12T19:56:58","date_gmt":"2016-07-12T22:56:58","guid":{"rendered":"http:\/\/blog.panrotas.com.br\/semreserva\/?p=4614"},"modified":"2016-07-12T19:56:58","modified_gmt":"2016-07-12T22:56:58","slug":"espelho-espelho-seu","status":"publish","type":"post","link":"https:\/\/blog.panrotas.com.br\/semreserva\/espelho-espelho-seu\/12-07-2016\/","title":{"rendered":"Espelho, espelho seu&#8230;"},"content":{"rendered":"<p>A vaidade ainda \u00e9 o que move a maioria (ou a grande maioria) das entidades da ind\u00fastria de Viagens e Turismo. At\u00e9 por isso existem tantas, que se sobrep\u00f5em e cujos presidentes est\u00e3o mais preocupados em \u201crepresentar a associa\u00e7\u00e3o\u201d do que \u201crepensar a mesma\u201d, de olho no associado.<\/p>\n<p>&nbsp;<\/p>\n<p>Recentemente vi diversas entidades, nacionais e regionais, serem criticadas por associados e n\u00e3o associados (e isso n\u00e3o vem de hoje) e o presidente criticado se defende dizendo que a culpa \u00e9 de quem critica. N\u00e3o h\u00e1 uma mudan\u00e7a de modelo, uma disrup\u00e7\u00e3o no mundo das associa\u00e7\u00f5es de classe.<\/p>\n<p>&nbsp;<\/p>\n<p>\u201cAh, ele fala isso mas n\u00e3o sabe o que fazemos\u201d. Se ele n\u00e3o sabe a culpa \u00e9 dele ou de quem n\u00e3o se comunica bem?<\/p>\n<p>&nbsp;<\/p>\n<p>\u201cAh, temos uma s\u00e9rie de cursos e meus associados n\u00e3o participam\u201d. Mas quantos outros cursos est\u00e3o lotados, com temas pertinentes e pautas construtivas?<\/p>\n<p>&nbsp;<\/p>\n<p>\u201cAh, se nossa classe n\u00e3o se unir, jamais teremos for\u00e7a e representatividade\u201d. Ora, mas a uni\u00e3o n\u00e3o deveria come\u00e7ar com as entidades, eliminando boa parte delas e fazendo com que poucas atuem por mais associados?<\/p>\n<p>&nbsp;<\/p>\n<p>\u201cAh, mas eu n\u00e3o recebo nada para ser presidente e ainda sou alvo de cr\u00edticas\u201d. Algu\u00e9m te obrigou a assumir? E n\u00e3o seria hora de termos executivos remunerados, fiscalizados, prestando contas, com metas e objetivos mais claros do que plataformas gen\u00e9ricas de gest\u00e3o?<\/p>\n<p>&nbsp;<\/p>\n<p>Fora a qualidade dos comunicados de imprensa que nos chegam. De chorar.<\/p>\n<p>&nbsp;<\/p>\n<p>N\u00e3o vou citar nomes, mas h\u00e1, neste momento, umas duas ou tr\u00eas entidades nacionais que est\u00e3o dando passos para tr\u00e1s. E recuperar isso leva tempo. Basta ver como Edmar Bull est\u00e1 sofrendo resist\u00eancia \u00e0 frente da Abav Nacional, que durante anos foi entidade que focou apenas em sua feira e em seu passado. S\u00e3o importantes? Com certeza. Mas o futuro chegou e s\u00e3o os presidentes atuais que t\u00eam de assoviar e chupar cana, em ano de crise, quando todas as categorias ou nichos ou segmentos, e n\u00e3o apenas o dos agentes de viagens, se mostram pressionados, desafiados e cobrados.<\/p>\n<p>&nbsp;<\/p>\n<p>Quem ser\u00e1 o disruptor das entidades de classe do Turismo? Demora, mas um dia chega. A primeira dica, se \u00e9 que posso dar uma, olhando de longe e n\u00e3o de dentro das entranhas de uma associa\u00e7\u00e3o (sei que n\u00e3o \u00e9 f\u00e1cil, mas, de novo, quem disse que seria?), \u00e9: retire todos os espelhos de sua sala, quebre alguns se necess\u00e1rios. E livre-se de uma ou outra m\u00e1 companhia&#8230; Mas isso j\u00e1 \u00e9 outra hist\u00f3ria.<\/p>\n<p>&nbsp;<\/p>\n<p>(<em>cr\u00e9dito da foto: Dreamstime<\/em>)<\/p>\n","protected":false},"excerpt":{"rendered":"<p>A vaidade ainda \u00e9 o que move a maioria (ou a grande maioria) das entidades da ind\u00fastria de Viagens e Turismo. At\u00e9 por isso existem tantas, que se sobrep\u00f5em e cujos presidentes est\u00e3o mais preocupados em \u201crepresentar a associa\u00e7\u00e3o\u201d do que \u201crepensar a mesma\u201d, de olho no associado. &nbsp; Recentemente vi diversas entidades, nacionais e [&hellip;]<\/p>\n","protected":false},"author":7,"featured_media":4615,"comment_status":"open","ping_status":"open","sticky":false,"template":"","format":"standard","meta":{"spay_email":""},"categories":[2],"tags":[],"yoast_head":"<!-- This site is optimized with the Yoast SEO plugin v17.3 - https:\/\/yoast.com\/wordpress\/plugins\/seo\/ -->\n<title>Espelho, espelho seu... -<\/title>\n<meta name=\"description\" content=\"Espelho, espelho seu.... Confira essa Mat\u00e9ria no Canal Sem reserva. \u27a4 Projeto em parceria com a PANROTAS.\" \/>\n<meta name=\"robots\" content=\"index, follow, max-snippet:-1, max-image-preview:large, max-video-preview:-1\" \/>\n<link rel=\"canonical\" href=\"https:\/\/blog.panrotas.com.br\/semreserva\/espelho-espelho-seu\/12-07-2016\/\" \/>\n<meta property=\"og:locale\" content=\"pt_BR\" \/>\n<meta property=\"og:type\" content=\"article\" \/>\n<meta property=\"og:title\" content=\"Espelho, espelho seu... -\" \/>\n<meta property=\"og:description\" content=\"Espelho, espelho seu.... Confira essa Mat\u00e9ria no Canal Sem reserva. \u27a4 Projeto em parceria com a PANROTAS.\" \/>\n<meta property=\"og:url\" content=\"https:\/\/blog.panrotas.com.br\/semreserva\/espelho-espelho-seu\/12-07-2016\/\" \/>\n<meta property=\"og:site_name\" content=\"Sem reserva\" \/>\n<meta property=\"article:publisher\" content=\"https:\/\/www.facebook.com\/portalpanrotas\/\" \/>\n<meta property=\"article:published_time\" content=\"2016-07-12T22:56:58+00:00\" \/>\n<meta property=\"og:image\" content=\"https:\/\/blog.panrotas.com.br\/semreserva\/wp-content\/uploads\/sites\/5\/2016\/07\/dreamstimefree_181269.jpg\" \/>\n\t<meta property=\"og:image:width\" content=\"2048\" \/>\n\t<meta property=\"og:image:height\" content=\"1536\" \/>\n<meta name=\"twitter:card\" content=\"summary_large_image\" \/>\n<meta name=\"twitter:creator\" content=\"@portalpanrotas\" \/>\n<meta name=\"twitter:site\" content=\"@portalpanrotas\" \/>\n<meta name=\"twitter:label1\" content=\"Escrito por\" \/>\n\t<meta name=\"twitter:data1\" content=\"Artur Andrade\" \/>\n\t<meta name=\"twitter:label2\" content=\"Est. tempo de leitura\" \/>\n\t<meta name=\"twitter:data2\" content=\"2 minutos\" \/>\n<script type=\"application\/ld+json\" class=\"yoast-schema-graph\">{\"@context\":\"https:\/\/schema.org\",\"@graph\":[{\"@type\":\"Organization\",\"@id\":\"http:\/\/blog.panrotas.com.br\/semreserva\/#organization\",\"name\":\"Sem Reserva - Blog no Portal PANROTAS\",\"url\":\"http:\/\/blog.panrotas.com.br\/semreserva\/\",\"sameAs\":[\"https:\/\/www.facebook.com\/portalpanrotas\/\",\"https:\/\/www.instagram.com\/portalpanrotas\/\",\"https:\/\/br.linkedin.com\/company\/panrotas\",\"https:\/\/www.youtube.com\/tvpanrotas\",\"https:\/\/twitter.com\/portalpanrotas\"],\"logo\":{\"@type\":\"ImageObject\",\"@id\":\"http:\/\/blog.panrotas.com.br\/semreserva\/#logo\",\"inLanguage\":\"pt-BR\",\"url\":\"https:\/\/blog.panrotas.com.br\/semreserva\/wp-content\/uploads\/sites\/5\/2020\/06\/logo.png\",\"contentUrl\":\"https:\/\/blog.panrotas.com.br\/semreserva\/wp-content\/uploads\/sites\/5\/2020\/06\/logo.png\",\"width\":259,\"height\":53,\"caption\":\"Sem Reserva - Blog no Portal PANROTAS\"},\"image\":{\"@id\":\"http:\/\/blog.panrotas.com.br\/semreserva\/#logo\"}},{\"@type\":\"WebSite\",\"@id\":\"http:\/\/blog.panrotas.com.br\/semreserva\/#website\",\"url\":\"http:\/\/blog.panrotas.com.br\/semreserva\/\",\"name\":\"Sem reserva\",\"description\":\"Blogosfera PANROTAS\",\"publisher\":{\"@id\":\"http:\/\/blog.panrotas.com.br\/semreserva\/#organization\"},\"potentialAction\":[{\"@type\":\"SearchAction\",\"target\":{\"@type\":\"EntryPoint\",\"urlTemplate\":\"http:\/\/blog.panrotas.com.br\/semreserva\/?s={search_term_string}\"},\"query-input\":\"required name=search_term_string\"}],\"inLanguage\":\"pt-BR\"},{\"@type\":\"ImageObject\",\"@id\":\"https:\/\/blog.panrotas.com.br\/semreserva\/espelho-espelho-seu\/12-07-2016\/#primaryimage\",\"inLanguage\":\"pt-BR\",\"url\":\"https:\/\/blog.panrotas.com.br\/semreserva\/wp-content\/uploads\/sites\/5\/2016\/07\/dreamstimefree_181269.jpg\",\"contentUrl\":\"https:\/\/blog.panrotas.com.br\/semreserva\/wp-content\/uploads\/sites\/5\/2016\/07\/dreamstimefree_181269.jpg\",\"width\":2048,\"height\":1536,\"caption\":\"OLYMPUS DIGITAL CAMERA\"},{\"@type\":\"WebPage\",\"@id\":\"https:\/\/blog.panrotas.com.br\/semreserva\/espelho-espelho-seu\/12-07-2016\/#webpage\",\"url\":\"https:\/\/blog.panrotas.com.br\/semreserva\/espelho-espelho-seu\/12-07-2016\/\",\"name\":\"Espelho, espelho seu... -\",\"isPartOf\":{\"@id\":\"http:\/\/blog.panrotas.com.br\/semreserva\/#website\"},\"primaryImageOfPage\":{\"@id\":\"https:\/\/blog.panrotas.com.br\/semreserva\/espelho-espelho-seu\/12-07-2016\/#primaryimage\"},\"datePublished\":\"2016-07-12T22:56:58+00:00\",\"dateModified\":\"2016-07-12T22:56:58+00:00\",\"description\":\"Espelho, espelho seu.... Confira essa Mat\\u00e9ria no Canal Sem reserva. \\u27a4 Projeto em parceria com a PANROTAS.\",\"breadcrumb\":{\"@id\":\"https:\/\/blog.panrotas.com.br\/semreserva\/espelho-espelho-seu\/12-07-2016\/#breadcrumb\"},\"inLanguage\":\"pt-BR\",\"potentialAction\":[{\"@type\":\"ReadAction\",\"target\":[\"https:\/\/blog.panrotas.com.br\/semreserva\/espelho-espelho-seu\/12-07-2016\/\"]}]},{\"@type\":\"BreadcrumbList\",\"@id\":\"https:\/\/blog.panrotas.com.br\/semreserva\/espelho-espelho-seu\/12-07-2016\/#breadcrumb\",\"itemListElement\":[{\"@type\":\"ListItem\",\"position\":1,\"name\":\"Home do Blog\",\"item\":\"http:\/\/blog.panrotas.com.br\/semreserva\/\"},{\"@type\":\"ListItem\",\"position\":2,\"name\":\"Dia a dia\",\"item\":\"https:\/\/blog.panrotas.com.br\/semreserva\/category\/dia-a-dia\/\"},{\"@type\":\"ListItem\",\"position\":3,\"name\":\"Espelho, espelho seu&#8230;\"}]},{\"@type\":\"Article\",\"@id\":\"https:\/\/blog.panrotas.com.br\/semreserva\/espelho-espelho-seu\/12-07-2016\/#article\",\"isPartOf\":{\"@id\":\"https:\/\/blog.panrotas.com.br\/semreserva\/espelho-espelho-seu\/12-07-2016\/#webpage\"},\"author\":{\"@id\":\"http:\/\/blog.panrotas.com.br\/semreserva\/#\/schema\/person\/c93b4555f6a497d2d83c25dcb80f61ed\"},\"headline\":\"Espelho, espelho seu&#8230;\",\"datePublished\":\"2016-07-12T22:56:58+00:00\",\"dateModified\":\"2016-07-12T22:56:58+00:00\",\"mainEntityOfPage\":{\"@id\":\"https:\/\/blog.panrotas.com.br\/semreserva\/espelho-espelho-seu\/12-07-2016\/#webpage\"},\"wordCount\":458,\"commentCount\":0,\"publisher\":{\"@id\":\"http:\/\/blog.panrotas.com.br\/semreserva\/#organization\"},\"image\":{\"@id\":\"https:\/\/blog.panrotas.com.br\/semreserva\/espelho-espelho-seu\/12-07-2016\/#primaryimage\"},\"thumbnailUrl\":\"https:\/\/blog.panrotas.com.br\/semreserva\/wp-content\/uploads\/sites\/5\/2016\/07\/dreamstimefree_181269.jpg\",\"articleSection\":[\"Dia a dia\"],\"inLanguage\":\"pt-BR\",\"potentialAction\":[{\"@type\":\"CommentAction\",\"name\":\"Comment\",\"target\":[\"https:\/\/blog.panrotas.com.br\/semreserva\/espelho-espelho-seu\/12-07-2016\/#respond\"]}]},{\"@type\":\"Person\",\"@id\":\"http:\/\/blog.panrotas.com.br\/semreserva\/#\/schema\/person\/c93b4555f6a497d2d83c25dcb80f61ed\",\"name\":\"Artur Andrade\",\"image\":{\"@type\":\"ImageObject\",\"@id\":\"http:\/\/blog.panrotas.com.br\/semreserva\/#personlogo\",\"inLanguage\":\"pt-BR\",\"url\":\"https:\/\/secure.gravatar.com\/avatar\/a94564d630220cefd5c82f3452ac1ef4?s=96&d=mm&r=g\",\"contentUrl\":\"https:\/\/secure.gravatar.com\/avatar\/a94564d630220cefd5c82f3452ac1ef4?s=96&d=mm&r=g\",\"caption\":\"Artur Andrade\"},\"description\":\"Artur Luiz Andrade \\u00e9 carioca, taurino, jornalista e nasceu em 1969. \\u00c9 editor-chefe da PANROTAS Editora e mora em S\\u00e3o Paulo desde 1998\",\"sameAs\":[\"http:\/\/www.panrotas.com.br\"]}]}<\/script>\n<!-- \/ Yoast SEO plugin. -->","yoast_head_json":{"title":"Espelho, espelho seu... -","description":"Espelho, espelho seu.... Confira essa Mat\u00e9ria no Canal Sem reserva. \u27a4 Projeto em parceria com a PANROTAS.","robots":{"index":"index","follow":"follow","max-snippet":"max-snippet:-1","max-image-preview":"max-image-preview:large","max-video-preview":"max-video-preview:-1"},"canonical":"https:\/\/blog.panrotas.com.br\/semreserva\/espelho-espelho-seu\/12-07-2016\/","og_locale":"pt_BR","og_type":"article","og_title":"Espelho, espelho seu... -","og_description":"Espelho, espelho seu.... Confira essa Mat\u00e9ria no Canal Sem reserva. \u27a4 Projeto em parceria com a PANROTAS.","og_url":"https:\/\/blog.panrotas.com.br\/semreserva\/espelho-espelho-seu\/12-07-2016\/","og_site_name":"Sem reserva","article_publisher":"https:\/\/www.facebook.com\/portalpanrotas\/","article_published_time":"2016-07-12T22:56:58+00:00","og_image":[{"width":2048,"height":1536,"url":"https:\/\/blog.panrotas.com.br\/semreserva\/wp-content\/uploads\/sites\/5\/2016\/07\/dreamstimefree_181269.jpg","type":"image\/jpeg"}],"twitter_card":"summary_large_image","twitter_creator":"@portalpanrotas","twitter_site":"@portalpanrotas","twitter_misc":{"Escrito por":"Artur Andrade","Est. tempo de leitura":"2 minutos"},"schema":{"@context":"https:\/\/schema.org","@graph":[{"@type":"Organization","@id":"http:\/\/blog.panrotas.com.br\/semreserva\/#organization","name":"Sem Reserva - Blog no Portal PANROTAS","url":"http:\/\/blog.panrotas.com.br\/semreserva\/","sameAs":["https:\/\/www.facebook.com\/portalpanrotas\/","https:\/\/www.instagram.com\/portalpanrotas\/","https:\/\/br.linkedin.com\/company\/panrotas","https:\/\/www.youtube.com\/tvpanrotas","https:\/\/twitter.com\/portalpanrotas"],"logo":{"@type":"ImageObject","@id":"http:\/\/blog.panrotas.com.br\/semreserva\/#logo","inLanguage":"pt-BR","url":"https:\/\/blog.panrotas.com.br\/semreserva\/wp-content\/uploads\/sites\/5\/2020\/06\/logo.png","contentUrl":"https:\/\/blog.panrotas.com.br\/semreserva\/wp-content\/uploads\/sites\/5\/2020\/06\/logo.png","width":259,"height":53,"caption":"Sem Reserva - Blog no Portal PANROTAS"},"image":{"@id":"http:\/\/blog.panrotas.com.br\/semreserva\/#logo"}},{"@type":"WebSite","@id":"http:\/\/blog.panrotas.com.br\/semreserva\/#website","url":"http:\/\/blog.panrotas.com.br\/semreserva\/","name":"Sem reserva","description":"Blogosfera PANROTAS","publisher":{"@id":"http:\/\/blog.panrotas.com.br\/semreserva\/#organization"},"potentialAction":[{"@type":"SearchAction","target":{"@type":"EntryPoint","urlTemplate":"http:\/\/blog.panrotas.com.br\/semreserva\/?s={search_term_string}"},"query-input":"required name=search_term_string"}],"inLanguage":"pt-BR"},{"@type":"ImageObject","@id":"https:\/\/blog.panrotas.com.br\/semreserva\/espelho-espelho-seu\/12-07-2016\/#primaryimage","inLanguage":"pt-BR","url":"https:\/\/blog.panrotas.com.br\/semreserva\/wp-content\/uploads\/sites\/5\/2016\/07\/dreamstimefree_181269.jpg","contentUrl":"https:\/\/blog.panrotas.com.br\/semreserva\/wp-content\/uploads\/sites\/5\/2016\/07\/dreamstimefree_181269.jpg","width":2048,"height":1536,"caption":"OLYMPUS DIGITAL CAMERA"},{"@type":"WebPage","@id":"https:\/\/blog.panrotas.com.br\/semreserva\/espelho-espelho-seu\/12-07-2016\/#webpage","url":"https:\/\/blog.panrotas.com.br\/semreserva\/espelho-espelho-seu\/12-07-2016\/","name":"Espelho, espelho seu... -","isPartOf":{"@id":"http:\/\/blog.panrotas.com.br\/semreserva\/#website"},"primaryImageOfPage":{"@id":"https:\/\/blog.panrotas.com.br\/semreserva\/espelho-espelho-seu\/12-07-2016\/#primaryimage"},"datePublished":"2016-07-12T22:56:58+00:00","dateModified":"2016-07-12T22:56:58+00:00","description":"Espelho, espelho seu.... Confira essa Mat\u00e9ria no Canal Sem reserva. \u27a4 Projeto em parceria com a PANROTAS.","breadcrumb":{"@id":"https:\/\/blog.panrotas.com.br\/semreserva\/espelho-espelho-seu\/12-07-2016\/#breadcrumb"},"inLanguage":"pt-BR","potentialAction":[{"@type":"ReadAction","target":["https:\/\/blog.panrotas.com.br\/semreserva\/espelho-espelho-seu\/12-07-2016\/"]}]},{"@type":"BreadcrumbList","@id":"https:\/\/blog.panrotas.com.br\/semreserva\/espelho-espelho-seu\/12-07-2016\/#breadcrumb","itemListElement":[{"@type":"ListItem","position":1,"name":"Home do Blog","item":"http:\/\/blog.panrotas.com.br\/semreserva\/"},{"@type":"ListItem","position":2,"name":"Dia a dia","item":"https:\/\/blog.panrotas.com.br\/semreserva\/category\/dia-a-dia\/"},{"@type":"ListItem","position":3,"name":"Espelho, espelho seu&#8230;"}]},{"@type":"Article","@id":"https:\/\/blog.panrotas.com.br\/semreserva\/espelho-espelho-seu\/12-07-2016\/#article","isPartOf":{"@id":"https:\/\/blog.panrotas.com.br\/semreserva\/espelho-espelho-seu\/12-07-2016\/#webpage"},"author":{"@id":"http:\/\/blog.panrotas.com.br\/semreserva\/#\/schema\/person\/c93b4555f6a497d2d83c25dcb80f61ed"},"headline":"Espelho, espelho seu&#8230;","datePublished":"2016-07-12T22:56:58+00:00","dateModified":"2016-07-12T22:56:58+00:00","mainEntityOfPage":{"@id":"https:\/\/blog.panrotas.com.br\/semreserva\/espelho-espelho-seu\/12-07-2016\/#webpage"},"wordCount":458,"commentCount":0,"publisher":{"@id":"http:\/\/blog.panrotas.com.br\/semreserva\/#organization"},"image":{"@id":"https:\/\/blog.panrotas.com.br\/semreserva\/espelho-espelho-seu\/12-07-2016\/#primaryimage"},"thumbnailUrl":"https:\/\/blog.panrotas.com.br\/semreserva\/wp-content\/uploads\/sites\/5\/2016\/07\/dreamstimefree_181269.jpg","articleSection":["Dia a dia"],"inLanguage":"pt-BR","potentialAction":[{"@type":"CommentAction","name":"Comment","target":["https:\/\/blog.panrotas.com.br\/semreserva\/espelho-espelho-seu\/12-07-2016\/#respond"]}]},{"@type":"Person","@id":"http:\/\/blog.panrotas.com.br\/semreserva\/#\/schema\/person\/c93b4555f6a497d2d83c25dcb80f61ed","name":"Artur Andrade","image":{"@type":"ImageObject","@id":"http:\/\/blog.panrotas.com.br\/semreserva\/#personlogo","inLanguage":"pt-BR","url":"https:\/\/secure.gravatar.com\/avatar\/a94564d630220cefd5c82f3452ac1ef4?s=96&d=mm&r=g","contentUrl":"https:\/\/secure.gravatar.com\/avatar\/a94564d630220cefd5c82f3452ac1ef4?s=96&d=mm&r=g","caption":"Artur Andrade"},"description":"Artur Luiz Andrade \u00e9 carioca, taurino, jornalista e nasceu em 1969. \u00c9 editor-chefe da PANROTAS Editora e mora em S\u00e3o Paulo desde 1998","sameAs":["http:\/\/www.panrotas.com.br"]}]}},"jetpack_featured_media_url":"https:\/\/blog.panrotas.com.br\/semreserva\/wp-content\/uploads\/sites\/5\/2016\/07\/dreamstimefree_181269.jpg","jetpack_shortlink":"https:\/\/wp.me\/p7idIU-1cq","_links":{"self":[{"href":"https:\/\/blog.panrotas.com.br\/semreserva\/wp-json\/wp\/v2\/posts\/4614"}],"collection":[{"href":"https:\/\/blog.panrotas.com.br\/semreserva\/wp-json\/wp\/v2\/posts"}],"about":[{"href":"https:\/\/blog.panrotas.com.br\/semreserva\/wp-json\/wp\/v2\/types\/post"}],"author":[{"embeddable":true,"href":"https:\/\/blog.panrotas.com.br\/semreserva\/wp-json\/wp\/v2\/users\/7"}],"replies":[{"embeddable":true,"href":"https:\/\/blog.panrotas.com.br\/semreserva\/wp-json\/wp\/v2\/comments?post=4614"}],"version-history":[{"count":0,"href":"https:\/\/blog.panrotas.com.br\/semreserva\/wp-json\/wp\/v2\/posts\/4614\/revisions"}],"wp:featuredmedia":[{"embeddable":true,"href":"https:\/\/blog.panrotas.com.br\/semreserva\/wp-json\/wp\/v2\/media\/4615"}],"wp:attachment":[{"href":"https:\/\/blog.panrotas.com.br\/semreserva\/wp-json\/wp\/v2\/media?parent=4614"}],"wp:term":[{"taxonomy":"category","embeddable":true,"href":"https:\/\/blog.panrotas.com.br\/semreserva\/wp-json\/wp\/v2\/categories?post=4614"},{"taxonomy":"post_tag","embeddable":true,"href":"https:\/\/blog.panrotas.com.br\/semreserva\/wp-json\/wp\/v2\/tags?post=4614"}],"curies":[{"name":"wp","href":"https:\/\/api.w.org\/{rel}","templated":true}]}}