{"id":4620,"date":"2016-08-06T00:50:50","date_gmt":"2016-08-06T03:50:50","guid":{"rendered":"http:\/\/blog.panrotas.com.br\/semreserva\/?p=4620"},"modified":"2016-08-06T00:50:50","modified_gmt":"2016-08-06T03:50:50","slug":"quando-marisa-monte-nao-fez-a-menor-falta","status":"publish","type":"post","link":"https:\/\/blog.panrotas.com.br\/semreserva\/quando-marisa-monte-nao-fez-a-menor-falta\/06-08-2016\/","title":{"rendered":"Quando Marisa Monte n\u00e3o fez a menor falta"},"content":{"rendered":"<p>E pra voc\u00ea que torceu contra&#8230; aquele abra\u00e7o. Passamos no teste da cerim\u00f4nia de abertura, com direito a mostrar ao mundo imagens bel\u00edssimas a\u00e9reas do Rio, nossa criatividade, alegria, cultura, samba no p\u00e9, ritmos incr\u00edveis&#8230;<\/p>\n<p>&nbsp;<\/p>\n<p>Uma abertura &#8220;simples&#8221; mas complexa em sua simplicidade, com momentos inesquec\u00edveis: Gisele, Jobim, o 14 Bis, os aros ol\u00edmpicos com plantas, a pira solar, Vanderlei Cordeiro, Hort\u00eancia e Guga com a tocha, o parkour sobre os pr\u00e9dios, os \u00edndios e os escravos negros (p\u00e1gina infeliz de nossa hist\u00f3ria que virou nossa for\u00e7a na mistura que induz e leva naturalmente \u00e0 toler\u00e2ncia \u00e0 diversidade), o Brasil colorido.<\/p>\n<p>&nbsp;<\/p>\n<p>Dava para ver ali o dedo de cada estilo musical ou de cada tend\u00eancia de nossa cultura. Incluindo a cultura de vaiar e a vaia a Temer foi sim um dos pontos altos da festa, assim como Paulinho da Viola cantando o Hino Nacional.<\/p>\n<p>&nbsp;<\/p>\n<p>Pra que tanto discurso? Carlos Nuzman parecia que ia desmaiar e ainda confundiu success com sex hahaha Ser\u00e1 a idade? Muita obviedade nos discursos, mas lindo o pr\u00eamio ao pioneiro do atletismo queniano Kip Keino.<\/p>\n<p>&nbsp;<\/p>\n<p>Teve Niemeyer, teve Drummond, teve Deborah Colker, teve Anitta (linda e cantando bem)&#8230; Teve Elza Soares de cadeira de rodas, Gil sa\u00eddo do hospital, Caetano sendo Caetano&#8230; Dizem que Marisa Monte, nossa diva blas\u00e9 (que eu amo e vou a todos os shows) recusou participar. N\u00e3o fez a menor falta. Foi uma cerim\u00f4nia de emo\u00e7\u00e3o e ela anda muito cerebral&#8230;<\/p>\n<p>&nbsp;<\/p>\n<p>Tamb\u00e9m foi \u00f3timo ver os aplausos para a delega\u00e7\u00e3o de Portugal e v\u00e1rios pa\u00edses latino-americanos, as brincadeiras com os argentinos, a delega\u00e7\u00e3o dos refugiados, os filmes muito bem produzidos (como a c\u00e2mera que pegou os capoeiristas de baixo), as baterias das escolas&#8230; e que fogos de artif\u00edcio!!! Contrata para Copacabana de vez.<\/p>\n<p>&nbsp;<\/p>\n<p>Bola fora foi Galv\u00e3o Bueno falando mais que o homem da cobra (mas eu como carioca sou viciado em Globo&#8230;o tal padr\u00e3o de qualidade que est\u00e1 muito bom). N\u00e3o tinha tecla SAP para calar o Galv\u00e3o.<\/p>\n<p>&nbsp;<\/p>\n<p>A pira do povo, acesa por um menino de 14 anos em frente \u00e0 Candel\u00e1ria, onde foram mortos outros meninos da mesma idade&#8230; Mais simbologia.<\/p>\n<p>&nbsp;<\/p>\n<p>Falta praticar tudo o que se pregou? Claro. Mas \u00e9 um come\u00e7o. Sementes plantadas. E o Turismo do Rio e do Brasil (que podia ter aparecido mais na festa, mas o Rio \u00e9 mesmo o port\u00e3o de entrada) agradece. Uma publicidade que pode nos render para sempre. A imagem do Cristo Redentor com o Maracan\u00e3 em &#8220;chamas&#8221;&#8230; Uau.<\/p>\n<p>&nbsp;<\/p>\n<p>Por fim, defender a diversidade e a toler\u00e2ncia tem tudo a ver com o Brasil e por isso gostei de uma nordestina, mulher, de um esporte que n\u00e3o \u00e9 de massa, carregado nossa bandeira (Yane Marques). Somos frutos de misturas demasiadas&#8230; Se incomodar com cor da pele ou sexo (al\u00f4 trade do Turismo, excessivamente branco e masculino), religi\u00e3o, forma de se vestir, partido pol\u00edtico, ou o que se faz entre quatro paredes \u00e9 n\u00e3o se importar com a pr\u00f3pria vida.<\/p>\n<p>&nbsp;<\/p>\n<p>Rio 2016. Recado dado.<\/p>\n<p>&nbsp;<\/p>\n<p>Ansioso para visitar a cidade ol\u00edmpica.<\/p>\n<p>&nbsp;<\/p>\n<p>PS1: foto da Ag\u00eancia Brasil<\/p>\n<p>Ps2: Tonga foi colocada no mapa<\/p>\n","protected":false},"excerpt":{"rendered":"<p>E pra voc\u00ea que torceu contra&#8230; aquele abra\u00e7o. Passamos no teste da cerim\u00f4nia de abertura, com direito a mostrar ao mundo imagens bel\u00edssimas a\u00e9reas do Rio, nossa criatividade, alegria, cultura, samba no p\u00e9, ritmos incr\u00edveis&#8230; &nbsp; Uma abertura &#8220;simples&#8221; mas complexa em sua simplicidade, com momentos inesquec\u00edveis: Gisele, Jobim, o 14 Bis, os aros ol\u00edmpicos [&hellip;]<\/p>\n","protected":false},"author":7,"featured_media":4621,"comment_status":"open","ping_status":"open","sticky":false,"template":"","format":"standard","meta":{"spay_email":""},"categories":[2],"tags":[],"yoast_head":"<!-- This site is optimized with the Yoast SEO plugin v17.3 - https:\/\/yoast.com\/wordpress\/plugins\/seo\/ -->\n<title>Quando Marisa Monte n\u00e3o fez a menor falta -<\/title>\n<meta name=\"description\" content=\"Quando Marisa Monte n\u00e3o fez a menor falta. Confira essa Mat\u00e9ria no Canal Sem reserva. \u27a4 Projeto em parceria com a PANROTAS.\" \/>\n<meta name=\"robots\" content=\"index, follow, max-snippet:-1, max-image-preview:large, max-video-preview:-1\" \/>\n<link rel=\"canonical\" href=\"https:\/\/blog.panrotas.com.br\/semreserva\/quando-marisa-monte-nao-fez-a-menor-falta\/06-08-2016\/\" \/>\n<meta property=\"og:locale\" content=\"pt_BR\" \/>\n<meta property=\"og:type\" content=\"article\" \/>\n<meta property=\"og:title\" content=\"Quando Marisa Monte n\u00e3o fez a menor falta -\" \/>\n<meta property=\"og:description\" content=\"Quando Marisa Monte n\u00e3o fez a menor falta. Confira essa Mat\u00e9ria no Canal Sem reserva. \u27a4 Projeto em parceria com a PANROTAS.\" \/>\n<meta property=\"og:url\" content=\"https:\/\/blog.panrotas.com.br\/semreserva\/quando-marisa-monte-nao-fez-a-menor-falta\/06-08-2016\/\" \/>\n<meta property=\"og:site_name\" content=\"Sem reserva\" \/>\n<meta property=\"article:publisher\" content=\"https:\/\/www.facebook.com\/portalpanrotas\/\" \/>\n<meta property=\"article:published_time\" content=\"2016-08-06T03:50:50+00:00\" \/>\n<meta property=\"og:image\" content=\"https:\/\/blog.panrotas.com.br\/semreserva\/wp-content\/uploads\/sites\/5\/2016\/08\/1035341-olimpiadas_abertura-4212.jpg\" \/>\n\t<meta property=\"og:image:width\" content=\"480\" \/>\n\t<meta property=\"og:image:height\" content=\"720\" \/>\n<meta name=\"twitter:card\" content=\"summary_large_image\" \/>\n<meta name=\"twitter:creator\" content=\"@portalpanrotas\" \/>\n<meta name=\"twitter:site\" content=\"@portalpanrotas\" \/>\n<meta name=\"twitter:label1\" content=\"Escrito por\" \/>\n\t<meta name=\"twitter:data1\" content=\"Artur Andrade\" \/>\n\t<meta name=\"twitter:label2\" content=\"Est. tempo de leitura\" \/>\n\t<meta name=\"twitter:data2\" content=\"3 minutos\" \/>\n<script type=\"application\/ld+json\" class=\"yoast-schema-graph\">{\"@context\":\"https:\/\/schema.org\",\"@graph\":[{\"@type\":\"Organization\",\"@id\":\"http:\/\/blog.panrotas.com.br\/semreserva\/#organization\",\"name\":\"Sem Reserva - Blog no Portal PANROTAS\",\"url\":\"http:\/\/blog.panrotas.com.br\/semreserva\/\",\"sameAs\":[\"https:\/\/www.facebook.com\/portalpanrotas\/\",\"https:\/\/www.instagram.com\/portalpanrotas\/\",\"https:\/\/br.linkedin.com\/company\/panrotas\",\"https:\/\/www.youtube.com\/tvpanrotas\",\"https:\/\/twitter.com\/portalpanrotas\"],\"logo\":{\"@type\":\"ImageObject\",\"@id\":\"http:\/\/blog.panrotas.com.br\/semreserva\/#logo\",\"inLanguage\":\"pt-BR\",\"url\":\"https:\/\/blog.panrotas.com.br\/semreserva\/wp-content\/uploads\/sites\/5\/2020\/06\/logo.png\",\"contentUrl\":\"https:\/\/blog.panrotas.com.br\/semreserva\/wp-content\/uploads\/sites\/5\/2020\/06\/logo.png\",\"width\":259,\"height\":53,\"caption\":\"Sem Reserva - Blog no Portal PANROTAS\"},\"image\":{\"@id\":\"http:\/\/blog.panrotas.com.br\/semreserva\/#logo\"}},{\"@type\":\"WebSite\",\"@id\":\"http:\/\/blog.panrotas.com.br\/semreserva\/#website\",\"url\":\"http:\/\/blog.panrotas.com.br\/semreserva\/\",\"name\":\"Sem reserva\",\"description\":\"Blogosfera PANROTAS\",\"publisher\":{\"@id\":\"http:\/\/blog.panrotas.com.br\/semreserva\/#organization\"},\"potentialAction\":[{\"@type\":\"SearchAction\",\"target\":{\"@type\":\"EntryPoint\",\"urlTemplate\":\"http:\/\/blog.panrotas.com.br\/semreserva\/?s={search_term_string}\"},\"query-input\":\"required name=search_term_string\"}],\"inLanguage\":\"pt-BR\"},{\"@type\":\"ImageObject\",\"@id\":\"https:\/\/blog.panrotas.com.br\/semreserva\/quando-marisa-monte-nao-fez-a-menor-falta\/06-08-2016\/#primaryimage\",\"inLanguage\":\"pt-BR\",\"url\":\"https:\/\/blog.panrotas.com.br\/semreserva\/wp-content\/uploads\/sites\/5\/2016\/08\/1035341-olimpiadas_abertura-4212.jpg\",\"contentUrl\":\"https:\/\/blog.panrotas.com.br\/semreserva\/wp-content\/uploads\/sites\/5\/2016\/08\/1035341-olimpiadas_abertura-4212.jpg\",\"width\":480,\"height\":720,\"caption\":\"Rio de Janeiro - Cerim\\u00f4nia de abertura dos Jogos Ol\\u00edmpicos Rio 2016 no Est\\u00e1dio do Maracan\\u00e3. (Fernando Fraz\\u00e3o\/Ag\\u00eancia Brasil)\"},{\"@type\":\"WebPage\",\"@id\":\"https:\/\/blog.panrotas.com.br\/semreserva\/quando-marisa-monte-nao-fez-a-menor-falta\/06-08-2016\/#webpage\",\"url\":\"https:\/\/blog.panrotas.com.br\/semreserva\/quando-marisa-monte-nao-fez-a-menor-falta\/06-08-2016\/\",\"name\":\"Quando Marisa Monte n\\u00e3o fez a menor falta -\",\"isPartOf\":{\"@id\":\"http:\/\/blog.panrotas.com.br\/semreserva\/#website\"},\"primaryImageOfPage\":{\"@id\":\"https:\/\/blog.panrotas.com.br\/semreserva\/quando-marisa-monte-nao-fez-a-menor-falta\/06-08-2016\/#primaryimage\"},\"datePublished\":\"2016-08-06T03:50:50+00:00\",\"dateModified\":\"2016-08-06T03:50:50+00:00\",\"description\":\"Quando Marisa Monte n\\u00e3o fez a menor falta. Confira essa Mat\\u00e9ria no Canal Sem reserva. \\u27a4 Projeto em parceria com a PANROTAS.\",\"breadcrumb\":{\"@id\":\"https:\/\/blog.panrotas.com.br\/semreserva\/quando-marisa-monte-nao-fez-a-menor-falta\/06-08-2016\/#breadcrumb\"},\"inLanguage\":\"pt-BR\",\"potentialAction\":[{\"@type\":\"ReadAction\",\"target\":[\"https:\/\/blog.panrotas.com.br\/semreserva\/quando-marisa-monte-nao-fez-a-menor-falta\/06-08-2016\/\"]}]},{\"@type\":\"BreadcrumbList\",\"@id\":\"https:\/\/blog.panrotas.com.br\/semreserva\/quando-marisa-monte-nao-fez-a-menor-falta\/06-08-2016\/#breadcrumb\",\"itemListElement\":[{\"@type\":\"ListItem\",\"position\":1,\"name\":\"Home do Blog\",\"item\":\"http:\/\/blog.panrotas.com.br\/semreserva\/\"},{\"@type\":\"ListItem\",\"position\":2,\"name\":\"Dia a dia\",\"item\":\"https:\/\/blog.panrotas.com.br\/semreserva\/category\/dia-a-dia\/\"},{\"@type\":\"ListItem\",\"position\":3,\"name\":\"Quando Marisa Monte n\\u00e3o fez a menor falta\"}]},{\"@type\":\"Article\",\"@id\":\"https:\/\/blog.panrotas.com.br\/semreserva\/quando-marisa-monte-nao-fez-a-menor-falta\/06-08-2016\/#article\",\"isPartOf\":{\"@id\":\"https:\/\/blog.panrotas.com.br\/semreserva\/quando-marisa-monte-nao-fez-a-menor-falta\/06-08-2016\/#webpage\"},\"author\":{\"@id\":\"http:\/\/blog.panrotas.com.br\/semreserva\/#\/schema\/person\/c93b4555f6a497d2d83c25dcb80f61ed\"},\"headline\":\"Quando Marisa Monte n\\u00e3o fez a menor falta\",\"datePublished\":\"2016-08-06T03:50:50+00:00\",\"dateModified\":\"2016-08-06T03:50:50+00:00\",\"mainEntityOfPage\":{\"@id\":\"https:\/\/blog.panrotas.com.br\/semreserva\/quando-marisa-monte-nao-fez-a-menor-falta\/06-08-2016\/#webpage\"},\"wordCount\":565,\"commentCount\":0,\"publisher\":{\"@id\":\"http:\/\/blog.panrotas.com.br\/semreserva\/#organization\"},\"image\":{\"@id\":\"https:\/\/blog.panrotas.com.br\/semreserva\/quando-marisa-monte-nao-fez-a-menor-falta\/06-08-2016\/#primaryimage\"},\"thumbnailUrl\":\"https:\/\/blog.panrotas.com.br\/semreserva\/wp-content\/uploads\/sites\/5\/2016\/08\/1035341-olimpiadas_abertura-4212.jpg\",\"articleSection\":[\"Dia a dia\"],\"inLanguage\":\"pt-BR\",\"potentialAction\":[{\"@type\":\"CommentAction\",\"name\":\"Comment\",\"target\":[\"https:\/\/blog.panrotas.com.br\/semreserva\/quando-marisa-monte-nao-fez-a-menor-falta\/06-08-2016\/#respond\"]}]},{\"@type\":\"Person\",\"@id\":\"http:\/\/blog.panrotas.com.br\/semreserva\/#\/schema\/person\/c93b4555f6a497d2d83c25dcb80f61ed\",\"name\":\"Artur Andrade\",\"image\":{\"@type\":\"ImageObject\",\"@id\":\"http:\/\/blog.panrotas.com.br\/semreserva\/#personlogo\",\"inLanguage\":\"pt-BR\",\"url\":\"https:\/\/secure.gravatar.com\/avatar\/a94564d630220cefd5c82f3452ac1ef4?s=96&d=mm&r=g\",\"contentUrl\":\"https:\/\/secure.gravatar.com\/avatar\/a94564d630220cefd5c82f3452ac1ef4?s=96&d=mm&r=g\",\"caption\":\"Artur Andrade\"},\"description\":\"Artur Luiz Andrade \\u00e9 carioca, taurino, jornalista e nasceu em 1969. \\u00c9 editor-chefe da PANROTAS Editora e mora em S\\u00e3o Paulo desde 1998\",\"sameAs\":[\"http:\/\/www.panrotas.com.br\"]}]}<\/script>\n<!-- \/ Yoast SEO plugin. -->","yoast_head_json":{"title":"Quando Marisa Monte n\u00e3o fez a menor falta -","description":"Quando Marisa Monte n\u00e3o fez a menor falta. Confira essa Mat\u00e9ria no Canal Sem reserva. \u27a4 Projeto em parceria com a PANROTAS.","robots":{"index":"index","follow":"follow","max-snippet":"max-snippet:-1","max-image-preview":"max-image-preview:large","max-video-preview":"max-video-preview:-1"},"canonical":"https:\/\/blog.panrotas.com.br\/semreserva\/quando-marisa-monte-nao-fez-a-menor-falta\/06-08-2016\/","og_locale":"pt_BR","og_type":"article","og_title":"Quando Marisa Monte n\u00e3o fez a menor falta -","og_description":"Quando Marisa Monte n\u00e3o fez a menor falta. Confira essa Mat\u00e9ria no Canal Sem reserva. \u27a4 Projeto em parceria com a PANROTAS.","og_url":"https:\/\/blog.panrotas.com.br\/semreserva\/quando-marisa-monte-nao-fez-a-menor-falta\/06-08-2016\/","og_site_name":"Sem reserva","article_publisher":"https:\/\/www.facebook.com\/portalpanrotas\/","article_published_time":"2016-08-06T03:50:50+00:00","og_image":[{"width":480,"height":720,"url":"https:\/\/blog.panrotas.com.br\/semreserva\/wp-content\/uploads\/sites\/5\/2016\/08\/1035341-olimpiadas_abertura-4212.jpg","type":"image\/jpeg"}],"twitter_card":"summary_large_image","twitter_creator":"@portalpanrotas","twitter_site":"@portalpanrotas","twitter_misc":{"Escrito por":"Artur Andrade","Est. tempo de leitura":"3 minutos"},"schema":{"@context":"https:\/\/schema.org","@graph":[{"@type":"Organization","@id":"http:\/\/blog.panrotas.com.br\/semreserva\/#organization","name":"Sem Reserva - Blog no Portal PANROTAS","url":"http:\/\/blog.panrotas.com.br\/semreserva\/","sameAs":["https:\/\/www.facebook.com\/portalpanrotas\/","https:\/\/www.instagram.com\/portalpanrotas\/","https:\/\/br.linkedin.com\/company\/panrotas","https:\/\/www.youtube.com\/tvpanrotas","https:\/\/twitter.com\/portalpanrotas"],"logo":{"@type":"ImageObject","@id":"http:\/\/blog.panrotas.com.br\/semreserva\/#logo","inLanguage":"pt-BR","url":"https:\/\/blog.panrotas.com.br\/semreserva\/wp-content\/uploads\/sites\/5\/2020\/06\/logo.png","contentUrl":"https:\/\/blog.panrotas.com.br\/semreserva\/wp-content\/uploads\/sites\/5\/2020\/06\/logo.png","width":259,"height":53,"caption":"Sem Reserva - Blog no Portal PANROTAS"},"image":{"@id":"http:\/\/blog.panrotas.com.br\/semreserva\/#logo"}},{"@type":"WebSite","@id":"http:\/\/blog.panrotas.com.br\/semreserva\/#website","url":"http:\/\/blog.panrotas.com.br\/semreserva\/","name":"Sem reserva","description":"Blogosfera PANROTAS","publisher":{"@id":"http:\/\/blog.panrotas.com.br\/semreserva\/#organization"},"potentialAction":[{"@type":"SearchAction","target":{"@type":"EntryPoint","urlTemplate":"http:\/\/blog.panrotas.com.br\/semreserva\/?s={search_term_string}"},"query-input":"required name=search_term_string"}],"inLanguage":"pt-BR"},{"@type":"ImageObject","@id":"https:\/\/blog.panrotas.com.br\/semreserva\/quando-marisa-monte-nao-fez-a-menor-falta\/06-08-2016\/#primaryimage","inLanguage":"pt-BR","url":"https:\/\/blog.panrotas.com.br\/semreserva\/wp-content\/uploads\/sites\/5\/2016\/08\/1035341-olimpiadas_abertura-4212.jpg","contentUrl":"https:\/\/blog.panrotas.com.br\/semreserva\/wp-content\/uploads\/sites\/5\/2016\/08\/1035341-olimpiadas_abertura-4212.jpg","width":480,"height":720,"caption":"Rio de Janeiro - Cerim\u00f4nia de abertura dos Jogos Ol\u00edmpicos Rio 2016 no Est\u00e1dio do Maracan\u00e3. (Fernando Fraz\u00e3o\/Ag\u00eancia Brasil)"},{"@type":"WebPage","@id":"https:\/\/blog.panrotas.com.br\/semreserva\/quando-marisa-monte-nao-fez-a-menor-falta\/06-08-2016\/#webpage","url":"https:\/\/blog.panrotas.com.br\/semreserva\/quando-marisa-monte-nao-fez-a-menor-falta\/06-08-2016\/","name":"Quando Marisa Monte n\u00e3o fez a menor falta -","isPartOf":{"@id":"http:\/\/blog.panrotas.com.br\/semreserva\/#website"},"primaryImageOfPage":{"@id":"https:\/\/blog.panrotas.com.br\/semreserva\/quando-marisa-monte-nao-fez-a-menor-falta\/06-08-2016\/#primaryimage"},"datePublished":"2016-08-06T03:50:50+00:00","dateModified":"2016-08-06T03:50:50+00:00","description":"Quando Marisa Monte n\u00e3o fez a menor falta. Confira essa Mat\u00e9ria no Canal Sem reserva. \u27a4 Projeto em parceria com a PANROTAS.","breadcrumb":{"@id":"https:\/\/blog.panrotas.com.br\/semreserva\/quando-marisa-monte-nao-fez-a-menor-falta\/06-08-2016\/#breadcrumb"},"inLanguage":"pt-BR","potentialAction":[{"@type":"ReadAction","target":["https:\/\/blog.panrotas.com.br\/semreserva\/quando-marisa-monte-nao-fez-a-menor-falta\/06-08-2016\/"]}]},{"@type":"BreadcrumbList","@id":"https:\/\/blog.panrotas.com.br\/semreserva\/quando-marisa-monte-nao-fez-a-menor-falta\/06-08-2016\/#breadcrumb","itemListElement":[{"@type":"ListItem","position":1,"name":"Home do Blog","item":"http:\/\/blog.panrotas.com.br\/semreserva\/"},{"@type":"ListItem","position":2,"name":"Dia a dia","item":"https:\/\/blog.panrotas.com.br\/semreserva\/category\/dia-a-dia\/"},{"@type":"ListItem","position":3,"name":"Quando Marisa Monte n\u00e3o fez a menor falta"}]},{"@type":"Article","@id":"https:\/\/blog.panrotas.com.br\/semreserva\/quando-marisa-monte-nao-fez-a-menor-falta\/06-08-2016\/#article","isPartOf":{"@id":"https:\/\/blog.panrotas.com.br\/semreserva\/quando-marisa-monte-nao-fez-a-menor-falta\/06-08-2016\/#webpage"},"author":{"@id":"http:\/\/blog.panrotas.com.br\/semreserva\/#\/schema\/person\/c93b4555f6a497d2d83c25dcb80f61ed"},"headline":"Quando Marisa Monte n\u00e3o fez a menor falta","datePublished":"2016-08-06T03:50:50+00:00","dateModified":"2016-08-06T03:50:50+00:00","mainEntityOfPage":{"@id":"https:\/\/blog.panrotas.com.br\/semreserva\/quando-marisa-monte-nao-fez-a-menor-falta\/06-08-2016\/#webpage"},"wordCount":565,"commentCount":0,"publisher":{"@id":"http:\/\/blog.panrotas.com.br\/semreserva\/#organization"},"image":{"@id":"https:\/\/blog.panrotas.com.br\/semreserva\/quando-marisa-monte-nao-fez-a-menor-falta\/06-08-2016\/#primaryimage"},"thumbnailUrl":"https:\/\/blog.panrotas.com.br\/semreserva\/wp-content\/uploads\/sites\/5\/2016\/08\/1035341-olimpiadas_abertura-4212.jpg","articleSection":["Dia a dia"],"inLanguage":"pt-BR","potentialAction":[{"@type":"CommentAction","name":"Comment","target":["https:\/\/blog.panrotas.com.br\/semreserva\/quando-marisa-monte-nao-fez-a-menor-falta\/06-08-2016\/#respond"]}]},{"@type":"Person","@id":"http:\/\/blog.panrotas.com.br\/semreserva\/#\/schema\/person\/c93b4555f6a497d2d83c25dcb80f61ed","name":"Artur Andrade","image":{"@type":"ImageObject","@id":"http:\/\/blog.panrotas.com.br\/semreserva\/#personlogo","inLanguage":"pt-BR","url":"https:\/\/secure.gravatar.com\/avatar\/a94564d630220cefd5c82f3452ac1ef4?s=96&d=mm&r=g","contentUrl":"https:\/\/secure.gravatar.com\/avatar\/a94564d630220cefd5c82f3452ac1ef4?s=96&d=mm&r=g","caption":"Artur Andrade"},"description":"Artur Luiz Andrade \u00e9 carioca, taurino, jornalista e nasceu em 1969. \u00c9 editor-chefe da PANROTAS Editora e mora em S\u00e3o Paulo desde 1998","sameAs":["http:\/\/www.panrotas.com.br"]}]}},"jetpack_featured_media_url":"https:\/\/blog.panrotas.com.br\/semreserva\/wp-content\/uploads\/sites\/5\/2016\/08\/1035341-olimpiadas_abertura-4212.jpg","jetpack_shortlink":"https:\/\/wp.me\/p7idIU-1cw","_links":{"self":[{"href":"https:\/\/blog.panrotas.com.br\/semreserva\/wp-json\/wp\/v2\/posts\/4620"}],"collection":[{"href":"https:\/\/blog.panrotas.com.br\/semreserva\/wp-json\/wp\/v2\/posts"}],"about":[{"href":"https:\/\/blog.panrotas.com.br\/semreserva\/wp-json\/wp\/v2\/types\/post"}],"author":[{"embeddable":true,"href":"https:\/\/blog.panrotas.com.br\/semreserva\/wp-json\/wp\/v2\/users\/7"}],"replies":[{"embeddable":true,"href":"https:\/\/blog.panrotas.com.br\/semreserva\/wp-json\/wp\/v2\/comments?post=4620"}],"version-history":[{"count":0,"href":"https:\/\/blog.panrotas.com.br\/semreserva\/wp-json\/wp\/v2\/posts\/4620\/revisions"}],"wp:featuredmedia":[{"embeddable":true,"href":"https:\/\/blog.panrotas.com.br\/semreserva\/wp-json\/wp\/v2\/media\/4621"}],"wp:attachment":[{"href":"https:\/\/blog.panrotas.com.br\/semreserva\/wp-json\/wp\/v2\/media?parent=4620"}],"wp:term":[{"taxonomy":"category","embeddable":true,"href":"https:\/\/blog.panrotas.com.br\/semreserva\/wp-json\/wp\/v2\/categories?post=4620"},{"taxonomy":"post_tag","embeddable":true,"href":"https:\/\/blog.panrotas.com.br\/semreserva\/wp-json\/wp\/v2\/tags?post=4620"}],"curies":[{"name":"wp","href":"https:\/\/api.w.org\/{rel}","templated":true}]}}