{"id":4624,"date":"2016-08-10T15:54:47","date_gmt":"2016-08-10T18:54:47","guid":{"rendered":"http:\/\/blog.panrotas.com.br\/semreserva\/?p=4624"},"modified":"2016-08-10T15:54:47","modified_gmt":"2016-08-10T18:54:47","slug":"vivendo-na-transicao-eterna","status":"publish","type":"post","link":"https:\/\/blog.panrotas.com.br\/semreserva\/vivendo-na-transicao-eterna\/10-08-2016\/","title":{"rendered":"Vivendo na transi\u00e7\u00e3o eterna"},"content":{"rendered":"<p>Quem passa dos 40 sabe o que \u00e9 isso&#8230; Ou dos 30, dos 20&#8230; dessas idades &#8220;emblem\u00e1ticas&#8221;. Pode ser aos 43 tamb\u00e9m. Ou aos 57. Nossa mente ou nosso esp\u00edrito sabem que temos uma idade, nosso corpo ou nosso aprendizado acumulado contestam e dizem que n\u00e3o \u00e9 bem assim. O importante \u00e9 estar consciente de que vivemos sempre em transi\u00e7\u00e3o e que nosso reinado (como gera\u00e7\u00e3o dominante) dura muito pouco. Mas o importante mesmo n\u00e3o \u00e9 reinar e sim conviver.<\/p>\n<p>&nbsp;<\/p>\n<p>O Rio Ol\u00edmpico, onde estou esta semana, est\u00e1 dando um show em conviv\u00eancia de gera\u00e7\u00f5es, nacionalidades, ra\u00e7as, classes sociais&#8230; Todo mundo junto e misturado, se cruzando pelas ruas, metr\u00f4s e locais oficiais. A Olimp\u00edada, vale ressaltar, \u00e9 um grande momento de transi\u00e7\u00e3o. Como vai ser nossa ressaca ol\u00edmpica? Como ficar\u00e3o os que deixar\u00e3o de trabalhar no evento? Captaremos outros grandes eventos? E a auto estima do carioca? E os pol\u00edticos chamuscados? Temos elei\u00e7\u00e3o pela frente. Temos hot\u00e9is para lotar. Temos donos de carros e apartamentos que investiram na economia compartilhada. Temos in\u00fameras gera\u00e7\u00f5es para alimentar e bem receber.<\/p>\n<p>&nbsp;<\/p>\n<p>O Turismo, j\u00e1 abordei esse tema v\u00e1rias vezes, vive de crises e transi\u00e7\u00f5es tamb\u00e9m. As empresas familiares que o digam. E o que \u00e9 se n\u00e3o uma crise de transi\u00e7\u00e3o essa briga dos antigos franqueados da CVC com a empresa? A era do fio do bigode acabou. E o Turismo vive de novos contratos. Mas&#8230; onde ficam os relacionamentos? N\u00e3o \u00e9 f\u00e1cil viver na transi\u00e7\u00e3o. Nem prever o que vem no breve momento depois dela, at\u00e9 que chegue nova transi\u00e7\u00e3o&#8230;<\/p>\n<p>&nbsp;<\/p>\n<p>Mais transi\u00e7\u00e3o: a novela que j\u00e1 virou a hist\u00f3ria das OTAs com os hot\u00e9is. Pior, tudo que j\u00e1 ocorreu l\u00e1 fora. Contratos assinados e contestados. Arrependimento ou m\u00e1 gest\u00e3o? Abuso de poder econ\u00f4mico ou modelos ultrapassados? Choro ou raz\u00e3o? Sempre disse que essa hist\u00f3ria de desintermedia\u00e7\u00e3o era balela. Trocaram apenas os players. Hoje um hotel depende, para vender seus quartos, de desenvolvedores, integradores, OTAs, canais alternativos, ag\u00eancias tradicionais, TMCs, igrejas, associa\u00e7\u00f5es, h\u00f3spedes frequentes (e o h\u00f3spede, no final, vai ser o fiel da balan\u00e7a, se gosta ou n\u00e3o do que experimentou)&#8230; e o Google, claro. Com suas palavrinhas caras&#8230; ops m\u00e1gicas. \u00c9 de enlouquecer qualquer um.<\/p>\n<p>&nbsp;<\/p>\n<p>N\u00e3o ensinaram gest\u00e3o e matem\u00e1tica na faculdade de Hotelaria ou Turismo? Outro momento de transi\u00e7\u00e3o&#8230; Me contaram que apenas seis estudantes se formaram no ano passado em Turismo na Anhembi Morumbi. Ser\u00e1 verdade? Acad\u00eamicos, me digam se \u00e9 verdade pls&#8230; Ali\u00e1s&#8230; e a transi\u00e7\u00e3o da Academia? Continuam distantes ou \u00e9 s\u00f3 impress\u00e3o minha? Essa frase vai gerar bordoadas&#8230; mas venham com carinho. E mente aberta.<\/p>\n<p>&nbsp;<\/p>\n<p>Afinal, estamos em transi\u00e7\u00e3o.<\/p>\n","protected":false},"excerpt":{"rendered":"<p>Quem passa dos 40 sabe o que \u00e9 isso&#8230; Ou dos 30, dos 20&#8230; dessas idades &#8220;emblem\u00e1ticas&#8221;. Pode ser aos 43 tamb\u00e9m. Ou aos 57. Nossa mente ou nosso esp\u00edrito sabem que temos uma idade, nosso corpo ou nosso aprendizado acumulado contestam e dizem que n\u00e3o \u00e9 bem assim. O importante \u00e9 estar consciente de [&hellip;]<\/p>\n","protected":false},"author":7,"featured_media":4625,"comment_status":"open","ping_status":"open","sticky":false,"template":"","format":"standard","meta":{"spay_email":""},"categories":[2],"tags":[],"yoast_head":"<!-- This site is optimized with the Yoast SEO plugin v17.3 - https:\/\/yoast.com\/wordpress\/plugins\/seo\/ -->\n<title>Vivendo na transi\u00e7\u00e3o eterna -<\/title>\n<meta name=\"description\" content=\"Vivendo na transi\u00e7\u00e3o eterna. Confira essa Mat\u00e9ria no Canal Sem reserva. \u27a4 Projeto em parceria com a PANROTAS.\" \/>\n<meta name=\"robots\" content=\"index, follow, max-snippet:-1, max-image-preview:large, max-video-preview:-1\" \/>\n<link rel=\"canonical\" href=\"https:\/\/blog.panrotas.com.br\/semreserva\/vivendo-na-transicao-eterna\/10-08-2016\/\" \/>\n<meta property=\"og:locale\" content=\"pt_BR\" \/>\n<meta property=\"og:type\" content=\"article\" \/>\n<meta property=\"og:title\" content=\"Vivendo na transi\u00e7\u00e3o eterna -\" \/>\n<meta property=\"og:description\" content=\"Vivendo na transi\u00e7\u00e3o eterna. Confira essa Mat\u00e9ria no Canal Sem reserva. \u27a4 Projeto em parceria com a PANROTAS.\" \/>\n<meta property=\"og:url\" content=\"https:\/\/blog.panrotas.com.br\/semreserva\/vivendo-na-transicao-eterna\/10-08-2016\/\" \/>\n<meta property=\"og:site_name\" content=\"Sem reserva\" \/>\n<meta property=\"article:publisher\" content=\"https:\/\/www.facebook.com\/portalpanrotas\/\" \/>\n<meta property=\"article:published_time\" content=\"2016-08-10T18:54:47+00:00\" \/>\n<meta property=\"og:image\" content=\"https:\/\/blog.panrotas.com.br\/semreserva\/wp-content\/uploads\/sites\/5\/2016\/08\/aDSC5635.jpg\" \/>\n\t<meta property=\"og:image:width\" content=\"670\" \/>\n\t<meta property=\"og:image:height\" content=\"400\" \/>\n<meta name=\"twitter:card\" content=\"summary_large_image\" \/>\n<meta name=\"twitter:creator\" content=\"@portalpanrotas\" \/>\n<meta name=\"twitter:site\" content=\"@portalpanrotas\" \/>\n<meta name=\"twitter:label1\" content=\"Escrito por\" \/>\n\t<meta name=\"twitter:data1\" content=\"Artur Andrade\" \/>\n\t<meta name=\"twitter:label2\" content=\"Est. tempo de leitura\" \/>\n\t<meta name=\"twitter:data2\" content=\"2 minutos\" \/>\n<script type=\"application\/ld+json\" class=\"yoast-schema-graph\">{\"@context\":\"https:\/\/schema.org\",\"@graph\":[{\"@type\":\"Organization\",\"@id\":\"http:\/\/blog.panrotas.com.br\/semreserva\/#organization\",\"name\":\"Sem Reserva - Blog no Portal PANROTAS\",\"url\":\"http:\/\/blog.panrotas.com.br\/semreserva\/\",\"sameAs\":[\"https:\/\/www.facebook.com\/portalpanrotas\/\",\"https:\/\/www.instagram.com\/portalpanrotas\/\",\"https:\/\/br.linkedin.com\/company\/panrotas\",\"https:\/\/www.youtube.com\/tvpanrotas\",\"https:\/\/twitter.com\/portalpanrotas\"],\"logo\":{\"@type\":\"ImageObject\",\"@id\":\"http:\/\/blog.panrotas.com.br\/semreserva\/#logo\",\"inLanguage\":\"pt-BR\",\"url\":\"https:\/\/blog.panrotas.com.br\/semreserva\/wp-content\/uploads\/sites\/5\/2020\/06\/logo.png\",\"contentUrl\":\"https:\/\/blog.panrotas.com.br\/semreserva\/wp-content\/uploads\/sites\/5\/2020\/06\/logo.png\",\"width\":259,\"height\":53,\"caption\":\"Sem Reserva - Blog no Portal PANROTAS\"},\"image\":{\"@id\":\"http:\/\/blog.panrotas.com.br\/semreserva\/#logo\"}},{\"@type\":\"WebSite\",\"@id\":\"http:\/\/blog.panrotas.com.br\/semreserva\/#website\",\"url\":\"http:\/\/blog.panrotas.com.br\/semreserva\/\",\"name\":\"Sem reserva\",\"description\":\"Blogosfera PANROTAS\",\"publisher\":{\"@id\":\"http:\/\/blog.panrotas.com.br\/semreserva\/#organization\"},\"potentialAction\":[{\"@type\":\"SearchAction\",\"target\":{\"@type\":\"EntryPoint\",\"urlTemplate\":\"http:\/\/blog.panrotas.com.br\/semreserva\/?s={search_term_string}\"},\"query-input\":\"required name=search_term_string\"}],\"inLanguage\":\"pt-BR\"},{\"@type\":\"ImageObject\",\"@id\":\"https:\/\/blog.panrotas.com.br\/semreserva\/vivendo-na-transicao-eterna\/10-08-2016\/#primaryimage\",\"inLanguage\":\"pt-BR\",\"url\":\"https:\/\/blog.panrotas.com.br\/semreserva\/wp-content\/uploads\/sites\/5\/2016\/08\/aDSC5635.jpg\",\"contentUrl\":\"https:\/\/blog.panrotas.com.br\/semreserva\/wp-content\/uploads\/sites\/5\/2016\/08\/aDSC5635.jpg\",\"width\":670,\"height\":400},{\"@type\":\"WebPage\",\"@id\":\"https:\/\/blog.panrotas.com.br\/semreserva\/vivendo-na-transicao-eterna\/10-08-2016\/#webpage\",\"url\":\"https:\/\/blog.panrotas.com.br\/semreserva\/vivendo-na-transicao-eterna\/10-08-2016\/\",\"name\":\"Vivendo na transi\\u00e7\\u00e3o eterna -\",\"isPartOf\":{\"@id\":\"http:\/\/blog.panrotas.com.br\/semreserva\/#website\"},\"primaryImageOfPage\":{\"@id\":\"https:\/\/blog.panrotas.com.br\/semreserva\/vivendo-na-transicao-eterna\/10-08-2016\/#primaryimage\"},\"datePublished\":\"2016-08-10T18:54:47+00:00\",\"dateModified\":\"2016-08-10T18:54:47+00:00\",\"description\":\"Vivendo na transi\\u00e7\\u00e3o eterna. Confira essa Mat\\u00e9ria no Canal Sem reserva. \\u27a4 Projeto em parceria com a PANROTAS.\",\"breadcrumb\":{\"@id\":\"https:\/\/blog.panrotas.com.br\/semreserva\/vivendo-na-transicao-eterna\/10-08-2016\/#breadcrumb\"},\"inLanguage\":\"pt-BR\",\"potentialAction\":[{\"@type\":\"ReadAction\",\"target\":[\"https:\/\/blog.panrotas.com.br\/semreserva\/vivendo-na-transicao-eterna\/10-08-2016\/\"]}]},{\"@type\":\"BreadcrumbList\",\"@id\":\"https:\/\/blog.panrotas.com.br\/semreserva\/vivendo-na-transicao-eterna\/10-08-2016\/#breadcrumb\",\"itemListElement\":[{\"@type\":\"ListItem\",\"position\":1,\"name\":\"Home do Blog\",\"item\":\"http:\/\/blog.panrotas.com.br\/semreserva\/\"},{\"@type\":\"ListItem\",\"position\":2,\"name\":\"Dia a dia\",\"item\":\"https:\/\/blog.panrotas.com.br\/semreserva\/category\/dia-a-dia\/\"},{\"@type\":\"ListItem\",\"position\":3,\"name\":\"Vivendo na transi\\u00e7\\u00e3o eterna\"}]},{\"@type\":\"Article\",\"@id\":\"https:\/\/blog.panrotas.com.br\/semreserva\/vivendo-na-transicao-eterna\/10-08-2016\/#article\",\"isPartOf\":{\"@id\":\"https:\/\/blog.panrotas.com.br\/semreserva\/vivendo-na-transicao-eterna\/10-08-2016\/#webpage\"},\"author\":{\"@id\":\"http:\/\/blog.panrotas.com.br\/semreserva\/#\/schema\/person\/c93b4555f6a497d2d83c25dcb80f61ed\"},\"headline\":\"Vivendo na transi\\u00e7\\u00e3o eterna\",\"datePublished\":\"2016-08-10T18:54:47+00:00\",\"dateModified\":\"2016-08-10T18:54:47+00:00\",\"mainEntityOfPage\":{\"@id\":\"https:\/\/blog.panrotas.com.br\/semreserva\/vivendo-na-transicao-eterna\/10-08-2016\/#webpage\"},\"wordCount\":483,\"commentCount\":0,\"publisher\":{\"@id\":\"http:\/\/blog.panrotas.com.br\/semreserva\/#organization\"},\"image\":{\"@id\":\"https:\/\/blog.panrotas.com.br\/semreserva\/vivendo-na-transicao-eterna\/10-08-2016\/#primaryimage\"},\"thumbnailUrl\":\"https:\/\/blog.panrotas.com.br\/semreserva\/wp-content\/uploads\/sites\/5\/2016\/08\/aDSC5635.jpg\",\"articleSection\":[\"Dia a dia\"],\"inLanguage\":\"pt-BR\",\"potentialAction\":[{\"@type\":\"CommentAction\",\"name\":\"Comment\",\"target\":[\"https:\/\/blog.panrotas.com.br\/semreserva\/vivendo-na-transicao-eterna\/10-08-2016\/#respond\"]}]},{\"@type\":\"Person\",\"@id\":\"http:\/\/blog.panrotas.com.br\/semreserva\/#\/schema\/person\/c93b4555f6a497d2d83c25dcb80f61ed\",\"name\":\"Artur Andrade\",\"image\":{\"@type\":\"ImageObject\",\"@id\":\"http:\/\/blog.panrotas.com.br\/semreserva\/#personlogo\",\"inLanguage\":\"pt-BR\",\"url\":\"https:\/\/secure.gravatar.com\/avatar\/a94564d630220cefd5c82f3452ac1ef4?s=96&d=mm&r=g\",\"contentUrl\":\"https:\/\/secure.gravatar.com\/avatar\/a94564d630220cefd5c82f3452ac1ef4?s=96&d=mm&r=g\",\"caption\":\"Artur Andrade\"},\"description\":\"Artur Luiz Andrade \\u00e9 carioca, taurino, jornalista e nasceu em 1969. \\u00c9 editor-chefe da PANROTAS Editora e mora em S\\u00e3o Paulo desde 1998\",\"sameAs\":[\"http:\/\/www.panrotas.com.br\"]}]}<\/script>\n<!-- \/ Yoast SEO plugin. -->","yoast_head_json":{"title":"Vivendo na transi\u00e7\u00e3o eterna -","description":"Vivendo na transi\u00e7\u00e3o eterna. Confira essa Mat\u00e9ria no Canal Sem reserva. \u27a4 Projeto em parceria com a PANROTAS.","robots":{"index":"index","follow":"follow","max-snippet":"max-snippet:-1","max-image-preview":"max-image-preview:large","max-video-preview":"max-video-preview:-1"},"canonical":"https:\/\/blog.panrotas.com.br\/semreserva\/vivendo-na-transicao-eterna\/10-08-2016\/","og_locale":"pt_BR","og_type":"article","og_title":"Vivendo na transi\u00e7\u00e3o eterna -","og_description":"Vivendo na transi\u00e7\u00e3o eterna. Confira essa Mat\u00e9ria no Canal Sem reserva. \u27a4 Projeto em parceria com a PANROTAS.","og_url":"https:\/\/blog.panrotas.com.br\/semreserva\/vivendo-na-transicao-eterna\/10-08-2016\/","og_site_name":"Sem reserva","article_publisher":"https:\/\/www.facebook.com\/portalpanrotas\/","article_published_time":"2016-08-10T18:54:47+00:00","og_image":[{"width":670,"height":400,"url":"https:\/\/blog.panrotas.com.br\/semreserva\/wp-content\/uploads\/sites\/5\/2016\/08\/aDSC5635.jpg","type":"image\/jpeg"}],"twitter_card":"summary_large_image","twitter_creator":"@portalpanrotas","twitter_site":"@portalpanrotas","twitter_misc":{"Escrito por":"Artur Andrade","Est. tempo de leitura":"2 minutos"},"schema":{"@context":"https:\/\/schema.org","@graph":[{"@type":"Organization","@id":"http:\/\/blog.panrotas.com.br\/semreserva\/#organization","name":"Sem Reserva - Blog no Portal PANROTAS","url":"http:\/\/blog.panrotas.com.br\/semreserva\/","sameAs":["https:\/\/www.facebook.com\/portalpanrotas\/","https:\/\/www.instagram.com\/portalpanrotas\/","https:\/\/br.linkedin.com\/company\/panrotas","https:\/\/www.youtube.com\/tvpanrotas","https:\/\/twitter.com\/portalpanrotas"],"logo":{"@type":"ImageObject","@id":"http:\/\/blog.panrotas.com.br\/semreserva\/#logo","inLanguage":"pt-BR","url":"https:\/\/blog.panrotas.com.br\/semreserva\/wp-content\/uploads\/sites\/5\/2020\/06\/logo.png","contentUrl":"https:\/\/blog.panrotas.com.br\/semreserva\/wp-content\/uploads\/sites\/5\/2020\/06\/logo.png","width":259,"height":53,"caption":"Sem Reserva - Blog no Portal PANROTAS"},"image":{"@id":"http:\/\/blog.panrotas.com.br\/semreserva\/#logo"}},{"@type":"WebSite","@id":"http:\/\/blog.panrotas.com.br\/semreserva\/#website","url":"http:\/\/blog.panrotas.com.br\/semreserva\/","name":"Sem reserva","description":"Blogosfera PANROTAS","publisher":{"@id":"http:\/\/blog.panrotas.com.br\/semreserva\/#organization"},"potentialAction":[{"@type":"SearchAction","target":{"@type":"EntryPoint","urlTemplate":"http:\/\/blog.panrotas.com.br\/semreserva\/?s={search_term_string}"},"query-input":"required name=search_term_string"}],"inLanguage":"pt-BR"},{"@type":"ImageObject","@id":"https:\/\/blog.panrotas.com.br\/semreserva\/vivendo-na-transicao-eterna\/10-08-2016\/#primaryimage","inLanguage":"pt-BR","url":"https:\/\/blog.panrotas.com.br\/semreserva\/wp-content\/uploads\/sites\/5\/2016\/08\/aDSC5635.jpg","contentUrl":"https:\/\/blog.panrotas.com.br\/semreserva\/wp-content\/uploads\/sites\/5\/2016\/08\/aDSC5635.jpg","width":670,"height":400},{"@type":"WebPage","@id":"https:\/\/blog.panrotas.com.br\/semreserva\/vivendo-na-transicao-eterna\/10-08-2016\/#webpage","url":"https:\/\/blog.panrotas.com.br\/semreserva\/vivendo-na-transicao-eterna\/10-08-2016\/","name":"Vivendo na transi\u00e7\u00e3o eterna -","isPartOf":{"@id":"http:\/\/blog.panrotas.com.br\/semreserva\/#website"},"primaryImageOfPage":{"@id":"https:\/\/blog.panrotas.com.br\/semreserva\/vivendo-na-transicao-eterna\/10-08-2016\/#primaryimage"},"datePublished":"2016-08-10T18:54:47+00:00","dateModified":"2016-08-10T18:54:47+00:00","description":"Vivendo na transi\u00e7\u00e3o eterna. Confira essa Mat\u00e9ria no Canal Sem reserva. \u27a4 Projeto em parceria com a PANROTAS.","breadcrumb":{"@id":"https:\/\/blog.panrotas.com.br\/semreserva\/vivendo-na-transicao-eterna\/10-08-2016\/#breadcrumb"},"inLanguage":"pt-BR","potentialAction":[{"@type":"ReadAction","target":["https:\/\/blog.panrotas.com.br\/semreserva\/vivendo-na-transicao-eterna\/10-08-2016\/"]}]},{"@type":"BreadcrumbList","@id":"https:\/\/blog.panrotas.com.br\/semreserva\/vivendo-na-transicao-eterna\/10-08-2016\/#breadcrumb","itemListElement":[{"@type":"ListItem","position":1,"name":"Home do Blog","item":"http:\/\/blog.panrotas.com.br\/semreserva\/"},{"@type":"ListItem","position":2,"name":"Dia a dia","item":"https:\/\/blog.panrotas.com.br\/semreserva\/category\/dia-a-dia\/"},{"@type":"ListItem","position":3,"name":"Vivendo na transi\u00e7\u00e3o eterna"}]},{"@type":"Article","@id":"https:\/\/blog.panrotas.com.br\/semreserva\/vivendo-na-transicao-eterna\/10-08-2016\/#article","isPartOf":{"@id":"https:\/\/blog.panrotas.com.br\/semreserva\/vivendo-na-transicao-eterna\/10-08-2016\/#webpage"},"author":{"@id":"http:\/\/blog.panrotas.com.br\/semreserva\/#\/schema\/person\/c93b4555f6a497d2d83c25dcb80f61ed"},"headline":"Vivendo na transi\u00e7\u00e3o eterna","datePublished":"2016-08-10T18:54:47+00:00","dateModified":"2016-08-10T18:54:47+00:00","mainEntityOfPage":{"@id":"https:\/\/blog.panrotas.com.br\/semreserva\/vivendo-na-transicao-eterna\/10-08-2016\/#webpage"},"wordCount":483,"commentCount":0,"publisher":{"@id":"http:\/\/blog.panrotas.com.br\/semreserva\/#organization"},"image":{"@id":"https:\/\/blog.panrotas.com.br\/semreserva\/vivendo-na-transicao-eterna\/10-08-2016\/#primaryimage"},"thumbnailUrl":"https:\/\/blog.panrotas.com.br\/semreserva\/wp-content\/uploads\/sites\/5\/2016\/08\/aDSC5635.jpg","articleSection":["Dia a dia"],"inLanguage":"pt-BR","potentialAction":[{"@type":"CommentAction","name":"Comment","target":["https:\/\/blog.panrotas.com.br\/semreserva\/vivendo-na-transicao-eterna\/10-08-2016\/#respond"]}]},{"@type":"Person","@id":"http:\/\/blog.panrotas.com.br\/semreserva\/#\/schema\/person\/c93b4555f6a497d2d83c25dcb80f61ed","name":"Artur Andrade","image":{"@type":"ImageObject","@id":"http:\/\/blog.panrotas.com.br\/semreserva\/#personlogo","inLanguage":"pt-BR","url":"https:\/\/secure.gravatar.com\/avatar\/a94564d630220cefd5c82f3452ac1ef4?s=96&d=mm&r=g","contentUrl":"https:\/\/secure.gravatar.com\/avatar\/a94564d630220cefd5c82f3452ac1ef4?s=96&d=mm&r=g","caption":"Artur Andrade"},"description":"Artur Luiz Andrade \u00e9 carioca, taurino, jornalista e nasceu em 1969. \u00c9 editor-chefe da PANROTAS Editora e mora em S\u00e3o Paulo desde 1998","sameAs":["http:\/\/www.panrotas.com.br"]}]}},"jetpack_featured_media_url":"https:\/\/blog.panrotas.com.br\/semreserva\/wp-content\/uploads\/sites\/5\/2016\/08\/aDSC5635.jpg","jetpack_shortlink":"https:\/\/wp.me\/p7idIU-1cA","_links":{"self":[{"href":"https:\/\/blog.panrotas.com.br\/semreserva\/wp-json\/wp\/v2\/posts\/4624"}],"collection":[{"href":"https:\/\/blog.panrotas.com.br\/semreserva\/wp-json\/wp\/v2\/posts"}],"about":[{"href":"https:\/\/blog.panrotas.com.br\/semreserva\/wp-json\/wp\/v2\/types\/post"}],"author":[{"embeddable":true,"href":"https:\/\/blog.panrotas.com.br\/semreserva\/wp-json\/wp\/v2\/users\/7"}],"replies":[{"embeddable":true,"href":"https:\/\/blog.panrotas.com.br\/semreserva\/wp-json\/wp\/v2\/comments?post=4624"}],"version-history":[{"count":0,"href":"https:\/\/blog.panrotas.com.br\/semreserva\/wp-json\/wp\/v2\/posts\/4624\/revisions"}],"wp:featuredmedia":[{"embeddable":true,"href":"https:\/\/blog.panrotas.com.br\/semreserva\/wp-json\/wp\/v2\/media\/4625"}],"wp:attachment":[{"href":"https:\/\/blog.panrotas.com.br\/semreserva\/wp-json\/wp\/v2\/media?parent=4624"}],"wp:term":[{"taxonomy":"category","embeddable":true,"href":"https:\/\/blog.panrotas.com.br\/semreserva\/wp-json\/wp\/v2\/categories?post=4624"},{"taxonomy":"post_tag","embeddable":true,"href":"https:\/\/blog.panrotas.com.br\/semreserva\/wp-json\/wp\/v2\/tags?post=4624"}],"curies":[{"name":"wp","href":"https:\/\/api.w.org\/{rel}","templated":true}]}}