{"id":4628,"date":"2016-08-16T13:57:32","date_gmt":"2016-08-16T16:57:32","guid":{"rendered":"http:\/\/blog.panrotas.com.br\/semreserva\/?p=4628"},"modified":"2016-08-16T13:57:32","modified_gmt":"2016-08-16T16:57:32","slug":"tem-legado-sim","status":"publish","type":"post","link":"https:\/\/blog.panrotas.com.br\/semreserva\/tem-legado-sim\/16-08-2016\/","title":{"rendered":"Tem legado sim"},"content":{"rendered":"<p>Passei alguns dias no Rio para conferir o clima ol\u00edmpico da cidade e o balan\u00e7o geral foi bastante positivo, tanto do ponto de vista afetivo, pois sou um carioca que sempre torce pela cidade, quanto do profissional, pois estou sempre vendo como o Turismo ir\u00e1 se beneficiar das mais diversas situa\u00e7\u00f5es. Sim, o tr\u00e2nsito est\u00e1 um pouco ca\u00f3tico em alguns pontos, a organiza\u00e7\u00e3o vacila em quest\u00f5es como a \u00e1gua da piscina e a alimenta\u00e7\u00e3o&#8230; mas o todo est\u00e1 fant\u00e1stico.<\/p>\n<p>&nbsp;<\/p>\n<p>O Rio j\u00e1 \u00e9 uma cidade acostumada a essa mistura de nacionalidades, mas durante a Olimp\u00edada isso est\u00e1 sendo exercitado ao extremo. Viramos uma ONU da alegria e da confraterniza\u00e7\u00e3o. A torcida \u00e9 barulhenta e apaixonada (e n\u00e3o \u00e9 violenta, como vimos recentemente na Fran\u00e7a, durante a Eurocopa, para ficarmos em exemplo recente), o carioca e o brasileiro s\u00e3o receptivos, h\u00e1 t\u00e1xi, Uber e metr\u00f4 para todos, tem at\u00e9 VLT. O centro da cidade ganha um impulso definitivo, a hotelaria est\u00e1 reformada e com novos \u00edcones, muitos profissionais conseguiram mostrar seu valor ao mundo e a paisagem \u00e9 um luxo que s\u00f3 engrandece as competi\u00e7\u00f5es.<\/p>\n<p>&nbsp;<\/p>\n<p>Para chegar e sair dos eventos esportivos h\u00e1 uma boa organiza\u00e7\u00e3o, tanto a oficial quanto das empresas privadas. Experimentei uma opera\u00e7\u00e3o com a Latam Travel, saindo do Prodigy Santos Dumont e foi excelente a experi\u00eancia. O lounge deles e o atendimento foi excepcional. Assim como o trabalho da inglesa Cosport, que recebeu o grupo convidado pela United Airlines. \u00a0O acesso de metr\u00f4 at\u00e9 a Barra \u00e9 um achado e a faixa especial para carros \u201col\u00edmpicos\u201d idem.<\/p>\n<p>&nbsp;<\/p>\n<p>A exposi\u00e7\u00e3o \u00e9 enorme para a cidade, mas a experi\u00eancia que os milhares de turistas est\u00e3o tendo vai ser muito mais ben\u00e9fica para o Rio e o Brasil. Ainda h\u00e1 falhas, como o Aeroporto Santos Dumont, mal climatizado e com todos (vou repetir, todos) os banheiros do embarque entupidos e sem descarga quando retornei a S\u00e3o Paulo, mas no geral a infraestrutura melhorou e o cen\u00e1rio natural mais a hospitalidade carioca se encarregam do resto.<\/p>\n<p>&nbsp;<\/p>\n<p>As casas dos pa\u00edses s\u00e3o uma atra\u00e7\u00e3o das Olimp\u00edadas e no Rio todas souberam se beneficiar de estruturas criativas e fant\u00e1sticas. Mesmo as que s\u00e3o somente para convidados proporcionam experi\u00eancias \u00fanicas com a cara de suas delega\u00e7\u00f5es, mas com o astral carioca. Catar, Fran\u00e7a, Gr\u00e3-Bretanha, Dinamarca, Su\u00ed\u00e7a, \u00c1ustria&#8230; at\u00e9 a NBA bombou com uma casa no Boulevard Ol\u00edmpico, onde o Brasil abriu as portas em diversas ocasi\u00f5es para o Turismo. Nossa ind\u00fastria, ali\u00e1s, s\u00f3 ganhou (at\u00e9 o momento) com os jogos: da exposi\u00e7\u00e3o das paisagens a essa diversidade de meios de hospedagem e transporte, das m\u00faltiplas l\u00ednguas faladas \u00e0s op\u00e7\u00f5es gastron\u00f4micas de todo o Pa\u00eds&#8230; o Rio se mostrou \u00fanico e revigorado.<\/p>\n<p><a href=\"http:\/\/blog.panrotas.com.br\/semreserva\/wp-content\/uploads\/2016\/08\/aIMG_4538.jpg\"><img loading=\"lazy\" class=\"alignnone wp-image-4630\" src=\"http:\/\/blog.panrotas.com.br\/semreserva\/wp-content\/uploads\/2016\/08\/aIMG_4538.jpg\" alt=\"aIMG_4538\" width=\"631\" height=\"459\" \/><\/a><\/p>\n<p>O que ser\u00e1 do Rio p\u00f3s-Olimp\u00edada, com tantos quartos de hotel, carros no Uber, apartamentos na Airbnb? Uma cidade mais diversa e completa do que nunca foi, e t\u00e3o linda e receptiva como sempre. Mais que a Copa do Mundo, a Olimp\u00edada, por reunir tantos esportes e tanta gente diferente e apaixonada (no evento da Fifa os torcedores de futebol meio que se igualam) e por celebrar a diversidade e o interc\u00e2mbio (sim, pelo Tinder e Grindr tamb\u00e9m), \u00e9 uma vitrine que marcar\u00e1 o Rio para sempre. \u00c9 preciso manter essa imagem em alta e consertar falhas hist\u00f3ricas, como em nossa promo\u00e7\u00e3o ou na quest\u00e3o dos vistos. Mas mais da metade do caminho j\u00e1 foi trilhada.<\/p>\n<p>&nbsp;<\/p>\n<p>Por fim, em um momento de crise econ\u00f4mica a Olimp\u00edada foi um respiro para a cidade, com muitos empregos, receita e impostos gerados. Um evento que vai gerar muitos outros neg\u00f3cios. E ainda temos a Paralimp\u00edada pela frente. Que venham outros grandes encontros&#8230; Ser\u00e1 que n\u00e3o conseguimos sediar o mundial de r\u00fagbi? Ou t\u00eanis de mesa? Quem sabe um encontro mundial do Tinder? Ou dos \u00f3rf\u00e3os ol\u00edmpicos, que come\u00e7am a sentir um vazio dif\u00edcil de ser preenchido a partir de segunda-feira. E mais uma vez n\u00e3o estou falando das competi\u00e7\u00f5es e sim do clima que se instaurou no belo cen\u00e1rio do Rio de Janeiro.<\/p>\n<p>&nbsp;<\/p>\n<p>Est\u00e1 dif\u00edcil falar mal da Rio 2016, mesmo com as falhas pontuais que n\u00e3o escapam \u00e0 imprensa. E n\u00f3s do Turismo vamos aproveitar essa onda&#8230; outra de nossas especialidades e esporte ol\u00edmpico a partir de 2020.<\/p>\n<p><a href=\"http:\/\/blog.panrotas.com.br\/semreserva\/wp-content\/uploads\/2016\/08\/aIMG_4711.jpg\"><img loading=\"lazy\" class=\"alignnone wp-image-4631\" src=\"http:\/\/blog.panrotas.com.br\/semreserva\/wp-content\/uploads\/2016\/08\/aIMG_4711.jpg\" alt=\"aIMG_4711\" width=\"671\" height=\"377\" srcset=\"https:\/\/blog.panrotas.com.br\/semreserva\/wp-content\/uploads\/sites\/5\/2016\/08\/aIMG_4711.jpg 1211w, https:\/\/blog.panrotas.com.br\/semreserva\/wp-content\/uploads\/sites\/5\/2016\/08\/aIMG_4711-300x168.jpg 300w, https:\/\/blog.panrotas.com.br\/semreserva\/wp-content\/uploads\/sites\/5\/2016\/08\/aIMG_4711-1024x575.jpg 1024w, https:\/\/blog.panrotas.com.br\/semreserva\/wp-content\/uploads\/sites\/5\/2016\/08\/aIMG_4711-768x431.jpg 768w, https:\/\/blog.panrotas.com.br\/semreserva\/wp-content\/uploads\/sites\/5\/2016\/08\/aIMG_4711-470x264.jpg 470w, https:\/\/blog.panrotas.com.br\/semreserva\/wp-content\/uploads\/sites\/5\/2016\/08\/aIMG_4711-640x360.jpg 640w, https:\/\/blog.panrotas.com.br\/semreserva\/wp-content\/uploads\/sites\/5\/2016\/08\/aIMG_4711-215x120.jpg 215w, https:\/\/blog.panrotas.com.br\/semreserva\/wp-content\/uploads\/sites\/5\/2016\/08\/aIMG_4711-990x556.jpg 990w\" sizes=\"(max-width: 671px) 100vw, 671px\" \/><\/a><\/p>\n<p>PS1: sou a favor das vaias. Cultura do futebol? Pode ser. Mas duvido que seria diferente na Fran\u00e7a (caso do salto com vara). Afinal, na Europa a cultural do futebol \u00e9 t\u00e3o forte como aqui e em bom portugu\u00eas a porrada come solta nos est\u00e1dios. Isso pode ser mudado? Pode. Mas n\u00e3o no meio do jogo.<\/p>\n<p>&nbsp;<\/p>\n<p>PS2: o Uber vai ter que adotar um teto de ades\u00f5es. J\u00e1 h\u00e1 carros bem estropiados e motoristas que deixam a desejar. Mas se n\u00e3o fosse por isso, continuar\u00edamos nas m\u00e3os dos t\u00e1xis bandalha e n\u00e3o haveria tanta luz verde (LIVRE) em cima dos carros amarelos em plena Olimp\u00edada. Durante o evento, tem pra todos. Mas&#8230; e depois?<\/p>\n<p>&nbsp;<\/p>\n<p>&nbsp;<\/p>\n","protected":false},"excerpt":{"rendered":"<p>Passei alguns dias no Rio para conferir o clima ol\u00edmpico da cidade e o balan\u00e7o geral foi bastante positivo, tanto do ponto de vista afetivo, pois sou um carioca que sempre torce pela cidade, quanto do profissional, pois estou sempre vendo como o Turismo ir\u00e1 se beneficiar das mais diversas situa\u00e7\u00f5es. Sim, o tr\u00e2nsito est\u00e1 [&hellip;]<\/p>\n","protected":false},"author":7,"featured_media":4635,"comment_status":"open","ping_status":"open","sticky":false,"template":"","format":"standard","meta":{"spay_email":""},"categories":[2],"tags":[],"yoast_head":"<!-- This site is optimized with the Yoast SEO plugin v17.3 - https:\/\/yoast.com\/wordpress\/plugins\/seo\/ -->\n<title>Tem legado sim -<\/title>\n<meta name=\"description\" content=\"Tem legado sim. Confira essa Mat\u00e9ria no Canal Sem reserva. \u27a4 Projeto em parceria com a PANROTAS.\" \/>\n<meta name=\"robots\" content=\"index, follow, max-snippet:-1, max-image-preview:large, max-video-preview:-1\" \/>\n<link rel=\"canonical\" href=\"https:\/\/blog.panrotas.com.br\/semreserva\/tem-legado-sim\/16-08-2016\/\" \/>\n<meta property=\"og:locale\" content=\"pt_BR\" \/>\n<meta property=\"og:type\" content=\"article\" \/>\n<meta property=\"og:title\" content=\"Tem legado sim -\" \/>\n<meta property=\"og:description\" content=\"Tem legado sim. Confira essa Mat\u00e9ria no Canal Sem reserva. \u27a4 Projeto em parceria com a PANROTAS.\" \/>\n<meta property=\"og:url\" content=\"https:\/\/blog.panrotas.com.br\/semreserva\/tem-legado-sim\/16-08-2016\/\" \/>\n<meta property=\"og:site_name\" content=\"Sem reserva\" \/>\n<meta property=\"article:publisher\" content=\"https:\/\/www.facebook.com\/portalpanrotas\/\" \/>\n<meta property=\"article:published_time\" content=\"2016-08-16T16:57:32+00:00\" \/>\n<meta property=\"og:image\" content=\"https:\/\/blog.panrotas.com.br\/semreserva\/wp-content\/uploads\/sites\/5\/2016\/08\/IMG_4463.jpg\" \/>\n\t<meta property=\"og:image:width\" content=\"567\" \/>\n\t<meta property=\"og:image:height\" content=\"756\" \/>\n<meta name=\"twitter:card\" content=\"summary_large_image\" \/>\n<meta name=\"twitter:creator\" content=\"@portalpanrotas\" \/>\n<meta name=\"twitter:site\" content=\"@portalpanrotas\" \/>\n<meta name=\"twitter:label1\" content=\"Escrito por\" \/>\n\t<meta name=\"twitter:data1\" content=\"Artur Andrade\" \/>\n\t<meta name=\"twitter:label2\" content=\"Est. tempo de leitura\" \/>\n\t<meta name=\"twitter:data2\" content=\"5 minutos\" \/>\n<script type=\"application\/ld+json\" class=\"yoast-schema-graph\">{\"@context\":\"https:\/\/schema.org\",\"@graph\":[{\"@type\":\"Organization\",\"@id\":\"http:\/\/blog.panrotas.com.br\/semreserva\/#organization\",\"name\":\"Sem Reserva - Blog no Portal PANROTAS\",\"url\":\"http:\/\/blog.panrotas.com.br\/semreserva\/\",\"sameAs\":[\"https:\/\/www.facebook.com\/portalpanrotas\/\",\"https:\/\/www.instagram.com\/portalpanrotas\/\",\"https:\/\/br.linkedin.com\/company\/panrotas\",\"https:\/\/www.youtube.com\/tvpanrotas\",\"https:\/\/twitter.com\/portalpanrotas\"],\"logo\":{\"@type\":\"ImageObject\",\"@id\":\"http:\/\/blog.panrotas.com.br\/semreserva\/#logo\",\"inLanguage\":\"pt-BR\",\"url\":\"https:\/\/blog.panrotas.com.br\/semreserva\/wp-content\/uploads\/sites\/5\/2020\/06\/logo.png\",\"contentUrl\":\"https:\/\/blog.panrotas.com.br\/semreserva\/wp-content\/uploads\/sites\/5\/2020\/06\/logo.png\",\"width\":259,\"height\":53,\"caption\":\"Sem Reserva - Blog no Portal PANROTAS\"},\"image\":{\"@id\":\"http:\/\/blog.panrotas.com.br\/semreserva\/#logo\"}},{\"@type\":\"WebSite\",\"@id\":\"http:\/\/blog.panrotas.com.br\/semreserva\/#website\",\"url\":\"http:\/\/blog.panrotas.com.br\/semreserva\/\",\"name\":\"Sem reserva\",\"description\":\"Blogosfera PANROTAS\",\"publisher\":{\"@id\":\"http:\/\/blog.panrotas.com.br\/semreserva\/#organization\"},\"potentialAction\":[{\"@type\":\"SearchAction\",\"target\":{\"@type\":\"EntryPoint\",\"urlTemplate\":\"http:\/\/blog.panrotas.com.br\/semreserva\/?s={search_term_string}\"},\"query-input\":\"required name=search_term_string\"}],\"inLanguage\":\"pt-BR\"},{\"@type\":\"ImageObject\",\"@id\":\"https:\/\/blog.panrotas.com.br\/semreserva\/tem-legado-sim\/16-08-2016\/#primaryimage\",\"inLanguage\":\"pt-BR\",\"url\":\"https:\/\/blog.panrotas.com.br\/semreserva\/wp-content\/uploads\/sites\/5\/2016\/08\/IMG_4463.jpg\",\"contentUrl\":\"https:\/\/blog.panrotas.com.br\/semreserva\/wp-content\/uploads\/sites\/5\/2016\/08\/IMG_4463.jpg\",\"width\":567,\"height\":756},{\"@type\":\"WebPage\",\"@id\":\"https:\/\/blog.panrotas.com.br\/semreserva\/tem-legado-sim\/16-08-2016\/#webpage\",\"url\":\"https:\/\/blog.panrotas.com.br\/semreserva\/tem-legado-sim\/16-08-2016\/\",\"name\":\"Tem legado sim -\",\"isPartOf\":{\"@id\":\"http:\/\/blog.panrotas.com.br\/semreserva\/#website\"},\"primaryImageOfPage\":{\"@id\":\"https:\/\/blog.panrotas.com.br\/semreserva\/tem-legado-sim\/16-08-2016\/#primaryimage\"},\"datePublished\":\"2016-08-16T16:57:32+00:00\",\"dateModified\":\"2016-08-16T16:57:32+00:00\",\"description\":\"Tem legado sim. Confira essa Mat\\u00e9ria no Canal Sem reserva. \\u27a4 Projeto em parceria com a PANROTAS.\",\"breadcrumb\":{\"@id\":\"https:\/\/blog.panrotas.com.br\/semreserva\/tem-legado-sim\/16-08-2016\/#breadcrumb\"},\"inLanguage\":\"pt-BR\",\"potentialAction\":[{\"@type\":\"ReadAction\",\"target\":[\"https:\/\/blog.panrotas.com.br\/semreserva\/tem-legado-sim\/16-08-2016\/\"]}]},{\"@type\":\"BreadcrumbList\",\"@id\":\"https:\/\/blog.panrotas.com.br\/semreserva\/tem-legado-sim\/16-08-2016\/#breadcrumb\",\"itemListElement\":[{\"@type\":\"ListItem\",\"position\":1,\"name\":\"Home do Blog\",\"item\":\"http:\/\/blog.panrotas.com.br\/semreserva\/\"},{\"@type\":\"ListItem\",\"position\":2,\"name\":\"Dia a dia\",\"item\":\"https:\/\/blog.panrotas.com.br\/semreserva\/category\/dia-a-dia\/\"},{\"@type\":\"ListItem\",\"position\":3,\"name\":\"Tem legado sim\"}]},{\"@type\":\"Article\",\"@id\":\"https:\/\/blog.panrotas.com.br\/semreserva\/tem-legado-sim\/16-08-2016\/#article\",\"isPartOf\":{\"@id\":\"https:\/\/blog.panrotas.com.br\/semreserva\/tem-legado-sim\/16-08-2016\/#webpage\"},\"author\":{\"@id\":\"http:\/\/blog.panrotas.com.br\/semreserva\/#\/schema\/person\/c93b4555f6a497d2d83c25dcb80f61ed\"},\"headline\":\"Tem legado sim\",\"datePublished\":\"2016-08-16T16:57:32+00:00\",\"dateModified\":\"2016-08-16T16:57:32+00:00\",\"mainEntityOfPage\":{\"@id\":\"https:\/\/blog.panrotas.com.br\/semreserva\/tem-legado-sim\/16-08-2016\/#webpage\"},\"wordCount\":903,\"commentCount\":0,\"publisher\":{\"@id\":\"http:\/\/blog.panrotas.com.br\/semreserva\/#organization\"},\"image\":{\"@id\":\"https:\/\/blog.panrotas.com.br\/semreserva\/tem-legado-sim\/16-08-2016\/#primaryimage\"},\"thumbnailUrl\":\"https:\/\/blog.panrotas.com.br\/semreserva\/wp-content\/uploads\/sites\/5\/2016\/08\/IMG_4463.jpg\",\"articleSection\":[\"Dia a dia\"],\"inLanguage\":\"pt-BR\",\"potentialAction\":[{\"@type\":\"CommentAction\",\"name\":\"Comment\",\"target\":[\"https:\/\/blog.panrotas.com.br\/semreserva\/tem-legado-sim\/16-08-2016\/#respond\"]}]},{\"@type\":\"Person\",\"@id\":\"http:\/\/blog.panrotas.com.br\/semreserva\/#\/schema\/person\/c93b4555f6a497d2d83c25dcb80f61ed\",\"name\":\"Artur Andrade\",\"image\":{\"@type\":\"ImageObject\",\"@id\":\"http:\/\/blog.panrotas.com.br\/semreserva\/#personlogo\",\"inLanguage\":\"pt-BR\",\"url\":\"https:\/\/secure.gravatar.com\/avatar\/a94564d630220cefd5c82f3452ac1ef4?s=96&d=mm&r=g\",\"contentUrl\":\"https:\/\/secure.gravatar.com\/avatar\/a94564d630220cefd5c82f3452ac1ef4?s=96&d=mm&r=g\",\"caption\":\"Artur Andrade\"},\"description\":\"Artur Luiz Andrade \\u00e9 carioca, taurino, jornalista e nasceu em 1969. \\u00c9 editor-chefe da PANROTAS Editora e mora em S\\u00e3o Paulo desde 1998\",\"sameAs\":[\"http:\/\/www.panrotas.com.br\"]}]}<\/script>\n<!-- \/ Yoast SEO plugin. -->","yoast_head_json":{"title":"Tem legado sim -","description":"Tem legado sim. Confira essa Mat\u00e9ria no Canal Sem reserva. \u27a4 Projeto em parceria com a PANROTAS.","robots":{"index":"index","follow":"follow","max-snippet":"max-snippet:-1","max-image-preview":"max-image-preview:large","max-video-preview":"max-video-preview:-1"},"canonical":"https:\/\/blog.panrotas.com.br\/semreserva\/tem-legado-sim\/16-08-2016\/","og_locale":"pt_BR","og_type":"article","og_title":"Tem legado sim -","og_description":"Tem legado sim. Confira essa Mat\u00e9ria no Canal Sem reserva. \u27a4 Projeto em parceria com a PANROTAS.","og_url":"https:\/\/blog.panrotas.com.br\/semreserva\/tem-legado-sim\/16-08-2016\/","og_site_name":"Sem reserva","article_publisher":"https:\/\/www.facebook.com\/portalpanrotas\/","article_published_time":"2016-08-16T16:57:32+00:00","og_image":[{"width":567,"height":756,"url":"https:\/\/blog.panrotas.com.br\/semreserva\/wp-content\/uploads\/sites\/5\/2016\/08\/IMG_4463.jpg","type":"image\/jpeg"}],"twitter_card":"summary_large_image","twitter_creator":"@portalpanrotas","twitter_site":"@portalpanrotas","twitter_misc":{"Escrito por":"Artur Andrade","Est. tempo de leitura":"5 minutos"},"schema":{"@context":"https:\/\/schema.org","@graph":[{"@type":"Organization","@id":"http:\/\/blog.panrotas.com.br\/semreserva\/#organization","name":"Sem Reserva - Blog no Portal PANROTAS","url":"http:\/\/blog.panrotas.com.br\/semreserva\/","sameAs":["https:\/\/www.facebook.com\/portalpanrotas\/","https:\/\/www.instagram.com\/portalpanrotas\/","https:\/\/br.linkedin.com\/company\/panrotas","https:\/\/www.youtube.com\/tvpanrotas","https:\/\/twitter.com\/portalpanrotas"],"logo":{"@type":"ImageObject","@id":"http:\/\/blog.panrotas.com.br\/semreserva\/#logo","inLanguage":"pt-BR","url":"https:\/\/blog.panrotas.com.br\/semreserva\/wp-content\/uploads\/sites\/5\/2020\/06\/logo.png","contentUrl":"https:\/\/blog.panrotas.com.br\/semreserva\/wp-content\/uploads\/sites\/5\/2020\/06\/logo.png","width":259,"height":53,"caption":"Sem Reserva - Blog no Portal PANROTAS"},"image":{"@id":"http:\/\/blog.panrotas.com.br\/semreserva\/#logo"}},{"@type":"WebSite","@id":"http:\/\/blog.panrotas.com.br\/semreserva\/#website","url":"http:\/\/blog.panrotas.com.br\/semreserva\/","name":"Sem reserva","description":"Blogosfera PANROTAS","publisher":{"@id":"http:\/\/blog.panrotas.com.br\/semreserva\/#organization"},"potentialAction":[{"@type":"SearchAction","target":{"@type":"EntryPoint","urlTemplate":"http:\/\/blog.panrotas.com.br\/semreserva\/?s={search_term_string}"},"query-input":"required name=search_term_string"}],"inLanguage":"pt-BR"},{"@type":"ImageObject","@id":"https:\/\/blog.panrotas.com.br\/semreserva\/tem-legado-sim\/16-08-2016\/#primaryimage","inLanguage":"pt-BR","url":"https:\/\/blog.panrotas.com.br\/semreserva\/wp-content\/uploads\/sites\/5\/2016\/08\/IMG_4463.jpg","contentUrl":"https:\/\/blog.panrotas.com.br\/semreserva\/wp-content\/uploads\/sites\/5\/2016\/08\/IMG_4463.jpg","width":567,"height":756},{"@type":"WebPage","@id":"https:\/\/blog.panrotas.com.br\/semreserva\/tem-legado-sim\/16-08-2016\/#webpage","url":"https:\/\/blog.panrotas.com.br\/semreserva\/tem-legado-sim\/16-08-2016\/","name":"Tem legado sim -","isPartOf":{"@id":"http:\/\/blog.panrotas.com.br\/semreserva\/#website"},"primaryImageOfPage":{"@id":"https:\/\/blog.panrotas.com.br\/semreserva\/tem-legado-sim\/16-08-2016\/#primaryimage"},"datePublished":"2016-08-16T16:57:32+00:00","dateModified":"2016-08-16T16:57:32+00:00","description":"Tem legado sim. Confira essa Mat\u00e9ria no Canal Sem reserva. \u27a4 Projeto em parceria com a PANROTAS.","breadcrumb":{"@id":"https:\/\/blog.panrotas.com.br\/semreserva\/tem-legado-sim\/16-08-2016\/#breadcrumb"},"inLanguage":"pt-BR","potentialAction":[{"@type":"ReadAction","target":["https:\/\/blog.panrotas.com.br\/semreserva\/tem-legado-sim\/16-08-2016\/"]}]},{"@type":"BreadcrumbList","@id":"https:\/\/blog.panrotas.com.br\/semreserva\/tem-legado-sim\/16-08-2016\/#breadcrumb","itemListElement":[{"@type":"ListItem","position":1,"name":"Home do Blog","item":"http:\/\/blog.panrotas.com.br\/semreserva\/"},{"@type":"ListItem","position":2,"name":"Dia a dia","item":"https:\/\/blog.panrotas.com.br\/semreserva\/category\/dia-a-dia\/"},{"@type":"ListItem","position":3,"name":"Tem legado sim"}]},{"@type":"Article","@id":"https:\/\/blog.panrotas.com.br\/semreserva\/tem-legado-sim\/16-08-2016\/#article","isPartOf":{"@id":"https:\/\/blog.panrotas.com.br\/semreserva\/tem-legado-sim\/16-08-2016\/#webpage"},"author":{"@id":"http:\/\/blog.panrotas.com.br\/semreserva\/#\/schema\/person\/c93b4555f6a497d2d83c25dcb80f61ed"},"headline":"Tem legado sim","datePublished":"2016-08-16T16:57:32+00:00","dateModified":"2016-08-16T16:57:32+00:00","mainEntityOfPage":{"@id":"https:\/\/blog.panrotas.com.br\/semreserva\/tem-legado-sim\/16-08-2016\/#webpage"},"wordCount":903,"commentCount":0,"publisher":{"@id":"http:\/\/blog.panrotas.com.br\/semreserva\/#organization"},"image":{"@id":"https:\/\/blog.panrotas.com.br\/semreserva\/tem-legado-sim\/16-08-2016\/#primaryimage"},"thumbnailUrl":"https:\/\/blog.panrotas.com.br\/semreserva\/wp-content\/uploads\/sites\/5\/2016\/08\/IMG_4463.jpg","articleSection":["Dia a dia"],"inLanguage":"pt-BR","potentialAction":[{"@type":"CommentAction","name":"Comment","target":["https:\/\/blog.panrotas.com.br\/semreserva\/tem-legado-sim\/16-08-2016\/#respond"]}]},{"@type":"Person","@id":"http:\/\/blog.panrotas.com.br\/semreserva\/#\/schema\/person\/c93b4555f6a497d2d83c25dcb80f61ed","name":"Artur Andrade","image":{"@type":"ImageObject","@id":"http:\/\/blog.panrotas.com.br\/semreserva\/#personlogo","inLanguage":"pt-BR","url":"https:\/\/secure.gravatar.com\/avatar\/a94564d630220cefd5c82f3452ac1ef4?s=96&d=mm&r=g","contentUrl":"https:\/\/secure.gravatar.com\/avatar\/a94564d630220cefd5c82f3452ac1ef4?s=96&d=mm&r=g","caption":"Artur Andrade"},"description":"Artur Luiz Andrade \u00e9 carioca, taurino, jornalista e nasceu em 1969. \u00c9 editor-chefe da PANROTAS Editora e mora em S\u00e3o Paulo desde 1998","sameAs":["http:\/\/www.panrotas.com.br"]}]}},"jetpack_featured_media_url":"https:\/\/blog.panrotas.com.br\/semreserva\/wp-content\/uploads\/sites\/5\/2016\/08\/IMG_4463.jpg","jetpack_shortlink":"https:\/\/wp.me\/p7idIU-1cE","_links":{"self":[{"href":"https:\/\/blog.panrotas.com.br\/semreserva\/wp-json\/wp\/v2\/posts\/4628"}],"collection":[{"href":"https:\/\/blog.panrotas.com.br\/semreserva\/wp-json\/wp\/v2\/posts"}],"about":[{"href":"https:\/\/blog.panrotas.com.br\/semreserva\/wp-json\/wp\/v2\/types\/post"}],"author":[{"embeddable":true,"href":"https:\/\/blog.panrotas.com.br\/semreserva\/wp-json\/wp\/v2\/users\/7"}],"replies":[{"embeddable":true,"href":"https:\/\/blog.panrotas.com.br\/semreserva\/wp-json\/wp\/v2\/comments?post=4628"}],"version-history":[{"count":0,"href":"https:\/\/blog.panrotas.com.br\/semreserva\/wp-json\/wp\/v2\/posts\/4628\/revisions"}],"wp:featuredmedia":[{"embeddable":true,"href":"https:\/\/blog.panrotas.com.br\/semreserva\/wp-json\/wp\/v2\/media\/4635"}],"wp:attachment":[{"href":"https:\/\/blog.panrotas.com.br\/semreserva\/wp-json\/wp\/v2\/media?parent=4628"}],"wp:term":[{"taxonomy":"category","embeddable":true,"href":"https:\/\/blog.panrotas.com.br\/semreserva\/wp-json\/wp\/v2\/categories?post=4628"},{"taxonomy":"post_tag","embeddable":true,"href":"https:\/\/blog.panrotas.com.br\/semreserva\/wp-json\/wp\/v2\/tags?post=4628"}],"curies":[{"name":"wp","href":"https:\/\/api.w.org\/{rel}","templated":true}]}}