{"id":4637,"date":"2016-09-09T19:17:58","date_gmt":"2016-09-09T22:17:58","guid":{"rendered":"http:\/\/blog.panrotas.com.br\/semreserva\/?p=4637"},"modified":"2016-09-09T19:17:58","modified_gmt":"2016-09-09T22:17:58","slug":"nos-vemos-na-abav","status":"publish","type":"post","link":"https:\/\/blog.panrotas.com.br\/semreserva\/nos-vemos-na-abav\/09-09-2016\/","title":{"rendered":"Nos vemos na Abav?"},"content":{"rendered":"<p>\u00c0s v\u00e9speras de mais uma Feira da Abav (que algum marqueteiro inteligente cismou em rebatizar de Expo Internacional Abav ou algo parecido), vemos outra vez a discuss\u00e3o: participar ou n\u00e3o? Na verdade, em ano de crise e depois de algumas edi\u00e7\u00f5es decepcionantes, a pergunta na verdade \u00e9: investir ou n\u00e3o? Pois participar a maioria dos grandes players da ind\u00fastria de Viagens e Turismo com certeza o far\u00e1. N\u00e3o d\u00e1 para ignorar um evento que re\u00fane tantos profissionais do Brasil e do mundo, tantas marcas, tantos decisores e ainda mais em um momento que muitos est\u00e3o vendo e que todos querem perceber como de retomada: da economia, do Pa\u00eds, do pr\u00f3prio evento.<\/p>\n<p>Relacionamento, lan\u00e7amentos, troca de experi\u00eancias, neg\u00f3cios renovados e novas parcerias, saber as tend\u00eancias, ouvir e ver cases, concorrentes e novos players, mostrar a for\u00e7a da ind\u00fastria. S\u00e3o muitos os motivos para participar e j\u00e1 abordamos 25 deles em reportagem do <em>Jornal PANROTAS<\/em> algumas edi\u00e7\u00f5es atr\u00e1s.<\/p>\n<p>A poucos dias do evento, vemos o esfor\u00e7o do presidente Edmar Bull (foto acima, na avenida Paulista), que vem de uma experi\u00eancia de sucesso na Abracorp, e seus desafios para levar o Brasil \u00e0 feira. Como? Com as parcerias com outras entidades (como a Braztoa e a Air Tkt, que levar\u00e3o agentes de todo o Pa\u00eds), com os Estados e munic\u00edpios, com o apoio de Avianca, Azul, Gol e Latam, com a mobiliza\u00e7\u00e3o dos presidentes regionais de Abav, com transpar\u00eancia e mente aberta a novas ideias.<\/p>\n<p>Os cr\u00edticos chegaram a dizer que Edmar estava &#8220;abracorpizando&#8221; a Abav e que o corporativo estava tomando conta do evento e da entidade. Nada disso. A Ilha Corporativa continua firme e forte, mas vemos um esfor\u00e7o para entender e incluir todos os segmentos (como o receptivo, combalido e esquecido) no mesmo espa\u00e7o, que \u00e9 o espa\u00e7o do Turismo brasileiro. As a\u00e9reas estrangeiras precisam voltar a acreditar no evento, assim como os destinos internacionais, ainda mais atra\u00eddos pela for\u00e7a de outro grande evento, a WTM, no primeiro semestre, mas acreditamos que h\u00e1 espa\u00e7o para todos e se tiver de haver uma divis\u00e3o de produtos ou atua\u00e7\u00f5es em alguns casos, n\u00e3o vemos isso como algo grave ou fatal para um dos dois lados. Pois enquanto h\u00e1 escolhas, h\u00e1 tamb\u00e9m o que os unes, com as operadoras Braztoa, as grandes empresas, as discuss\u00f5es que atingem a todos, a vontade de desenvolver cada vez mais a ind\u00fastria e, claro, os profissionais, que querem crescer, vender mais e satisfazer seus clientes com um atendimento e expertise que se constr\u00f3i tamb\u00e9m visitando eventos como a WTM ou a Abav.<\/p>\n<p>Vai na Abav? Claro que sim. Est\u00e1 dif\u00edcil investir neste ano dif\u00edcil? Tamb\u00e9m. Mas apostamos sim na retomada, do Pa\u00eds, da economia e do evento Abav, e tamb\u00e9m na for\u00e7a do empresariado, que faz desse e de outros encontros momentos \u00fanicos de nossa ind\u00fastria. A parte governamental continua irregular: alguns mostram a que vieram, outros n\u00e3o sabem por que est\u00e3o no Turismo, alguns ajudam e surpreendem, outros atrapalham (e n\u00e3o \u00e9 surpresa). Uma feira como a Abav, com suas discuss\u00f5es e players reunidos, \u00e9 uma \u00f3tima oportunidade para quem n\u00e3o sabe o que fazer e ainda desconhece a for\u00e7a do Turismo.<\/p>\n<p>A PANROTAS, como faz h\u00e1 <strong>40 anos<\/strong>, ininterruptos, em anos de crise ou bonan\u00e7a, estar\u00e1 l\u00e1 mais uma vez, com seu estande, que \u00e9 um ponto de encontro da ind\u00fastria, seus parceiros, seu <em>Suplemento Di\u00e1rio na Abav<\/em> (<strong>edi\u00e7\u00e3o 40!!!<\/strong>) e o projeto Ag\u00eancia do Futuro, cujos detalhes daremos em breve. Tudo isso para nossos mais de 18 mil visitantes \u00fanicos por dia no <em>Portal PANROTAS<\/em>, para os milhares de assinantes do <em>Jornal PANROTAS<\/em>, para os participantes de nossos eventos pelo Pa\u00eds, para nossos milh\u00f5es de amigos nessas 40 edi\u00e7\u00f5es da Abav.<\/p>\n<p><strong>Nos vemos l\u00e1.<\/strong><\/p>\n","protected":false},"excerpt":{"rendered":"<p>\u00c0s v\u00e9speras de mais uma Feira da Abav (que algum marqueteiro inteligente cismou em rebatizar de Expo Internacional Abav ou algo parecido), vemos outra vez a discuss\u00e3o: participar ou n\u00e3o? Na verdade, em ano de crise e depois de algumas edi\u00e7\u00f5es decepcionantes, a pergunta na verdade \u00e9: investir ou n\u00e3o? Pois participar a maioria dos [&hellip;]<\/p>\n","protected":false},"author":7,"featured_media":4638,"comment_status":"open","ping_status":"open","sticky":false,"template":"","format":"standard","meta":{"spay_email":""},"categories":[2],"tags":[],"yoast_head":"<!-- This site is optimized with the Yoast SEO plugin v17.3 - https:\/\/yoast.com\/wordpress\/plugins\/seo\/ -->\n<title>Nos vemos na Abav? -<\/title>\n<meta name=\"description\" content=\"Nos vemos na Abav?. Confira essa Mat\u00e9ria no Canal Sem reserva. \u27a4 Projeto em parceria com a PANROTAS.\" \/>\n<meta name=\"robots\" content=\"index, follow, max-snippet:-1, max-image-preview:large, max-video-preview:-1\" \/>\n<link rel=\"canonical\" href=\"https:\/\/blog.panrotas.com.br\/semreserva\/nos-vemos-na-abav\/09-09-2016\/\" \/>\n<meta property=\"og:locale\" content=\"pt_BR\" \/>\n<meta property=\"og:type\" content=\"article\" \/>\n<meta property=\"og:title\" content=\"Nos vemos na Abav? -\" \/>\n<meta property=\"og:description\" content=\"Nos vemos na Abav?. Confira essa Mat\u00e9ria no Canal Sem reserva. \u27a4 Projeto em parceria com a PANROTAS.\" \/>\n<meta property=\"og:url\" content=\"https:\/\/blog.panrotas.com.br\/semreserva\/nos-vemos-na-abav\/09-09-2016\/\" \/>\n<meta property=\"og:site_name\" content=\"Sem reserva\" \/>\n<meta property=\"article:publisher\" content=\"https:\/\/www.facebook.com\/portalpanrotas\/\" \/>\n<meta property=\"article:published_time\" content=\"2016-09-09T22:17:58+00:00\" \/>\n<meta property=\"og:image\" content=\"https:\/\/blog.panrotas.com.br\/semreserva\/wp-content\/uploads\/sites\/5\/2016\/09\/Blog.jpg\" \/>\n\t<meta property=\"og:image:width\" content=\"2944\" \/>\n\t<meta property=\"og:image:height\" content=\"1968\" \/>\n<meta name=\"twitter:card\" content=\"summary_large_image\" \/>\n<meta name=\"twitter:creator\" content=\"@portalpanrotas\" \/>\n<meta name=\"twitter:site\" content=\"@portalpanrotas\" \/>\n<meta name=\"twitter:label1\" content=\"Escrito por\" \/>\n\t<meta name=\"twitter:data1\" content=\"Artur Andrade\" \/>\n\t<meta name=\"twitter:label2\" content=\"Est. tempo de leitura\" \/>\n\t<meta name=\"twitter:data2\" content=\"3 minutos\" \/>\n<script type=\"application\/ld+json\" class=\"yoast-schema-graph\">{\"@context\":\"https:\/\/schema.org\",\"@graph\":[{\"@type\":\"Organization\",\"@id\":\"http:\/\/blog.panrotas.com.br\/semreserva\/#organization\",\"name\":\"Sem Reserva - Blog no Portal PANROTAS\",\"url\":\"http:\/\/blog.panrotas.com.br\/semreserva\/\",\"sameAs\":[\"https:\/\/www.facebook.com\/portalpanrotas\/\",\"https:\/\/www.instagram.com\/portalpanrotas\/\",\"https:\/\/br.linkedin.com\/company\/panrotas\",\"https:\/\/www.youtube.com\/tvpanrotas\",\"https:\/\/twitter.com\/portalpanrotas\"],\"logo\":{\"@type\":\"ImageObject\",\"@id\":\"http:\/\/blog.panrotas.com.br\/semreserva\/#logo\",\"inLanguage\":\"pt-BR\",\"url\":\"https:\/\/blog.panrotas.com.br\/semreserva\/wp-content\/uploads\/sites\/5\/2020\/06\/logo.png\",\"contentUrl\":\"https:\/\/blog.panrotas.com.br\/semreserva\/wp-content\/uploads\/sites\/5\/2020\/06\/logo.png\",\"width\":259,\"height\":53,\"caption\":\"Sem Reserva - Blog no Portal PANROTAS\"},\"image\":{\"@id\":\"http:\/\/blog.panrotas.com.br\/semreserva\/#logo\"}},{\"@type\":\"WebSite\",\"@id\":\"http:\/\/blog.panrotas.com.br\/semreserva\/#website\",\"url\":\"http:\/\/blog.panrotas.com.br\/semreserva\/\",\"name\":\"Sem reserva\",\"description\":\"Blogosfera PANROTAS\",\"publisher\":{\"@id\":\"http:\/\/blog.panrotas.com.br\/semreserva\/#organization\"},\"potentialAction\":[{\"@type\":\"SearchAction\",\"target\":{\"@type\":\"EntryPoint\",\"urlTemplate\":\"http:\/\/blog.panrotas.com.br\/semreserva\/?s={search_term_string}\"},\"query-input\":\"required name=search_term_string\"}],\"inLanguage\":\"pt-BR\"},{\"@type\":\"ImageObject\",\"@id\":\"https:\/\/blog.panrotas.com.br\/semreserva\/nos-vemos-na-abav\/09-09-2016\/#primaryimage\",\"inLanguage\":\"pt-BR\",\"url\":\"https:\/\/blog.panrotas.com.br\/semreserva\/wp-content\/uploads\/sites\/5\/2016\/09\/Blog-scaled.jpg\",\"contentUrl\":\"https:\/\/blog.panrotas.com.br\/semreserva\/wp-content\/uploads\/sites\/5\/2016\/09\/Blog-scaled.jpg\",\"width\":2560,\"height\":1711},{\"@type\":\"WebPage\",\"@id\":\"https:\/\/blog.panrotas.com.br\/semreserva\/nos-vemos-na-abav\/09-09-2016\/#webpage\",\"url\":\"https:\/\/blog.panrotas.com.br\/semreserva\/nos-vemos-na-abav\/09-09-2016\/\",\"name\":\"Nos vemos na Abav? -\",\"isPartOf\":{\"@id\":\"http:\/\/blog.panrotas.com.br\/semreserva\/#website\"},\"primaryImageOfPage\":{\"@id\":\"https:\/\/blog.panrotas.com.br\/semreserva\/nos-vemos-na-abav\/09-09-2016\/#primaryimage\"},\"datePublished\":\"2016-09-09T22:17:58+00:00\",\"dateModified\":\"2016-09-09T22:17:58+00:00\",\"description\":\"Nos vemos na Abav?. Confira essa Mat\\u00e9ria no Canal Sem reserva. \\u27a4 Projeto em parceria com a PANROTAS.\",\"breadcrumb\":{\"@id\":\"https:\/\/blog.panrotas.com.br\/semreserva\/nos-vemos-na-abav\/09-09-2016\/#breadcrumb\"},\"inLanguage\":\"pt-BR\",\"potentialAction\":[{\"@type\":\"ReadAction\",\"target\":[\"https:\/\/blog.panrotas.com.br\/semreserva\/nos-vemos-na-abav\/09-09-2016\/\"]}]},{\"@type\":\"BreadcrumbList\",\"@id\":\"https:\/\/blog.panrotas.com.br\/semreserva\/nos-vemos-na-abav\/09-09-2016\/#breadcrumb\",\"itemListElement\":[{\"@type\":\"ListItem\",\"position\":1,\"name\":\"Home do Blog\",\"item\":\"http:\/\/blog.panrotas.com.br\/semreserva\/\"},{\"@type\":\"ListItem\",\"position\":2,\"name\":\"Dia a dia\",\"item\":\"https:\/\/blog.panrotas.com.br\/semreserva\/category\/dia-a-dia\/\"},{\"@type\":\"ListItem\",\"position\":3,\"name\":\"Nos vemos na Abav?\"}]},{\"@type\":\"Article\",\"@id\":\"https:\/\/blog.panrotas.com.br\/semreserva\/nos-vemos-na-abav\/09-09-2016\/#article\",\"isPartOf\":{\"@id\":\"https:\/\/blog.panrotas.com.br\/semreserva\/nos-vemos-na-abav\/09-09-2016\/#webpage\"},\"author\":{\"@id\":\"http:\/\/blog.panrotas.com.br\/semreserva\/#\/schema\/person\/c93b4555f6a497d2d83c25dcb80f61ed\"},\"headline\":\"Nos vemos na Abav?\",\"datePublished\":\"2016-09-09T22:17:58+00:00\",\"dateModified\":\"2016-09-09T22:17:58+00:00\",\"mainEntityOfPage\":{\"@id\":\"https:\/\/blog.panrotas.com.br\/semreserva\/nos-vemos-na-abav\/09-09-2016\/#webpage\"},\"wordCount\":677,\"commentCount\":0,\"publisher\":{\"@id\":\"http:\/\/blog.panrotas.com.br\/semreserva\/#organization\"},\"image\":{\"@id\":\"https:\/\/blog.panrotas.com.br\/semreserva\/nos-vemos-na-abav\/09-09-2016\/#primaryimage\"},\"thumbnailUrl\":\"https:\/\/blog.panrotas.com.br\/semreserva\/wp-content\/uploads\/sites\/5\/2016\/09\/Blog-scaled.jpg\",\"articleSection\":[\"Dia a dia\"],\"inLanguage\":\"pt-BR\",\"potentialAction\":[{\"@type\":\"CommentAction\",\"name\":\"Comment\",\"target\":[\"https:\/\/blog.panrotas.com.br\/semreserva\/nos-vemos-na-abav\/09-09-2016\/#respond\"]}]},{\"@type\":\"Person\",\"@id\":\"http:\/\/blog.panrotas.com.br\/semreserva\/#\/schema\/person\/c93b4555f6a497d2d83c25dcb80f61ed\",\"name\":\"Artur Andrade\",\"image\":{\"@type\":\"ImageObject\",\"@id\":\"http:\/\/blog.panrotas.com.br\/semreserva\/#personlogo\",\"inLanguage\":\"pt-BR\",\"url\":\"https:\/\/secure.gravatar.com\/avatar\/a94564d630220cefd5c82f3452ac1ef4?s=96&d=mm&r=g\",\"contentUrl\":\"https:\/\/secure.gravatar.com\/avatar\/a94564d630220cefd5c82f3452ac1ef4?s=96&d=mm&r=g\",\"caption\":\"Artur Andrade\"},\"description\":\"Artur Luiz Andrade \\u00e9 carioca, taurino, jornalista e nasceu em 1969. \\u00c9 editor-chefe da PANROTAS Editora e mora em S\\u00e3o Paulo desde 1998\",\"sameAs\":[\"http:\/\/www.panrotas.com.br\"]}]}<\/script>\n<!-- \/ Yoast SEO plugin. -->","yoast_head_json":{"title":"Nos vemos na Abav? -","description":"Nos vemos na Abav?. Confira essa Mat\u00e9ria no Canal Sem reserva. \u27a4 Projeto em parceria com a PANROTAS.","robots":{"index":"index","follow":"follow","max-snippet":"max-snippet:-1","max-image-preview":"max-image-preview:large","max-video-preview":"max-video-preview:-1"},"canonical":"https:\/\/blog.panrotas.com.br\/semreserva\/nos-vemos-na-abav\/09-09-2016\/","og_locale":"pt_BR","og_type":"article","og_title":"Nos vemos na Abav? -","og_description":"Nos vemos na Abav?. Confira essa Mat\u00e9ria no Canal Sem reserva. \u27a4 Projeto em parceria com a PANROTAS.","og_url":"https:\/\/blog.panrotas.com.br\/semreserva\/nos-vemos-na-abav\/09-09-2016\/","og_site_name":"Sem reserva","article_publisher":"https:\/\/www.facebook.com\/portalpanrotas\/","article_published_time":"2016-09-09T22:17:58+00:00","og_image":[{"width":2944,"height":1968,"url":"https:\/\/blog.panrotas.com.br\/semreserva\/wp-content\/uploads\/sites\/5\/2016\/09\/Blog.jpg","type":"image\/jpeg"}],"twitter_card":"summary_large_image","twitter_creator":"@portalpanrotas","twitter_site":"@portalpanrotas","twitter_misc":{"Escrito por":"Artur Andrade","Est. tempo de leitura":"3 minutos"},"schema":{"@context":"https:\/\/schema.org","@graph":[{"@type":"Organization","@id":"http:\/\/blog.panrotas.com.br\/semreserva\/#organization","name":"Sem Reserva - Blog no Portal PANROTAS","url":"http:\/\/blog.panrotas.com.br\/semreserva\/","sameAs":["https:\/\/www.facebook.com\/portalpanrotas\/","https:\/\/www.instagram.com\/portalpanrotas\/","https:\/\/br.linkedin.com\/company\/panrotas","https:\/\/www.youtube.com\/tvpanrotas","https:\/\/twitter.com\/portalpanrotas"],"logo":{"@type":"ImageObject","@id":"http:\/\/blog.panrotas.com.br\/semreserva\/#logo","inLanguage":"pt-BR","url":"https:\/\/blog.panrotas.com.br\/semreserva\/wp-content\/uploads\/sites\/5\/2020\/06\/logo.png","contentUrl":"https:\/\/blog.panrotas.com.br\/semreserva\/wp-content\/uploads\/sites\/5\/2020\/06\/logo.png","width":259,"height":53,"caption":"Sem Reserva - Blog no Portal PANROTAS"},"image":{"@id":"http:\/\/blog.panrotas.com.br\/semreserva\/#logo"}},{"@type":"WebSite","@id":"http:\/\/blog.panrotas.com.br\/semreserva\/#website","url":"http:\/\/blog.panrotas.com.br\/semreserva\/","name":"Sem reserva","description":"Blogosfera PANROTAS","publisher":{"@id":"http:\/\/blog.panrotas.com.br\/semreserva\/#organization"},"potentialAction":[{"@type":"SearchAction","target":{"@type":"EntryPoint","urlTemplate":"http:\/\/blog.panrotas.com.br\/semreserva\/?s={search_term_string}"},"query-input":"required name=search_term_string"}],"inLanguage":"pt-BR"},{"@type":"ImageObject","@id":"https:\/\/blog.panrotas.com.br\/semreserva\/nos-vemos-na-abav\/09-09-2016\/#primaryimage","inLanguage":"pt-BR","url":"https:\/\/blog.panrotas.com.br\/semreserva\/wp-content\/uploads\/sites\/5\/2016\/09\/Blog-scaled.jpg","contentUrl":"https:\/\/blog.panrotas.com.br\/semreserva\/wp-content\/uploads\/sites\/5\/2016\/09\/Blog-scaled.jpg","width":2560,"height":1711},{"@type":"WebPage","@id":"https:\/\/blog.panrotas.com.br\/semreserva\/nos-vemos-na-abav\/09-09-2016\/#webpage","url":"https:\/\/blog.panrotas.com.br\/semreserva\/nos-vemos-na-abav\/09-09-2016\/","name":"Nos vemos na Abav? -","isPartOf":{"@id":"http:\/\/blog.panrotas.com.br\/semreserva\/#website"},"primaryImageOfPage":{"@id":"https:\/\/blog.panrotas.com.br\/semreserva\/nos-vemos-na-abav\/09-09-2016\/#primaryimage"},"datePublished":"2016-09-09T22:17:58+00:00","dateModified":"2016-09-09T22:17:58+00:00","description":"Nos vemos na Abav?. Confira essa Mat\u00e9ria no Canal Sem reserva. \u27a4 Projeto em parceria com a PANROTAS.","breadcrumb":{"@id":"https:\/\/blog.panrotas.com.br\/semreserva\/nos-vemos-na-abav\/09-09-2016\/#breadcrumb"},"inLanguage":"pt-BR","potentialAction":[{"@type":"ReadAction","target":["https:\/\/blog.panrotas.com.br\/semreserva\/nos-vemos-na-abav\/09-09-2016\/"]}]},{"@type":"BreadcrumbList","@id":"https:\/\/blog.panrotas.com.br\/semreserva\/nos-vemos-na-abav\/09-09-2016\/#breadcrumb","itemListElement":[{"@type":"ListItem","position":1,"name":"Home do Blog","item":"http:\/\/blog.panrotas.com.br\/semreserva\/"},{"@type":"ListItem","position":2,"name":"Dia a dia","item":"https:\/\/blog.panrotas.com.br\/semreserva\/category\/dia-a-dia\/"},{"@type":"ListItem","position":3,"name":"Nos vemos na Abav?"}]},{"@type":"Article","@id":"https:\/\/blog.panrotas.com.br\/semreserva\/nos-vemos-na-abav\/09-09-2016\/#article","isPartOf":{"@id":"https:\/\/blog.panrotas.com.br\/semreserva\/nos-vemos-na-abav\/09-09-2016\/#webpage"},"author":{"@id":"http:\/\/blog.panrotas.com.br\/semreserva\/#\/schema\/person\/c93b4555f6a497d2d83c25dcb80f61ed"},"headline":"Nos vemos na Abav?","datePublished":"2016-09-09T22:17:58+00:00","dateModified":"2016-09-09T22:17:58+00:00","mainEntityOfPage":{"@id":"https:\/\/blog.panrotas.com.br\/semreserva\/nos-vemos-na-abav\/09-09-2016\/#webpage"},"wordCount":677,"commentCount":0,"publisher":{"@id":"http:\/\/blog.panrotas.com.br\/semreserva\/#organization"},"image":{"@id":"https:\/\/blog.panrotas.com.br\/semreserva\/nos-vemos-na-abav\/09-09-2016\/#primaryimage"},"thumbnailUrl":"https:\/\/blog.panrotas.com.br\/semreserva\/wp-content\/uploads\/sites\/5\/2016\/09\/Blog-scaled.jpg","articleSection":["Dia a dia"],"inLanguage":"pt-BR","potentialAction":[{"@type":"CommentAction","name":"Comment","target":["https:\/\/blog.panrotas.com.br\/semreserva\/nos-vemos-na-abav\/09-09-2016\/#respond"]}]},{"@type":"Person","@id":"http:\/\/blog.panrotas.com.br\/semreserva\/#\/schema\/person\/c93b4555f6a497d2d83c25dcb80f61ed","name":"Artur Andrade","image":{"@type":"ImageObject","@id":"http:\/\/blog.panrotas.com.br\/semreserva\/#personlogo","inLanguage":"pt-BR","url":"https:\/\/secure.gravatar.com\/avatar\/a94564d630220cefd5c82f3452ac1ef4?s=96&d=mm&r=g","contentUrl":"https:\/\/secure.gravatar.com\/avatar\/a94564d630220cefd5c82f3452ac1ef4?s=96&d=mm&r=g","caption":"Artur Andrade"},"description":"Artur Luiz Andrade \u00e9 carioca, taurino, jornalista e nasceu em 1969. \u00c9 editor-chefe da PANROTAS Editora e mora em S\u00e3o Paulo desde 1998","sameAs":["http:\/\/www.panrotas.com.br"]}]}},"jetpack_featured_media_url":"https:\/\/blog.panrotas.com.br\/semreserva\/wp-content\/uploads\/sites\/5\/2016\/09\/Blog-scaled.jpg","jetpack_shortlink":"https:\/\/wp.me\/p7idIU-1cN","_links":{"self":[{"href":"https:\/\/blog.panrotas.com.br\/semreserva\/wp-json\/wp\/v2\/posts\/4637"}],"collection":[{"href":"https:\/\/blog.panrotas.com.br\/semreserva\/wp-json\/wp\/v2\/posts"}],"about":[{"href":"https:\/\/blog.panrotas.com.br\/semreserva\/wp-json\/wp\/v2\/types\/post"}],"author":[{"embeddable":true,"href":"https:\/\/blog.panrotas.com.br\/semreserva\/wp-json\/wp\/v2\/users\/7"}],"replies":[{"embeddable":true,"href":"https:\/\/blog.panrotas.com.br\/semreserva\/wp-json\/wp\/v2\/comments?post=4637"}],"version-history":[{"count":0,"href":"https:\/\/blog.panrotas.com.br\/semreserva\/wp-json\/wp\/v2\/posts\/4637\/revisions"}],"wp:featuredmedia":[{"embeddable":true,"href":"https:\/\/blog.panrotas.com.br\/semreserva\/wp-json\/wp\/v2\/media\/4638"}],"wp:attachment":[{"href":"https:\/\/blog.panrotas.com.br\/semreserva\/wp-json\/wp\/v2\/media?parent=4637"}],"wp:term":[{"taxonomy":"category","embeddable":true,"href":"https:\/\/blog.panrotas.com.br\/semreserva\/wp-json\/wp\/v2\/categories?post=4637"},{"taxonomy":"post_tag","embeddable":true,"href":"https:\/\/blog.panrotas.com.br\/semreserva\/wp-json\/wp\/v2\/tags?post=4637"}],"curies":[{"name":"wp","href":"https:\/\/api.w.org\/{rel}","templated":true}]}}