{"id":4644,"date":"2016-09-20T14:10:44","date_gmt":"2016-09-20T17:10:44","guid":{"rendered":"http:\/\/blog.panrotas.com.br\/semreserva\/?p=4644"},"modified":"2016-09-20T14:10:44","modified_gmt":"2016-09-20T17:10:44","slug":"acao-e-reacao","status":"publish","type":"post","link":"https:\/\/blog.panrotas.com.br\/semreserva\/acao-e-reacao\/20-09-2016\/","title":{"rendered":"A\u00e7\u00e3o e rea\u00e7\u00e3o"},"content":{"rendered":"<p>Toda a\u00e7\u00e3o gera sempre uma rea\u00e7\u00e3o oposta de igual intensidade. A lei da f\u00edsica se aplica tamb\u00e9m aos neg\u00f3cios? Ao Turismo? Sim e n\u00e3o. Sim, porque sempre que algu\u00e9m chega para concorrer, combater, contracenar ou simplesmente fazer algo novo e diferente h\u00e1 uma gritaria desenfreada, talvez at\u00e9 mais intensa que o in\u00edcio da a\u00e7\u00e3o. E a resposta tamb\u00e9m \u00e9 n\u00e3o, porque gritar, espernear e chorar n\u00e3o s\u00e3o as melhores rea\u00e7\u00f5es para defender o que supostamente \u00e9 seu (ou foi at\u00e9 ent\u00e3o).<br \/>\nUm exemplo: o Airbnb. Chorar n\u00e3o vai fazer o sistema sumir. Gritar n\u00e3o vai fazer o viajante continuar buscando o mesmo quarto de hotel. Estrat\u00e9gias como a da Accor s\u00e3o as que mais chances t\u00eam de obter sucesso. A rede francesa deu uma guinada em seu neg\u00f3cio, o que envolveu a aposta nos meios digitais (uma das for\u00e7as do Airbnb), a compra de empresas de hospedagem alternativa, a valoriza\u00e7\u00e3o da experi\u00eancia do usu\u00e1rio (que ser\u00e1 diferente em cada empreendimento), o lan\u00e7amento de marcas descoladas (ou soft brands), o refor\u00e7o de valores da hotelaria (servi\u00e7o, seguran\u00e7a, qualidade), o refor\u00e7o de seus canais pr\u00f3prios de venda (at\u00e9 para atender outros canais) e a aceita\u00e7\u00e3o de que o viajante \u00e9 multitela, multicanal e precisa ser entendido para ser fidelizado. Hot\u00e9is independentes, que n\u00e3o t\u00eam o poder de uma Accor, podem fazer o mesmo em escala menor: j\u00e1 h\u00e1 sistemas que garantem uma boa presen\u00e7a no mundo digital, o fato de serem \u00fanicos (n\u00e3o serem padronizados) os aproxima do modelo Airbnb e podem apostar em nichos e canais espec\u00edficos para formar seu \u201ccolch\u00e3o\u201d, sua garantia.<br \/>\nOutro exemplo: o Uber. Protestar e bater nos motoristas n\u00e3o s\u00e3o solu\u00e7\u00f5es e sim medo, inseguran\u00e7a. Exigir uma legisla\u00e7\u00e3o igualit\u00e1ria \u00e9 um passo importante. Mas, conhecendo os pol\u00edticos, um passo imprevis\u00edvel e demorado muitas vezes. Juntar o melhor da nova empresa com o que o t\u00e1xi perdeu com o tempo \u00e9 o melhor caminho. O Uber ainda est\u00e1 com preju\u00edzos milion\u00e1rios, ent\u00e3o essa \u00e9 a hora de reagir, mesmo sabendo que essa realidade n\u00e3o mudar\u00e1. Adaptar-se a ela \u00e9 a solu\u00e7\u00e3o, e mostrar seus diferenciais.<br \/>\nAs ag\u00eancias de viagens, em sua maioria, passaram os \u00faltimos 15 anos gritando, clamando pela volta da comiss\u00e3o, exigindo uma reserva de mercado que nunca existiu (a n\u00e3o ser circunstancialmente) e n\u00e3o cabe. Agora, a gritaria \u00e9 contra OTAs (e hot\u00e9is que assinaram contratos com essas ag\u00eancias est\u00e3o gritando juntamente, mas ser\u00e1 que n\u00e3o \u00e9 tarde demais?), blogueiros, popstars das redes sociais que usam seu poder para \u201cvender\u201d viagens. Aderir (mais uma vez) ao mundo digital, evidenciar seus diferenciais, apostar em relacionamento, ferramentas, parcerias e gest\u00e3o, e usar (copiar, adaptar, se inspirar) o que esses concorrentes t\u00eam de melhor s\u00e3o regras b\u00e1sicas do novo mundo. O blogueiro sabe se vender, sabe escrever e usa imagens como poucos. A OTA tem sistema amig\u00e1vel e f\u00e1cil (o que se consegue hoje no mercado) e gasta milh\u00f5es de reais (ou d\u00f3lares) em ferramentas de marketing digital (d\u00e1 para gastar pouco e ter presen\u00e7a tamb\u00e9m, mas de forma diferenciada e condizente com o perfil da empresa). O popstar das redes sociais tem amigos, seguidores e 15 minutos de fama. Bom, nesse caso, melhor apenas esperar, pois essa chama h\u00e1 de se apagar, at\u00e9 que outro o substitua. Melhor \u00e9 ser uma estrela com sua rede de relacionamento, o boca a boca (mesmo que digital) ainda \u00e9 uma boa arma de venda. Para isso, o cliente tem de estar satisfeito. Tem de voltar.<br \/>\nH\u00e1 outros exemplos, h\u00e1 outras a\u00e7\u00f5es que geram rea\u00e7\u00f5es descabidas. O importante n\u00e3o \u00e9 reagir. E sim, reagir com estrat\u00e9gia. Com muni\u00e7\u00e3o que funcione.<\/p>\n","protected":false},"excerpt":{"rendered":"<p>Toda a\u00e7\u00e3o gera sempre uma rea\u00e7\u00e3o oposta de igual intensidade. A lei da f\u00edsica se aplica tamb\u00e9m aos neg\u00f3cios? Ao Turismo? Sim e n\u00e3o. Sim, porque sempre que algu\u00e9m chega para concorrer, combater, contracenar ou simplesmente fazer algo novo e diferente h\u00e1 uma gritaria desenfreada, talvez at\u00e9 mais intensa que o in\u00edcio da a\u00e7\u00e3o. E [&hellip;]<\/p>\n","protected":false},"author":7,"featured_media":4645,"comment_status":"open","ping_status":"open","sticky":false,"template":"","format":"standard","meta":{"spay_email":""},"categories":[2],"tags":[],"yoast_head":"<!-- This site is optimized with the Yoast SEO plugin v17.3 - https:\/\/yoast.com\/wordpress\/plugins\/seo\/ -->\n<title>A\u00e7\u00e3o e rea\u00e7\u00e3o -<\/title>\n<meta name=\"description\" content=\"A\u00e7\u00e3o e rea\u00e7\u00e3o. Confira essa Mat\u00e9ria no Canal Sem reserva. \u27a4 Projeto em parceria com a PANROTAS.\" \/>\n<meta name=\"robots\" content=\"index, follow, max-snippet:-1, max-image-preview:large, max-video-preview:-1\" \/>\n<link rel=\"canonical\" href=\"https:\/\/blog.panrotas.com.br\/semreserva\/acao-e-reacao\/20-09-2016\/\" \/>\n<meta property=\"og:locale\" content=\"pt_BR\" \/>\n<meta property=\"og:type\" content=\"article\" \/>\n<meta property=\"og:title\" content=\"A\u00e7\u00e3o e rea\u00e7\u00e3o -\" \/>\n<meta property=\"og:description\" content=\"A\u00e7\u00e3o e rea\u00e7\u00e3o. Confira essa Mat\u00e9ria no Canal Sem reserva. \u27a4 Projeto em parceria com a PANROTAS.\" \/>\n<meta property=\"og:url\" content=\"https:\/\/blog.panrotas.com.br\/semreserva\/acao-e-reacao\/20-09-2016\/\" \/>\n<meta property=\"og:site_name\" content=\"Sem reserva\" \/>\n<meta property=\"article:publisher\" content=\"https:\/\/www.facebook.com\/portalpanrotas\/\" \/>\n<meta property=\"article:published_time\" content=\"2016-09-20T17:10:44+00:00\" \/>\n<meta property=\"og:image\" content=\"https:\/\/blog.panrotas.com.br\/semreserva\/wp-content\/uploads\/sites\/5\/2016\/09\/worried-man-against-white-free-photos-1430353.jpg\" \/>\n\t<meta property=\"og:image:width\" content=\"3872\" \/>\n\t<meta property=\"og:image:height\" content=\"2592\" \/>\n<meta name=\"twitter:card\" content=\"summary_large_image\" \/>\n<meta name=\"twitter:creator\" content=\"@portalpanrotas\" \/>\n<meta name=\"twitter:site\" content=\"@portalpanrotas\" \/>\n<meta name=\"twitter:label1\" content=\"Escrito por\" \/>\n\t<meta name=\"twitter:data1\" content=\"Artur Andrade\" \/>\n\t<meta name=\"twitter:label2\" content=\"Est. tempo de leitura\" \/>\n\t<meta name=\"twitter:data2\" content=\"3 minutos\" \/>\n<script type=\"application\/ld+json\" class=\"yoast-schema-graph\">{\"@context\":\"https:\/\/schema.org\",\"@graph\":[{\"@type\":\"Organization\",\"@id\":\"http:\/\/blog.panrotas.com.br\/semreserva\/#organization\",\"name\":\"Sem Reserva - Blog no Portal PANROTAS\",\"url\":\"http:\/\/blog.panrotas.com.br\/semreserva\/\",\"sameAs\":[\"https:\/\/www.facebook.com\/portalpanrotas\/\",\"https:\/\/www.instagram.com\/portalpanrotas\/\",\"https:\/\/br.linkedin.com\/company\/panrotas\",\"https:\/\/www.youtube.com\/tvpanrotas\",\"https:\/\/twitter.com\/portalpanrotas\"],\"logo\":{\"@type\":\"ImageObject\",\"@id\":\"http:\/\/blog.panrotas.com.br\/semreserva\/#logo\",\"inLanguage\":\"pt-BR\",\"url\":\"https:\/\/blog.panrotas.com.br\/semreserva\/wp-content\/uploads\/sites\/5\/2020\/06\/logo.png\",\"contentUrl\":\"https:\/\/blog.panrotas.com.br\/semreserva\/wp-content\/uploads\/sites\/5\/2020\/06\/logo.png\",\"width\":259,\"height\":53,\"caption\":\"Sem Reserva - Blog no Portal PANROTAS\"},\"image\":{\"@id\":\"http:\/\/blog.panrotas.com.br\/semreserva\/#logo\"}},{\"@type\":\"WebSite\",\"@id\":\"http:\/\/blog.panrotas.com.br\/semreserva\/#website\",\"url\":\"http:\/\/blog.panrotas.com.br\/semreserva\/\",\"name\":\"Sem reserva\",\"description\":\"Blogosfera PANROTAS\",\"publisher\":{\"@id\":\"http:\/\/blog.panrotas.com.br\/semreserva\/#organization\"},\"potentialAction\":[{\"@type\":\"SearchAction\",\"target\":{\"@type\":\"EntryPoint\",\"urlTemplate\":\"http:\/\/blog.panrotas.com.br\/semreserva\/?s={search_term_string}\"},\"query-input\":\"required name=search_term_string\"}],\"inLanguage\":\"pt-BR\"},{\"@type\":\"ImageObject\",\"@id\":\"https:\/\/blog.panrotas.com.br\/semreserva\/acao-e-reacao\/20-09-2016\/#primaryimage\",\"inLanguage\":\"pt-BR\",\"url\":\"https:\/\/blog.panrotas.com.br\/semreserva\/wp-content\/uploads\/sites\/5\/2016\/09\/worried-man-against-white-free-photos-1430353-scaled.jpg\",\"contentUrl\":\"https:\/\/blog.panrotas.com.br\/semreserva\/wp-content\/uploads\/sites\/5\/2016\/09\/worried-man-against-white-free-photos-1430353-scaled.jpg\",\"width\":2560,\"height\":1714},{\"@type\":\"WebPage\",\"@id\":\"https:\/\/blog.panrotas.com.br\/semreserva\/acao-e-reacao\/20-09-2016\/#webpage\",\"url\":\"https:\/\/blog.panrotas.com.br\/semreserva\/acao-e-reacao\/20-09-2016\/\",\"name\":\"A\\u00e7\\u00e3o e rea\\u00e7\\u00e3o -\",\"isPartOf\":{\"@id\":\"http:\/\/blog.panrotas.com.br\/semreserva\/#website\"},\"primaryImageOfPage\":{\"@id\":\"https:\/\/blog.panrotas.com.br\/semreserva\/acao-e-reacao\/20-09-2016\/#primaryimage\"},\"datePublished\":\"2016-09-20T17:10:44+00:00\",\"dateModified\":\"2016-09-20T17:10:44+00:00\",\"description\":\"A\\u00e7\\u00e3o e rea\\u00e7\\u00e3o. Confira essa Mat\\u00e9ria no Canal Sem reserva. \\u27a4 Projeto em parceria com a PANROTAS.\",\"breadcrumb\":{\"@id\":\"https:\/\/blog.panrotas.com.br\/semreserva\/acao-e-reacao\/20-09-2016\/#breadcrumb\"},\"inLanguage\":\"pt-BR\",\"potentialAction\":[{\"@type\":\"ReadAction\",\"target\":[\"https:\/\/blog.panrotas.com.br\/semreserva\/acao-e-reacao\/20-09-2016\/\"]}]},{\"@type\":\"BreadcrumbList\",\"@id\":\"https:\/\/blog.panrotas.com.br\/semreserva\/acao-e-reacao\/20-09-2016\/#breadcrumb\",\"itemListElement\":[{\"@type\":\"ListItem\",\"position\":1,\"name\":\"Home do Blog\",\"item\":\"http:\/\/blog.panrotas.com.br\/semreserva\/\"},{\"@type\":\"ListItem\",\"position\":2,\"name\":\"Dia a dia\",\"item\":\"https:\/\/blog.panrotas.com.br\/semreserva\/category\/dia-a-dia\/\"},{\"@type\":\"ListItem\",\"position\":3,\"name\":\"A\\u00e7\\u00e3o e rea\\u00e7\\u00e3o\"}]},{\"@type\":\"Article\",\"@id\":\"https:\/\/blog.panrotas.com.br\/semreserva\/acao-e-reacao\/20-09-2016\/#article\",\"isPartOf\":{\"@id\":\"https:\/\/blog.panrotas.com.br\/semreserva\/acao-e-reacao\/20-09-2016\/#webpage\"},\"author\":{\"@id\":\"http:\/\/blog.panrotas.com.br\/semreserva\/#\/schema\/person\/c93b4555f6a497d2d83c25dcb80f61ed\"},\"headline\":\"A\\u00e7\\u00e3o e rea\\u00e7\\u00e3o\",\"datePublished\":\"2016-09-20T17:10:44+00:00\",\"dateModified\":\"2016-09-20T17:10:44+00:00\",\"mainEntityOfPage\":{\"@id\":\"https:\/\/blog.panrotas.com.br\/semreserva\/acao-e-reacao\/20-09-2016\/#webpage\"},\"wordCount\":666,\"commentCount\":0,\"publisher\":{\"@id\":\"http:\/\/blog.panrotas.com.br\/semreserva\/#organization\"},\"image\":{\"@id\":\"https:\/\/blog.panrotas.com.br\/semreserva\/acao-e-reacao\/20-09-2016\/#primaryimage\"},\"thumbnailUrl\":\"https:\/\/blog.panrotas.com.br\/semreserva\/wp-content\/uploads\/sites\/5\/2016\/09\/worried-man-against-white-free-photos-1430353-scaled.jpg\",\"articleSection\":[\"Dia a dia\"],\"inLanguage\":\"pt-BR\",\"potentialAction\":[{\"@type\":\"CommentAction\",\"name\":\"Comment\",\"target\":[\"https:\/\/blog.panrotas.com.br\/semreserva\/acao-e-reacao\/20-09-2016\/#respond\"]}]},{\"@type\":\"Person\",\"@id\":\"http:\/\/blog.panrotas.com.br\/semreserva\/#\/schema\/person\/c93b4555f6a497d2d83c25dcb80f61ed\",\"name\":\"Artur Andrade\",\"image\":{\"@type\":\"ImageObject\",\"@id\":\"http:\/\/blog.panrotas.com.br\/semreserva\/#personlogo\",\"inLanguage\":\"pt-BR\",\"url\":\"https:\/\/secure.gravatar.com\/avatar\/a94564d630220cefd5c82f3452ac1ef4?s=96&d=mm&r=g\",\"contentUrl\":\"https:\/\/secure.gravatar.com\/avatar\/a94564d630220cefd5c82f3452ac1ef4?s=96&d=mm&r=g\",\"caption\":\"Artur Andrade\"},\"description\":\"Artur Luiz Andrade \\u00e9 carioca, taurino, jornalista e nasceu em 1969. \\u00c9 editor-chefe da PANROTAS Editora e mora em S\\u00e3o Paulo desde 1998\",\"sameAs\":[\"http:\/\/www.panrotas.com.br\"]}]}<\/script>\n<!-- \/ Yoast SEO plugin. -->","yoast_head_json":{"title":"A\u00e7\u00e3o e rea\u00e7\u00e3o -","description":"A\u00e7\u00e3o e rea\u00e7\u00e3o. Confira essa Mat\u00e9ria no Canal Sem reserva. \u27a4 Projeto em parceria com a PANROTAS.","robots":{"index":"index","follow":"follow","max-snippet":"max-snippet:-1","max-image-preview":"max-image-preview:large","max-video-preview":"max-video-preview:-1"},"canonical":"https:\/\/blog.panrotas.com.br\/semreserva\/acao-e-reacao\/20-09-2016\/","og_locale":"pt_BR","og_type":"article","og_title":"A\u00e7\u00e3o e rea\u00e7\u00e3o -","og_description":"A\u00e7\u00e3o e rea\u00e7\u00e3o. Confira essa Mat\u00e9ria no Canal Sem reserva. \u27a4 Projeto em parceria com a PANROTAS.","og_url":"https:\/\/blog.panrotas.com.br\/semreserva\/acao-e-reacao\/20-09-2016\/","og_site_name":"Sem reserva","article_publisher":"https:\/\/www.facebook.com\/portalpanrotas\/","article_published_time":"2016-09-20T17:10:44+00:00","og_image":[{"width":3872,"height":2592,"url":"https:\/\/blog.panrotas.com.br\/semreserva\/wp-content\/uploads\/sites\/5\/2016\/09\/worried-man-against-white-free-photos-1430353.jpg","type":"image\/jpeg"}],"twitter_card":"summary_large_image","twitter_creator":"@portalpanrotas","twitter_site":"@portalpanrotas","twitter_misc":{"Escrito por":"Artur Andrade","Est. tempo de leitura":"3 minutos"},"schema":{"@context":"https:\/\/schema.org","@graph":[{"@type":"Organization","@id":"http:\/\/blog.panrotas.com.br\/semreserva\/#organization","name":"Sem Reserva - Blog no Portal PANROTAS","url":"http:\/\/blog.panrotas.com.br\/semreserva\/","sameAs":["https:\/\/www.facebook.com\/portalpanrotas\/","https:\/\/www.instagram.com\/portalpanrotas\/","https:\/\/br.linkedin.com\/company\/panrotas","https:\/\/www.youtube.com\/tvpanrotas","https:\/\/twitter.com\/portalpanrotas"],"logo":{"@type":"ImageObject","@id":"http:\/\/blog.panrotas.com.br\/semreserva\/#logo","inLanguage":"pt-BR","url":"https:\/\/blog.panrotas.com.br\/semreserva\/wp-content\/uploads\/sites\/5\/2020\/06\/logo.png","contentUrl":"https:\/\/blog.panrotas.com.br\/semreserva\/wp-content\/uploads\/sites\/5\/2020\/06\/logo.png","width":259,"height":53,"caption":"Sem Reserva - Blog no Portal PANROTAS"},"image":{"@id":"http:\/\/blog.panrotas.com.br\/semreserva\/#logo"}},{"@type":"WebSite","@id":"http:\/\/blog.panrotas.com.br\/semreserva\/#website","url":"http:\/\/blog.panrotas.com.br\/semreserva\/","name":"Sem reserva","description":"Blogosfera PANROTAS","publisher":{"@id":"http:\/\/blog.panrotas.com.br\/semreserva\/#organization"},"potentialAction":[{"@type":"SearchAction","target":{"@type":"EntryPoint","urlTemplate":"http:\/\/blog.panrotas.com.br\/semreserva\/?s={search_term_string}"},"query-input":"required name=search_term_string"}],"inLanguage":"pt-BR"},{"@type":"ImageObject","@id":"https:\/\/blog.panrotas.com.br\/semreserva\/acao-e-reacao\/20-09-2016\/#primaryimage","inLanguage":"pt-BR","url":"https:\/\/blog.panrotas.com.br\/semreserva\/wp-content\/uploads\/sites\/5\/2016\/09\/worried-man-against-white-free-photos-1430353-scaled.jpg","contentUrl":"https:\/\/blog.panrotas.com.br\/semreserva\/wp-content\/uploads\/sites\/5\/2016\/09\/worried-man-against-white-free-photos-1430353-scaled.jpg","width":2560,"height":1714},{"@type":"WebPage","@id":"https:\/\/blog.panrotas.com.br\/semreserva\/acao-e-reacao\/20-09-2016\/#webpage","url":"https:\/\/blog.panrotas.com.br\/semreserva\/acao-e-reacao\/20-09-2016\/","name":"A\u00e7\u00e3o e rea\u00e7\u00e3o -","isPartOf":{"@id":"http:\/\/blog.panrotas.com.br\/semreserva\/#website"},"primaryImageOfPage":{"@id":"https:\/\/blog.panrotas.com.br\/semreserva\/acao-e-reacao\/20-09-2016\/#primaryimage"},"datePublished":"2016-09-20T17:10:44+00:00","dateModified":"2016-09-20T17:10:44+00:00","description":"A\u00e7\u00e3o e rea\u00e7\u00e3o. Confira essa Mat\u00e9ria no Canal Sem reserva. \u27a4 Projeto em parceria com a PANROTAS.","breadcrumb":{"@id":"https:\/\/blog.panrotas.com.br\/semreserva\/acao-e-reacao\/20-09-2016\/#breadcrumb"},"inLanguage":"pt-BR","potentialAction":[{"@type":"ReadAction","target":["https:\/\/blog.panrotas.com.br\/semreserva\/acao-e-reacao\/20-09-2016\/"]}]},{"@type":"BreadcrumbList","@id":"https:\/\/blog.panrotas.com.br\/semreserva\/acao-e-reacao\/20-09-2016\/#breadcrumb","itemListElement":[{"@type":"ListItem","position":1,"name":"Home do Blog","item":"http:\/\/blog.panrotas.com.br\/semreserva\/"},{"@type":"ListItem","position":2,"name":"Dia a dia","item":"https:\/\/blog.panrotas.com.br\/semreserva\/category\/dia-a-dia\/"},{"@type":"ListItem","position":3,"name":"A\u00e7\u00e3o e rea\u00e7\u00e3o"}]},{"@type":"Article","@id":"https:\/\/blog.panrotas.com.br\/semreserva\/acao-e-reacao\/20-09-2016\/#article","isPartOf":{"@id":"https:\/\/blog.panrotas.com.br\/semreserva\/acao-e-reacao\/20-09-2016\/#webpage"},"author":{"@id":"http:\/\/blog.panrotas.com.br\/semreserva\/#\/schema\/person\/c93b4555f6a497d2d83c25dcb80f61ed"},"headline":"A\u00e7\u00e3o e rea\u00e7\u00e3o","datePublished":"2016-09-20T17:10:44+00:00","dateModified":"2016-09-20T17:10:44+00:00","mainEntityOfPage":{"@id":"https:\/\/blog.panrotas.com.br\/semreserva\/acao-e-reacao\/20-09-2016\/#webpage"},"wordCount":666,"commentCount":0,"publisher":{"@id":"http:\/\/blog.panrotas.com.br\/semreserva\/#organization"},"image":{"@id":"https:\/\/blog.panrotas.com.br\/semreserva\/acao-e-reacao\/20-09-2016\/#primaryimage"},"thumbnailUrl":"https:\/\/blog.panrotas.com.br\/semreserva\/wp-content\/uploads\/sites\/5\/2016\/09\/worried-man-against-white-free-photos-1430353-scaled.jpg","articleSection":["Dia a dia"],"inLanguage":"pt-BR","potentialAction":[{"@type":"CommentAction","name":"Comment","target":["https:\/\/blog.panrotas.com.br\/semreserva\/acao-e-reacao\/20-09-2016\/#respond"]}]},{"@type":"Person","@id":"http:\/\/blog.panrotas.com.br\/semreserva\/#\/schema\/person\/c93b4555f6a497d2d83c25dcb80f61ed","name":"Artur Andrade","image":{"@type":"ImageObject","@id":"http:\/\/blog.panrotas.com.br\/semreserva\/#personlogo","inLanguage":"pt-BR","url":"https:\/\/secure.gravatar.com\/avatar\/a94564d630220cefd5c82f3452ac1ef4?s=96&d=mm&r=g","contentUrl":"https:\/\/secure.gravatar.com\/avatar\/a94564d630220cefd5c82f3452ac1ef4?s=96&d=mm&r=g","caption":"Artur Andrade"},"description":"Artur Luiz Andrade \u00e9 carioca, taurino, jornalista e nasceu em 1969. \u00c9 editor-chefe da PANROTAS Editora e mora em S\u00e3o Paulo desde 1998","sameAs":["http:\/\/www.panrotas.com.br"]}]}},"jetpack_featured_media_url":"https:\/\/blog.panrotas.com.br\/semreserva\/wp-content\/uploads\/sites\/5\/2016\/09\/worried-man-against-white-free-photos-1430353-scaled.jpg","jetpack_shortlink":"https:\/\/wp.me\/p7idIU-1cU","_links":{"self":[{"href":"https:\/\/blog.panrotas.com.br\/semreserva\/wp-json\/wp\/v2\/posts\/4644"}],"collection":[{"href":"https:\/\/blog.panrotas.com.br\/semreserva\/wp-json\/wp\/v2\/posts"}],"about":[{"href":"https:\/\/blog.panrotas.com.br\/semreserva\/wp-json\/wp\/v2\/types\/post"}],"author":[{"embeddable":true,"href":"https:\/\/blog.panrotas.com.br\/semreserva\/wp-json\/wp\/v2\/users\/7"}],"replies":[{"embeddable":true,"href":"https:\/\/blog.panrotas.com.br\/semreserva\/wp-json\/wp\/v2\/comments?post=4644"}],"version-history":[{"count":0,"href":"https:\/\/blog.panrotas.com.br\/semreserva\/wp-json\/wp\/v2\/posts\/4644\/revisions"}],"wp:featuredmedia":[{"embeddable":true,"href":"https:\/\/blog.panrotas.com.br\/semreserva\/wp-json\/wp\/v2\/media\/4645"}],"wp:attachment":[{"href":"https:\/\/blog.panrotas.com.br\/semreserva\/wp-json\/wp\/v2\/media?parent=4644"}],"wp:term":[{"taxonomy":"category","embeddable":true,"href":"https:\/\/blog.panrotas.com.br\/semreserva\/wp-json\/wp\/v2\/categories?post=4644"},{"taxonomy":"post_tag","embeddable":true,"href":"https:\/\/blog.panrotas.com.br\/semreserva\/wp-json\/wp\/v2\/tags?post=4644"}],"curies":[{"name":"wp","href":"https:\/\/api.w.org\/{rel}","templated":true}]}}