{"id":4651,"date":"2016-10-03T14:15:11","date_gmt":"2016-10-03T17:15:11","guid":{"rendered":"http:\/\/blog.panrotas.com.br\/semreserva\/?p=4651"},"modified":"2016-10-03T14:15:11","modified_gmt":"2016-10-03T17:15:11","slug":"recado-das-urnas","status":"publish","type":"post","link":"https:\/\/blog.panrotas.com.br\/semreserva\/recado-das-urnas\/03-10-2016\/","title":{"rendered":"Recado das urnas"},"content":{"rendered":"<p>Mais que o impeachment, as elei\u00e7\u00f5es municipais devem fazer o Pa\u00eds finalmente andar para frente, trabalhar agendas priorit\u00e1rias e deixar (um pouco) de lado as rixas manique\u00edstas e tolas de que apenas um lado est\u00e1 certo ou errado, no estilo anjo ou dem\u00f4nio.<\/p>\n<p>&nbsp;<\/p>\n<p>O recado dos eleitores foi bastante claro: n\u00e3o queremos corrup\u00e7\u00e3o, queremos melhorias em sa\u00fade e educa\u00e7\u00e3o, queremos gestores s\u00e9rios, n\u00e3o queremos eleger quem est\u00e1 intimamente ligado \u00e0 Opera\u00e7\u00e3o Lava Jato, queremos um novo Pa\u00eds, que come\u00e7a com novas gest\u00f5es municipais.<\/p>\n<p>&nbsp;<\/p>\n<p>Se o PT foi o mais castigado nas urnas e Geraldo Alckmin e o PSDB dois campe\u00f5es, todos devem saber ler recados como o alto \u00edndice de absten\u00e7\u00e3o e de brancos e nulos, a cr\u00edtica \u00e0 pol\u00edtica de conchavos, o enfraquecimento dos padrinhos.<\/p>\n<p>&nbsp;<\/p>\n<p>A quest\u00e3o do Rio de Janeiro \u00e9 emblem\u00e1tica. O bem avaliado Eduardo Paes, depois de uma Olimp\u00edada de sucesso, pagou o pre\u00e7o por achar que elegeria qualquer um e que a pol\u00eamica sobre a viol\u00eancia contra a mulher seria esquecida (sem falar na queda da passarela na ciclovia, que matou duas pessoas, e nas pol\u00eamicas verbais do prefeito). O fato de o Estado do Rio estar \u201cfalido\u201d tamb\u00e9m deve ter colaborado. Poucos eleitores fazem a distin\u00e7\u00e3o sobre o que \u00e9 do Estado e o que \u00e9 do munic\u00edpio.<\/p>\n<p>&nbsp;<\/p>\n<p>A elei\u00e7\u00e3o de Marcelo Crivella ou Marcelo Freixo impactar\u00e1 diretamente no Turismo, j\u00e1 que a pasta municipal \u00e9 dirigida pelo PMDB (e coligados) h\u00e1 anos. Isso em um momento em que n\u00e3o h\u00e1 grandes eventos \u00e0 vista e que a cidade precisar\u00e1 sair pelo Brasil e pelo mundo para se vender.<\/p>\n<p>&nbsp;<\/p>\n<p>Em S\u00e3o Paulo, depois de uma administra\u00e7\u00e3o que ignorou o Turismo e desmontou a SP Turis, a elei\u00e7\u00e3o de Jo\u00e3o D\u00f3ria \u00e9 das mais promissoras. Ele j\u00e1 prometeu privatizar o Anhembi e Interlagos e S\u00e3o Paulo deve ganhar um boom em Mice e Turismo em geral, pois \u00e9 uma \u00e1rea que o novo prefeito domina bem.<\/p>\n<p>&nbsp;<\/p>\n<p>O Turismo pode servir muito bem \u00e0 nova pol\u00edtica, que precisa consertar a velha, investir no b\u00e1sico, mas tamb\u00e9m encontrar \u201cnovas receitas\u201d, \u201cnovas frentes\u201d, e nossa ind\u00fastria sempre foi meio que deixada de lado na hora do plano estrat\u00e9gico.<\/p>\n<p>&nbsp;<\/p>\n<p>O clima pelo Pa\u00eds, tirando a ressaca e o ressentimento dos derrotados, que em vez de analisar por que levaram uma surra preferem espernear e apontar o dedo, est\u00e1 mais otimista, mais direcionado, mais prop\u00edcio \u00e0 esperada retomada.<\/p>\n<p>&nbsp;<\/p>\n<p>Pode ser que os novos prefeitos sejam um desastre? Claro. Mas a popula\u00e7\u00e3o, a que votou e a que se absteve ou anulou o voto, direcionou o caminho. E n\u00e3o vai tolerar meia volta ou retrocessos.<\/p>\n<p>&nbsp;<\/p>\n<p>Quanto a 2018, enquanto a esquerda se rearruma (e \u00e9 importante que o fa\u00e7a de forma r\u00e1pida) e os novos l\u00edderes se livram da direita intolerante (precisam), ainda \u00e9 cedo para dizer o que ser\u00e1 de n\u00f3s. Temos l\u00edderes? Temos um novo presidente? Ainda n\u00e3o. Mas sabemos o que n\u00e3o queremos.<\/p>\n<p>&nbsp;<\/p>\n<p>(<em>foto: Ag\u00eancia Brasil<\/em>)<\/p>\n","protected":false},"excerpt":{"rendered":"<p>Mais que o impeachment, as elei\u00e7\u00f5es municipais devem fazer o Pa\u00eds finalmente andar para frente, trabalhar agendas priorit\u00e1rias e deixar (um pouco) de lado as rixas manique\u00edstas e tolas de que apenas um lado est\u00e1 certo ou errado, no estilo anjo ou dem\u00f4nio. &nbsp; O recado dos eleitores foi bastante claro: n\u00e3o queremos corrup\u00e7\u00e3o, queremos [&hellip;]<\/p>\n","protected":false},"author":7,"featured_media":4652,"comment_status":"open","ping_status":"open","sticky":false,"template":"","format":"standard","meta":{"spay_email":""},"categories":[2],"tags":[],"yoast_head":"<!-- This site is optimized with the Yoast SEO plugin v17.3 - https:\/\/yoast.com\/wordpress\/plugins\/seo\/ -->\n<title>Recado das urnas -<\/title>\n<meta name=\"description\" content=\"Recado das urnas. Confira essa Mat\u00e9ria no Canal Sem reserva. \u27a4 Projeto em parceria com a PANROTAS.\" \/>\n<meta name=\"robots\" content=\"index, follow, max-snippet:-1, max-image-preview:large, max-video-preview:-1\" \/>\n<link rel=\"canonical\" href=\"https:\/\/blog.panrotas.com.br\/semreserva\/recado-das-urnas\/03-10-2016\/\" \/>\n<meta property=\"og:locale\" content=\"pt_BR\" \/>\n<meta property=\"og:type\" content=\"article\" \/>\n<meta property=\"og:title\" content=\"Recado das urnas -\" \/>\n<meta property=\"og:description\" content=\"Recado das urnas. Confira essa Mat\u00e9ria no Canal Sem reserva. \u27a4 Projeto em parceria com a PANROTAS.\" \/>\n<meta property=\"og:url\" content=\"https:\/\/blog.panrotas.com.br\/semreserva\/recado-das-urnas\/03-10-2016\/\" \/>\n<meta property=\"og:site_name\" content=\"Sem reserva\" \/>\n<meta property=\"article:publisher\" content=\"https:\/\/www.facebook.com\/portalpanrotas\/\" \/>\n<meta property=\"article:published_time\" content=\"2016-10-03T17:15:11+00:00\" \/>\n<meta property=\"og:image\" content=\"https:\/\/blog.panrotas.com.br\/semreserva\/wp-content\/uploads\/sites\/5\/2016\/10\/1048183-rj_021016tnrg000520.jpg\" \/>\n\t<meta property=\"og:image:width\" content=\"800\" \/>\n\t<meta property=\"og:image:height\" content=\"533\" \/>\n<meta name=\"twitter:card\" content=\"summary_large_image\" \/>\n<meta name=\"twitter:creator\" content=\"@portalpanrotas\" \/>\n<meta name=\"twitter:site\" content=\"@portalpanrotas\" \/>\n<meta name=\"twitter:label1\" content=\"Escrito por\" \/>\n\t<meta name=\"twitter:data1\" content=\"Artur Andrade\" \/>\n\t<meta name=\"twitter:label2\" content=\"Est. tempo de leitura\" \/>\n\t<meta name=\"twitter:data2\" content=\"3 minutos\" \/>\n<script type=\"application\/ld+json\" class=\"yoast-schema-graph\">{\"@context\":\"https:\/\/schema.org\",\"@graph\":[{\"@type\":\"Organization\",\"@id\":\"http:\/\/blog.panrotas.com.br\/semreserva\/#organization\",\"name\":\"Sem Reserva - Blog no Portal PANROTAS\",\"url\":\"http:\/\/blog.panrotas.com.br\/semreserva\/\",\"sameAs\":[\"https:\/\/www.facebook.com\/portalpanrotas\/\",\"https:\/\/www.instagram.com\/portalpanrotas\/\",\"https:\/\/br.linkedin.com\/company\/panrotas\",\"https:\/\/www.youtube.com\/tvpanrotas\",\"https:\/\/twitter.com\/portalpanrotas\"],\"logo\":{\"@type\":\"ImageObject\",\"@id\":\"http:\/\/blog.panrotas.com.br\/semreserva\/#logo\",\"inLanguage\":\"pt-BR\",\"url\":\"https:\/\/blog.panrotas.com.br\/semreserva\/wp-content\/uploads\/sites\/5\/2020\/06\/logo.png\",\"contentUrl\":\"https:\/\/blog.panrotas.com.br\/semreserva\/wp-content\/uploads\/sites\/5\/2020\/06\/logo.png\",\"width\":259,\"height\":53,\"caption\":\"Sem Reserva - Blog no Portal PANROTAS\"},\"image\":{\"@id\":\"http:\/\/blog.panrotas.com.br\/semreserva\/#logo\"}},{\"@type\":\"WebSite\",\"@id\":\"http:\/\/blog.panrotas.com.br\/semreserva\/#website\",\"url\":\"http:\/\/blog.panrotas.com.br\/semreserva\/\",\"name\":\"Sem reserva\",\"description\":\"Blogosfera PANROTAS\",\"publisher\":{\"@id\":\"http:\/\/blog.panrotas.com.br\/semreserva\/#organization\"},\"potentialAction\":[{\"@type\":\"SearchAction\",\"target\":{\"@type\":\"EntryPoint\",\"urlTemplate\":\"http:\/\/blog.panrotas.com.br\/semreserva\/?s={search_term_string}\"},\"query-input\":\"required name=search_term_string\"}],\"inLanguage\":\"pt-BR\"},{\"@type\":\"ImageObject\",\"@id\":\"https:\/\/blog.panrotas.com.br\/semreserva\/recado-das-urnas\/03-10-2016\/#primaryimage\",\"inLanguage\":\"pt-BR\",\"url\":\"https:\/\/blog.panrotas.com.br\/semreserva\/wp-content\/uploads\/sites\/5\/2016\/10\/1048183-rj_021016tnrg000520.jpg\",\"contentUrl\":\"https:\/\/blog.panrotas.com.br\/semreserva\/wp-content\/uploads\/sites\/5\/2016\/10\/1048183-rj_021016tnrg000520.jpg\",\"width\":800,\"height\":533,\"caption\":\"Rio de Janeiro - Boca de urna \\u00e9 vista em v\\u00e1rias zonas eleitorais de Niteroi. (Foto: T\\u00e2nia R\\u00eago\/Ag\\u00eancia Brasil)\"},{\"@type\":\"WebPage\",\"@id\":\"https:\/\/blog.panrotas.com.br\/semreserva\/recado-das-urnas\/03-10-2016\/#webpage\",\"url\":\"https:\/\/blog.panrotas.com.br\/semreserva\/recado-das-urnas\/03-10-2016\/\",\"name\":\"Recado das urnas -\",\"isPartOf\":{\"@id\":\"http:\/\/blog.panrotas.com.br\/semreserva\/#website\"},\"primaryImageOfPage\":{\"@id\":\"https:\/\/blog.panrotas.com.br\/semreserva\/recado-das-urnas\/03-10-2016\/#primaryimage\"},\"datePublished\":\"2016-10-03T17:15:11+00:00\",\"dateModified\":\"2016-10-03T17:15:11+00:00\",\"description\":\"Recado das urnas. Confira essa Mat\\u00e9ria no Canal Sem reserva. \\u27a4 Projeto em parceria com a PANROTAS.\",\"breadcrumb\":{\"@id\":\"https:\/\/blog.panrotas.com.br\/semreserva\/recado-das-urnas\/03-10-2016\/#breadcrumb\"},\"inLanguage\":\"pt-BR\",\"potentialAction\":[{\"@type\":\"ReadAction\",\"target\":[\"https:\/\/blog.panrotas.com.br\/semreserva\/recado-das-urnas\/03-10-2016\/\"]}]},{\"@type\":\"BreadcrumbList\",\"@id\":\"https:\/\/blog.panrotas.com.br\/semreserva\/recado-das-urnas\/03-10-2016\/#breadcrumb\",\"itemListElement\":[{\"@type\":\"ListItem\",\"position\":1,\"name\":\"Home do Blog\",\"item\":\"http:\/\/blog.panrotas.com.br\/semreserva\/\"},{\"@type\":\"ListItem\",\"position\":2,\"name\":\"Dia a dia\",\"item\":\"https:\/\/blog.panrotas.com.br\/semreserva\/category\/dia-a-dia\/\"},{\"@type\":\"ListItem\",\"position\":3,\"name\":\"Recado das urnas\"}]},{\"@type\":\"Article\",\"@id\":\"https:\/\/blog.panrotas.com.br\/semreserva\/recado-das-urnas\/03-10-2016\/#article\",\"isPartOf\":{\"@id\":\"https:\/\/blog.panrotas.com.br\/semreserva\/recado-das-urnas\/03-10-2016\/#webpage\"},\"author\":{\"@id\":\"http:\/\/blog.panrotas.com.br\/semreserva\/#\/schema\/person\/c93b4555f6a497d2d83c25dcb80f61ed\"},\"headline\":\"Recado das urnas\",\"datePublished\":\"2016-10-03T17:15:11+00:00\",\"dateModified\":\"2016-10-03T17:15:11+00:00\",\"mainEntityOfPage\":{\"@id\":\"https:\/\/blog.panrotas.com.br\/semreserva\/recado-das-urnas\/03-10-2016\/#webpage\"},\"wordCount\":541,\"commentCount\":0,\"publisher\":{\"@id\":\"http:\/\/blog.panrotas.com.br\/semreserva\/#organization\"},\"image\":{\"@id\":\"https:\/\/blog.panrotas.com.br\/semreserva\/recado-das-urnas\/03-10-2016\/#primaryimage\"},\"thumbnailUrl\":\"https:\/\/blog.panrotas.com.br\/semreserva\/wp-content\/uploads\/sites\/5\/2016\/10\/1048183-rj_021016tnrg000520.jpg\",\"articleSection\":[\"Dia a dia\"],\"inLanguage\":\"pt-BR\",\"potentialAction\":[{\"@type\":\"CommentAction\",\"name\":\"Comment\",\"target\":[\"https:\/\/blog.panrotas.com.br\/semreserva\/recado-das-urnas\/03-10-2016\/#respond\"]}]},{\"@type\":\"Person\",\"@id\":\"http:\/\/blog.panrotas.com.br\/semreserva\/#\/schema\/person\/c93b4555f6a497d2d83c25dcb80f61ed\",\"name\":\"Artur Andrade\",\"image\":{\"@type\":\"ImageObject\",\"@id\":\"http:\/\/blog.panrotas.com.br\/semreserva\/#personlogo\",\"inLanguage\":\"pt-BR\",\"url\":\"https:\/\/secure.gravatar.com\/avatar\/a94564d630220cefd5c82f3452ac1ef4?s=96&d=mm&r=g\",\"contentUrl\":\"https:\/\/secure.gravatar.com\/avatar\/a94564d630220cefd5c82f3452ac1ef4?s=96&d=mm&r=g\",\"caption\":\"Artur Andrade\"},\"description\":\"Artur Luiz Andrade \\u00e9 carioca, taurino, jornalista e nasceu em 1969. \\u00c9 editor-chefe da PANROTAS Editora e mora em S\\u00e3o Paulo desde 1998\",\"sameAs\":[\"http:\/\/www.panrotas.com.br\"]}]}<\/script>\n<!-- \/ Yoast SEO plugin. -->","yoast_head_json":{"title":"Recado das urnas -","description":"Recado das urnas. Confira essa Mat\u00e9ria no Canal Sem reserva. \u27a4 Projeto em parceria com a PANROTAS.","robots":{"index":"index","follow":"follow","max-snippet":"max-snippet:-1","max-image-preview":"max-image-preview:large","max-video-preview":"max-video-preview:-1"},"canonical":"https:\/\/blog.panrotas.com.br\/semreserva\/recado-das-urnas\/03-10-2016\/","og_locale":"pt_BR","og_type":"article","og_title":"Recado das urnas -","og_description":"Recado das urnas. Confira essa Mat\u00e9ria no Canal Sem reserva. \u27a4 Projeto em parceria com a PANROTAS.","og_url":"https:\/\/blog.panrotas.com.br\/semreserva\/recado-das-urnas\/03-10-2016\/","og_site_name":"Sem reserva","article_publisher":"https:\/\/www.facebook.com\/portalpanrotas\/","article_published_time":"2016-10-03T17:15:11+00:00","og_image":[{"width":800,"height":533,"url":"https:\/\/blog.panrotas.com.br\/semreserva\/wp-content\/uploads\/sites\/5\/2016\/10\/1048183-rj_021016tnrg000520.jpg","type":"image\/jpeg"}],"twitter_card":"summary_large_image","twitter_creator":"@portalpanrotas","twitter_site":"@portalpanrotas","twitter_misc":{"Escrito por":"Artur Andrade","Est. tempo de leitura":"3 minutos"},"schema":{"@context":"https:\/\/schema.org","@graph":[{"@type":"Organization","@id":"http:\/\/blog.panrotas.com.br\/semreserva\/#organization","name":"Sem Reserva - Blog no Portal PANROTAS","url":"http:\/\/blog.panrotas.com.br\/semreserva\/","sameAs":["https:\/\/www.facebook.com\/portalpanrotas\/","https:\/\/www.instagram.com\/portalpanrotas\/","https:\/\/br.linkedin.com\/company\/panrotas","https:\/\/www.youtube.com\/tvpanrotas","https:\/\/twitter.com\/portalpanrotas"],"logo":{"@type":"ImageObject","@id":"http:\/\/blog.panrotas.com.br\/semreserva\/#logo","inLanguage":"pt-BR","url":"https:\/\/blog.panrotas.com.br\/semreserva\/wp-content\/uploads\/sites\/5\/2020\/06\/logo.png","contentUrl":"https:\/\/blog.panrotas.com.br\/semreserva\/wp-content\/uploads\/sites\/5\/2020\/06\/logo.png","width":259,"height":53,"caption":"Sem Reserva - Blog no Portal PANROTAS"},"image":{"@id":"http:\/\/blog.panrotas.com.br\/semreserva\/#logo"}},{"@type":"WebSite","@id":"http:\/\/blog.panrotas.com.br\/semreserva\/#website","url":"http:\/\/blog.panrotas.com.br\/semreserva\/","name":"Sem reserva","description":"Blogosfera PANROTAS","publisher":{"@id":"http:\/\/blog.panrotas.com.br\/semreserva\/#organization"},"potentialAction":[{"@type":"SearchAction","target":{"@type":"EntryPoint","urlTemplate":"http:\/\/blog.panrotas.com.br\/semreserva\/?s={search_term_string}"},"query-input":"required name=search_term_string"}],"inLanguage":"pt-BR"},{"@type":"ImageObject","@id":"https:\/\/blog.panrotas.com.br\/semreserva\/recado-das-urnas\/03-10-2016\/#primaryimage","inLanguage":"pt-BR","url":"https:\/\/blog.panrotas.com.br\/semreserva\/wp-content\/uploads\/sites\/5\/2016\/10\/1048183-rj_021016tnrg000520.jpg","contentUrl":"https:\/\/blog.panrotas.com.br\/semreserva\/wp-content\/uploads\/sites\/5\/2016\/10\/1048183-rj_021016tnrg000520.jpg","width":800,"height":533,"caption":"Rio de Janeiro - Boca de urna \u00e9 vista em v\u00e1rias zonas eleitorais de Niteroi. (Foto: T\u00e2nia R\u00eago\/Ag\u00eancia Brasil)"},{"@type":"WebPage","@id":"https:\/\/blog.panrotas.com.br\/semreserva\/recado-das-urnas\/03-10-2016\/#webpage","url":"https:\/\/blog.panrotas.com.br\/semreserva\/recado-das-urnas\/03-10-2016\/","name":"Recado das urnas -","isPartOf":{"@id":"http:\/\/blog.panrotas.com.br\/semreserva\/#website"},"primaryImageOfPage":{"@id":"https:\/\/blog.panrotas.com.br\/semreserva\/recado-das-urnas\/03-10-2016\/#primaryimage"},"datePublished":"2016-10-03T17:15:11+00:00","dateModified":"2016-10-03T17:15:11+00:00","description":"Recado das urnas. Confira essa Mat\u00e9ria no Canal Sem reserva. \u27a4 Projeto em parceria com a PANROTAS.","breadcrumb":{"@id":"https:\/\/blog.panrotas.com.br\/semreserva\/recado-das-urnas\/03-10-2016\/#breadcrumb"},"inLanguage":"pt-BR","potentialAction":[{"@type":"ReadAction","target":["https:\/\/blog.panrotas.com.br\/semreserva\/recado-das-urnas\/03-10-2016\/"]}]},{"@type":"BreadcrumbList","@id":"https:\/\/blog.panrotas.com.br\/semreserva\/recado-das-urnas\/03-10-2016\/#breadcrumb","itemListElement":[{"@type":"ListItem","position":1,"name":"Home do Blog","item":"http:\/\/blog.panrotas.com.br\/semreserva\/"},{"@type":"ListItem","position":2,"name":"Dia a dia","item":"https:\/\/blog.panrotas.com.br\/semreserva\/category\/dia-a-dia\/"},{"@type":"ListItem","position":3,"name":"Recado das urnas"}]},{"@type":"Article","@id":"https:\/\/blog.panrotas.com.br\/semreserva\/recado-das-urnas\/03-10-2016\/#article","isPartOf":{"@id":"https:\/\/blog.panrotas.com.br\/semreserva\/recado-das-urnas\/03-10-2016\/#webpage"},"author":{"@id":"http:\/\/blog.panrotas.com.br\/semreserva\/#\/schema\/person\/c93b4555f6a497d2d83c25dcb80f61ed"},"headline":"Recado das urnas","datePublished":"2016-10-03T17:15:11+00:00","dateModified":"2016-10-03T17:15:11+00:00","mainEntityOfPage":{"@id":"https:\/\/blog.panrotas.com.br\/semreserva\/recado-das-urnas\/03-10-2016\/#webpage"},"wordCount":541,"commentCount":0,"publisher":{"@id":"http:\/\/blog.panrotas.com.br\/semreserva\/#organization"},"image":{"@id":"https:\/\/blog.panrotas.com.br\/semreserva\/recado-das-urnas\/03-10-2016\/#primaryimage"},"thumbnailUrl":"https:\/\/blog.panrotas.com.br\/semreserva\/wp-content\/uploads\/sites\/5\/2016\/10\/1048183-rj_021016tnrg000520.jpg","articleSection":["Dia a dia"],"inLanguage":"pt-BR","potentialAction":[{"@type":"CommentAction","name":"Comment","target":["https:\/\/blog.panrotas.com.br\/semreserva\/recado-das-urnas\/03-10-2016\/#respond"]}]},{"@type":"Person","@id":"http:\/\/blog.panrotas.com.br\/semreserva\/#\/schema\/person\/c93b4555f6a497d2d83c25dcb80f61ed","name":"Artur Andrade","image":{"@type":"ImageObject","@id":"http:\/\/blog.panrotas.com.br\/semreserva\/#personlogo","inLanguage":"pt-BR","url":"https:\/\/secure.gravatar.com\/avatar\/a94564d630220cefd5c82f3452ac1ef4?s=96&d=mm&r=g","contentUrl":"https:\/\/secure.gravatar.com\/avatar\/a94564d630220cefd5c82f3452ac1ef4?s=96&d=mm&r=g","caption":"Artur Andrade"},"description":"Artur Luiz Andrade \u00e9 carioca, taurino, jornalista e nasceu em 1969. \u00c9 editor-chefe da PANROTAS Editora e mora em S\u00e3o Paulo desde 1998","sameAs":["http:\/\/www.panrotas.com.br"]}]}},"jetpack_featured_media_url":"https:\/\/blog.panrotas.com.br\/semreserva\/wp-content\/uploads\/sites\/5\/2016\/10\/1048183-rj_021016tnrg000520.jpg","jetpack_shortlink":"https:\/\/wp.me\/p7idIU-1d1","_links":{"self":[{"href":"https:\/\/blog.panrotas.com.br\/semreserva\/wp-json\/wp\/v2\/posts\/4651"}],"collection":[{"href":"https:\/\/blog.panrotas.com.br\/semreserva\/wp-json\/wp\/v2\/posts"}],"about":[{"href":"https:\/\/blog.panrotas.com.br\/semreserva\/wp-json\/wp\/v2\/types\/post"}],"author":[{"embeddable":true,"href":"https:\/\/blog.panrotas.com.br\/semreserva\/wp-json\/wp\/v2\/users\/7"}],"replies":[{"embeddable":true,"href":"https:\/\/blog.panrotas.com.br\/semreserva\/wp-json\/wp\/v2\/comments?post=4651"}],"version-history":[{"count":0,"href":"https:\/\/blog.panrotas.com.br\/semreserva\/wp-json\/wp\/v2\/posts\/4651\/revisions"}],"wp:featuredmedia":[{"embeddable":true,"href":"https:\/\/blog.panrotas.com.br\/semreserva\/wp-json\/wp\/v2\/media\/4652"}],"wp:attachment":[{"href":"https:\/\/blog.panrotas.com.br\/semreserva\/wp-json\/wp\/v2\/media?parent=4651"}],"wp:term":[{"taxonomy":"category","embeddable":true,"href":"https:\/\/blog.panrotas.com.br\/semreserva\/wp-json\/wp\/v2\/categories?post=4651"},{"taxonomy":"post_tag","embeddable":true,"href":"https:\/\/blog.panrotas.com.br\/semreserva\/wp-json\/wp\/v2\/tags?post=4651"}],"curies":[{"name":"wp","href":"https:\/\/api.w.org\/{rel}","templated":true}]}}