{"id":4655,"date":"2016-10-04T18:50:57","date_gmt":"2016-10-04T21:50:57","guid":{"rendered":"http:\/\/blog.panrotas.com.br\/semreserva\/?p=4655"},"modified":"2016-10-04T18:50:57","modified_gmt":"2016-10-04T21:50:57","slug":"tambem-nao-e-assim","status":"publish","type":"post","link":"https:\/\/blog.panrotas.com.br\/semreserva\/tambem-nao-e-assim\/04-10-2016\/","title":{"rendered":"Tamb\u00e9m n\u00e3o \u00e9 assim&#8230;"},"content":{"rendered":"<p>O post ufanista do nosso querido lobista do bem, Lu\u00eds Vabo, em seu blog aqui no Portal PANROTAS, falando sobre o \u00faltimo evento da Abav Braztoa, \u00e9 compreens\u00edvel. Primeiro porque o clima e a percep\u00e7\u00e3o s\u00e3o realmente de que foi um evento vitorioso. Um evento que estava sendo criticado e at\u00e9 massacrado por muitos at\u00e9 o ano passado (tanto que estava, este ano, bem pequeno perto do que j\u00e1 foi um dia). Segundo porque quem est\u00e1 envolvido na organiza\u00e7\u00e3o de um evento (e o Vabo estava e est\u00e1 na diretoria da Abav) sai mesmo com esse sentimento de final de Copa do Mundo. Mas a Abav n\u00e3o pode nem deve se enganar. E n\u00e3o ir\u00e1, tendo Edmar Bull \u00e0 frente. Ainda h\u00e1 muito a ser feito.<\/p>\n<p>&nbsp;<\/p>\n<p>A feira estava realmente muito bem frequentada e com profissionais interessados. Mas estava pequena. E faltou expositor: de destinos internacionais \u00e0 CVC, de companhias a\u00e9reas a empresas m\u00e9dias e pequenas que fazem a interface com o trade. Sim, houve criatividade com os estandes cooperados tapando esses buracos, mas as consolidadoras, os resorts, as companhias de cruzeiros&#8230;em outras \u00e9pocas tinham estandes separados e com destaque. Se a moda pega vai ser uma feira de dez estandes: Norte\/Nordeste, Sul\/Sudeste, Centro-Oeste, A\u00e9reas Nacionais, A\u00e9reas Internacionais, Resorts e Hot\u00e9is de Lazer, Consolidadoras, Cruzeiros, Destinos Internacionais e Afins.<\/p>\n<p>&nbsp;<\/p>\n<p>Ou seja, a Abav precisa resgatar os expositores. A entidade promete uma nova montadora para 2017, o que j\u00e1 deve ajudar, mas \u00e9 necess\u00e1rio um trabalho maior, que passa pelo convencimento de que o evento d\u00e1 retorno. A edi\u00e7\u00e3o de 2016 \u00e9 um bom cart\u00e3o de visitas. Quem n\u00e3o foi&#8230; perdeu uma boa oportunidade de falar com um p\u00fablico qualificado.<\/p>\n<p>&nbsp;<\/p>\n<p>P\u00fablico muito bom, mas ainda concentrado no Sudeste. \u00c9 preciso nacionalizar a feira e a Abav sabe disso. Esse resgate se dar\u00e1 com o tempo. A Abav, ali\u00e1s, tem na mesa convites para acontecer em Fortaleza, Rio de Janeiro e at\u00e9 em um resort. Nossa aposta \u00e9 que volta para o Expo Center Norte no ano que vem. Mas o fator Jo\u00e3o D\u00f3ria pode pender para o lado do Anhembi, que o novo prefeito promete privatizar, ali\u00e1s.<\/p>\n<p>&nbsp;<\/p>\n<p>O desenho da feira n\u00e3o ajudou. Enquanto a infraestrutura era realmente \u00f3tima, a parte da Braztoa, por exemplo, ficou prejudicada e at\u00e9 confusa. Afinal a Decolar.com estava dentro ou fora do Encontro Braztoa? Sabemos que fora, mas teve quem se confundiu. A \u00e1rea me pareceu, na sexta-feira, \u00fanico dia em que fui, menos movimentada. Nos dois dias anteriores, soube que estava tudo lotado (ou compactado, como queiram). Mas o primeiro pavilh\u00e3o foi privilegiado. Tamb\u00e9m alguns estandes precisam parar de investir tanto em decora\u00e7\u00e3o e m\u00fasica e focar em neg\u00f3cios. Alguns n\u00e3o entenderam o novo momento da Abav.<\/p>\n<p>&nbsp;<\/p>\n<p>O esfor\u00e7o conjunto das entidades, com Abav e Braztoa \u00e0 frente, tamb\u00e9m tem de ser ampliado e otimizado. O discurso precisa ser \u00fanico e a assinatura ficar mais clara. Se \u00e9 uma feira de duas entidades, talvez um novo nome seja prop\u00edcio (e depois se explica que \u00e9 45\u00aa Abav e 47\u00ba Encontro Braztoa). Mas pela primeira vez, como me disse a Magda Nassar, as duas associa\u00e7\u00f5es assinaram de fato o evento.<\/p>\n<p>&nbsp;<\/p>\n<p>A Vila do Saber merece sim todos os elogios. Mas ainda falta o palco maior ao evento. Os grandes debates. O local em que a Abav e a Braztoa se posicionam, como havia no congresso de antigamente. Capacita\u00e7\u00e3o \u00e9 importante, fundamental, necess\u00e1ria e tem at\u00e9 que ser aumentada. Mas os debates consistentes, pol\u00edticos, com conte\u00fado e opini\u00e3o tamb\u00e9m. Sem o ran\u00e7o revanchista de anos atr\u00e1s, sem ser apenas um palco de tapinhas nas costas ou cr\u00edticas an\u00f4nimas, mas sim um grande momento de discuss\u00e3o da distribui\u00e7\u00e3o na ind\u00fastria de Viagens e Turismo. Um momento em que todos assistam calados e prestando aten\u00e7\u00e3o, e depois interagindo. Um momento em que os parceiros discutam as parcerias em p\u00fablico. Com transpar\u00eancia. O setor precisa dar esse passo qualitativo e o evento \u00e9 prop\u00edcio a isso.<\/p>\n<p>&nbsp;<\/p>\n<p>Sim, foi um ano de crise e a Abav voltou a crescer em awareness e import\u00e2ncia, mesmo estando menor (em tamanho), mesmo sem \u201cmovimentar S\u00e3o Paulo\u201d&#8230; A tend\u00eancias \u00e9 que as resist\u00eancias diminuam nas pr\u00f3ximas edi\u00e7\u00f5es. Mas as inova\u00e7\u00f5es e mudan\u00e7as precisam ser aceleradas. Ter uma vers\u00e3o itinerante (em outra data, por exemplo) n\u00e3o \u00e9 algo que deva ser descartado.<\/p>\n<p>&nbsp;<\/p>\n<p>Enfim, foi sim um evento produtivo, que merece todos os elogios. Mas para quem entende de Turismo, sabemos que estamos na metade do caminho \u2014 e andando para frente. At\u00e9 chegarmos em um novo ciclo de renova\u00e7\u00e3o, como acontece em tudo na vida.<\/p>\n<p>&nbsp;<\/p>\n<p>Parab\u00e9ns \u00e0 Abav e \u00e0 Braztoa, a todos que participaram, aos parceiros PANROTAS em nosso estande, no portal e nos suplementos di\u00e1rios (feitos h\u00e1 40 anos!!!) e aos que ergueram o grande evento.<\/p>\n","protected":false},"excerpt":{"rendered":"<p>O post ufanista do nosso querido lobista do bem, Lu\u00eds Vabo, em seu blog aqui no Portal PANROTAS, falando sobre o \u00faltimo evento da Abav Braztoa, \u00e9 compreens\u00edvel. Primeiro porque o clima e a percep\u00e7\u00e3o s\u00e3o realmente de que foi um evento vitorioso. Um evento que estava sendo criticado e at\u00e9 massacrado por muitos at\u00e9 [&hellip;]<\/p>\n","protected":false},"author":7,"featured_media":4657,"comment_status":"open","ping_status":"open","sticky":false,"template":"","format":"standard","meta":{"spay_email":""},"categories":[2],"tags":[],"yoast_head":"<!-- This site is optimized with the Yoast SEO plugin v17.3 - https:\/\/yoast.com\/wordpress\/plugins\/seo\/ -->\n<title>Tamb\u00e9m n\u00e3o \u00e9 assim... -<\/title>\n<meta name=\"description\" content=\"Tamb\u00e9m n\u00e3o \u00e9 assim.... Confira essa Mat\u00e9ria no Canal Sem reserva. \u27a4 Projeto em parceria com a PANROTAS.\" \/>\n<meta name=\"robots\" content=\"index, follow, max-snippet:-1, max-image-preview:large, max-video-preview:-1\" \/>\n<link rel=\"canonical\" href=\"https:\/\/blog.panrotas.com.br\/semreserva\/tambem-nao-e-assim\/04-10-2016\/\" \/>\n<meta property=\"og:locale\" content=\"pt_BR\" \/>\n<meta property=\"og:type\" content=\"article\" \/>\n<meta property=\"og:title\" content=\"Tamb\u00e9m n\u00e3o \u00e9 assim... -\" \/>\n<meta property=\"og:description\" content=\"Tamb\u00e9m n\u00e3o \u00e9 assim.... Confira essa Mat\u00e9ria no Canal Sem reserva. \u27a4 Projeto em parceria com a PANROTAS.\" \/>\n<meta property=\"og:url\" content=\"https:\/\/blog.panrotas.com.br\/semreserva\/tambem-nao-e-assim\/04-10-2016\/\" \/>\n<meta property=\"og:site_name\" content=\"Sem reserva\" \/>\n<meta property=\"article:publisher\" content=\"https:\/\/www.facebook.com\/portalpanrotas\/\" \/>\n<meta property=\"article:published_time\" content=\"2016-10-04T21:50:57+00:00\" \/>\n<meta property=\"og:image\" content=\"https:\/\/blog.panrotas.com.br\/semreserva\/wp-content\/uploads\/sites\/5\/2016\/10\/DSC_7204.jpg\" \/>\n\t<meta property=\"og:image:width\" content=\"4168\" \/>\n\t<meta property=\"og:image:height\" content=\"2232\" \/>\n<meta name=\"twitter:card\" content=\"summary_large_image\" \/>\n<meta name=\"twitter:creator\" content=\"@portalpanrotas\" \/>\n<meta name=\"twitter:site\" content=\"@portalpanrotas\" \/>\n<meta name=\"twitter:label1\" content=\"Escrito por\" \/>\n\t<meta name=\"twitter:data1\" content=\"Artur Andrade\" \/>\n\t<meta name=\"twitter:label2\" content=\"Est. tempo de leitura\" \/>\n\t<meta name=\"twitter:data2\" content=\"4 minutos\" \/>\n<script type=\"application\/ld+json\" class=\"yoast-schema-graph\">{\"@context\":\"https:\/\/schema.org\",\"@graph\":[{\"@type\":\"Organization\",\"@id\":\"http:\/\/blog.panrotas.com.br\/semreserva\/#organization\",\"name\":\"Sem Reserva - Blog no Portal PANROTAS\",\"url\":\"http:\/\/blog.panrotas.com.br\/semreserva\/\",\"sameAs\":[\"https:\/\/www.facebook.com\/portalpanrotas\/\",\"https:\/\/www.instagram.com\/portalpanrotas\/\",\"https:\/\/br.linkedin.com\/company\/panrotas\",\"https:\/\/www.youtube.com\/tvpanrotas\",\"https:\/\/twitter.com\/portalpanrotas\"],\"logo\":{\"@type\":\"ImageObject\",\"@id\":\"http:\/\/blog.panrotas.com.br\/semreserva\/#logo\",\"inLanguage\":\"pt-BR\",\"url\":\"https:\/\/blog.panrotas.com.br\/semreserva\/wp-content\/uploads\/sites\/5\/2020\/06\/logo.png\",\"contentUrl\":\"https:\/\/blog.panrotas.com.br\/semreserva\/wp-content\/uploads\/sites\/5\/2020\/06\/logo.png\",\"width\":259,\"height\":53,\"caption\":\"Sem Reserva - Blog no Portal PANROTAS\"},\"image\":{\"@id\":\"http:\/\/blog.panrotas.com.br\/semreserva\/#logo\"}},{\"@type\":\"WebSite\",\"@id\":\"http:\/\/blog.panrotas.com.br\/semreserva\/#website\",\"url\":\"http:\/\/blog.panrotas.com.br\/semreserva\/\",\"name\":\"Sem reserva\",\"description\":\"Blogosfera PANROTAS\",\"publisher\":{\"@id\":\"http:\/\/blog.panrotas.com.br\/semreserva\/#organization\"},\"potentialAction\":[{\"@type\":\"SearchAction\",\"target\":{\"@type\":\"EntryPoint\",\"urlTemplate\":\"http:\/\/blog.panrotas.com.br\/semreserva\/?s={search_term_string}\"},\"query-input\":\"required name=search_term_string\"}],\"inLanguage\":\"pt-BR\"},{\"@type\":\"ImageObject\",\"@id\":\"https:\/\/blog.panrotas.com.br\/semreserva\/tambem-nao-e-assim\/04-10-2016\/#primaryimage\",\"inLanguage\":\"pt-BR\",\"url\":\"https:\/\/blog.panrotas.com.br\/semreserva\/wp-content\/uploads\/sites\/5\/2016\/10\/DSC_7204-scaled.jpg\",\"contentUrl\":\"https:\/\/blog.panrotas.com.br\/semreserva\/wp-content\/uploads\/sites\/5\/2016\/10\/DSC_7204-scaled.jpg\",\"width\":2560,\"height\":1371},{\"@type\":\"WebPage\",\"@id\":\"https:\/\/blog.panrotas.com.br\/semreserva\/tambem-nao-e-assim\/04-10-2016\/#webpage\",\"url\":\"https:\/\/blog.panrotas.com.br\/semreserva\/tambem-nao-e-assim\/04-10-2016\/\",\"name\":\"Tamb\\u00e9m n\\u00e3o \\u00e9 assim... -\",\"isPartOf\":{\"@id\":\"http:\/\/blog.panrotas.com.br\/semreserva\/#website\"},\"primaryImageOfPage\":{\"@id\":\"https:\/\/blog.panrotas.com.br\/semreserva\/tambem-nao-e-assim\/04-10-2016\/#primaryimage\"},\"datePublished\":\"2016-10-04T21:50:57+00:00\",\"dateModified\":\"2016-10-04T21:50:57+00:00\",\"description\":\"Tamb\\u00e9m n\\u00e3o \\u00e9 assim.... Confira essa Mat\\u00e9ria no Canal Sem reserva. \\u27a4 Projeto em parceria com a PANROTAS.\",\"breadcrumb\":{\"@id\":\"https:\/\/blog.panrotas.com.br\/semreserva\/tambem-nao-e-assim\/04-10-2016\/#breadcrumb\"},\"inLanguage\":\"pt-BR\",\"potentialAction\":[{\"@type\":\"ReadAction\",\"target\":[\"https:\/\/blog.panrotas.com.br\/semreserva\/tambem-nao-e-assim\/04-10-2016\/\"]}]},{\"@type\":\"BreadcrumbList\",\"@id\":\"https:\/\/blog.panrotas.com.br\/semreserva\/tambem-nao-e-assim\/04-10-2016\/#breadcrumb\",\"itemListElement\":[{\"@type\":\"ListItem\",\"position\":1,\"name\":\"Home do Blog\",\"item\":\"http:\/\/blog.panrotas.com.br\/semreserva\/\"},{\"@type\":\"ListItem\",\"position\":2,\"name\":\"Dia a dia\",\"item\":\"https:\/\/blog.panrotas.com.br\/semreserva\/category\/dia-a-dia\/\"},{\"@type\":\"ListItem\",\"position\":3,\"name\":\"Tamb\\u00e9m n\\u00e3o \\u00e9 assim&#8230;\"}]},{\"@type\":\"Article\",\"@id\":\"https:\/\/blog.panrotas.com.br\/semreserva\/tambem-nao-e-assim\/04-10-2016\/#article\",\"isPartOf\":{\"@id\":\"https:\/\/blog.panrotas.com.br\/semreserva\/tambem-nao-e-assim\/04-10-2016\/#webpage\"},\"author\":{\"@id\":\"http:\/\/blog.panrotas.com.br\/semreserva\/#\/schema\/person\/c93b4555f6a497d2d83c25dcb80f61ed\"},\"headline\":\"Tamb\\u00e9m n\\u00e3o \\u00e9 assim&#8230;\",\"datePublished\":\"2016-10-04T21:50:57+00:00\",\"dateModified\":\"2016-10-04T21:50:57+00:00\",\"mainEntityOfPage\":{\"@id\":\"https:\/\/blog.panrotas.com.br\/semreserva\/tambem-nao-e-assim\/04-10-2016\/#webpage\"},\"wordCount\":852,\"commentCount\":0,\"publisher\":{\"@id\":\"http:\/\/blog.panrotas.com.br\/semreserva\/#organization\"},\"image\":{\"@id\":\"https:\/\/blog.panrotas.com.br\/semreserva\/tambem-nao-e-assim\/04-10-2016\/#primaryimage\"},\"thumbnailUrl\":\"https:\/\/blog.panrotas.com.br\/semreserva\/wp-content\/uploads\/sites\/5\/2016\/10\/DSC_7204-scaled.jpg\",\"articleSection\":[\"Dia a dia\"],\"inLanguage\":\"pt-BR\",\"potentialAction\":[{\"@type\":\"CommentAction\",\"name\":\"Comment\",\"target\":[\"https:\/\/blog.panrotas.com.br\/semreserva\/tambem-nao-e-assim\/04-10-2016\/#respond\"]}]},{\"@type\":\"Person\",\"@id\":\"http:\/\/blog.panrotas.com.br\/semreserva\/#\/schema\/person\/c93b4555f6a497d2d83c25dcb80f61ed\",\"name\":\"Artur Andrade\",\"image\":{\"@type\":\"ImageObject\",\"@id\":\"http:\/\/blog.panrotas.com.br\/semreserva\/#personlogo\",\"inLanguage\":\"pt-BR\",\"url\":\"https:\/\/secure.gravatar.com\/avatar\/a94564d630220cefd5c82f3452ac1ef4?s=96&d=mm&r=g\",\"contentUrl\":\"https:\/\/secure.gravatar.com\/avatar\/a94564d630220cefd5c82f3452ac1ef4?s=96&d=mm&r=g\",\"caption\":\"Artur Andrade\"},\"description\":\"Artur Luiz Andrade \\u00e9 carioca, taurino, jornalista e nasceu em 1969. \\u00c9 editor-chefe da PANROTAS Editora e mora em S\\u00e3o Paulo desde 1998\",\"sameAs\":[\"http:\/\/www.panrotas.com.br\"]}]}<\/script>\n<!-- \/ Yoast SEO plugin. -->","yoast_head_json":{"title":"Tamb\u00e9m n\u00e3o \u00e9 assim... -","description":"Tamb\u00e9m n\u00e3o \u00e9 assim.... Confira essa Mat\u00e9ria no Canal Sem reserva. \u27a4 Projeto em parceria com a PANROTAS.","robots":{"index":"index","follow":"follow","max-snippet":"max-snippet:-1","max-image-preview":"max-image-preview:large","max-video-preview":"max-video-preview:-1"},"canonical":"https:\/\/blog.panrotas.com.br\/semreserva\/tambem-nao-e-assim\/04-10-2016\/","og_locale":"pt_BR","og_type":"article","og_title":"Tamb\u00e9m n\u00e3o \u00e9 assim... -","og_description":"Tamb\u00e9m n\u00e3o \u00e9 assim.... Confira essa Mat\u00e9ria no Canal Sem reserva. \u27a4 Projeto em parceria com a PANROTAS.","og_url":"https:\/\/blog.panrotas.com.br\/semreserva\/tambem-nao-e-assim\/04-10-2016\/","og_site_name":"Sem reserva","article_publisher":"https:\/\/www.facebook.com\/portalpanrotas\/","article_published_time":"2016-10-04T21:50:57+00:00","og_image":[{"width":4168,"height":2232,"url":"https:\/\/blog.panrotas.com.br\/semreserva\/wp-content\/uploads\/sites\/5\/2016\/10\/DSC_7204.jpg","type":"image\/jpeg"}],"twitter_card":"summary_large_image","twitter_creator":"@portalpanrotas","twitter_site":"@portalpanrotas","twitter_misc":{"Escrito por":"Artur Andrade","Est. tempo de leitura":"4 minutos"},"schema":{"@context":"https:\/\/schema.org","@graph":[{"@type":"Organization","@id":"http:\/\/blog.panrotas.com.br\/semreserva\/#organization","name":"Sem Reserva - Blog no Portal PANROTAS","url":"http:\/\/blog.panrotas.com.br\/semreserva\/","sameAs":["https:\/\/www.facebook.com\/portalpanrotas\/","https:\/\/www.instagram.com\/portalpanrotas\/","https:\/\/br.linkedin.com\/company\/panrotas","https:\/\/www.youtube.com\/tvpanrotas","https:\/\/twitter.com\/portalpanrotas"],"logo":{"@type":"ImageObject","@id":"http:\/\/blog.panrotas.com.br\/semreserva\/#logo","inLanguage":"pt-BR","url":"https:\/\/blog.panrotas.com.br\/semreserva\/wp-content\/uploads\/sites\/5\/2020\/06\/logo.png","contentUrl":"https:\/\/blog.panrotas.com.br\/semreserva\/wp-content\/uploads\/sites\/5\/2020\/06\/logo.png","width":259,"height":53,"caption":"Sem Reserva - Blog no Portal PANROTAS"},"image":{"@id":"http:\/\/blog.panrotas.com.br\/semreserva\/#logo"}},{"@type":"WebSite","@id":"http:\/\/blog.panrotas.com.br\/semreserva\/#website","url":"http:\/\/blog.panrotas.com.br\/semreserva\/","name":"Sem reserva","description":"Blogosfera PANROTAS","publisher":{"@id":"http:\/\/blog.panrotas.com.br\/semreserva\/#organization"},"potentialAction":[{"@type":"SearchAction","target":{"@type":"EntryPoint","urlTemplate":"http:\/\/blog.panrotas.com.br\/semreserva\/?s={search_term_string}"},"query-input":"required name=search_term_string"}],"inLanguage":"pt-BR"},{"@type":"ImageObject","@id":"https:\/\/blog.panrotas.com.br\/semreserva\/tambem-nao-e-assim\/04-10-2016\/#primaryimage","inLanguage":"pt-BR","url":"https:\/\/blog.panrotas.com.br\/semreserva\/wp-content\/uploads\/sites\/5\/2016\/10\/DSC_7204-scaled.jpg","contentUrl":"https:\/\/blog.panrotas.com.br\/semreserva\/wp-content\/uploads\/sites\/5\/2016\/10\/DSC_7204-scaled.jpg","width":2560,"height":1371},{"@type":"WebPage","@id":"https:\/\/blog.panrotas.com.br\/semreserva\/tambem-nao-e-assim\/04-10-2016\/#webpage","url":"https:\/\/blog.panrotas.com.br\/semreserva\/tambem-nao-e-assim\/04-10-2016\/","name":"Tamb\u00e9m n\u00e3o \u00e9 assim... -","isPartOf":{"@id":"http:\/\/blog.panrotas.com.br\/semreserva\/#website"},"primaryImageOfPage":{"@id":"https:\/\/blog.panrotas.com.br\/semreserva\/tambem-nao-e-assim\/04-10-2016\/#primaryimage"},"datePublished":"2016-10-04T21:50:57+00:00","dateModified":"2016-10-04T21:50:57+00:00","description":"Tamb\u00e9m n\u00e3o \u00e9 assim.... Confira essa Mat\u00e9ria no Canal Sem reserva. \u27a4 Projeto em parceria com a PANROTAS.","breadcrumb":{"@id":"https:\/\/blog.panrotas.com.br\/semreserva\/tambem-nao-e-assim\/04-10-2016\/#breadcrumb"},"inLanguage":"pt-BR","potentialAction":[{"@type":"ReadAction","target":["https:\/\/blog.panrotas.com.br\/semreserva\/tambem-nao-e-assim\/04-10-2016\/"]}]},{"@type":"BreadcrumbList","@id":"https:\/\/blog.panrotas.com.br\/semreserva\/tambem-nao-e-assim\/04-10-2016\/#breadcrumb","itemListElement":[{"@type":"ListItem","position":1,"name":"Home do Blog","item":"http:\/\/blog.panrotas.com.br\/semreserva\/"},{"@type":"ListItem","position":2,"name":"Dia a dia","item":"https:\/\/blog.panrotas.com.br\/semreserva\/category\/dia-a-dia\/"},{"@type":"ListItem","position":3,"name":"Tamb\u00e9m n\u00e3o \u00e9 assim&#8230;"}]},{"@type":"Article","@id":"https:\/\/blog.panrotas.com.br\/semreserva\/tambem-nao-e-assim\/04-10-2016\/#article","isPartOf":{"@id":"https:\/\/blog.panrotas.com.br\/semreserva\/tambem-nao-e-assim\/04-10-2016\/#webpage"},"author":{"@id":"http:\/\/blog.panrotas.com.br\/semreserva\/#\/schema\/person\/c93b4555f6a497d2d83c25dcb80f61ed"},"headline":"Tamb\u00e9m n\u00e3o \u00e9 assim&#8230;","datePublished":"2016-10-04T21:50:57+00:00","dateModified":"2016-10-04T21:50:57+00:00","mainEntityOfPage":{"@id":"https:\/\/blog.panrotas.com.br\/semreserva\/tambem-nao-e-assim\/04-10-2016\/#webpage"},"wordCount":852,"commentCount":0,"publisher":{"@id":"http:\/\/blog.panrotas.com.br\/semreserva\/#organization"},"image":{"@id":"https:\/\/blog.panrotas.com.br\/semreserva\/tambem-nao-e-assim\/04-10-2016\/#primaryimage"},"thumbnailUrl":"https:\/\/blog.panrotas.com.br\/semreserva\/wp-content\/uploads\/sites\/5\/2016\/10\/DSC_7204-scaled.jpg","articleSection":["Dia a dia"],"inLanguage":"pt-BR","potentialAction":[{"@type":"CommentAction","name":"Comment","target":["https:\/\/blog.panrotas.com.br\/semreserva\/tambem-nao-e-assim\/04-10-2016\/#respond"]}]},{"@type":"Person","@id":"http:\/\/blog.panrotas.com.br\/semreserva\/#\/schema\/person\/c93b4555f6a497d2d83c25dcb80f61ed","name":"Artur Andrade","image":{"@type":"ImageObject","@id":"http:\/\/blog.panrotas.com.br\/semreserva\/#personlogo","inLanguage":"pt-BR","url":"https:\/\/secure.gravatar.com\/avatar\/a94564d630220cefd5c82f3452ac1ef4?s=96&d=mm&r=g","contentUrl":"https:\/\/secure.gravatar.com\/avatar\/a94564d630220cefd5c82f3452ac1ef4?s=96&d=mm&r=g","caption":"Artur Andrade"},"description":"Artur Luiz Andrade \u00e9 carioca, taurino, jornalista e nasceu em 1969. \u00c9 editor-chefe da PANROTAS Editora e mora em S\u00e3o Paulo desde 1998","sameAs":["http:\/\/www.panrotas.com.br"]}]}},"jetpack_featured_media_url":"https:\/\/blog.panrotas.com.br\/semreserva\/wp-content\/uploads\/sites\/5\/2016\/10\/DSC_7204-scaled.jpg","jetpack_shortlink":"https:\/\/wp.me\/p7idIU-1d5","_links":{"self":[{"href":"https:\/\/blog.panrotas.com.br\/semreserva\/wp-json\/wp\/v2\/posts\/4655"}],"collection":[{"href":"https:\/\/blog.panrotas.com.br\/semreserva\/wp-json\/wp\/v2\/posts"}],"about":[{"href":"https:\/\/blog.panrotas.com.br\/semreserva\/wp-json\/wp\/v2\/types\/post"}],"author":[{"embeddable":true,"href":"https:\/\/blog.panrotas.com.br\/semreserva\/wp-json\/wp\/v2\/users\/7"}],"replies":[{"embeddable":true,"href":"https:\/\/blog.panrotas.com.br\/semreserva\/wp-json\/wp\/v2\/comments?post=4655"}],"version-history":[{"count":0,"href":"https:\/\/blog.panrotas.com.br\/semreserva\/wp-json\/wp\/v2\/posts\/4655\/revisions"}],"wp:featuredmedia":[{"embeddable":true,"href":"https:\/\/blog.panrotas.com.br\/semreserva\/wp-json\/wp\/v2\/media\/4657"}],"wp:attachment":[{"href":"https:\/\/blog.panrotas.com.br\/semreserva\/wp-json\/wp\/v2\/media?parent=4655"}],"wp:term":[{"taxonomy":"category","embeddable":true,"href":"https:\/\/blog.panrotas.com.br\/semreserva\/wp-json\/wp\/v2\/categories?post=4655"},{"taxonomy":"post_tag","embeddable":true,"href":"https:\/\/blog.panrotas.com.br\/semreserva\/wp-json\/wp\/v2\/tags?post=4655"}],"curies":[{"name":"wp","href":"https:\/\/api.w.org\/{rel}","templated":true}]}}