{"id":4660,"date":"2016-10-26T18:19:05","date_gmt":"2016-10-26T21:19:05","guid":{"rendered":"http:\/\/blog.panrotas.com.br\/semreserva\/?p=4660"},"modified":"2016-10-26T18:19:05","modified_gmt":"2016-10-26T21:19:05","slug":"nao-neo-nao","status":"publish","type":"post","link":"https:\/\/blog.panrotas.com.br\/semreserva\/nao-neo-nao\/26-10-2016\/","title":{"rendered":"n\u00e3o NEO n\u00e3o"},"content":{"rendered":"<p>Uma das grandes not\u00edcias de 2016 e que ainda n\u00e3o foi digerida por muitos parece sem import\u00e2ncia, corriqueira, mais um reflexo da crise. Falo da n\u00e3o participa\u00e7\u00e3o da CVC em feiras. A maior operadora de viagens da Am\u00e9rica Latina, cujo faturamento responde por metade da Braztoa ou at\u00e9 dois ter\u00e7os se contarmos as demais empresas do grupo, vestiu a camiseta amarela onde se l\u00ea L\u00cdDER e decidiu comandar suas a\u00e7\u00f5es, em vez de ser comandada por tradi\u00e7\u00f5es, costumes ou por falta de estrat\u00e9gia.<\/p>\n<p>&nbsp;<\/p>\n<p>Foi uma medida radical, que pode ser que seja repensada para 2017, e mesmo se assim acontecer, n\u00e3o repetir\u00e1 modelos do passado.<\/p>\n<p>&nbsp;<\/p>\n<p>O que ocorre l\u00e1 fora n\u00e3o necessariamente precisa ser feito aqui no Pa\u00eds (a CVC, ao contr\u00e1rio da Abreu em Portugal, por exemplo, n\u00e3o tem uma grande feira para o p\u00fablico final, por exemplo), mas a decis\u00e3o da CVC obriga os eventos a mudarem, repensarem suas estrat\u00e9gias e formatos, criarem coisas novas para 1) trazerem a CVC de volta e 2) n\u00e3o fazer com que outros a sigam.<\/p>\n<p>&nbsp;<\/p>\n<p>J\u00e1 falei aqui que WTM Latin America e Abav t\u00eam suas qualidades e \u00e1reas de atua\u00e7\u00e3o, e essa divis\u00e3o pode ser ben\u00e9fica para todos, mas a decis\u00e3o da CVC vai um pouco al\u00e9m de responder \u00e0 pergunta \u201cvou gastar dinheiro com estande em feira ou n\u00e3o?\u201d. Pode ser que a empresa esteja at\u00e9 gastando muito mais em outras a\u00e7\u00f5es, como eventos menores e pr\u00f3prios, publicidade, no mundo digital, enfim&#8230; h\u00e1 uma s\u00e9ria de op\u00e7\u00f5es.<\/p>\n<p>&nbsp;<\/p>\n<p>O mais importante \u00e9 que o modelo foi questionado e confrontado e quando isso \u00e9 feito todos acabam por se mexer.<\/p>\n<p>&nbsp;<\/p>\n<p>O mesmo est\u00e1 ocorrendo com as consolidadoras, abrindo m\u00e3o de escrit\u00f3rios f\u00edsicos em nome da tecnologia e do home-office, ou com os cart\u00f5es de assist\u00eancia, abrindo suas mentes e seus leques de produtos para mais op\u00e7\u00f5es, mais clientes, mais \u00e1reas de atua\u00e7\u00e3o.<\/p>\n<p>&nbsp;<\/p>\n<p>Tomar decis\u00f5es radicais, que depois se assentam e chegam a um modelo ideal, \u00e9 uma das sa\u00eddas para for\u00e7ar mudan\u00e7as, para obrigar parceiros a pensar juntos em novas formas de vender, reservar, hospedar, transportar&#8230; fidelizar.<\/p>\n<p>&nbsp;<\/p>\n<p>2017 vai ser um ano que n\u00e3o aceitar\u00e1 repeti\u00e7\u00f5es, fingir que nada aconteceu nos \u00faltimos dois anos. \u00c9 hora da p\u00edlula vermelha, Neo. E lembre-se: d\u00e9ja vu \u00e9 falha na matrix.<\/p>\n","protected":false},"excerpt":{"rendered":"<p>Uma das grandes not\u00edcias de 2016 e que ainda n\u00e3o foi digerida por muitos parece sem import\u00e2ncia, corriqueira, mais um reflexo da crise. Falo da n\u00e3o participa\u00e7\u00e3o da CVC em feiras. A maior operadora de viagens da Am\u00e9rica Latina, cujo faturamento responde por metade da Braztoa ou at\u00e9 dois ter\u00e7os se contarmos as demais empresas [&hellip;]<\/p>\n","protected":false},"author":7,"featured_media":4661,"comment_status":"open","ping_status":"open","sticky":false,"template":"","format":"standard","meta":{"spay_email":""},"categories":[2],"tags":[],"yoast_head":"<!-- This site is optimized with the Yoast SEO plugin v17.3 - https:\/\/yoast.com\/wordpress\/plugins\/seo\/ -->\n<title>n\u00e3o NEO n\u00e3o -<\/title>\n<meta name=\"description\" content=\"n\u00e3o NEO n\u00e3o. Confira essa Mat\u00e9ria no Canal Sem reserva. \u27a4 Projeto em parceria com a PANROTAS.\" \/>\n<meta name=\"robots\" content=\"index, follow, max-snippet:-1, max-image-preview:large, max-video-preview:-1\" \/>\n<link rel=\"canonical\" href=\"https:\/\/blog.panrotas.com.br\/semreserva\/nao-neo-nao\/26-10-2016\/\" \/>\n<meta property=\"og:locale\" content=\"pt_BR\" \/>\n<meta property=\"og:type\" content=\"article\" \/>\n<meta property=\"og:title\" content=\"n\u00e3o NEO n\u00e3o -\" \/>\n<meta property=\"og:description\" content=\"n\u00e3o NEO n\u00e3o. Confira essa Mat\u00e9ria no Canal Sem reserva. \u27a4 Projeto em parceria com a PANROTAS.\" \/>\n<meta property=\"og:url\" content=\"https:\/\/blog.panrotas.com.br\/semreserva\/nao-neo-nao\/26-10-2016\/\" \/>\n<meta property=\"og:site_name\" content=\"Sem reserva\" \/>\n<meta property=\"article:publisher\" content=\"https:\/\/www.facebook.com\/portalpanrotas\/\" \/>\n<meta property=\"article:published_time\" content=\"2016-10-26T21:19:05+00:00\" \/>\n<meta property=\"og:image\" content=\"https:\/\/blog.panrotas.com.br\/semreserva\/wp-content\/uploads\/sites\/5\/2016\/10\/matrix.jpg\" \/>\n\t<meta property=\"og:image:width\" content=\"600\" \/>\n\t<meta property=\"og:image:height\" content=\"300\" \/>\n<meta name=\"twitter:card\" content=\"summary_large_image\" \/>\n<meta name=\"twitter:creator\" content=\"@portalpanrotas\" \/>\n<meta name=\"twitter:site\" content=\"@portalpanrotas\" \/>\n<meta name=\"twitter:label1\" content=\"Escrito por\" \/>\n\t<meta name=\"twitter:data1\" content=\"Artur Andrade\" \/>\n\t<meta name=\"twitter:label2\" content=\"Est. tempo de leitura\" \/>\n\t<meta name=\"twitter:data2\" content=\"2 minutos\" \/>\n<script type=\"application\/ld+json\" class=\"yoast-schema-graph\">{\"@context\":\"https:\/\/schema.org\",\"@graph\":[{\"@type\":\"Organization\",\"@id\":\"http:\/\/blog.panrotas.com.br\/semreserva\/#organization\",\"name\":\"Sem Reserva - Blog no Portal PANROTAS\",\"url\":\"http:\/\/blog.panrotas.com.br\/semreserva\/\",\"sameAs\":[\"https:\/\/www.facebook.com\/portalpanrotas\/\",\"https:\/\/www.instagram.com\/portalpanrotas\/\",\"https:\/\/br.linkedin.com\/company\/panrotas\",\"https:\/\/www.youtube.com\/tvpanrotas\",\"https:\/\/twitter.com\/portalpanrotas\"],\"logo\":{\"@type\":\"ImageObject\",\"@id\":\"http:\/\/blog.panrotas.com.br\/semreserva\/#logo\",\"inLanguage\":\"pt-BR\",\"url\":\"https:\/\/blog.panrotas.com.br\/semreserva\/wp-content\/uploads\/sites\/5\/2020\/06\/logo.png\",\"contentUrl\":\"https:\/\/blog.panrotas.com.br\/semreserva\/wp-content\/uploads\/sites\/5\/2020\/06\/logo.png\",\"width\":259,\"height\":53,\"caption\":\"Sem Reserva - Blog no Portal PANROTAS\"},\"image\":{\"@id\":\"http:\/\/blog.panrotas.com.br\/semreserva\/#logo\"}},{\"@type\":\"WebSite\",\"@id\":\"http:\/\/blog.panrotas.com.br\/semreserva\/#website\",\"url\":\"http:\/\/blog.panrotas.com.br\/semreserva\/\",\"name\":\"Sem reserva\",\"description\":\"Blogosfera PANROTAS\",\"publisher\":{\"@id\":\"http:\/\/blog.panrotas.com.br\/semreserva\/#organization\"},\"potentialAction\":[{\"@type\":\"SearchAction\",\"target\":{\"@type\":\"EntryPoint\",\"urlTemplate\":\"http:\/\/blog.panrotas.com.br\/semreserva\/?s={search_term_string}\"},\"query-input\":\"required name=search_term_string\"}],\"inLanguage\":\"pt-BR\"},{\"@type\":\"ImageObject\",\"@id\":\"https:\/\/blog.panrotas.com.br\/semreserva\/nao-neo-nao\/26-10-2016\/#primaryimage\",\"inLanguage\":\"pt-BR\",\"url\":\"https:\/\/blog.panrotas.com.br\/semreserva\/wp-content\/uploads\/sites\/5\/2016\/10\/matrix.jpg\",\"contentUrl\":\"https:\/\/blog.panrotas.com.br\/semreserva\/wp-content\/uploads\/sites\/5\/2016\/10\/matrix.jpg\",\"width\":600,\"height\":300},{\"@type\":\"WebPage\",\"@id\":\"https:\/\/blog.panrotas.com.br\/semreserva\/nao-neo-nao\/26-10-2016\/#webpage\",\"url\":\"https:\/\/blog.panrotas.com.br\/semreserva\/nao-neo-nao\/26-10-2016\/\",\"name\":\"n\\u00e3o NEO n\\u00e3o -\",\"isPartOf\":{\"@id\":\"http:\/\/blog.panrotas.com.br\/semreserva\/#website\"},\"primaryImageOfPage\":{\"@id\":\"https:\/\/blog.panrotas.com.br\/semreserva\/nao-neo-nao\/26-10-2016\/#primaryimage\"},\"datePublished\":\"2016-10-26T21:19:05+00:00\",\"dateModified\":\"2016-10-26T21:19:05+00:00\",\"description\":\"n\\u00e3o NEO n\\u00e3o. Confira essa Mat\\u00e9ria no Canal Sem reserva. \\u27a4 Projeto em parceria com a PANROTAS.\",\"breadcrumb\":{\"@id\":\"https:\/\/blog.panrotas.com.br\/semreserva\/nao-neo-nao\/26-10-2016\/#breadcrumb\"},\"inLanguage\":\"pt-BR\",\"potentialAction\":[{\"@type\":\"ReadAction\",\"target\":[\"https:\/\/blog.panrotas.com.br\/semreserva\/nao-neo-nao\/26-10-2016\/\"]}]},{\"@type\":\"BreadcrumbList\",\"@id\":\"https:\/\/blog.panrotas.com.br\/semreserva\/nao-neo-nao\/26-10-2016\/#breadcrumb\",\"itemListElement\":[{\"@type\":\"ListItem\",\"position\":1,\"name\":\"Home do Blog\",\"item\":\"http:\/\/blog.panrotas.com.br\/semreserva\/\"},{\"@type\":\"ListItem\",\"position\":2,\"name\":\"Dia a dia\",\"item\":\"https:\/\/blog.panrotas.com.br\/semreserva\/category\/dia-a-dia\/\"},{\"@type\":\"ListItem\",\"position\":3,\"name\":\"n\\u00e3o NEO n\\u00e3o\"}]},{\"@type\":\"Article\",\"@id\":\"https:\/\/blog.panrotas.com.br\/semreserva\/nao-neo-nao\/26-10-2016\/#article\",\"isPartOf\":{\"@id\":\"https:\/\/blog.panrotas.com.br\/semreserva\/nao-neo-nao\/26-10-2016\/#webpage\"},\"author\":{\"@id\":\"http:\/\/blog.panrotas.com.br\/semreserva\/#\/schema\/person\/c93b4555f6a497d2d83c25dcb80f61ed\"},\"headline\":\"n\\u00e3o NEO n\\u00e3o\",\"datePublished\":\"2016-10-26T21:19:05+00:00\",\"dateModified\":\"2016-10-26T21:19:05+00:00\",\"mainEntityOfPage\":{\"@id\":\"https:\/\/blog.panrotas.com.br\/semreserva\/nao-neo-nao\/26-10-2016\/#webpage\"},\"wordCount\":423,\"commentCount\":0,\"publisher\":{\"@id\":\"http:\/\/blog.panrotas.com.br\/semreserva\/#organization\"},\"image\":{\"@id\":\"https:\/\/blog.panrotas.com.br\/semreserva\/nao-neo-nao\/26-10-2016\/#primaryimage\"},\"thumbnailUrl\":\"https:\/\/blog.panrotas.com.br\/semreserva\/wp-content\/uploads\/sites\/5\/2016\/10\/matrix.jpg\",\"articleSection\":[\"Dia a dia\"],\"inLanguage\":\"pt-BR\",\"potentialAction\":[{\"@type\":\"CommentAction\",\"name\":\"Comment\",\"target\":[\"https:\/\/blog.panrotas.com.br\/semreserva\/nao-neo-nao\/26-10-2016\/#respond\"]}]},{\"@type\":\"Person\",\"@id\":\"http:\/\/blog.panrotas.com.br\/semreserva\/#\/schema\/person\/c93b4555f6a497d2d83c25dcb80f61ed\",\"name\":\"Artur Andrade\",\"image\":{\"@type\":\"ImageObject\",\"@id\":\"http:\/\/blog.panrotas.com.br\/semreserva\/#personlogo\",\"inLanguage\":\"pt-BR\",\"url\":\"https:\/\/secure.gravatar.com\/avatar\/a94564d630220cefd5c82f3452ac1ef4?s=96&d=mm&r=g\",\"contentUrl\":\"https:\/\/secure.gravatar.com\/avatar\/a94564d630220cefd5c82f3452ac1ef4?s=96&d=mm&r=g\",\"caption\":\"Artur Andrade\"},\"description\":\"Artur Luiz Andrade \\u00e9 carioca, taurino, jornalista e nasceu em 1969. \\u00c9 editor-chefe da PANROTAS Editora e mora em S\\u00e3o Paulo desde 1998\",\"sameAs\":[\"http:\/\/www.panrotas.com.br\"]}]}<\/script>\n<!-- \/ Yoast SEO plugin. -->","yoast_head_json":{"title":"n\u00e3o NEO n\u00e3o -","description":"n\u00e3o NEO n\u00e3o. Confira essa Mat\u00e9ria no Canal Sem reserva. \u27a4 Projeto em parceria com a PANROTAS.","robots":{"index":"index","follow":"follow","max-snippet":"max-snippet:-1","max-image-preview":"max-image-preview:large","max-video-preview":"max-video-preview:-1"},"canonical":"https:\/\/blog.panrotas.com.br\/semreserva\/nao-neo-nao\/26-10-2016\/","og_locale":"pt_BR","og_type":"article","og_title":"n\u00e3o NEO n\u00e3o -","og_description":"n\u00e3o NEO n\u00e3o. Confira essa Mat\u00e9ria no Canal Sem reserva. \u27a4 Projeto em parceria com a PANROTAS.","og_url":"https:\/\/blog.panrotas.com.br\/semreserva\/nao-neo-nao\/26-10-2016\/","og_site_name":"Sem reserva","article_publisher":"https:\/\/www.facebook.com\/portalpanrotas\/","article_published_time":"2016-10-26T21:19:05+00:00","og_image":[{"width":600,"height":300,"url":"https:\/\/blog.panrotas.com.br\/semreserva\/wp-content\/uploads\/sites\/5\/2016\/10\/matrix.jpg","type":"image\/jpeg"}],"twitter_card":"summary_large_image","twitter_creator":"@portalpanrotas","twitter_site":"@portalpanrotas","twitter_misc":{"Escrito por":"Artur Andrade","Est. tempo de leitura":"2 minutos"},"schema":{"@context":"https:\/\/schema.org","@graph":[{"@type":"Organization","@id":"http:\/\/blog.panrotas.com.br\/semreserva\/#organization","name":"Sem Reserva - Blog no Portal PANROTAS","url":"http:\/\/blog.panrotas.com.br\/semreserva\/","sameAs":["https:\/\/www.facebook.com\/portalpanrotas\/","https:\/\/www.instagram.com\/portalpanrotas\/","https:\/\/br.linkedin.com\/company\/panrotas","https:\/\/www.youtube.com\/tvpanrotas","https:\/\/twitter.com\/portalpanrotas"],"logo":{"@type":"ImageObject","@id":"http:\/\/blog.panrotas.com.br\/semreserva\/#logo","inLanguage":"pt-BR","url":"https:\/\/blog.panrotas.com.br\/semreserva\/wp-content\/uploads\/sites\/5\/2020\/06\/logo.png","contentUrl":"https:\/\/blog.panrotas.com.br\/semreserva\/wp-content\/uploads\/sites\/5\/2020\/06\/logo.png","width":259,"height":53,"caption":"Sem Reserva - Blog no Portal PANROTAS"},"image":{"@id":"http:\/\/blog.panrotas.com.br\/semreserva\/#logo"}},{"@type":"WebSite","@id":"http:\/\/blog.panrotas.com.br\/semreserva\/#website","url":"http:\/\/blog.panrotas.com.br\/semreserva\/","name":"Sem reserva","description":"Blogosfera PANROTAS","publisher":{"@id":"http:\/\/blog.panrotas.com.br\/semreserva\/#organization"},"potentialAction":[{"@type":"SearchAction","target":{"@type":"EntryPoint","urlTemplate":"http:\/\/blog.panrotas.com.br\/semreserva\/?s={search_term_string}"},"query-input":"required name=search_term_string"}],"inLanguage":"pt-BR"},{"@type":"ImageObject","@id":"https:\/\/blog.panrotas.com.br\/semreserva\/nao-neo-nao\/26-10-2016\/#primaryimage","inLanguage":"pt-BR","url":"https:\/\/blog.panrotas.com.br\/semreserva\/wp-content\/uploads\/sites\/5\/2016\/10\/matrix.jpg","contentUrl":"https:\/\/blog.panrotas.com.br\/semreserva\/wp-content\/uploads\/sites\/5\/2016\/10\/matrix.jpg","width":600,"height":300},{"@type":"WebPage","@id":"https:\/\/blog.panrotas.com.br\/semreserva\/nao-neo-nao\/26-10-2016\/#webpage","url":"https:\/\/blog.panrotas.com.br\/semreserva\/nao-neo-nao\/26-10-2016\/","name":"n\u00e3o NEO n\u00e3o -","isPartOf":{"@id":"http:\/\/blog.panrotas.com.br\/semreserva\/#website"},"primaryImageOfPage":{"@id":"https:\/\/blog.panrotas.com.br\/semreserva\/nao-neo-nao\/26-10-2016\/#primaryimage"},"datePublished":"2016-10-26T21:19:05+00:00","dateModified":"2016-10-26T21:19:05+00:00","description":"n\u00e3o NEO n\u00e3o. Confira essa Mat\u00e9ria no Canal Sem reserva. \u27a4 Projeto em parceria com a PANROTAS.","breadcrumb":{"@id":"https:\/\/blog.panrotas.com.br\/semreserva\/nao-neo-nao\/26-10-2016\/#breadcrumb"},"inLanguage":"pt-BR","potentialAction":[{"@type":"ReadAction","target":["https:\/\/blog.panrotas.com.br\/semreserva\/nao-neo-nao\/26-10-2016\/"]}]},{"@type":"BreadcrumbList","@id":"https:\/\/blog.panrotas.com.br\/semreserva\/nao-neo-nao\/26-10-2016\/#breadcrumb","itemListElement":[{"@type":"ListItem","position":1,"name":"Home do Blog","item":"http:\/\/blog.panrotas.com.br\/semreserva\/"},{"@type":"ListItem","position":2,"name":"Dia a dia","item":"https:\/\/blog.panrotas.com.br\/semreserva\/category\/dia-a-dia\/"},{"@type":"ListItem","position":3,"name":"n\u00e3o NEO n\u00e3o"}]},{"@type":"Article","@id":"https:\/\/blog.panrotas.com.br\/semreserva\/nao-neo-nao\/26-10-2016\/#article","isPartOf":{"@id":"https:\/\/blog.panrotas.com.br\/semreserva\/nao-neo-nao\/26-10-2016\/#webpage"},"author":{"@id":"http:\/\/blog.panrotas.com.br\/semreserva\/#\/schema\/person\/c93b4555f6a497d2d83c25dcb80f61ed"},"headline":"n\u00e3o NEO n\u00e3o","datePublished":"2016-10-26T21:19:05+00:00","dateModified":"2016-10-26T21:19:05+00:00","mainEntityOfPage":{"@id":"https:\/\/blog.panrotas.com.br\/semreserva\/nao-neo-nao\/26-10-2016\/#webpage"},"wordCount":423,"commentCount":0,"publisher":{"@id":"http:\/\/blog.panrotas.com.br\/semreserva\/#organization"},"image":{"@id":"https:\/\/blog.panrotas.com.br\/semreserva\/nao-neo-nao\/26-10-2016\/#primaryimage"},"thumbnailUrl":"https:\/\/blog.panrotas.com.br\/semreserva\/wp-content\/uploads\/sites\/5\/2016\/10\/matrix.jpg","articleSection":["Dia a dia"],"inLanguage":"pt-BR","potentialAction":[{"@type":"CommentAction","name":"Comment","target":["https:\/\/blog.panrotas.com.br\/semreserva\/nao-neo-nao\/26-10-2016\/#respond"]}]},{"@type":"Person","@id":"http:\/\/blog.panrotas.com.br\/semreserva\/#\/schema\/person\/c93b4555f6a497d2d83c25dcb80f61ed","name":"Artur Andrade","image":{"@type":"ImageObject","@id":"http:\/\/blog.panrotas.com.br\/semreserva\/#personlogo","inLanguage":"pt-BR","url":"https:\/\/secure.gravatar.com\/avatar\/a94564d630220cefd5c82f3452ac1ef4?s=96&d=mm&r=g","contentUrl":"https:\/\/secure.gravatar.com\/avatar\/a94564d630220cefd5c82f3452ac1ef4?s=96&d=mm&r=g","caption":"Artur Andrade"},"description":"Artur Luiz Andrade \u00e9 carioca, taurino, jornalista e nasceu em 1969. \u00c9 editor-chefe da PANROTAS Editora e mora em S\u00e3o Paulo desde 1998","sameAs":["http:\/\/www.panrotas.com.br"]}]}},"jetpack_featured_media_url":"https:\/\/blog.panrotas.com.br\/semreserva\/wp-content\/uploads\/sites\/5\/2016\/10\/matrix.jpg","jetpack_shortlink":"https:\/\/wp.me\/p7idIU-1da","_links":{"self":[{"href":"https:\/\/blog.panrotas.com.br\/semreserva\/wp-json\/wp\/v2\/posts\/4660"}],"collection":[{"href":"https:\/\/blog.panrotas.com.br\/semreserva\/wp-json\/wp\/v2\/posts"}],"about":[{"href":"https:\/\/blog.panrotas.com.br\/semreserva\/wp-json\/wp\/v2\/types\/post"}],"author":[{"embeddable":true,"href":"https:\/\/blog.panrotas.com.br\/semreserva\/wp-json\/wp\/v2\/users\/7"}],"replies":[{"embeddable":true,"href":"https:\/\/blog.panrotas.com.br\/semreserva\/wp-json\/wp\/v2\/comments?post=4660"}],"version-history":[{"count":0,"href":"https:\/\/blog.panrotas.com.br\/semreserva\/wp-json\/wp\/v2\/posts\/4660\/revisions"}],"wp:featuredmedia":[{"embeddable":true,"href":"https:\/\/blog.panrotas.com.br\/semreserva\/wp-json\/wp\/v2\/media\/4661"}],"wp:attachment":[{"href":"https:\/\/blog.panrotas.com.br\/semreserva\/wp-json\/wp\/v2\/media?parent=4660"}],"wp:term":[{"taxonomy":"category","embeddable":true,"href":"https:\/\/blog.panrotas.com.br\/semreserva\/wp-json\/wp\/v2\/categories?post=4660"},{"taxonomy":"post_tag","embeddable":true,"href":"https:\/\/blog.panrotas.com.br\/semreserva\/wp-json\/wp\/v2\/tags?post=4660"}],"curies":[{"name":"wp","href":"https:\/\/api.w.org\/{rel}","templated":true}]}}