{"id":4670,"date":"2016-11-15T22:21:39","date_gmt":"2016-11-16T00:21:39","guid":{"rendered":"http:\/\/blog.panrotas.com.br\/semreserva\/?p=4670"},"modified":"2016-11-15T22:21:39","modified_gmt":"2016-11-16T00:21:39","slug":"lamento-lei-e-luta","status":"publish","type":"post","link":"https:\/\/blog.panrotas.com.br\/semreserva\/lamento-lei-e-luta\/15-11-2016\/","title":{"rendered":"Lamento, lei e luta"},"content":{"rendered":"<p class=\"xmsonormal\" style=\"margin-bottom: .0001pt;background: white\"><span style=\"font-size: 9.0pt;font-family: 'Segoe UI';color: #212121\">(<em>foto do Dreamsitime<\/em>)<\/span><\/p>\n<p class=\"xmsonormal\" style=\"margin-bottom: .0001pt;background: white\"><span style=\"font-size: 9.0pt;font-family: 'Segoe UI';color: #212121\">Simplesmente indignado e descrente e lamentando bastante a declara\u00e7\u00e3o de uma funcion\u00e1ria p\u00fablica de West Virginia que disse que a classe voltaria \u00e0 Casa Branca (com a elei\u00e7\u00e3o de Trump) e que est\u00e1 cansada de ver uma macaca de salto alto como primeira dama (referindo-se a Michelle Obama). Estava em sua rede social e uma amiga sua, prefeita da cidade de Clay, elogiou o coment\u00e1rio. Coment\u00e1rio?<\/span><\/p>\n<p class=\"xmsonormal\" style=\"margin-bottom: .0001pt;background: white\"><span style=\"font-size: 9.0pt;font-family: 'Segoe UI';color: #212121\">Sim, as pessoas t\u00eam o direito de comentar e pensar o que quiserem, mas nesse caso n\u00e3o acho que tenha sido um coment\u00e1rio e sim uma ofensa grav\u00edssima e um crime que fala mais sobre a personalidade da tal funcion\u00e1ria (j\u00e1 demitida) e da prefeita (eleita sabe-se l\u00e1 por quem) e que coloca em pauta o medo do que se esconde por tr\u00e1s de sorrisos e tapinhas nas costas. O que realmente se pensa sobre toler\u00e2ncia, respeito, igualdade&#8230; Se uma cidad\u00e3 vai \u00e0s redes sociais com esse tipo de afirma\u00e7\u00e3o&#8230; o mundo est\u00e1 perdido e andando sobre o fio da navalha.<\/span><\/p>\n<p class=\"xmsonormal\" style=\"margin-bottom: .0001pt;background: white\"><span style=\"font-size: 9.0pt;font-family: 'Segoe UI';color: #212121\">Inevitavelmente os conflitos por causa desse e de outros tipos de preconceito se intensificar\u00e3o (nos EUA e no mundo), mas o foco \u00e9: quando teremos uma sociedade que n\u00e3o julga por cores e sexo, apar\u00eancias e pensamentos diferentes, modos de viver, n\u00edvel social&#8230; H\u00e1 preconceitos de todos os tipos, porque as pessoas s\u00e3o diferentes, pensam de forma diferente, agem de forma diferente e que isso continue assim. Mas n\u00e3o os julgamentos. N\u00e3o as teorias de superioridade.<\/span><\/p>\n<p class=\"xmsonormal\" style=\"margin-bottom: .0001pt;background: white\"><span style=\"font-size: 9.0pt;font-family: 'Segoe UI';color: #212121\">Fatalmente essas mulheres educaram seus filhos da mesma forma. Pode ser que eles pensem diferente e tomara que sim. Pois se por ora temos a lei (e que ela seja cumprida, n\u00e3o importa o partido ou a cor da pele) e a luta, s\u00f3 a educa\u00e7\u00e3o mudar\u00e1 tudo isso. Educa\u00e7\u00e3o que n\u00e3o existe para as minorias ou para os oprimidos, mas educa\u00e7\u00e3o que pode fazer os filhos das elites pensarem de forma diferente. Educa\u00e7\u00e3o que pode incluir. Educa\u00e7\u00e3o que vai acabar com a desigualdade. Educa\u00e7\u00e3o que dar\u00e1 voz a quem hoje n\u00e3o tem.<\/span><\/p>\n<p class=\"xmsonormal\" style=\"margin-bottom: .0001pt;background: white\"><span style=\"font-size: 9.0pt;font-family: 'Segoe UI';color: #212121\">N\u00e3o adianta votar no menos pior, no que rouba menos&#8230; Adianta criarmos uma gera\u00e7\u00e3o para, daqui a d\u00e9cadas, se mundo ainda existir, termos uma sociedade melhor. N\u00e3o em que todos pensem de forma diferente, mas em que todos se respeitem e n\u00e3o tolerem agress\u00f5es, crimes e pensamentos daninhos e crueis.<\/span><\/p>\n<p class=\"xmsonormal\" style=\"margin-bottom: .0001pt;background: white\"><span style=\"font-size: 9.0pt;font-family: 'Segoe UI';color: #212121\">Eduque. A gente n\u00e3o tem mais jeito ou salva\u00e7\u00e3o. Mas os que est\u00e3o nascendo ou crescendo agora sim.<\/span><\/p>\n<p class=\"xmsonormal\" style=\"margin-bottom: .0001pt;background: white\"><span style=\"font-size: 9.0pt;font-family: 'Segoe UI';color: #212121\">Ah sim, pesquisei no nosso Google e h\u00e1 v\u00e1rias outras manifesta\u00e7\u00f5es similares \u00e0 da cidad\u00e3 de West Virginia sobre os negros, os gays, os \u00edndios, os pobres (n\u00e3o teve um pol\u00edtico eleito que n\u00e3o suporta cheiro de pobre?)&#8230; As redes sociais que teoricamente unem o mundo.<\/span><\/p>\n<p class=\"xmsonormal\" style=\"margin-bottom: .0001pt;background: white\"><span style=\"font-size: 9.0pt;font-family: 'Segoe UI';color: #212121\">Sim, temos um vento de direita sendo eleito para comandar muitos locais do planeta (esses ciclos s\u00e3o naturais, ainda mais depois de decep\u00e7\u00f5es como a que tivemos no Brasil), mas isso n\u00e3o significa que ser de direita \u00e9 pensar assim. Tenho certeza que n\u00e3o. Ainda mais os de direita que se dizem religiosos&#8230; Nem ler a B\u00edblia devem saber&#8230; mas essa \u00e9 outra hist\u00f3ria. Por enquanto, continuo indignado e lutando. E se Michelle Obama, mulher do homem mais poderoso do mundo, \u00e9 atacada assim, imagine os milh\u00f5es de negros sem voz e\/ou apenas sob o olhar do preconceito?<\/span><\/p>\n<p class=\"xmsonormal\" style=\"margin-bottom: .0001pt;background: white\"><span style=\"font-size: 9.0pt;font-family: 'Segoe UI';color: #212121\">Lament\u00e1vel, lament\u00e1vel, lament\u00e1vel. Muito triste.<\/span><\/p>\n","protected":false},"excerpt":{"rendered":"<p>(foto do Dreamsitime) Simplesmente indignado e descrente e lamentando bastante a declara\u00e7\u00e3o de uma funcion\u00e1ria p\u00fablica de West Virginia que disse que a classe voltaria \u00e0 Casa Branca (com a elei\u00e7\u00e3o de Trump) e que est\u00e1 cansada de ver uma macaca de salto alto como primeira dama (referindo-se a Michelle Obama). Estava em sua rede [&hellip;]<\/p>\n","protected":false},"author":7,"featured_media":4671,"comment_status":"open","ping_status":"open","sticky":false,"template":"","format":"standard","meta":{"spay_email":""},"categories":[2],"tags":[],"yoast_head":"<!-- This site is optimized with the Yoast SEO plugin v17.3 - https:\/\/yoast.com\/wordpress\/plugins\/seo\/ -->\n<title>Lamento, lei e luta -<\/title>\n<meta name=\"description\" content=\"Lamento, lei e luta. Confira essa Mat\u00e9ria no Canal Sem reserva. \u27a4 Projeto em parceria com a PANROTAS.\" \/>\n<meta name=\"robots\" content=\"index, follow, max-snippet:-1, max-image-preview:large, max-video-preview:-1\" \/>\n<link rel=\"canonical\" href=\"https:\/\/blog.panrotas.com.br\/semreserva\/lamento-lei-e-luta\/15-11-2016\/\" \/>\n<meta property=\"og:locale\" content=\"pt_BR\" \/>\n<meta property=\"og:type\" content=\"article\" \/>\n<meta property=\"og:title\" content=\"Lamento, lei e luta -\" \/>\n<meta property=\"og:description\" content=\"Lamento, lei e luta. Confira essa Mat\u00e9ria no Canal Sem reserva. \u27a4 Projeto em parceria com a PANROTAS.\" \/>\n<meta property=\"og:url\" content=\"https:\/\/blog.panrotas.com.br\/semreserva\/lamento-lei-e-luta\/15-11-2016\/\" \/>\n<meta property=\"og:site_name\" content=\"Sem reserva\" \/>\n<meta property=\"article:publisher\" content=\"https:\/\/www.facebook.com\/portalpanrotas\/\" \/>\n<meta property=\"article:published_time\" content=\"2016-11-16T00:21:39+00:00\" \/>\n<meta property=\"og:image\" content=\"https:\/\/blog.panrotas.com.br\/semreserva\/wp-content\/uploads\/sites\/5\/2016\/11\/dreamstimefree_10123533.jpg\" \/>\n\t<meta property=\"og:image:width\" content=\"2135\" \/>\n\t<meta property=\"og:image:height\" content=\"2354\" \/>\n<meta name=\"twitter:card\" content=\"summary_large_image\" \/>\n<meta name=\"twitter:creator\" content=\"@portalpanrotas\" \/>\n<meta name=\"twitter:site\" content=\"@portalpanrotas\" \/>\n<meta name=\"twitter:label1\" content=\"Escrito por\" \/>\n\t<meta name=\"twitter:data1\" content=\"Artur Andrade\" \/>\n\t<meta name=\"twitter:label2\" content=\"Est. tempo de leitura\" \/>\n\t<meta name=\"twitter:data2\" content=\"3 minutos\" \/>\n<script type=\"application\/ld+json\" class=\"yoast-schema-graph\">{\"@context\":\"https:\/\/schema.org\",\"@graph\":[{\"@type\":\"Organization\",\"@id\":\"http:\/\/blog.panrotas.com.br\/semreserva\/#organization\",\"name\":\"Sem Reserva - Blog no Portal PANROTAS\",\"url\":\"http:\/\/blog.panrotas.com.br\/semreserva\/\",\"sameAs\":[\"https:\/\/www.facebook.com\/portalpanrotas\/\",\"https:\/\/www.instagram.com\/portalpanrotas\/\",\"https:\/\/br.linkedin.com\/company\/panrotas\",\"https:\/\/www.youtube.com\/tvpanrotas\",\"https:\/\/twitter.com\/portalpanrotas\"],\"logo\":{\"@type\":\"ImageObject\",\"@id\":\"http:\/\/blog.panrotas.com.br\/semreserva\/#logo\",\"inLanguage\":\"pt-BR\",\"url\":\"https:\/\/blog.panrotas.com.br\/semreserva\/wp-content\/uploads\/sites\/5\/2020\/06\/logo.png\",\"contentUrl\":\"https:\/\/blog.panrotas.com.br\/semreserva\/wp-content\/uploads\/sites\/5\/2020\/06\/logo.png\",\"width\":259,\"height\":53,\"caption\":\"Sem Reserva - Blog no Portal PANROTAS\"},\"image\":{\"@id\":\"http:\/\/blog.panrotas.com.br\/semreserva\/#logo\"}},{\"@type\":\"WebSite\",\"@id\":\"http:\/\/blog.panrotas.com.br\/semreserva\/#website\",\"url\":\"http:\/\/blog.panrotas.com.br\/semreserva\/\",\"name\":\"Sem reserva\",\"description\":\"Blogosfera PANROTAS\",\"publisher\":{\"@id\":\"http:\/\/blog.panrotas.com.br\/semreserva\/#organization\"},\"potentialAction\":[{\"@type\":\"SearchAction\",\"target\":{\"@type\":\"EntryPoint\",\"urlTemplate\":\"http:\/\/blog.panrotas.com.br\/semreserva\/?s={search_term_string}\"},\"query-input\":\"required name=search_term_string\"}],\"inLanguage\":\"pt-BR\"},{\"@type\":\"ImageObject\",\"@id\":\"https:\/\/blog.panrotas.com.br\/semreserva\/lamento-lei-e-luta\/15-11-2016\/#primaryimage\",\"inLanguage\":\"pt-BR\",\"url\":\"https:\/\/blog.panrotas.com.br\/semreserva\/wp-content\/uploads\/sites\/5\/2016\/11\/dreamstimefree_10123533.jpg\",\"contentUrl\":\"https:\/\/blog.panrotas.com.br\/semreserva\/wp-content\/uploads\/sites\/5\/2016\/11\/dreamstimefree_10123533.jpg\",\"width\":2135,\"height\":2354},{\"@type\":\"WebPage\",\"@id\":\"https:\/\/blog.panrotas.com.br\/semreserva\/lamento-lei-e-luta\/15-11-2016\/#webpage\",\"url\":\"https:\/\/blog.panrotas.com.br\/semreserva\/lamento-lei-e-luta\/15-11-2016\/\",\"name\":\"Lamento, lei e luta -\",\"isPartOf\":{\"@id\":\"http:\/\/blog.panrotas.com.br\/semreserva\/#website\"},\"primaryImageOfPage\":{\"@id\":\"https:\/\/blog.panrotas.com.br\/semreserva\/lamento-lei-e-luta\/15-11-2016\/#primaryimage\"},\"datePublished\":\"2016-11-16T00:21:39+00:00\",\"dateModified\":\"2016-11-16T00:21:39+00:00\",\"description\":\"Lamento, lei e luta. Confira essa Mat\\u00e9ria no Canal Sem reserva. \\u27a4 Projeto em parceria com a PANROTAS.\",\"breadcrumb\":{\"@id\":\"https:\/\/blog.panrotas.com.br\/semreserva\/lamento-lei-e-luta\/15-11-2016\/#breadcrumb\"},\"inLanguage\":\"pt-BR\",\"potentialAction\":[{\"@type\":\"ReadAction\",\"target\":[\"https:\/\/blog.panrotas.com.br\/semreserva\/lamento-lei-e-luta\/15-11-2016\/\"]}]},{\"@type\":\"BreadcrumbList\",\"@id\":\"https:\/\/blog.panrotas.com.br\/semreserva\/lamento-lei-e-luta\/15-11-2016\/#breadcrumb\",\"itemListElement\":[{\"@type\":\"ListItem\",\"position\":1,\"name\":\"Home do Blog\",\"item\":\"http:\/\/blog.panrotas.com.br\/semreserva\/\"},{\"@type\":\"ListItem\",\"position\":2,\"name\":\"Dia a dia\",\"item\":\"https:\/\/blog.panrotas.com.br\/semreserva\/category\/dia-a-dia\/\"},{\"@type\":\"ListItem\",\"position\":3,\"name\":\"Lamento, lei e luta\"}]},{\"@type\":\"Article\",\"@id\":\"https:\/\/blog.panrotas.com.br\/semreserva\/lamento-lei-e-luta\/15-11-2016\/#article\",\"isPartOf\":{\"@id\":\"https:\/\/blog.panrotas.com.br\/semreserva\/lamento-lei-e-luta\/15-11-2016\/#webpage\"},\"author\":{\"@id\":\"http:\/\/blog.panrotas.com.br\/semreserva\/#\/schema\/person\/c93b4555f6a497d2d83c25dcb80f61ed\"},\"headline\":\"Lamento, lei e luta\",\"datePublished\":\"2016-11-16T00:21:39+00:00\",\"dateModified\":\"2016-11-16T00:21:39+00:00\",\"mainEntityOfPage\":{\"@id\":\"https:\/\/blog.panrotas.com.br\/semreserva\/lamento-lei-e-luta\/15-11-2016\/#webpage\"},\"wordCount\":609,\"commentCount\":0,\"publisher\":{\"@id\":\"http:\/\/blog.panrotas.com.br\/semreserva\/#organization\"},\"image\":{\"@id\":\"https:\/\/blog.panrotas.com.br\/semreserva\/lamento-lei-e-luta\/15-11-2016\/#primaryimage\"},\"thumbnailUrl\":\"https:\/\/blog.panrotas.com.br\/semreserva\/wp-content\/uploads\/sites\/5\/2016\/11\/dreamstimefree_10123533.jpg\",\"articleSection\":[\"Dia a dia\"],\"inLanguage\":\"pt-BR\",\"potentialAction\":[{\"@type\":\"CommentAction\",\"name\":\"Comment\",\"target\":[\"https:\/\/blog.panrotas.com.br\/semreserva\/lamento-lei-e-luta\/15-11-2016\/#respond\"]}]},{\"@type\":\"Person\",\"@id\":\"http:\/\/blog.panrotas.com.br\/semreserva\/#\/schema\/person\/c93b4555f6a497d2d83c25dcb80f61ed\",\"name\":\"Artur Andrade\",\"image\":{\"@type\":\"ImageObject\",\"@id\":\"http:\/\/blog.panrotas.com.br\/semreserva\/#personlogo\",\"inLanguage\":\"pt-BR\",\"url\":\"https:\/\/secure.gravatar.com\/avatar\/a94564d630220cefd5c82f3452ac1ef4?s=96&d=mm&r=g\",\"contentUrl\":\"https:\/\/secure.gravatar.com\/avatar\/a94564d630220cefd5c82f3452ac1ef4?s=96&d=mm&r=g\",\"caption\":\"Artur Andrade\"},\"description\":\"Artur Luiz Andrade \\u00e9 carioca, taurino, jornalista e nasceu em 1969. \\u00c9 editor-chefe da PANROTAS Editora e mora em S\\u00e3o Paulo desde 1998\",\"sameAs\":[\"http:\/\/www.panrotas.com.br\"]}]}<\/script>\n<!-- \/ Yoast SEO plugin. -->","yoast_head_json":{"title":"Lamento, lei e luta -","description":"Lamento, lei e luta. Confira essa Mat\u00e9ria no Canal Sem reserva. \u27a4 Projeto em parceria com a PANROTAS.","robots":{"index":"index","follow":"follow","max-snippet":"max-snippet:-1","max-image-preview":"max-image-preview:large","max-video-preview":"max-video-preview:-1"},"canonical":"https:\/\/blog.panrotas.com.br\/semreserva\/lamento-lei-e-luta\/15-11-2016\/","og_locale":"pt_BR","og_type":"article","og_title":"Lamento, lei e luta -","og_description":"Lamento, lei e luta. Confira essa Mat\u00e9ria no Canal Sem reserva. \u27a4 Projeto em parceria com a PANROTAS.","og_url":"https:\/\/blog.panrotas.com.br\/semreserva\/lamento-lei-e-luta\/15-11-2016\/","og_site_name":"Sem reserva","article_publisher":"https:\/\/www.facebook.com\/portalpanrotas\/","article_published_time":"2016-11-16T00:21:39+00:00","og_image":[{"width":2135,"height":2354,"url":"https:\/\/blog.panrotas.com.br\/semreserva\/wp-content\/uploads\/sites\/5\/2016\/11\/dreamstimefree_10123533.jpg","type":"image\/jpeg"}],"twitter_card":"summary_large_image","twitter_creator":"@portalpanrotas","twitter_site":"@portalpanrotas","twitter_misc":{"Escrito por":"Artur Andrade","Est. tempo de leitura":"3 minutos"},"schema":{"@context":"https:\/\/schema.org","@graph":[{"@type":"Organization","@id":"http:\/\/blog.panrotas.com.br\/semreserva\/#organization","name":"Sem Reserva - Blog no Portal PANROTAS","url":"http:\/\/blog.panrotas.com.br\/semreserva\/","sameAs":["https:\/\/www.facebook.com\/portalpanrotas\/","https:\/\/www.instagram.com\/portalpanrotas\/","https:\/\/br.linkedin.com\/company\/panrotas","https:\/\/www.youtube.com\/tvpanrotas","https:\/\/twitter.com\/portalpanrotas"],"logo":{"@type":"ImageObject","@id":"http:\/\/blog.panrotas.com.br\/semreserva\/#logo","inLanguage":"pt-BR","url":"https:\/\/blog.panrotas.com.br\/semreserva\/wp-content\/uploads\/sites\/5\/2020\/06\/logo.png","contentUrl":"https:\/\/blog.panrotas.com.br\/semreserva\/wp-content\/uploads\/sites\/5\/2020\/06\/logo.png","width":259,"height":53,"caption":"Sem Reserva - Blog no Portal PANROTAS"},"image":{"@id":"http:\/\/blog.panrotas.com.br\/semreserva\/#logo"}},{"@type":"WebSite","@id":"http:\/\/blog.panrotas.com.br\/semreserva\/#website","url":"http:\/\/blog.panrotas.com.br\/semreserva\/","name":"Sem reserva","description":"Blogosfera PANROTAS","publisher":{"@id":"http:\/\/blog.panrotas.com.br\/semreserva\/#organization"},"potentialAction":[{"@type":"SearchAction","target":{"@type":"EntryPoint","urlTemplate":"http:\/\/blog.panrotas.com.br\/semreserva\/?s={search_term_string}"},"query-input":"required name=search_term_string"}],"inLanguage":"pt-BR"},{"@type":"ImageObject","@id":"https:\/\/blog.panrotas.com.br\/semreserva\/lamento-lei-e-luta\/15-11-2016\/#primaryimage","inLanguage":"pt-BR","url":"https:\/\/blog.panrotas.com.br\/semreserva\/wp-content\/uploads\/sites\/5\/2016\/11\/dreamstimefree_10123533.jpg","contentUrl":"https:\/\/blog.panrotas.com.br\/semreserva\/wp-content\/uploads\/sites\/5\/2016\/11\/dreamstimefree_10123533.jpg","width":2135,"height":2354},{"@type":"WebPage","@id":"https:\/\/blog.panrotas.com.br\/semreserva\/lamento-lei-e-luta\/15-11-2016\/#webpage","url":"https:\/\/blog.panrotas.com.br\/semreserva\/lamento-lei-e-luta\/15-11-2016\/","name":"Lamento, lei e luta -","isPartOf":{"@id":"http:\/\/blog.panrotas.com.br\/semreserva\/#website"},"primaryImageOfPage":{"@id":"https:\/\/blog.panrotas.com.br\/semreserva\/lamento-lei-e-luta\/15-11-2016\/#primaryimage"},"datePublished":"2016-11-16T00:21:39+00:00","dateModified":"2016-11-16T00:21:39+00:00","description":"Lamento, lei e luta. Confira essa Mat\u00e9ria no Canal Sem reserva. \u27a4 Projeto em parceria com a PANROTAS.","breadcrumb":{"@id":"https:\/\/blog.panrotas.com.br\/semreserva\/lamento-lei-e-luta\/15-11-2016\/#breadcrumb"},"inLanguage":"pt-BR","potentialAction":[{"@type":"ReadAction","target":["https:\/\/blog.panrotas.com.br\/semreserva\/lamento-lei-e-luta\/15-11-2016\/"]}]},{"@type":"BreadcrumbList","@id":"https:\/\/blog.panrotas.com.br\/semreserva\/lamento-lei-e-luta\/15-11-2016\/#breadcrumb","itemListElement":[{"@type":"ListItem","position":1,"name":"Home do Blog","item":"http:\/\/blog.panrotas.com.br\/semreserva\/"},{"@type":"ListItem","position":2,"name":"Dia a dia","item":"https:\/\/blog.panrotas.com.br\/semreserva\/category\/dia-a-dia\/"},{"@type":"ListItem","position":3,"name":"Lamento, lei e luta"}]},{"@type":"Article","@id":"https:\/\/blog.panrotas.com.br\/semreserva\/lamento-lei-e-luta\/15-11-2016\/#article","isPartOf":{"@id":"https:\/\/blog.panrotas.com.br\/semreserva\/lamento-lei-e-luta\/15-11-2016\/#webpage"},"author":{"@id":"http:\/\/blog.panrotas.com.br\/semreserva\/#\/schema\/person\/c93b4555f6a497d2d83c25dcb80f61ed"},"headline":"Lamento, lei e luta","datePublished":"2016-11-16T00:21:39+00:00","dateModified":"2016-11-16T00:21:39+00:00","mainEntityOfPage":{"@id":"https:\/\/blog.panrotas.com.br\/semreserva\/lamento-lei-e-luta\/15-11-2016\/#webpage"},"wordCount":609,"commentCount":0,"publisher":{"@id":"http:\/\/blog.panrotas.com.br\/semreserva\/#organization"},"image":{"@id":"https:\/\/blog.panrotas.com.br\/semreserva\/lamento-lei-e-luta\/15-11-2016\/#primaryimage"},"thumbnailUrl":"https:\/\/blog.panrotas.com.br\/semreserva\/wp-content\/uploads\/sites\/5\/2016\/11\/dreamstimefree_10123533.jpg","articleSection":["Dia a dia"],"inLanguage":"pt-BR","potentialAction":[{"@type":"CommentAction","name":"Comment","target":["https:\/\/blog.panrotas.com.br\/semreserva\/lamento-lei-e-luta\/15-11-2016\/#respond"]}]},{"@type":"Person","@id":"http:\/\/blog.panrotas.com.br\/semreserva\/#\/schema\/person\/c93b4555f6a497d2d83c25dcb80f61ed","name":"Artur Andrade","image":{"@type":"ImageObject","@id":"http:\/\/blog.panrotas.com.br\/semreserva\/#personlogo","inLanguage":"pt-BR","url":"https:\/\/secure.gravatar.com\/avatar\/a94564d630220cefd5c82f3452ac1ef4?s=96&d=mm&r=g","contentUrl":"https:\/\/secure.gravatar.com\/avatar\/a94564d630220cefd5c82f3452ac1ef4?s=96&d=mm&r=g","caption":"Artur Andrade"},"description":"Artur Luiz Andrade \u00e9 carioca, taurino, jornalista e nasceu em 1969. \u00c9 editor-chefe da PANROTAS Editora e mora em S\u00e3o Paulo desde 1998","sameAs":["http:\/\/www.panrotas.com.br"]}]}},"jetpack_featured_media_url":"https:\/\/blog.panrotas.com.br\/semreserva\/wp-content\/uploads\/sites\/5\/2016\/11\/dreamstimefree_10123533.jpg","jetpack_shortlink":"https:\/\/wp.me\/p7idIU-1dk","_links":{"self":[{"href":"https:\/\/blog.panrotas.com.br\/semreserva\/wp-json\/wp\/v2\/posts\/4670"}],"collection":[{"href":"https:\/\/blog.panrotas.com.br\/semreserva\/wp-json\/wp\/v2\/posts"}],"about":[{"href":"https:\/\/blog.panrotas.com.br\/semreserva\/wp-json\/wp\/v2\/types\/post"}],"author":[{"embeddable":true,"href":"https:\/\/blog.panrotas.com.br\/semreserva\/wp-json\/wp\/v2\/users\/7"}],"replies":[{"embeddable":true,"href":"https:\/\/blog.panrotas.com.br\/semreserva\/wp-json\/wp\/v2\/comments?post=4670"}],"version-history":[{"count":0,"href":"https:\/\/blog.panrotas.com.br\/semreserva\/wp-json\/wp\/v2\/posts\/4670\/revisions"}],"wp:featuredmedia":[{"embeddable":true,"href":"https:\/\/blog.panrotas.com.br\/semreserva\/wp-json\/wp\/v2\/media\/4671"}],"wp:attachment":[{"href":"https:\/\/blog.panrotas.com.br\/semreserva\/wp-json\/wp\/v2\/media?parent=4670"}],"wp:term":[{"taxonomy":"category","embeddable":true,"href":"https:\/\/blog.panrotas.com.br\/semreserva\/wp-json\/wp\/v2\/categories?post=4670"},{"taxonomy":"post_tag","embeddable":true,"href":"https:\/\/blog.panrotas.com.br\/semreserva\/wp-json\/wp\/v2\/tags?post=4670"}],"curies":[{"name":"wp","href":"https:\/\/api.w.org\/{rel}","templated":true}]}}