{"id":4677,"date":"2016-12-16T12:37:47","date_gmt":"2016-12-16T14:37:47","guid":{"rendered":"http:\/\/blog.panrotas.com.br\/semreserva\/?p=4677"},"modified":"2016-12-16T12:37:47","modified_gmt":"2016-12-16T14:37:47","slug":"que-historia-conta-o-seu-hotel","status":"publish","type":"post","link":"https:\/\/blog.panrotas.com.br\/semreserva\/que-historia-conta-o-seu-hotel\/16-12-2016\/","title":{"rendered":"Que hist\u00f3ria conta o seu hotel?"},"content":{"rendered":"<p><a href=\"http:\/\/panrotas.blog.br\/semreserva\/wp-content\/uploads\/sites\/5\/2016\/12\/Yoo2_frente-Rooftop_cr\u00e9dito-MCA-Est\u00fadio.jpg\"><img loading=\"lazy\" class=\"alignnone size-full wp-image-4678\" src=\"http:\/\/panrotas.blog.br\/semreserva\/wp-content\/uploads\/sites\/5\/2016\/12\/Yoo2_frente-Rooftop_cr\u00e9dito-MCA-Est\u00fadio.jpg\" alt=\"yoo2_frente-rooftop_credito-mca-estudio\" width=\"2835\" height=\"1890\" \/><\/a>A hotelaria tem armas (e s\u00e3o muitas) para reconquistar os h\u00f3spedes que migraram para a economia compartilhada ou conquistar uma gera\u00e7\u00e3o que nunca esteve em um hotel \u201ctradicional\u201d. Al\u00e9m disso, conseguir\u00e1 manter quem prefere a seguran\u00e7a, conforto e estrutura de um hotel e ainda fazer uma nova revolu\u00e7\u00e3o em um segmento que tem sempre de se reinventar.<\/p>\n<p>&nbsp;<\/p>\n<p>Estive no Yoo2 (marca que a Intercity trouxe ao Brasil), no Rio, e ele \u00e9 um \u00f3timo exemplo dessa nova modalidade de hotel, o hotel que conta uma hist\u00f3ria. Ou v\u00e1rias.<\/p>\n<p>&nbsp;<\/p>\n<p>A localiza\u00e7\u00e3o do Yoo2, como em qualquer hotel, \u00e9 um ponto positivo e negativo ao mesmo tempo, tudo depende da expectativa, necessidade e gosto de h\u00f3spede, al\u00e9m do bolso. A maioria dos turistas que v\u00e3o ao Rio querem ficar em Copacabana e Ipanema, de prefer\u00eancia de frente para o mar, com vista frontal.<\/p>\n<p>&nbsp;<\/p>\n<p>Nem sempre \u00e9 poss\u00edvel, claro. Mesmo em um hotel na praia, h\u00e1 os quartos com vista para a selva de pr\u00e9dios de Ipanema e Copacabana. Quem n\u00e3o pode ficar na praia, fica mais pra dentro. E o Rio, como um grande destino que \u00e9, hoje tem v\u00e1rios polos de hospedagem e interesse tur\u00edstico e corporativo.<\/p>\n<p>&nbsp;<\/p>\n<p>Portanto, estar em Botafogo, onde est\u00e1 o Yoo2, em plena Praia de Botafogo, \u00e9 uma das op\u00e7\u00f5es de localiza\u00e7\u00e3o, com pr\u00f3s e contras, dependendo do tipo de cliente. Mas tudo n\u00e3o \u00e9 assim? Quem quer andar at\u00e9 a praia para tomar banho, n\u00e3o ficar\u00e1 l\u00e1, pois as praias de Botafogo e Flamengo n\u00e3o s\u00e3o as melhores para banho. Quem quer Copa e Ipanema idem. Quem tem neg\u00f3cios na Barra tamb\u00e9m.<\/p>\n<p>&nbsp;<\/p>\n<p>Mas quem quer ficar em um local com uma vista deslumbrante da Enseada de Botafogo e quer estar entre o Centro e Copacabana, em um bairro que est\u00e1 sendo resgatado como polo gastron\u00f4mico e cultural&#8230; tem o endere\u00e7o certo.<\/p>\n<p>&nbsp;<\/p>\n<p>Localiza\u00e7\u00e3o, portanto, \u00e9 algo que pode ajudar ou n\u00e3o.<\/p>\n<p>&nbsp;<\/p>\n<p>Ao contr\u00e1rio do conceito do Yoo2, que s\u00f3 ajuda. O hotel investiu em um jeito carioca com muita ginga, bom gosto e hist\u00f3rias interessantes. Do grafite nas paredes do v\u00e3o do elevador \u00e0 decora\u00e7\u00e3o e obras de arte nos quartos, dos andares com cores diferentes ao terra\u00e7o que funciona como solarium, bar ou balada. L\u00e1 do alto, a vista \u00e9 360 graus.<\/p>\n<p>&nbsp;<\/p>\n<p>O h\u00f3spede se sente em um ambiente 100% carioca, moderno, mas nada agressivo, para os que temem \u201cmudernidade\u201d demais. A recep\u00e7\u00e3o j\u00e1 traz cheiros, cores e imagens que definem o hotel. Mimos como o biscoito de polvilho Globo tamb\u00e9m ajudam.<\/p>\n<p>&nbsp;<\/p>\n<p>O quarto em que dormi, espa\u00e7oso e escancarado para o P\u00e3o de A\u00e7\u00facar, era excelente, confort\u00e1vel, com banheiro amplo e iluminado na medida para quem precisa trabalhar. Estranhei o telefone longe da cama&#8230; Mas para quem dorme com o celular ao lado, n\u00e3o fez muita falta, s\u00f3 na hora de pedir room servisse (\u00e9, ainda acho estranho).<\/p>\n<p>&nbsp;<\/p>\n<p>A comida tamb\u00e9m \u00e9 moderna, mas com brasilidade. O caf\u00e9 da manh\u00e3 \u00e9 um dos melhores da hotelaria nacional: tem tapioca, p\u00e3o na chapa, \u00e1gua de coco, frutas das mais variadas e ex\u00f3ticas, doces, sucos diferentes&#8230; Uma imers\u00e3o na carioquice e brasilidade. Nota dez.<\/p>\n<p>&nbsp;<\/p>\n<p>Fiquei apenas duas noites e a experi\u00eancia de estar em Botafogo, olhando o P\u00e3o de A\u00e7\u00facar e o Redentos, perto de onde tinha compromissos (em Copacabana) e com acesso f\u00e1cil aos diversos bairros do Rio (Barra \u00e9 Rio? Rs), mergulhado em sensa\u00e7\u00f5es diversas que os ambientes do hotel proporcionam foi muito boa. O hotel j\u00e1 ganhou f\u00e3s de todo o Brasil por sua proposta diferenciada, seu cuidado com o cliente, seu atendimento, seu conceito que poucos hot\u00e9is no Brasil possuem.<\/p>\n<p>&nbsp;<\/p>\n<p>Eu, como carioca, aprovo. Vale experimentar. A n\u00e3o ser que voc\u00ea tenha neg\u00f3cios na Barra ou queira atravessar a rua e mergulhar no mar de Ipanema. No mais&#8230; experimenta o Yoo2.<\/p>\n<p>&nbsp;<\/p>\n<p>O Airbnb vai ter que se esfor\u00e7ar bastante para ter um produto t\u00e3o completo e com tanta estrutura.<\/p>\n<p>&nbsp;<\/p>\n<p>(fotos: divulga\u00e7\u00e3o\/Yoo2)<\/p>\n<p><a href=\"http:\/\/panrotas.blog.br\/semreserva\/wp-content\/uploads\/sites\/5\/2016\/12\/YOO2_ambiente-Rooftop_F02_anoitecer.jpg\"><img loading=\"lazy\" class=\"alignnone size-full wp-image-4681\" src=\"http:\/\/panrotas.blog.br\/semreserva\/wp-content\/uploads\/sites\/5\/2016\/12\/YOO2_ambiente-Rooftop_F02_anoitecer.jpg\" alt=\"yoo2_ambiente-rooftop_f02_anoitecer\" width=\"1000\" height=\"1500\" srcset=\"https:\/\/blog.panrotas.com.br\/semreserva\/wp-content\/uploads\/sites\/5\/2016\/12\/YOO2_ambiente-Rooftop_F02_anoitecer.jpg 1000w, https:\/\/blog.panrotas.com.br\/semreserva\/wp-content\/uploads\/sites\/5\/2016\/12\/YOO2_ambiente-Rooftop_F02_anoitecer-200x300.jpg 200w, https:\/\/blog.panrotas.com.br\/semreserva\/wp-content\/uploads\/sites\/5\/2016\/12\/YOO2_ambiente-Rooftop_F02_anoitecer-683x1024.jpg 683w, https:\/\/blog.panrotas.com.br\/semreserva\/wp-content\/uploads\/sites\/5\/2016\/12\/YOO2_ambiente-Rooftop_F02_anoitecer-768x1152.jpg 768w, https:\/\/blog.panrotas.com.br\/semreserva\/wp-content\/uploads\/sites\/5\/2016\/12\/YOO2_ambiente-Rooftop_F02_anoitecer-990x1485.jpg 990w\" sizes=\"(max-width: 1000px) 100vw, 1000px\" \/><\/a>F<a href=\"http:\/\/panrotas.blog.br\/semreserva\/wp-content\/uploads\/sites\/5\/2016\/12\/Yoo2_detalhe-su\u00edte_cr\u00e9dito-MCA-Est\u00fadio.jpg\"><img loading=\"lazy\" class=\"alignnone size-full wp-image-4679\" src=\"http:\/\/panrotas.blog.br\/semreserva\/wp-content\/uploads\/sites\/5\/2016\/12\/Yoo2_detalhe-su\u00edte_cr\u00e9dito-MCA-Est\u00fadio.jpg\" alt=\"yoo2_detalhe-suite_credito-mca-estudio\" width=\"2835\" height=\"1890\" \/><\/a><\/p>\n","protected":false},"excerpt":{"rendered":"<p>A hotelaria tem armas (e s\u00e3o muitas) para reconquistar os h\u00f3spedes que migraram para a economia compartilhada ou conquistar uma gera\u00e7\u00e3o que nunca esteve em um hotel \u201ctradicional\u201d. Al\u00e9m disso, conseguir\u00e1 manter quem prefere a seguran\u00e7a, conforto e estrutura de um hotel e ainda fazer uma nova revolu\u00e7\u00e3o em um segmento que tem sempre de [&hellip;]<\/p>\n","protected":false},"author":7,"featured_media":4680,"comment_status":"open","ping_status":"open","sticky":false,"template":"","format":"standard","meta":{"spay_email":""},"categories":[2],"tags":[36,37,65],"yoast_head":"<!-- This site is optimized with the Yoast SEO plugin v17.3 - https:\/\/yoast.com\/wordpress\/plugins\/seo\/ -->\n<title>Que hist\u00f3ria conta o seu hotel? -<\/title>\n<meta name=\"description\" content=\"Que hist\u00f3ria conta o seu hotel?. Confira essa Mat\u00e9ria no Canal Sem reserva. \u27a4 Projeto em parceria com a PANROTAS.\" \/>\n<meta name=\"robots\" content=\"index, follow, max-snippet:-1, max-image-preview:large, max-video-preview:-1\" \/>\n<link rel=\"canonical\" href=\"https:\/\/blog.panrotas.com.br\/semreserva\/que-historia-conta-o-seu-hotel\/16-12-2016\/\" \/>\n<meta property=\"og:locale\" content=\"pt_BR\" \/>\n<meta property=\"og:type\" content=\"article\" \/>\n<meta property=\"og:title\" content=\"Que hist\u00f3ria conta o seu hotel? -\" \/>\n<meta property=\"og:description\" content=\"Que hist\u00f3ria conta o seu hotel?. Confira essa Mat\u00e9ria no Canal Sem reserva. \u27a4 Projeto em parceria com a PANROTAS.\" \/>\n<meta property=\"og:url\" content=\"https:\/\/blog.panrotas.com.br\/semreserva\/que-historia-conta-o-seu-hotel\/16-12-2016\/\" \/>\n<meta property=\"og:site_name\" content=\"Sem reserva\" \/>\n<meta property=\"article:publisher\" content=\"https:\/\/www.facebook.com\/portalpanrotas\/\" \/>\n<meta property=\"article:published_time\" content=\"2016-12-16T14:37:47+00:00\" \/>\n<meta property=\"og:image\" content=\"https:\/\/blog.panrotas.com.br\/semreserva\/wp-content\/uploads\/sites\/5\/2016\/12\/Yoo2_corredor-azul_cr\u00e9dito-MCA-Est\u00fadio.jpg\" \/>\n\t<meta property=\"og:image:width\" content=\"2835\" \/>\n\t<meta property=\"og:image:height\" content=\"1913\" \/>\n<meta name=\"twitter:card\" content=\"summary_large_image\" \/>\n<meta name=\"twitter:creator\" content=\"@portalpanrotas\" \/>\n<meta name=\"twitter:site\" content=\"@portalpanrotas\" \/>\n<meta name=\"twitter:label1\" content=\"Escrito por\" \/>\n\t<meta name=\"twitter:data1\" content=\"Artur Andrade\" \/>\n\t<meta name=\"twitter:label2\" content=\"Est. tempo de leitura\" \/>\n\t<meta name=\"twitter:data2\" content=\"4 minutos\" \/>\n<script type=\"application\/ld+json\" class=\"yoast-schema-graph\">{\"@context\":\"https:\/\/schema.org\",\"@graph\":[{\"@type\":\"Organization\",\"@id\":\"http:\/\/blog.panrotas.com.br\/semreserva\/#organization\",\"name\":\"Sem Reserva - Blog no Portal PANROTAS\",\"url\":\"http:\/\/blog.panrotas.com.br\/semreserva\/\",\"sameAs\":[\"https:\/\/www.facebook.com\/portalpanrotas\/\",\"https:\/\/www.instagram.com\/portalpanrotas\/\",\"https:\/\/br.linkedin.com\/company\/panrotas\",\"https:\/\/www.youtube.com\/tvpanrotas\",\"https:\/\/twitter.com\/portalpanrotas\"],\"logo\":{\"@type\":\"ImageObject\",\"@id\":\"http:\/\/blog.panrotas.com.br\/semreserva\/#logo\",\"inLanguage\":\"pt-BR\",\"url\":\"https:\/\/blog.panrotas.com.br\/semreserva\/wp-content\/uploads\/sites\/5\/2020\/06\/logo.png\",\"contentUrl\":\"https:\/\/blog.panrotas.com.br\/semreserva\/wp-content\/uploads\/sites\/5\/2020\/06\/logo.png\",\"width\":259,\"height\":53,\"caption\":\"Sem Reserva - Blog no Portal PANROTAS\"},\"image\":{\"@id\":\"http:\/\/blog.panrotas.com.br\/semreserva\/#logo\"}},{\"@type\":\"WebSite\",\"@id\":\"http:\/\/blog.panrotas.com.br\/semreserva\/#website\",\"url\":\"http:\/\/blog.panrotas.com.br\/semreserva\/\",\"name\":\"Sem reserva\",\"description\":\"Blogosfera PANROTAS\",\"publisher\":{\"@id\":\"http:\/\/blog.panrotas.com.br\/semreserva\/#organization\"},\"potentialAction\":[{\"@type\":\"SearchAction\",\"target\":{\"@type\":\"EntryPoint\",\"urlTemplate\":\"http:\/\/blog.panrotas.com.br\/semreserva\/?s={search_term_string}\"},\"query-input\":\"required name=search_term_string\"}],\"inLanguage\":\"pt-BR\"},{\"@type\":\"ImageObject\",\"@id\":\"https:\/\/blog.panrotas.com.br\/semreserva\/que-historia-conta-o-seu-hotel\/16-12-2016\/#primaryimage\",\"inLanguage\":\"pt-BR\",\"url\":\"https:\/\/blog.panrotas.com.br\/semreserva\/wp-content\/uploads\/sites\/5\/2016\/12\/Yoo2_corredor-azul_cr\\u00e9dito-MCA-Est\\u00fadio-scaled.jpg\",\"contentUrl\":\"https:\/\/blog.panrotas.com.br\/semreserva\/wp-content\/uploads\/sites\/5\/2016\/12\/Yoo2_corredor-azul_cr\\u00e9dito-MCA-Est\\u00fadio-scaled.jpg\",\"width\":2560,\"height\":1727},{\"@type\":\"WebPage\",\"@id\":\"https:\/\/blog.panrotas.com.br\/semreserva\/que-historia-conta-o-seu-hotel\/16-12-2016\/#webpage\",\"url\":\"https:\/\/blog.panrotas.com.br\/semreserva\/que-historia-conta-o-seu-hotel\/16-12-2016\/\",\"name\":\"Que hist\\u00f3ria conta o seu hotel? -\",\"isPartOf\":{\"@id\":\"http:\/\/blog.panrotas.com.br\/semreserva\/#website\"},\"primaryImageOfPage\":{\"@id\":\"https:\/\/blog.panrotas.com.br\/semreserva\/que-historia-conta-o-seu-hotel\/16-12-2016\/#primaryimage\"},\"datePublished\":\"2016-12-16T14:37:47+00:00\",\"dateModified\":\"2016-12-16T14:37:47+00:00\",\"description\":\"Que hist\\u00f3ria conta o seu hotel?. Confira essa Mat\\u00e9ria no Canal Sem reserva. \\u27a4 Projeto em parceria com a PANROTAS.\",\"breadcrumb\":{\"@id\":\"https:\/\/blog.panrotas.com.br\/semreserva\/que-historia-conta-o-seu-hotel\/16-12-2016\/#breadcrumb\"},\"inLanguage\":\"pt-BR\",\"potentialAction\":[{\"@type\":\"ReadAction\",\"target\":[\"https:\/\/blog.panrotas.com.br\/semreserva\/que-historia-conta-o-seu-hotel\/16-12-2016\/\"]}]},{\"@type\":\"BreadcrumbList\",\"@id\":\"https:\/\/blog.panrotas.com.br\/semreserva\/que-historia-conta-o-seu-hotel\/16-12-2016\/#breadcrumb\",\"itemListElement\":[{\"@type\":\"ListItem\",\"position\":1,\"name\":\"Home do Blog\",\"item\":\"http:\/\/blog.panrotas.com.br\/semreserva\/\"},{\"@type\":\"ListItem\",\"position\":2,\"name\":\"Dia a dia\",\"item\":\"https:\/\/blog.panrotas.com.br\/semreserva\/category\/dia-a-dia\/\"},{\"@type\":\"ListItem\",\"position\":3,\"name\":\"Que hist\\u00f3ria conta o seu hotel?\"}]},{\"@type\":\"Article\",\"@id\":\"https:\/\/blog.panrotas.com.br\/semreserva\/que-historia-conta-o-seu-hotel\/16-12-2016\/#article\",\"isPartOf\":{\"@id\":\"https:\/\/blog.panrotas.com.br\/semreserva\/que-historia-conta-o-seu-hotel\/16-12-2016\/#webpage\"},\"author\":{\"@id\":\"http:\/\/blog.panrotas.com.br\/semreserva\/#\/schema\/person\/c93b4555f6a497d2d83c25dcb80f61ed\"},\"headline\":\"Que hist\\u00f3ria conta o seu hotel?\",\"datePublished\":\"2016-12-16T14:37:47+00:00\",\"dateModified\":\"2016-12-16T14:37:47+00:00\",\"mainEntityOfPage\":{\"@id\":\"https:\/\/blog.panrotas.com.br\/semreserva\/que-historia-conta-o-seu-hotel\/16-12-2016\/#webpage\"},\"wordCount\":716,\"commentCount\":0,\"publisher\":{\"@id\":\"http:\/\/blog.panrotas.com.br\/semreserva\/#organization\"},\"image\":{\"@id\":\"https:\/\/blog.panrotas.com.br\/semreserva\/que-historia-conta-o-seu-hotel\/16-12-2016\/#primaryimage\"},\"thumbnailUrl\":\"https:\/\/blog.panrotas.com.br\/semreserva\/wp-content\/uploads\/sites\/5\/2016\/12\/Yoo2_corredor-azul_cr\\u00e9dito-MCA-Est\\u00fadio-scaled.jpg\",\"keywords\":[\"hot\\u00e9is botafogo\",\"hot\\u00e9is rio\",\"yoo2\"],\"articleSection\":[\"Dia a dia\"],\"inLanguage\":\"pt-BR\",\"potentialAction\":[{\"@type\":\"CommentAction\",\"name\":\"Comment\",\"target\":[\"https:\/\/blog.panrotas.com.br\/semreserva\/que-historia-conta-o-seu-hotel\/16-12-2016\/#respond\"]}]},{\"@type\":\"Person\",\"@id\":\"http:\/\/blog.panrotas.com.br\/semreserva\/#\/schema\/person\/c93b4555f6a497d2d83c25dcb80f61ed\",\"name\":\"Artur Andrade\",\"image\":{\"@type\":\"ImageObject\",\"@id\":\"http:\/\/blog.panrotas.com.br\/semreserva\/#personlogo\",\"inLanguage\":\"pt-BR\",\"url\":\"https:\/\/secure.gravatar.com\/avatar\/a94564d630220cefd5c82f3452ac1ef4?s=96&d=mm&r=g\",\"contentUrl\":\"https:\/\/secure.gravatar.com\/avatar\/a94564d630220cefd5c82f3452ac1ef4?s=96&d=mm&r=g\",\"caption\":\"Artur Andrade\"},\"description\":\"Artur Luiz Andrade \\u00e9 carioca, taurino, jornalista e nasceu em 1969. \\u00c9 editor-chefe da PANROTAS Editora e mora em S\\u00e3o Paulo desde 1998\",\"sameAs\":[\"http:\/\/www.panrotas.com.br\"]}]}<\/script>\n<!-- \/ Yoast SEO plugin. -->","yoast_head_json":{"title":"Que hist\u00f3ria conta o seu hotel? -","description":"Que hist\u00f3ria conta o seu hotel?. Confira essa Mat\u00e9ria no Canal Sem reserva. \u27a4 Projeto em parceria com a PANROTAS.","robots":{"index":"index","follow":"follow","max-snippet":"max-snippet:-1","max-image-preview":"max-image-preview:large","max-video-preview":"max-video-preview:-1"},"canonical":"https:\/\/blog.panrotas.com.br\/semreserva\/que-historia-conta-o-seu-hotel\/16-12-2016\/","og_locale":"pt_BR","og_type":"article","og_title":"Que hist\u00f3ria conta o seu hotel? -","og_description":"Que hist\u00f3ria conta o seu hotel?. Confira essa Mat\u00e9ria no Canal Sem reserva. \u27a4 Projeto em parceria com a PANROTAS.","og_url":"https:\/\/blog.panrotas.com.br\/semreserva\/que-historia-conta-o-seu-hotel\/16-12-2016\/","og_site_name":"Sem reserva","article_publisher":"https:\/\/www.facebook.com\/portalpanrotas\/","article_published_time":"2016-12-16T14:37:47+00:00","og_image":[{"width":2835,"height":1913,"url":"https:\/\/blog.panrotas.com.br\/semreserva\/wp-content\/uploads\/sites\/5\/2016\/12\/Yoo2_corredor-azul_cr\u00e9dito-MCA-Est\u00fadio.jpg","type":"image\/jpeg"}],"twitter_card":"summary_large_image","twitter_creator":"@portalpanrotas","twitter_site":"@portalpanrotas","twitter_misc":{"Escrito por":"Artur Andrade","Est. tempo de leitura":"4 minutos"},"schema":{"@context":"https:\/\/schema.org","@graph":[{"@type":"Organization","@id":"http:\/\/blog.panrotas.com.br\/semreserva\/#organization","name":"Sem Reserva - Blog no Portal PANROTAS","url":"http:\/\/blog.panrotas.com.br\/semreserva\/","sameAs":["https:\/\/www.facebook.com\/portalpanrotas\/","https:\/\/www.instagram.com\/portalpanrotas\/","https:\/\/br.linkedin.com\/company\/panrotas","https:\/\/www.youtube.com\/tvpanrotas","https:\/\/twitter.com\/portalpanrotas"],"logo":{"@type":"ImageObject","@id":"http:\/\/blog.panrotas.com.br\/semreserva\/#logo","inLanguage":"pt-BR","url":"https:\/\/blog.panrotas.com.br\/semreserva\/wp-content\/uploads\/sites\/5\/2020\/06\/logo.png","contentUrl":"https:\/\/blog.panrotas.com.br\/semreserva\/wp-content\/uploads\/sites\/5\/2020\/06\/logo.png","width":259,"height":53,"caption":"Sem Reserva - Blog no Portal PANROTAS"},"image":{"@id":"http:\/\/blog.panrotas.com.br\/semreserva\/#logo"}},{"@type":"WebSite","@id":"http:\/\/blog.panrotas.com.br\/semreserva\/#website","url":"http:\/\/blog.panrotas.com.br\/semreserva\/","name":"Sem reserva","description":"Blogosfera PANROTAS","publisher":{"@id":"http:\/\/blog.panrotas.com.br\/semreserva\/#organization"},"potentialAction":[{"@type":"SearchAction","target":{"@type":"EntryPoint","urlTemplate":"http:\/\/blog.panrotas.com.br\/semreserva\/?s={search_term_string}"},"query-input":"required name=search_term_string"}],"inLanguage":"pt-BR"},{"@type":"ImageObject","@id":"https:\/\/blog.panrotas.com.br\/semreserva\/que-historia-conta-o-seu-hotel\/16-12-2016\/#primaryimage","inLanguage":"pt-BR","url":"https:\/\/blog.panrotas.com.br\/semreserva\/wp-content\/uploads\/sites\/5\/2016\/12\/Yoo2_corredor-azul_cr\u00e9dito-MCA-Est\u00fadio-scaled.jpg","contentUrl":"https:\/\/blog.panrotas.com.br\/semreserva\/wp-content\/uploads\/sites\/5\/2016\/12\/Yoo2_corredor-azul_cr\u00e9dito-MCA-Est\u00fadio-scaled.jpg","width":2560,"height":1727},{"@type":"WebPage","@id":"https:\/\/blog.panrotas.com.br\/semreserva\/que-historia-conta-o-seu-hotel\/16-12-2016\/#webpage","url":"https:\/\/blog.panrotas.com.br\/semreserva\/que-historia-conta-o-seu-hotel\/16-12-2016\/","name":"Que hist\u00f3ria conta o seu hotel? -","isPartOf":{"@id":"http:\/\/blog.panrotas.com.br\/semreserva\/#website"},"primaryImageOfPage":{"@id":"https:\/\/blog.panrotas.com.br\/semreserva\/que-historia-conta-o-seu-hotel\/16-12-2016\/#primaryimage"},"datePublished":"2016-12-16T14:37:47+00:00","dateModified":"2016-12-16T14:37:47+00:00","description":"Que hist\u00f3ria conta o seu hotel?. Confira essa Mat\u00e9ria no Canal Sem reserva. \u27a4 Projeto em parceria com a PANROTAS.","breadcrumb":{"@id":"https:\/\/blog.panrotas.com.br\/semreserva\/que-historia-conta-o-seu-hotel\/16-12-2016\/#breadcrumb"},"inLanguage":"pt-BR","potentialAction":[{"@type":"ReadAction","target":["https:\/\/blog.panrotas.com.br\/semreserva\/que-historia-conta-o-seu-hotel\/16-12-2016\/"]}]},{"@type":"BreadcrumbList","@id":"https:\/\/blog.panrotas.com.br\/semreserva\/que-historia-conta-o-seu-hotel\/16-12-2016\/#breadcrumb","itemListElement":[{"@type":"ListItem","position":1,"name":"Home do Blog","item":"http:\/\/blog.panrotas.com.br\/semreserva\/"},{"@type":"ListItem","position":2,"name":"Dia a dia","item":"https:\/\/blog.panrotas.com.br\/semreserva\/category\/dia-a-dia\/"},{"@type":"ListItem","position":3,"name":"Que hist\u00f3ria conta o seu hotel?"}]},{"@type":"Article","@id":"https:\/\/blog.panrotas.com.br\/semreserva\/que-historia-conta-o-seu-hotel\/16-12-2016\/#article","isPartOf":{"@id":"https:\/\/blog.panrotas.com.br\/semreserva\/que-historia-conta-o-seu-hotel\/16-12-2016\/#webpage"},"author":{"@id":"http:\/\/blog.panrotas.com.br\/semreserva\/#\/schema\/person\/c93b4555f6a497d2d83c25dcb80f61ed"},"headline":"Que hist\u00f3ria conta o seu hotel?","datePublished":"2016-12-16T14:37:47+00:00","dateModified":"2016-12-16T14:37:47+00:00","mainEntityOfPage":{"@id":"https:\/\/blog.panrotas.com.br\/semreserva\/que-historia-conta-o-seu-hotel\/16-12-2016\/#webpage"},"wordCount":716,"commentCount":0,"publisher":{"@id":"http:\/\/blog.panrotas.com.br\/semreserva\/#organization"},"image":{"@id":"https:\/\/blog.panrotas.com.br\/semreserva\/que-historia-conta-o-seu-hotel\/16-12-2016\/#primaryimage"},"thumbnailUrl":"https:\/\/blog.panrotas.com.br\/semreserva\/wp-content\/uploads\/sites\/5\/2016\/12\/Yoo2_corredor-azul_cr\u00e9dito-MCA-Est\u00fadio-scaled.jpg","keywords":["hot\u00e9is botafogo","hot\u00e9is rio","yoo2"],"articleSection":["Dia a dia"],"inLanguage":"pt-BR","potentialAction":[{"@type":"CommentAction","name":"Comment","target":["https:\/\/blog.panrotas.com.br\/semreserva\/que-historia-conta-o-seu-hotel\/16-12-2016\/#respond"]}]},{"@type":"Person","@id":"http:\/\/blog.panrotas.com.br\/semreserva\/#\/schema\/person\/c93b4555f6a497d2d83c25dcb80f61ed","name":"Artur Andrade","image":{"@type":"ImageObject","@id":"http:\/\/blog.panrotas.com.br\/semreserva\/#personlogo","inLanguage":"pt-BR","url":"https:\/\/secure.gravatar.com\/avatar\/a94564d630220cefd5c82f3452ac1ef4?s=96&d=mm&r=g","contentUrl":"https:\/\/secure.gravatar.com\/avatar\/a94564d630220cefd5c82f3452ac1ef4?s=96&d=mm&r=g","caption":"Artur Andrade"},"description":"Artur Luiz Andrade \u00e9 carioca, taurino, jornalista e nasceu em 1969. \u00c9 editor-chefe da PANROTAS Editora e mora em S\u00e3o Paulo desde 1998","sameAs":["http:\/\/www.panrotas.com.br"]}]}},"jetpack_featured_media_url":"https:\/\/blog.panrotas.com.br\/semreserva\/wp-content\/uploads\/sites\/5\/2016\/12\/Yoo2_corredor-azul_cr\u00e9dito-MCA-Est\u00fadio-scaled.jpg","jetpack_shortlink":"https:\/\/wp.me\/p7idIU-1dr","_links":{"self":[{"href":"https:\/\/blog.panrotas.com.br\/semreserva\/wp-json\/wp\/v2\/posts\/4677"}],"collection":[{"href":"https:\/\/blog.panrotas.com.br\/semreserva\/wp-json\/wp\/v2\/posts"}],"about":[{"href":"https:\/\/blog.panrotas.com.br\/semreserva\/wp-json\/wp\/v2\/types\/post"}],"author":[{"embeddable":true,"href":"https:\/\/blog.panrotas.com.br\/semreserva\/wp-json\/wp\/v2\/users\/7"}],"replies":[{"embeddable":true,"href":"https:\/\/blog.panrotas.com.br\/semreserva\/wp-json\/wp\/v2\/comments?post=4677"}],"version-history":[{"count":0,"href":"https:\/\/blog.panrotas.com.br\/semreserva\/wp-json\/wp\/v2\/posts\/4677\/revisions"}],"wp:featuredmedia":[{"embeddable":true,"href":"https:\/\/blog.panrotas.com.br\/semreserva\/wp-json\/wp\/v2\/media\/4680"}],"wp:attachment":[{"href":"https:\/\/blog.panrotas.com.br\/semreserva\/wp-json\/wp\/v2\/media?parent=4677"}],"wp:term":[{"taxonomy":"category","embeddable":true,"href":"https:\/\/blog.panrotas.com.br\/semreserva\/wp-json\/wp\/v2\/categories?post=4677"},{"taxonomy":"post_tag","embeddable":true,"href":"https:\/\/blog.panrotas.com.br\/semreserva\/wp-json\/wp\/v2\/tags?post=4677"}],"curies":[{"name":"wp","href":"https:\/\/api.w.org\/{rel}","templated":true}]}}