{"id":4688,"date":"2016-12-28T14:02:36","date_gmt":"2016-12-28T16:02:36","guid":{"rendered":"http:\/\/blog.panrotas.com.br\/semreserva\/?p=4688"},"modified":"2016-12-28T14:02:36","modified_gmt":"2016-12-28T16:02:36","slug":"industria-dividida","status":"publish","type":"post","link":"https:\/\/blog.panrotas.com.br\/semreserva\/industria-dividida\/28-12-2016\/","title":{"rendered":"IND\u00daSTRIA DIVIDIDA"},"content":{"rendered":"<p>Analisando nossa Retrospectiva 2016 e olhando as notas mais lidas do Portal PANROTAS, tive a forte impress\u00e3o de uma ind\u00fastria fragmentada, dividida, confusa, com cada um remando para um lado e com o consumidor perdido entre tantas escolhas, falsas impress\u00f5es, verdades escondidas e engana\u00e7\u00f5es puras.<\/p>\n<p>&nbsp;<\/p>\n<p>Vejo tamb\u00e9m associa\u00e7\u00f5es fragilizadas, escondendo brigas internas (algumas bem tolas, outras muito s\u00e9rias), for\u00e7ando n\u00fameros, n\u00e3o sabendo usar estat\u00edsticas com intelig\u00eancia de mercado e adiando decis\u00f5es importantes. Mais que tudo: sem posicionamento. Entidades que vivem para seus eventos e n\u00e3o seus associados.<\/p>\n<p>&nbsp;<\/p>\n<p>Um assunto batido, mas que, diante do atual est\u00e1gio da ind\u00fastria, com canais se multiplicando (e em alguns casos afunilando), novos players desafiando os antigos e alguns antigos se consolidando e fortalecendo, e ainda questionamentos de clientes, distribuidores e at\u00e9 fornecedores, al\u00e9m tecnologias cada vez mais libertadoras (para todos os lados) e eventos sem o sentido de antes&#8230; n\u00e3o seria essa a hora de unir for\u00e7as em vez de dividir? De ter uma associa\u00e7\u00e3o brasileira de Turismo que cuide de alguns assuntos mais estrat\u00e9gicos e gerais a todos?<\/p>\n<p>&nbsp;<\/p>\n<p>Quer continuar fazendo sua feira ca\u00e7a-n\u00edqueis? OK, mas deixa a nova associa\u00e7\u00e3o ser a interlocutora com autoridades, fazer lobby, defender a legisla\u00e7\u00e3o adequada, falar com o consumidor sobre o que \u00e9 essa ind\u00fastria, uma ind\u00fastria que inclui todos os players, das OTAs aos hot\u00e9is, das empresas de tecnologia ao Google, da Airbnb ao Uber, do receptivo \u00e0s operadoras emissivas, dos blogs \u00e0s ag\u00eancias, da imprensa aos demais.<\/p>\n<p>&nbsp;<\/p>\n<p>Para mim o grande exemplo \u00e9 a US Travel Association&#8230; A Asta n\u00e3o deixou de existir (pelo contr\u00e1rio, focou em capacita\u00e7\u00e3o, em fortalecer os agentes), nem a Clia, nem a Ustoa, em a GBTA, nem outras entidades setoriais&#8230; Mas quem fala com o Congresso americano, quem fala com os compradores de EUA em todo o mundo de forma \u00fanica e profissional, quem faz campanha para o americano tirar f\u00e9rias, quem est\u00e1 na m\u00eddia falando da import\u00e2ncia da ind\u00fastria de Viagens e Turismo \u00e9 a US Travel. Uma entidade que re\u00fane da Disney \u00e0 Marriott, dos hot\u00e9is independentes de S\u00e3o Francisco (para citar algo aleatoriamente) \u00e0s vin\u00edcolas de Crusa. E quem conseguir sustentar seu evento pr\u00f3prio, por favor, continue firme, mas com uma proposta diferenciada. \u00c9 assim que o IPW e a GBTA s\u00e3o eventos bem diferentes. Ou o evento da Clia. Ou a Conven\u00e7\u00e3o do Virtuoso, ou ainda os eventos do segmento de Mice.<\/p>\n<p>&nbsp;<\/p>\n<p>No Brasil, \u00e9 todo mundo fazendo a mesma coisa. E sem prestar contas a ningu\u00e9m. Reuni\u00f5es de portas fechadas. Presidentes mal humorados se contrariados ou questionados.<\/p>\n<p>&nbsp;<\/p>\n<p>Isso est\u00e1 acabando. Isso vai acabar.<\/p>\n<p>&nbsp;<\/p>\n<p>Quem est\u00e1 um passo \u00e0 frente? Em 2017, j\u00e1 teremos ideia do que vir\u00e1 por a\u00ed.<\/p>\n","protected":false},"excerpt":{"rendered":"<p>Analisando nossa Retrospectiva 2016 e olhando as notas mais lidas do Portal PANROTAS, tive a forte impress\u00e3o de uma ind\u00fastria fragmentada, dividida, confusa, com cada um remando para um lado e com o consumidor perdido entre tantas escolhas, falsas impress\u00f5es, verdades escondidas e engana\u00e7\u00f5es puras. &nbsp; Vejo tamb\u00e9m associa\u00e7\u00f5es fragilizadas, escondendo brigas internas (algumas bem [&hellip;]<\/p>\n","protected":false},"author":7,"featured_media":4689,"comment_status":"open","ping_status":"open","sticky":false,"template":"","format":"standard","meta":{"spay_email":""},"categories":[2],"tags":[],"yoast_head":"<!-- This site is optimized with the Yoast SEO plugin v17.3 - https:\/\/yoast.com\/wordpress\/plugins\/seo\/ -->\n<title>IND\u00daSTRIA DIVIDIDA -<\/title>\n<meta name=\"description\" content=\"IND\u00daSTRIA DIVIDIDA. Confira essa Mat\u00e9ria no Canal Sem reserva. \u27a4 Projeto em parceria com a PANROTAS.\" \/>\n<meta name=\"robots\" content=\"index, follow, max-snippet:-1, max-image-preview:large, max-video-preview:-1\" \/>\n<link rel=\"canonical\" href=\"https:\/\/blog.panrotas.com.br\/semreserva\/industria-dividida\/28-12-2016\/\" \/>\n<meta property=\"og:locale\" content=\"pt_BR\" \/>\n<meta property=\"og:type\" content=\"article\" \/>\n<meta property=\"og:title\" content=\"IND\u00daSTRIA DIVIDIDA -\" \/>\n<meta property=\"og:description\" content=\"IND\u00daSTRIA DIVIDIDA. Confira essa Mat\u00e9ria no Canal Sem reserva. \u27a4 Projeto em parceria com a PANROTAS.\" \/>\n<meta property=\"og:url\" content=\"https:\/\/blog.panrotas.com.br\/semreserva\/industria-dividida\/28-12-2016\/\" \/>\n<meta property=\"og:site_name\" content=\"Sem reserva\" \/>\n<meta property=\"article:publisher\" content=\"https:\/\/www.facebook.com\/portalpanrotas\/\" \/>\n<meta property=\"article:published_time\" content=\"2016-12-28T16:02:36+00:00\" \/>\n<meta property=\"og:image\" content=\"https:\/\/blog.panrotas.com.br\/semreserva\/wp-content\/uploads\/sites\/5\/2016\/12\/dreamstimefreea_2487611.jpg\" \/>\n\t<meta property=\"og:image:width\" content=\"500\" \/>\n\t<meta property=\"og:image:height\" content=\"500\" \/>\n<meta name=\"twitter:card\" content=\"summary_large_image\" \/>\n<meta name=\"twitter:creator\" content=\"@portalpanrotas\" \/>\n<meta name=\"twitter:site\" content=\"@portalpanrotas\" \/>\n<meta name=\"twitter:label1\" content=\"Escrito por\" \/>\n\t<meta name=\"twitter:data1\" content=\"Artur Andrade\" \/>\n\t<meta name=\"twitter:label2\" content=\"Est. tempo de leitura\" \/>\n\t<meta name=\"twitter:data2\" content=\"2 minutos\" \/>\n<script type=\"application\/ld+json\" class=\"yoast-schema-graph\">{\"@context\":\"https:\/\/schema.org\",\"@graph\":[{\"@type\":\"Organization\",\"@id\":\"http:\/\/blog.panrotas.com.br\/semreserva\/#organization\",\"name\":\"Sem Reserva - Blog no Portal PANROTAS\",\"url\":\"http:\/\/blog.panrotas.com.br\/semreserva\/\",\"sameAs\":[\"https:\/\/www.facebook.com\/portalpanrotas\/\",\"https:\/\/www.instagram.com\/portalpanrotas\/\",\"https:\/\/br.linkedin.com\/company\/panrotas\",\"https:\/\/www.youtube.com\/tvpanrotas\",\"https:\/\/twitter.com\/portalpanrotas\"],\"logo\":{\"@type\":\"ImageObject\",\"@id\":\"http:\/\/blog.panrotas.com.br\/semreserva\/#logo\",\"inLanguage\":\"pt-BR\",\"url\":\"https:\/\/blog.panrotas.com.br\/semreserva\/wp-content\/uploads\/sites\/5\/2020\/06\/logo.png\",\"contentUrl\":\"https:\/\/blog.panrotas.com.br\/semreserva\/wp-content\/uploads\/sites\/5\/2020\/06\/logo.png\",\"width\":259,\"height\":53,\"caption\":\"Sem Reserva - Blog no Portal PANROTAS\"},\"image\":{\"@id\":\"http:\/\/blog.panrotas.com.br\/semreserva\/#logo\"}},{\"@type\":\"WebSite\",\"@id\":\"http:\/\/blog.panrotas.com.br\/semreserva\/#website\",\"url\":\"http:\/\/blog.panrotas.com.br\/semreserva\/\",\"name\":\"Sem reserva\",\"description\":\"Blogosfera PANROTAS\",\"publisher\":{\"@id\":\"http:\/\/blog.panrotas.com.br\/semreserva\/#organization\"},\"potentialAction\":[{\"@type\":\"SearchAction\",\"target\":{\"@type\":\"EntryPoint\",\"urlTemplate\":\"http:\/\/blog.panrotas.com.br\/semreserva\/?s={search_term_string}\"},\"query-input\":\"required name=search_term_string\"}],\"inLanguage\":\"pt-BR\"},{\"@type\":\"ImageObject\",\"@id\":\"https:\/\/blog.panrotas.com.br\/semreserva\/industria-dividida\/28-12-2016\/#primaryimage\",\"inLanguage\":\"pt-BR\",\"url\":\"https:\/\/blog.panrotas.com.br\/semreserva\/wp-content\/uploads\/sites\/5\/2016\/12\/dreamstimefreea_2487611.jpg\",\"contentUrl\":\"https:\/\/blog.panrotas.com.br\/semreserva\/wp-content\/uploads\/sites\/5\/2016\/12\/dreamstimefreea_2487611.jpg\",\"width\":500,\"height\":500},{\"@type\":\"WebPage\",\"@id\":\"https:\/\/blog.panrotas.com.br\/semreserva\/industria-dividida\/28-12-2016\/#webpage\",\"url\":\"https:\/\/blog.panrotas.com.br\/semreserva\/industria-dividida\/28-12-2016\/\",\"name\":\"IND\\u00daSTRIA DIVIDIDA -\",\"isPartOf\":{\"@id\":\"http:\/\/blog.panrotas.com.br\/semreserva\/#website\"},\"primaryImageOfPage\":{\"@id\":\"https:\/\/blog.panrotas.com.br\/semreserva\/industria-dividida\/28-12-2016\/#primaryimage\"},\"datePublished\":\"2016-12-28T16:02:36+00:00\",\"dateModified\":\"2016-12-28T16:02:36+00:00\",\"description\":\"IND\\u00daSTRIA DIVIDIDA. Confira essa Mat\\u00e9ria no Canal Sem reserva. \\u27a4 Projeto em parceria com a PANROTAS.\",\"breadcrumb\":{\"@id\":\"https:\/\/blog.panrotas.com.br\/semreserva\/industria-dividida\/28-12-2016\/#breadcrumb\"},\"inLanguage\":\"pt-BR\",\"potentialAction\":[{\"@type\":\"ReadAction\",\"target\":[\"https:\/\/blog.panrotas.com.br\/semreserva\/industria-dividida\/28-12-2016\/\"]}]},{\"@type\":\"BreadcrumbList\",\"@id\":\"https:\/\/blog.panrotas.com.br\/semreserva\/industria-dividida\/28-12-2016\/#breadcrumb\",\"itemListElement\":[{\"@type\":\"ListItem\",\"position\":1,\"name\":\"Home do Blog\",\"item\":\"http:\/\/blog.panrotas.com.br\/semreserva\/\"},{\"@type\":\"ListItem\",\"position\":2,\"name\":\"Dia a dia\",\"item\":\"https:\/\/blog.panrotas.com.br\/semreserva\/category\/dia-a-dia\/\"},{\"@type\":\"ListItem\",\"position\":3,\"name\":\"IND\\u00daSTRIA DIVIDIDA\"}]},{\"@type\":\"Article\",\"@id\":\"https:\/\/blog.panrotas.com.br\/semreserva\/industria-dividida\/28-12-2016\/#article\",\"isPartOf\":{\"@id\":\"https:\/\/blog.panrotas.com.br\/semreserva\/industria-dividida\/28-12-2016\/#webpage\"},\"author\":{\"@id\":\"http:\/\/blog.panrotas.com.br\/semreserva\/#\/schema\/person\/c93b4555f6a497d2d83c25dcb80f61ed\"},\"headline\":\"IND\\u00daSTRIA DIVIDIDA\",\"datePublished\":\"2016-12-28T16:02:36+00:00\",\"dateModified\":\"2016-12-28T16:02:36+00:00\",\"mainEntityOfPage\":{\"@id\":\"https:\/\/blog.panrotas.com.br\/semreserva\/industria-dividida\/28-12-2016\/#webpage\"},\"wordCount\":490,\"commentCount\":0,\"publisher\":{\"@id\":\"http:\/\/blog.panrotas.com.br\/semreserva\/#organization\"},\"image\":{\"@id\":\"https:\/\/blog.panrotas.com.br\/semreserva\/industria-dividida\/28-12-2016\/#primaryimage\"},\"thumbnailUrl\":\"https:\/\/blog.panrotas.com.br\/semreserva\/wp-content\/uploads\/sites\/5\/2016\/12\/dreamstimefreea_2487611.jpg\",\"articleSection\":[\"Dia a dia\"],\"inLanguage\":\"pt-BR\",\"potentialAction\":[{\"@type\":\"CommentAction\",\"name\":\"Comment\",\"target\":[\"https:\/\/blog.panrotas.com.br\/semreserva\/industria-dividida\/28-12-2016\/#respond\"]}]},{\"@type\":\"Person\",\"@id\":\"http:\/\/blog.panrotas.com.br\/semreserva\/#\/schema\/person\/c93b4555f6a497d2d83c25dcb80f61ed\",\"name\":\"Artur Andrade\",\"image\":{\"@type\":\"ImageObject\",\"@id\":\"http:\/\/blog.panrotas.com.br\/semreserva\/#personlogo\",\"inLanguage\":\"pt-BR\",\"url\":\"https:\/\/secure.gravatar.com\/avatar\/a94564d630220cefd5c82f3452ac1ef4?s=96&d=mm&r=g\",\"contentUrl\":\"https:\/\/secure.gravatar.com\/avatar\/a94564d630220cefd5c82f3452ac1ef4?s=96&d=mm&r=g\",\"caption\":\"Artur Andrade\"},\"description\":\"Artur Luiz Andrade \\u00e9 carioca, taurino, jornalista e nasceu em 1969. \\u00c9 editor-chefe da PANROTAS Editora e mora em S\\u00e3o Paulo desde 1998\",\"sameAs\":[\"http:\/\/www.panrotas.com.br\"]}]}<\/script>\n<!-- \/ Yoast SEO plugin. -->","yoast_head_json":{"title":"IND\u00daSTRIA DIVIDIDA -","description":"IND\u00daSTRIA DIVIDIDA. Confira essa Mat\u00e9ria no Canal Sem reserva. \u27a4 Projeto em parceria com a PANROTAS.","robots":{"index":"index","follow":"follow","max-snippet":"max-snippet:-1","max-image-preview":"max-image-preview:large","max-video-preview":"max-video-preview:-1"},"canonical":"https:\/\/blog.panrotas.com.br\/semreserva\/industria-dividida\/28-12-2016\/","og_locale":"pt_BR","og_type":"article","og_title":"IND\u00daSTRIA DIVIDIDA -","og_description":"IND\u00daSTRIA DIVIDIDA. Confira essa Mat\u00e9ria no Canal Sem reserva. \u27a4 Projeto em parceria com a PANROTAS.","og_url":"https:\/\/blog.panrotas.com.br\/semreserva\/industria-dividida\/28-12-2016\/","og_site_name":"Sem reserva","article_publisher":"https:\/\/www.facebook.com\/portalpanrotas\/","article_published_time":"2016-12-28T16:02:36+00:00","og_image":[{"width":500,"height":500,"url":"https:\/\/blog.panrotas.com.br\/semreserva\/wp-content\/uploads\/sites\/5\/2016\/12\/dreamstimefreea_2487611.jpg","type":"image\/jpeg"}],"twitter_card":"summary_large_image","twitter_creator":"@portalpanrotas","twitter_site":"@portalpanrotas","twitter_misc":{"Escrito por":"Artur Andrade","Est. tempo de leitura":"2 minutos"},"schema":{"@context":"https:\/\/schema.org","@graph":[{"@type":"Organization","@id":"http:\/\/blog.panrotas.com.br\/semreserva\/#organization","name":"Sem Reserva - Blog no Portal PANROTAS","url":"http:\/\/blog.panrotas.com.br\/semreserva\/","sameAs":["https:\/\/www.facebook.com\/portalpanrotas\/","https:\/\/www.instagram.com\/portalpanrotas\/","https:\/\/br.linkedin.com\/company\/panrotas","https:\/\/www.youtube.com\/tvpanrotas","https:\/\/twitter.com\/portalpanrotas"],"logo":{"@type":"ImageObject","@id":"http:\/\/blog.panrotas.com.br\/semreserva\/#logo","inLanguage":"pt-BR","url":"https:\/\/blog.panrotas.com.br\/semreserva\/wp-content\/uploads\/sites\/5\/2020\/06\/logo.png","contentUrl":"https:\/\/blog.panrotas.com.br\/semreserva\/wp-content\/uploads\/sites\/5\/2020\/06\/logo.png","width":259,"height":53,"caption":"Sem Reserva - Blog no Portal PANROTAS"},"image":{"@id":"http:\/\/blog.panrotas.com.br\/semreserva\/#logo"}},{"@type":"WebSite","@id":"http:\/\/blog.panrotas.com.br\/semreserva\/#website","url":"http:\/\/blog.panrotas.com.br\/semreserva\/","name":"Sem reserva","description":"Blogosfera PANROTAS","publisher":{"@id":"http:\/\/blog.panrotas.com.br\/semreserva\/#organization"},"potentialAction":[{"@type":"SearchAction","target":{"@type":"EntryPoint","urlTemplate":"http:\/\/blog.panrotas.com.br\/semreserva\/?s={search_term_string}"},"query-input":"required name=search_term_string"}],"inLanguage":"pt-BR"},{"@type":"ImageObject","@id":"https:\/\/blog.panrotas.com.br\/semreserva\/industria-dividida\/28-12-2016\/#primaryimage","inLanguage":"pt-BR","url":"https:\/\/blog.panrotas.com.br\/semreserva\/wp-content\/uploads\/sites\/5\/2016\/12\/dreamstimefreea_2487611.jpg","contentUrl":"https:\/\/blog.panrotas.com.br\/semreserva\/wp-content\/uploads\/sites\/5\/2016\/12\/dreamstimefreea_2487611.jpg","width":500,"height":500},{"@type":"WebPage","@id":"https:\/\/blog.panrotas.com.br\/semreserva\/industria-dividida\/28-12-2016\/#webpage","url":"https:\/\/blog.panrotas.com.br\/semreserva\/industria-dividida\/28-12-2016\/","name":"IND\u00daSTRIA DIVIDIDA -","isPartOf":{"@id":"http:\/\/blog.panrotas.com.br\/semreserva\/#website"},"primaryImageOfPage":{"@id":"https:\/\/blog.panrotas.com.br\/semreserva\/industria-dividida\/28-12-2016\/#primaryimage"},"datePublished":"2016-12-28T16:02:36+00:00","dateModified":"2016-12-28T16:02:36+00:00","description":"IND\u00daSTRIA DIVIDIDA. Confira essa Mat\u00e9ria no Canal Sem reserva. \u27a4 Projeto em parceria com a PANROTAS.","breadcrumb":{"@id":"https:\/\/blog.panrotas.com.br\/semreserva\/industria-dividida\/28-12-2016\/#breadcrumb"},"inLanguage":"pt-BR","potentialAction":[{"@type":"ReadAction","target":["https:\/\/blog.panrotas.com.br\/semreserva\/industria-dividida\/28-12-2016\/"]}]},{"@type":"BreadcrumbList","@id":"https:\/\/blog.panrotas.com.br\/semreserva\/industria-dividida\/28-12-2016\/#breadcrumb","itemListElement":[{"@type":"ListItem","position":1,"name":"Home do Blog","item":"http:\/\/blog.panrotas.com.br\/semreserva\/"},{"@type":"ListItem","position":2,"name":"Dia a dia","item":"https:\/\/blog.panrotas.com.br\/semreserva\/category\/dia-a-dia\/"},{"@type":"ListItem","position":3,"name":"IND\u00daSTRIA DIVIDIDA"}]},{"@type":"Article","@id":"https:\/\/blog.panrotas.com.br\/semreserva\/industria-dividida\/28-12-2016\/#article","isPartOf":{"@id":"https:\/\/blog.panrotas.com.br\/semreserva\/industria-dividida\/28-12-2016\/#webpage"},"author":{"@id":"http:\/\/blog.panrotas.com.br\/semreserva\/#\/schema\/person\/c93b4555f6a497d2d83c25dcb80f61ed"},"headline":"IND\u00daSTRIA DIVIDIDA","datePublished":"2016-12-28T16:02:36+00:00","dateModified":"2016-12-28T16:02:36+00:00","mainEntityOfPage":{"@id":"https:\/\/blog.panrotas.com.br\/semreserva\/industria-dividida\/28-12-2016\/#webpage"},"wordCount":490,"commentCount":0,"publisher":{"@id":"http:\/\/blog.panrotas.com.br\/semreserva\/#organization"},"image":{"@id":"https:\/\/blog.panrotas.com.br\/semreserva\/industria-dividida\/28-12-2016\/#primaryimage"},"thumbnailUrl":"https:\/\/blog.panrotas.com.br\/semreserva\/wp-content\/uploads\/sites\/5\/2016\/12\/dreamstimefreea_2487611.jpg","articleSection":["Dia a dia"],"inLanguage":"pt-BR","potentialAction":[{"@type":"CommentAction","name":"Comment","target":["https:\/\/blog.panrotas.com.br\/semreserva\/industria-dividida\/28-12-2016\/#respond"]}]},{"@type":"Person","@id":"http:\/\/blog.panrotas.com.br\/semreserva\/#\/schema\/person\/c93b4555f6a497d2d83c25dcb80f61ed","name":"Artur Andrade","image":{"@type":"ImageObject","@id":"http:\/\/blog.panrotas.com.br\/semreserva\/#personlogo","inLanguage":"pt-BR","url":"https:\/\/secure.gravatar.com\/avatar\/a94564d630220cefd5c82f3452ac1ef4?s=96&d=mm&r=g","contentUrl":"https:\/\/secure.gravatar.com\/avatar\/a94564d630220cefd5c82f3452ac1ef4?s=96&d=mm&r=g","caption":"Artur Andrade"},"description":"Artur Luiz Andrade \u00e9 carioca, taurino, jornalista e nasceu em 1969. \u00c9 editor-chefe da PANROTAS Editora e mora em S\u00e3o Paulo desde 1998","sameAs":["http:\/\/www.panrotas.com.br"]}]}},"jetpack_featured_media_url":"https:\/\/blog.panrotas.com.br\/semreserva\/wp-content\/uploads\/sites\/5\/2016\/12\/dreamstimefreea_2487611.jpg","jetpack_shortlink":"https:\/\/wp.me\/p7idIU-1dC","_links":{"self":[{"href":"https:\/\/blog.panrotas.com.br\/semreserva\/wp-json\/wp\/v2\/posts\/4688"}],"collection":[{"href":"https:\/\/blog.panrotas.com.br\/semreserva\/wp-json\/wp\/v2\/posts"}],"about":[{"href":"https:\/\/blog.panrotas.com.br\/semreserva\/wp-json\/wp\/v2\/types\/post"}],"author":[{"embeddable":true,"href":"https:\/\/blog.panrotas.com.br\/semreserva\/wp-json\/wp\/v2\/users\/7"}],"replies":[{"embeddable":true,"href":"https:\/\/blog.panrotas.com.br\/semreserva\/wp-json\/wp\/v2\/comments?post=4688"}],"version-history":[{"count":0,"href":"https:\/\/blog.panrotas.com.br\/semreserva\/wp-json\/wp\/v2\/posts\/4688\/revisions"}],"wp:featuredmedia":[{"embeddable":true,"href":"https:\/\/blog.panrotas.com.br\/semreserva\/wp-json\/wp\/v2\/media\/4689"}],"wp:attachment":[{"href":"https:\/\/blog.panrotas.com.br\/semreserva\/wp-json\/wp\/v2\/media?parent=4688"}],"wp:term":[{"taxonomy":"category","embeddable":true,"href":"https:\/\/blog.panrotas.com.br\/semreserva\/wp-json\/wp\/v2\/categories?post=4688"},{"taxonomy":"post_tag","embeddable":true,"href":"https:\/\/blog.panrotas.com.br\/semreserva\/wp-json\/wp\/v2\/tags?post=4688"}],"curies":[{"name":"wp","href":"https:\/\/api.w.org\/{rel}","templated":true}]}}