{"id":4691,"date":"2016-12-28T14:05:25","date_gmt":"2016-12-28T16:05:25","guid":{"rendered":"http:\/\/blog.panrotas.com.br\/semreserva\/?p=4691"},"modified":"2016-12-28T14:05:25","modified_gmt":"2016-12-28T16:05:25","slug":"assassinato-no-metro-em-sp","status":"publish","type":"post","link":"https:\/\/blog.panrotas.com.br\/semreserva\/assassinato-no-metro-em-sp\/28-12-2016\/","title":{"rendered":"ASSASSINATO NO METR\u00d4 EM SP"},"content":{"rendered":"<p>Eu uso bastante o metr\u00f4 da capital paulista, especialmente a linha que passa pelo meu bairro, Vila Mariana.<\/p>\n<p>&nbsp;<\/p>\n<p>Tinha a impress\u00e3o de ser um dos locais mais seguros da cidade, apesar de algumas sa\u00eddas meio desertas e mal projetadas.<\/p>\n<p>&nbsp;<\/p>\n<p>Na catraca (ou roleta, como falamos no Rio), sempre h\u00e1 um ou dois funcion\u00e1rios (e at\u00e9 tr\u00eas quando est\u00e1 l\u00e1 o menor aprendiz do dia) grudados na mureta, s\u00f3 para olhar se algu\u00e9m n\u00e3o vai pular sem pagar. As velhinhas que t\u00eam direito a isen\u00e7\u00e3o ficam \u00e0s vezes minutos de m\u00e3o levantada pedindo ajuda&#8230; at\u00e9 que um funcion\u00e1rio mal humorado e sem disposi\u00e7\u00e3o anda at\u00e9 elas e as liberam. Mas falta de funcion\u00e1rio n\u00e3o \u00e9 um problema do metr\u00f4.<\/p>\n<p>&nbsp;<\/p>\n<p>Tamb\u00e9m sempre vejo seguran\u00e7as, que s\u00f3 andam em duplas. Nunca est\u00e3o sozinhos.<\/p>\n<p>&nbsp;<\/p>\n<p>Agora um cidad\u00e3o \u00e9 espancado em uma esta\u00e7\u00e3o, morre em seguida e o socorro s\u00f3 chega uma hora depois? E havia rod\u00edzio de seguran\u00e7a? Cad\u00ea os funcion\u00e1rios fiscais de catraca que se virem algu\u00e9m pulando a roleta capaz de atirarem o que tiverem na m\u00e3o contra ele?<\/p>\n<p>&nbsp;<\/p>\n<p>Cad\u00ea os funcion\u00e1rios p\u00fablico do metr\u00f4 paulistano, que fazem campanha contra o ass\u00e9dio \u00e0s mulheres? Coitadas delas se forem esperar ajuda de algu\u00e9m&#8230;<\/p>\n<p>&nbsp;<\/p>\n<p>Lament\u00e1vel. Uma vergonha. E que a fam\u00edlia da v\u00edtima (morreu por que era pobre, invis\u00edvel? por que n\u00e3o estava pulando a catraca?) receba uma indeniza\u00e7\u00e3o milion\u00e1ria daquele que era um exemplo de transporte p\u00fablico&#8230; Mas pelo visto \u00e9 um belo cabide de emprego.<\/p>\n<p>&nbsp;<\/p>\n<p>(cr\u00e9dito foto: Ag\u00eancia Brasil)<\/p>\n","protected":false},"excerpt":{"rendered":"<p>Eu uso bastante o metr\u00f4 da capital paulista, especialmente a linha que passa pelo meu bairro, Vila Mariana. &nbsp; Tinha a impress\u00e3o de ser um dos locais mais seguros da cidade, apesar de algumas sa\u00eddas meio desertas e mal projetadas. &nbsp; Na catraca (ou roleta, como falamos no Rio), sempre h\u00e1 um ou dois funcion\u00e1rios [&hellip;]<\/p>\n","protected":false},"author":7,"featured_media":4692,"comment_status":"open","ping_status":"open","sticky":false,"template":"","format":"standard","meta":{"spay_email":""},"categories":[2],"tags":[],"yoast_head":"<!-- This site is optimized with the Yoast SEO plugin v17.3 - https:\/\/yoast.com\/wordpress\/plugins\/seo\/ -->\n<title>ASSASSINATO NO METR\u00d4 EM SP -<\/title>\n<meta name=\"description\" content=\"ASSASSINATO NO METR\u00d4 EM SP. Confira essa Mat\u00e9ria no Canal Sem reserva. \u27a4 Projeto em parceria com a PANROTAS.\" \/>\n<meta name=\"robots\" content=\"index, follow, max-snippet:-1, max-image-preview:large, max-video-preview:-1\" \/>\n<link rel=\"canonical\" href=\"https:\/\/blog.panrotas.com.br\/semreserva\/assassinato-no-metro-em-sp\/28-12-2016\/\" \/>\n<meta property=\"og:locale\" content=\"pt_BR\" \/>\n<meta property=\"og:type\" content=\"article\" \/>\n<meta property=\"og:title\" content=\"ASSASSINATO NO METR\u00d4 EM SP -\" \/>\n<meta property=\"og:description\" content=\"ASSASSINATO NO METR\u00d4 EM SP. Confira essa Mat\u00e9ria no Canal Sem reserva. \u27a4 Projeto em parceria com a PANROTAS.\" \/>\n<meta property=\"og:url\" content=\"https:\/\/blog.panrotas.com.br\/semreserva\/assassinato-no-metro-em-sp\/28-12-2016\/\" \/>\n<meta property=\"og:site_name\" content=\"Sem reserva\" \/>\n<meta property=\"article:publisher\" content=\"https:\/\/www.facebook.com\/portalpanrotas\/\" \/>\n<meta property=\"article:published_time\" content=\"2016-12-28T16:05:25+00:00\" \/>\n<meta property=\"og:image\" content=\"https:\/\/blog.panrotas.com.br\/semreserva\/wp-content\/uploads\/sites\/5\/2016\/12\/1059941-27122016-dsc_3082.jpg\" \/>\n\t<meta property=\"og:image:width\" content=\"580\" \/>\n\t<meta property=\"og:image:height\" content=\"388\" \/>\n<meta name=\"twitter:card\" content=\"summary_large_image\" \/>\n<meta name=\"twitter:creator\" content=\"@portalpanrotas\" \/>\n<meta name=\"twitter:site\" content=\"@portalpanrotas\" \/>\n<meta name=\"twitter:label1\" content=\"Escrito por\" \/>\n\t<meta name=\"twitter:data1\" content=\"Artur Andrade\" \/>\n\t<meta name=\"twitter:label2\" content=\"Est. tempo de leitura\" \/>\n\t<meta name=\"twitter:data2\" content=\"1 minuto\" \/>\n<script type=\"application\/ld+json\" class=\"yoast-schema-graph\">{\"@context\":\"https:\/\/schema.org\",\"@graph\":[{\"@type\":\"Organization\",\"@id\":\"http:\/\/blog.panrotas.com.br\/semreserva\/#organization\",\"name\":\"Sem Reserva - Blog no Portal PANROTAS\",\"url\":\"http:\/\/blog.panrotas.com.br\/semreserva\/\",\"sameAs\":[\"https:\/\/www.facebook.com\/portalpanrotas\/\",\"https:\/\/www.instagram.com\/portalpanrotas\/\",\"https:\/\/br.linkedin.com\/company\/panrotas\",\"https:\/\/www.youtube.com\/tvpanrotas\",\"https:\/\/twitter.com\/portalpanrotas\"],\"logo\":{\"@type\":\"ImageObject\",\"@id\":\"http:\/\/blog.panrotas.com.br\/semreserva\/#logo\",\"inLanguage\":\"pt-BR\",\"url\":\"https:\/\/blog.panrotas.com.br\/semreserva\/wp-content\/uploads\/sites\/5\/2020\/06\/logo.png\",\"contentUrl\":\"https:\/\/blog.panrotas.com.br\/semreserva\/wp-content\/uploads\/sites\/5\/2020\/06\/logo.png\",\"width\":259,\"height\":53,\"caption\":\"Sem Reserva - Blog no Portal PANROTAS\"},\"image\":{\"@id\":\"http:\/\/blog.panrotas.com.br\/semreserva\/#logo\"}},{\"@type\":\"WebSite\",\"@id\":\"http:\/\/blog.panrotas.com.br\/semreserva\/#website\",\"url\":\"http:\/\/blog.panrotas.com.br\/semreserva\/\",\"name\":\"Sem reserva\",\"description\":\"Blogosfera PANROTAS\",\"publisher\":{\"@id\":\"http:\/\/blog.panrotas.com.br\/semreserva\/#organization\"},\"potentialAction\":[{\"@type\":\"SearchAction\",\"target\":{\"@type\":\"EntryPoint\",\"urlTemplate\":\"http:\/\/blog.panrotas.com.br\/semreserva\/?s={search_term_string}\"},\"query-input\":\"required name=search_term_string\"}],\"inLanguage\":\"pt-BR\"},{\"@type\":\"ImageObject\",\"@id\":\"https:\/\/blog.panrotas.com.br\/semreserva\/assassinato-no-metro-em-sp\/28-12-2016\/#primaryimage\",\"inLanguage\":\"pt-BR\",\"url\":\"https:\/\/blog.panrotas.com.br\/semreserva\/wp-content\/uploads\/sites\/5\/2016\/12\/1059941-27122016-dsc_3082.jpg\",\"contentUrl\":\"https:\/\/blog.panrotas.com.br\/semreserva\/wp-content\/uploads\/sites\/5\/2016\/12\/1059941-27122016-dsc_3082.jpg\",\"width\":580,\"height\":388},{\"@type\":\"WebPage\",\"@id\":\"https:\/\/blog.panrotas.com.br\/semreserva\/assassinato-no-metro-em-sp\/28-12-2016\/#webpage\",\"url\":\"https:\/\/blog.panrotas.com.br\/semreserva\/assassinato-no-metro-em-sp\/28-12-2016\/\",\"name\":\"ASSASSINATO NO METR\\u00d4 EM SP -\",\"isPartOf\":{\"@id\":\"http:\/\/blog.panrotas.com.br\/semreserva\/#website\"},\"primaryImageOfPage\":{\"@id\":\"https:\/\/blog.panrotas.com.br\/semreserva\/assassinato-no-metro-em-sp\/28-12-2016\/#primaryimage\"},\"datePublished\":\"2016-12-28T16:05:25+00:00\",\"dateModified\":\"2016-12-28T16:05:25+00:00\",\"description\":\"ASSASSINATO NO METR\\u00d4 EM SP. Confira essa Mat\\u00e9ria no Canal Sem reserva. \\u27a4 Projeto em parceria com a PANROTAS.\",\"breadcrumb\":{\"@id\":\"https:\/\/blog.panrotas.com.br\/semreserva\/assassinato-no-metro-em-sp\/28-12-2016\/#breadcrumb\"},\"inLanguage\":\"pt-BR\",\"potentialAction\":[{\"@type\":\"ReadAction\",\"target\":[\"https:\/\/blog.panrotas.com.br\/semreserva\/assassinato-no-metro-em-sp\/28-12-2016\/\"]}]},{\"@type\":\"BreadcrumbList\",\"@id\":\"https:\/\/blog.panrotas.com.br\/semreserva\/assassinato-no-metro-em-sp\/28-12-2016\/#breadcrumb\",\"itemListElement\":[{\"@type\":\"ListItem\",\"position\":1,\"name\":\"Home do Blog\",\"item\":\"http:\/\/blog.panrotas.com.br\/semreserva\/\"},{\"@type\":\"ListItem\",\"position\":2,\"name\":\"Dia a dia\",\"item\":\"https:\/\/blog.panrotas.com.br\/semreserva\/category\/dia-a-dia\/\"},{\"@type\":\"ListItem\",\"position\":3,\"name\":\"ASSASSINATO NO METR\\u00d4 EM SP\"}]},{\"@type\":\"Article\",\"@id\":\"https:\/\/blog.panrotas.com.br\/semreserva\/assassinato-no-metro-em-sp\/28-12-2016\/#article\",\"isPartOf\":{\"@id\":\"https:\/\/blog.panrotas.com.br\/semreserva\/assassinato-no-metro-em-sp\/28-12-2016\/#webpage\"},\"author\":{\"@id\":\"http:\/\/blog.panrotas.com.br\/semreserva\/#\/schema\/person\/c93b4555f6a497d2d83c25dcb80f61ed\"},\"headline\":\"ASSASSINATO NO METR\\u00d4 EM SP\",\"datePublished\":\"2016-12-28T16:05:25+00:00\",\"dateModified\":\"2016-12-28T16:05:25+00:00\",\"mainEntityOfPage\":{\"@id\":\"https:\/\/blog.panrotas.com.br\/semreserva\/assassinato-no-metro-em-sp\/28-12-2016\/#webpage\"},\"wordCount\":293,\"commentCount\":0,\"publisher\":{\"@id\":\"http:\/\/blog.panrotas.com.br\/semreserva\/#organization\"},\"image\":{\"@id\":\"https:\/\/blog.panrotas.com.br\/semreserva\/assassinato-no-metro-em-sp\/28-12-2016\/#primaryimage\"},\"thumbnailUrl\":\"https:\/\/blog.panrotas.com.br\/semreserva\/wp-content\/uploads\/sites\/5\/2016\/12\/1059941-27122016-dsc_3082.jpg\",\"articleSection\":[\"Dia a dia\"],\"inLanguage\":\"pt-BR\",\"potentialAction\":[{\"@type\":\"CommentAction\",\"name\":\"Comment\",\"target\":[\"https:\/\/blog.panrotas.com.br\/semreserva\/assassinato-no-metro-em-sp\/28-12-2016\/#respond\"]}]},{\"@type\":\"Person\",\"@id\":\"http:\/\/blog.panrotas.com.br\/semreserva\/#\/schema\/person\/c93b4555f6a497d2d83c25dcb80f61ed\",\"name\":\"Artur Andrade\",\"image\":{\"@type\":\"ImageObject\",\"@id\":\"http:\/\/blog.panrotas.com.br\/semreserva\/#personlogo\",\"inLanguage\":\"pt-BR\",\"url\":\"https:\/\/secure.gravatar.com\/avatar\/a94564d630220cefd5c82f3452ac1ef4?s=96&d=mm&r=g\",\"contentUrl\":\"https:\/\/secure.gravatar.com\/avatar\/a94564d630220cefd5c82f3452ac1ef4?s=96&d=mm&r=g\",\"caption\":\"Artur Andrade\"},\"description\":\"Artur Luiz Andrade \\u00e9 carioca, taurino, jornalista e nasceu em 1969. \\u00c9 editor-chefe da PANROTAS Editora e mora em S\\u00e3o Paulo desde 1998\",\"sameAs\":[\"http:\/\/www.panrotas.com.br\"]}]}<\/script>\n<!-- \/ Yoast SEO plugin. -->","yoast_head_json":{"title":"ASSASSINATO NO METR\u00d4 EM SP -","description":"ASSASSINATO NO METR\u00d4 EM SP. Confira essa Mat\u00e9ria no Canal Sem reserva. \u27a4 Projeto em parceria com a PANROTAS.","robots":{"index":"index","follow":"follow","max-snippet":"max-snippet:-1","max-image-preview":"max-image-preview:large","max-video-preview":"max-video-preview:-1"},"canonical":"https:\/\/blog.panrotas.com.br\/semreserva\/assassinato-no-metro-em-sp\/28-12-2016\/","og_locale":"pt_BR","og_type":"article","og_title":"ASSASSINATO NO METR\u00d4 EM SP -","og_description":"ASSASSINATO NO METR\u00d4 EM SP. Confira essa Mat\u00e9ria no Canal Sem reserva. \u27a4 Projeto em parceria com a PANROTAS.","og_url":"https:\/\/blog.panrotas.com.br\/semreserva\/assassinato-no-metro-em-sp\/28-12-2016\/","og_site_name":"Sem reserva","article_publisher":"https:\/\/www.facebook.com\/portalpanrotas\/","article_published_time":"2016-12-28T16:05:25+00:00","og_image":[{"width":580,"height":388,"url":"https:\/\/blog.panrotas.com.br\/semreserva\/wp-content\/uploads\/sites\/5\/2016\/12\/1059941-27122016-dsc_3082.jpg","type":"image\/jpeg"}],"twitter_card":"summary_large_image","twitter_creator":"@portalpanrotas","twitter_site":"@portalpanrotas","twitter_misc":{"Escrito por":"Artur Andrade","Est. tempo de leitura":"1 minuto"},"schema":{"@context":"https:\/\/schema.org","@graph":[{"@type":"Organization","@id":"http:\/\/blog.panrotas.com.br\/semreserva\/#organization","name":"Sem Reserva - Blog no Portal PANROTAS","url":"http:\/\/blog.panrotas.com.br\/semreserva\/","sameAs":["https:\/\/www.facebook.com\/portalpanrotas\/","https:\/\/www.instagram.com\/portalpanrotas\/","https:\/\/br.linkedin.com\/company\/panrotas","https:\/\/www.youtube.com\/tvpanrotas","https:\/\/twitter.com\/portalpanrotas"],"logo":{"@type":"ImageObject","@id":"http:\/\/blog.panrotas.com.br\/semreserva\/#logo","inLanguage":"pt-BR","url":"https:\/\/blog.panrotas.com.br\/semreserva\/wp-content\/uploads\/sites\/5\/2020\/06\/logo.png","contentUrl":"https:\/\/blog.panrotas.com.br\/semreserva\/wp-content\/uploads\/sites\/5\/2020\/06\/logo.png","width":259,"height":53,"caption":"Sem Reserva - Blog no Portal PANROTAS"},"image":{"@id":"http:\/\/blog.panrotas.com.br\/semreserva\/#logo"}},{"@type":"WebSite","@id":"http:\/\/blog.panrotas.com.br\/semreserva\/#website","url":"http:\/\/blog.panrotas.com.br\/semreserva\/","name":"Sem reserva","description":"Blogosfera PANROTAS","publisher":{"@id":"http:\/\/blog.panrotas.com.br\/semreserva\/#organization"},"potentialAction":[{"@type":"SearchAction","target":{"@type":"EntryPoint","urlTemplate":"http:\/\/blog.panrotas.com.br\/semreserva\/?s={search_term_string}"},"query-input":"required name=search_term_string"}],"inLanguage":"pt-BR"},{"@type":"ImageObject","@id":"https:\/\/blog.panrotas.com.br\/semreserva\/assassinato-no-metro-em-sp\/28-12-2016\/#primaryimage","inLanguage":"pt-BR","url":"https:\/\/blog.panrotas.com.br\/semreserva\/wp-content\/uploads\/sites\/5\/2016\/12\/1059941-27122016-dsc_3082.jpg","contentUrl":"https:\/\/blog.panrotas.com.br\/semreserva\/wp-content\/uploads\/sites\/5\/2016\/12\/1059941-27122016-dsc_3082.jpg","width":580,"height":388},{"@type":"WebPage","@id":"https:\/\/blog.panrotas.com.br\/semreserva\/assassinato-no-metro-em-sp\/28-12-2016\/#webpage","url":"https:\/\/blog.panrotas.com.br\/semreserva\/assassinato-no-metro-em-sp\/28-12-2016\/","name":"ASSASSINATO NO METR\u00d4 EM SP -","isPartOf":{"@id":"http:\/\/blog.panrotas.com.br\/semreserva\/#website"},"primaryImageOfPage":{"@id":"https:\/\/blog.panrotas.com.br\/semreserva\/assassinato-no-metro-em-sp\/28-12-2016\/#primaryimage"},"datePublished":"2016-12-28T16:05:25+00:00","dateModified":"2016-12-28T16:05:25+00:00","description":"ASSASSINATO NO METR\u00d4 EM SP. Confira essa Mat\u00e9ria no Canal Sem reserva. \u27a4 Projeto em parceria com a PANROTAS.","breadcrumb":{"@id":"https:\/\/blog.panrotas.com.br\/semreserva\/assassinato-no-metro-em-sp\/28-12-2016\/#breadcrumb"},"inLanguage":"pt-BR","potentialAction":[{"@type":"ReadAction","target":["https:\/\/blog.panrotas.com.br\/semreserva\/assassinato-no-metro-em-sp\/28-12-2016\/"]}]},{"@type":"BreadcrumbList","@id":"https:\/\/blog.panrotas.com.br\/semreserva\/assassinato-no-metro-em-sp\/28-12-2016\/#breadcrumb","itemListElement":[{"@type":"ListItem","position":1,"name":"Home do Blog","item":"http:\/\/blog.panrotas.com.br\/semreserva\/"},{"@type":"ListItem","position":2,"name":"Dia a dia","item":"https:\/\/blog.panrotas.com.br\/semreserva\/category\/dia-a-dia\/"},{"@type":"ListItem","position":3,"name":"ASSASSINATO NO METR\u00d4 EM SP"}]},{"@type":"Article","@id":"https:\/\/blog.panrotas.com.br\/semreserva\/assassinato-no-metro-em-sp\/28-12-2016\/#article","isPartOf":{"@id":"https:\/\/blog.panrotas.com.br\/semreserva\/assassinato-no-metro-em-sp\/28-12-2016\/#webpage"},"author":{"@id":"http:\/\/blog.panrotas.com.br\/semreserva\/#\/schema\/person\/c93b4555f6a497d2d83c25dcb80f61ed"},"headline":"ASSASSINATO NO METR\u00d4 EM SP","datePublished":"2016-12-28T16:05:25+00:00","dateModified":"2016-12-28T16:05:25+00:00","mainEntityOfPage":{"@id":"https:\/\/blog.panrotas.com.br\/semreserva\/assassinato-no-metro-em-sp\/28-12-2016\/#webpage"},"wordCount":293,"commentCount":0,"publisher":{"@id":"http:\/\/blog.panrotas.com.br\/semreserva\/#organization"},"image":{"@id":"https:\/\/blog.panrotas.com.br\/semreserva\/assassinato-no-metro-em-sp\/28-12-2016\/#primaryimage"},"thumbnailUrl":"https:\/\/blog.panrotas.com.br\/semreserva\/wp-content\/uploads\/sites\/5\/2016\/12\/1059941-27122016-dsc_3082.jpg","articleSection":["Dia a dia"],"inLanguage":"pt-BR","potentialAction":[{"@type":"CommentAction","name":"Comment","target":["https:\/\/blog.panrotas.com.br\/semreserva\/assassinato-no-metro-em-sp\/28-12-2016\/#respond"]}]},{"@type":"Person","@id":"http:\/\/blog.panrotas.com.br\/semreserva\/#\/schema\/person\/c93b4555f6a497d2d83c25dcb80f61ed","name":"Artur Andrade","image":{"@type":"ImageObject","@id":"http:\/\/blog.panrotas.com.br\/semreserva\/#personlogo","inLanguage":"pt-BR","url":"https:\/\/secure.gravatar.com\/avatar\/a94564d630220cefd5c82f3452ac1ef4?s=96&d=mm&r=g","contentUrl":"https:\/\/secure.gravatar.com\/avatar\/a94564d630220cefd5c82f3452ac1ef4?s=96&d=mm&r=g","caption":"Artur Andrade"},"description":"Artur Luiz Andrade \u00e9 carioca, taurino, jornalista e nasceu em 1969. \u00c9 editor-chefe da PANROTAS Editora e mora em S\u00e3o Paulo desde 1998","sameAs":["http:\/\/www.panrotas.com.br"]}]}},"jetpack_featured_media_url":"https:\/\/blog.panrotas.com.br\/semreserva\/wp-content\/uploads\/sites\/5\/2016\/12\/1059941-27122016-dsc_3082.jpg","jetpack_shortlink":"https:\/\/wp.me\/p7idIU-1dF","_links":{"self":[{"href":"https:\/\/blog.panrotas.com.br\/semreserva\/wp-json\/wp\/v2\/posts\/4691"}],"collection":[{"href":"https:\/\/blog.panrotas.com.br\/semreserva\/wp-json\/wp\/v2\/posts"}],"about":[{"href":"https:\/\/blog.panrotas.com.br\/semreserva\/wp-json\/wp\/v2\/types\/post"}],"author":[{"embeddable":true,"href":"https:\/\/blog.panrotas.com.br\/semreserva\/wp-json\/wp\/v2\/users\/7"}],"replies":[{"embeddable":true,"href":"https:\/\/blog.panrotas.com.br\/semreserva\/wp-json\/wp\/v2\/comments?post=4691"}],"version-history":[{"count":0,"href":"https:\/\/blog.panrotas.com.br\/semreserva\/wp-json\/wp\/v2\/posts\/4691\/revisions"}],"wp:featuredmedia":[{"embeddable":true,"href":"https:\/\/blog.panrotas.com.br\/semreserva\/wp-json\/wp\/v2\/media\/4692"}],"wp:attachment":[{"href":"https:\/\/blog.panrotas.com.br\/semreserva\/wp-json\/wp\/v2\/media?parent=4691"}],"wp:term":[{"taxonomy":"category","embeddable":true,"href":"https:\/\/blog.panrotas.com.br\/semreserva\/wp-json\/wp\/v2\/categories?post=4691"},{"taxonomy":"post_tag","embeddable":true,"href":"https:\/\/blog.panrotas.com.br\/semreserva\/wp-json\/wp\/v2\/tags?post=4691"}],"curies":[{"name":"wp","href":"https:\/\/api.w.org\/{rel}","templated":true}]}}