{"id":4694,"date":"2017-01-03T19:19:55","date_gmt":"2017-01-03T21:19:55","guid":{"rendered":"http:\/\/blog.panrotas.com.br\/semreserva\/?p=4694"},"modified":"2017-01-03T19:19:55","modified_gmt":"2017-01-03T21:19:55","slug":"vai-emendar-os-feriados-de-2017-patrao","status":"publish","type":"post","link":"https:\/\/blog.panrotas.com.br\/semreserva\/vai-emendar-os-feriados-de-2017-patrao\/03-01-2017\/","title":{"rendered":"VAI EMENDAR OS FERIADOS DE 2017, PATR\u00c3O?"},"content":{"rendered":"<p>Qual a sua posi\u00e7\u00e3o?<\/p>\n<p>&nbsp;<\/p>\n<p>No Brasil ainda em recesso, algumas quest\u00f5es sobre posicionamento voltam a me atormentar.<\/p>\n<p>&nbsp;<\/p>\n<p>\u00c9 uma \u00e9poca em que a grande imprensa est\u00e1 sedenta por not\u00edcia (qualquer not\u00edcia que atraia leitores), em que as redes sociais querem criar os primeiros memes do novo ano, em que os novos prefeitos ainda tomam conhecimento da encrenca, ops, das cidades que acabaram de assumir.<\/p>\n<p>&nbsp;<\/p>\n<p>Uma das not\u00edcias do ano, desde o fim de 2016, na imprensa e nas redes sociais, \u00e9 a quantidade de feriados de 2017. Os representantes do com\u00e9rcio, notadamente a Fecomercio de S\u00e3o Paulo e do Rio, olham para esses feriados com preocupa\u00e7\u00e3o, pois se os shoppings e as praias ficam cheias, o com\u00e9rcio tradicional \u201cperde vendas\u201d. Ao menos as espont\u00e2neas, j\u00e1 que quem precisa mesmo comprar vai comprar antes ou depois do feriado, ou on-line. As vendas on-line, diga-se de passagem, n\u00e3o ca\u00edram no ano passado e devem continuar crescendo por um bom tempo. Inclusive nos feriados, dia \u00f3timo para navegar por ofertas&#8230;<\/p>\n<p>&nbsp;<\/p>\n<p>De qualquer forma criou-se um sentimento que a quantidade de feriados \u00e9 ruim para o Pa\u00eds, que n\u00e3o pode parar devido \u00e0 crise econ\u00f4mica etc etc.<\/p>\n<p>&nbsp;<\/p>\n<p>Mas o Pa\u00eds n\u00e3o \u00e9 apenas com\u00e9rcio e as Fecomercio sabem disso. E seus estudos, leg\u00edtimos, fazem muito bem em defender o com\u00e9rcio. Mas e o Turismo? E a avia\u00e7\u00e3o? E o transporte rodovi\u00e1rio? E o com\u00e9rcio de destinos tur\u00edstico? E a venda de artesanato? E a inclus\u00e3o social de v\u00e1rios trabalhadores que dependem do fluxo tur\u00edstico? E o emissivo? E as empresas que transitam dentro ou perto da ind\u00fastria de Viagens e Turismo?<\/p>\n<p>&nbsp;<\/p>\n<p>Caberia n\u00e3o \u00e0 Fecomercio (mas ela poderia ajudar, j\u00e1 que muitas t\u00eam conselhos dedicados ao Turismo), mas sim a nossas entidades, ao Minist\u00e9rio do Turismo e aos secret\u00e1rios e dirigentes ligados a nossa ind\u00fastria mostrar como esses feriados beneficiar\u00e3o o Pa\u00eds. \u00c9 como se uma parte do agroneg\u00f3cio defendesse pouca chuva e outra muita chuva&#8230; Ou terrenos de um s\u00f3 tipo. Ou planta\u00e7\u00e3o de um s\u00f3 produto&#8230;<\/p>\n<p>&nbsp;<\/p>\n<p>Faltou sim ao estudo das Fecomercio a inclus\u00e3o do benef\u00edcio dos feriados ao Turismo. Talvez a sugest\u00e3o de os feriados de meio de semana serem transferidos para sexta ou segunda-feira pudesse ser reavaliada. Talvez o Turismo pudesse se posicionar mais. Defender mais o seu setor. Pois se o com\u00e9rcio sabe fazer lobby, contas e pesquisas, parab\u00e9ns a ele, setor organizado e que sabe quanto vale.<\/p>\n<p>&nbsp;<\/p>\n<p>E n\u00f3s? Quem fala pelo Turismo?<\/p>\n<p>&nbsp;<\/p>\n<p>Coube ao empres\u00e1rio Ricardo Roman, dono de um hotel no Guaruj\u00e1 e de uma empresa de representa\u00e7\u00e3o, sair em defesa do setor.<\/p>\n<p>&nbsp;<\/p>\n<p>(em tempo: a imagem acima \u00e9 da capa do Jornal PANROTAS desta semana, que traz reportagem sobre as oportunidades dos feriados para quem vende viagens, e para quem quer viajar)<\/p>\n","protected":false},"excerpt":{"rendered":"<p>Qual a sua posi\u00e7\u00e3o? &nbsp; No Brasil ainda em recesso, algumas quest\u00f5es sobre posicionamento voltam a me atormentar. &nbsp; \u00c9 uma \u00e9poca em que a grande imprensa est\u00e1 sedenta por not\u00edcia (qualquer not\u00edcia que atraia leitores), em que as redes sociais querem criar os primeiros memes do novo ano, em que os novos prefeitos ainda [&hellip;]<\/p>\n","protected":false},"author":7,"featured_media":4695,"comment_status":"open","ping_status":"open","sticky":false,"template":"","format":"standard","meta":{"spay_email":""},"categories":[2],"tags":[],"yoast_head":"<!-- This site is optimized with the Yoast SEO plugin v17.3 - https:\/\/yoast.com\/wordpress\/plugins\/seo\/ -->\n<title>VAI EMENDAR OS FERIADOS DE 2017, PATR\u00c3O? -<\/title>\n<meta name=\"description\" content=\"VAI EMENDAR OS FERIADOS DE 2017, PATR\u00c3O?. Confira essa Mat\u00e9ria no Canal Sem reserva. \u27a4 Projeto em parceria com a PANROTAS.\" \/>\n<meta name=\"robots\" content=\"index, follow, max-snippet:-1, max-image-preview:large, max-video-preview:-1\" \/>\n<link rel=\"canonical\" href=\"https:\/\/blog.panrotas.com.br\/semreserva\/vai-emendar-os-feriados-de-2017-patrao\/03-01-2017\/\" \/>\n<meta property=\"og:locale\" content=\"pt_BR\" \/>\n<meta property=\"og:type\" content=\"article\" \/>\n<meta property=\"og:title\" content=\"VAI EMENDAR OS FERIADOS DE 2017, PATR\u00c3O? -\" \/>\n<meta property=\"og:description\" content=\"VAI EMENDAR OS FERIADOS DE 2017, PATR\u00c3O?. Confira essa Mat\u00e9ria no Canal Sem reserva. \u27a4 Projeto em parceria com a PANROTAS.\" \/>\n<meta property=\"og:url\" content=\"https:\/\/blog.panrotas.com.br\/semreserva\/vai-emendar-os-feriados-de-2017-patrao\/03-01-2017\/\" \/>\n<meta property=\"og:site_name\" content=\"Sem reserva\" \/>\n<meta property=\"article:publisher\" content=\"https:\/\/www.facebook.com\/portalpanrotas\/\" \/>\n<meta property=\"article:published_time\" content=\"2017-01-03T21:19:55+00:00\" \/>\n<meta property=\"og:image\" content=\"https:\/\/blog.panrotas.com.br\/semreserva\/wp-content\/uploads\/sites\/5\/2017\/01\/foto030116.jpg\" \/>\n\t<meta property=\"og:image:width\" content=\"3313\" \/>\n\t<meta property=\"og:image:height\" content=\"2854\" \/>\n<meta name=\"twitter:card\" content=\"summary_large_image\" \/>\n<meta name=\"twitter:creator\" content=\"@portalpanrotas\" \/>\n<meta name=\"twitter:site\" content=\"@portalpanrotas\" \/>\n<meta name=\"twitter:label1\" content=\"Escrito por\" \/>\n\t<meta name=\"twitter:data1\" content=\"Artur Andrade\" \/>\n\t<meta name=\"twitter:label2\" content=\"Est. tempo de leitura\" \/>\n\t<meta name=\"twitter:data2\" content=\"3 minutos\" \/>\n<script type=\"application\/ld+json\" class=\"yoast-schema-graph\">{\"@context\":\"https:\/\/schema.org\",\"@graph\":[{\"@type\":\"Organization\",\"@id\":\"http:\/\/blog.panrotas.com.br\/semreserva\/#organization\",\"name\":\"Sem Reserva - Blog no Portal PANROTAS\",\"url\":\"http:\/\/blog.panrotas.com.br\/semreserva\/\",\"sameAs\":[\"https:\/\/www.facebook.com\/portalpanrotas\/\",\"https:\/\/www.instagram.com\/portalpanrotas\/\",\"https:\/\/br.linkedin.com\/company\/panrotas\",\"https:\/\/www.youtube.com\/tvpanrotas\",\"https:\/\/twitter.com\/portalpanrotas\"],\"logo\":{\"@type\":\"ImageObject\",\"@id\":\"http:\/\/blog.panrotas.com.br\/semreserva\/#logo\",\"inLanguage\":\"pt-BR\",\"url\":\"https:\/\/blog.panrotas.com.br\/semreserva\/wp-content\/uploads\/sites\/5\/2020\/06\/logo.png\",\"contentUrl\":\"https:\/\/blog.panrotas.com.br\/semreserva\/wp-content\/uploads\/sites\/5\/2020\/06\/logo.png\",\"width\":259,\"height\":53,\"caption\":\"Sem Reserva - Blog no Portal PANROTAS\"},\"image\":{\"@id\":\"http:\/\/blog.panrotas.com.br\/semreserva\/#logo\"}},{\"@type\":\"WebSite\",\"@id\":\"http:\/\/blog.panrotas.com.br\/semreserva\/#website\",\"url\":\"http:\/\/blog.panrotas.com.br\/semreserva\/\",\"name\":\"Sem reserva\",\"description\":\"Blogosfera PANROTAS\",\"publisher\":{\"@id\":\"http:\/\/blog.panrotas.com.br\/semreserva\/#organization\"},\"potentialAction\":[{\"@type\":\"SearchAction\",\"target\":{\"@type\":\"EntryPoint\",\"urlTemplate\":\"http:\/\/blog.panrotas.com.br\/semreserva\/?s={search_term_string}\"},\"query-input\":\"required name=search_term_string\"}],\"inLanguage\":\"pt-BR\"},{\"@type\":\"ImageObject\",\"@id\":\"https:\/\/blog.panrotas.com.br\/semreserva\/vai-emendar-os-feriados-de-2017-patrao\/03-01-2017\/#primaryimage\",\"inLanguage\":\"pt-BR\",\"url\":\"https:\/\/blog.panrotas.com.br\/semreserva\/wp-content\/uploads\/sites\/5\/2017\/01\/foto030116-scaled.jpg\",\"contentUrl\":\"https:\/\/blog.panrotas.com.br\/semreserva\/wp-content\/uploads\/sites\/5\/2017\/01\/foto030116-scaled.jpg\",\"width\":2560,\"height\":2205},{\"@type\":\"WebPage\",\"@id\":\"https:\/\/blog.panrotas.com.br\/semreserva\/vai-emendar-os-feriados-de-2017-patrao\/03-01-2017\/#webpage\",\"url\":\"https:\/\/blog.panrotas.com.br\/semreserva\/vai-emendar-os-feriados-de-2017-patrao\/03-01-2017\/\",\"name\":\"VAI EMENDAR OS FERIADOS DE 2017, PATR\\u00c3O? -\",\"isPartOf\":{\"@id\":\"http:\/\/blog.panrotas.com.br\/semreserva\/#website\"},\"primaryImageOfPage\":{\"@id\":\"https:\/\/blog.panrotas.com.br\/semreserva\/vai-emendar-os-feriados-de-2017-patrao\/03-01-2017\/#primaryimage\"},\"datePublished\":\"2017-01-03T21:19:55+00:00\",\"dateModified\":\"2017-01-03T21:19:55+00:00\",\"description\":\"VAI EMENDAR OS FERIADOS DE 2017, PATR\\u00c3O?. Confira essa Mat\\u00e9ria no Canal Sem reserva. \\u27a4 Projeto em parceria com a PANROTAS.\",\"breadcrumb\":{\"@id\":\"https:\/\/blog.panrotas.com.br\/semreserva\/vai-emendar-os-feriados-de-2017-patrao\/03-01-2017\/#breadcrumb\"},\"inLanguage\":\"pt-BR\",\"potentialAction\":[{\"@type\":\"ReadAction\",\"target\":[\"https:\/\/blog.panrotas.com.br\/semreserva\/vai-emendar-os-feriados-de-2017-patrao\/03-01-2017\/\"]}]},{\"@type\":\"BreadcrumbList\",\"@id\":\"https:\/\/blog.panrotas.com.br\/semreserva\/vai-emendar-os-feriados-de-2017-patrao\/03-01-2017\/#breadcrumb\",\"itemListElement\":[{\"@type\":\"ListItem\",\"position\":1,\"name\":\"Home do Blog\",\"item\":\"http:\/\/blog.panrotas.com.br\/semreserva\/\"},{\"@type\":\"ListItem\",\"position\":2,\"name\":\"Dia a dia\",\"item\":\"https:\/\/blog.panrotas.com.br\/semreserva\/category\/dia-a-dia\/\"},{\"@type\":\"ListItem\",\"position\":3,\"name\":\"VAI EMENDAR OS FERIADOS DE 2017, PATR\\u00c3O?\"}]},{\"@type\":\"Article\",\"@id\":\"https:\/\/blog.panrotas.com.br\/semreserva\/vai-emendar-os-feriados-de-2017-patrao\/03-01-2017\/#article\",\"isPartOf\":{\"@id\":\"https:\/\/blog.panrotas.com.br\/semreserva\/vai-emendar-os-feriados-de-2017-patrao\/03-01-2017\/#webpage\"},\"author\":{\"@id\":\"http:\/\/blog.panrotas.com.br\/semreserva\/#\/schema\/person\/c93b4555f6a497d2d83c25dcb80f61ed\"},\"headline\":\"VAI EMENDAR OS FERIADOS DE 2017, PATR\\u00c3O?\",\"datePublished\":\"2017-01-03T21:19:55+00:00\",\"dateModified\":\"2017-01-03T21:19:55+00:00\",\"mainEntityOfPage\":{\"@id\":\"https:\/\/blog.panrotas.com.br\/semreserva\/vai-emendar-os-feriados-de-2017-patrao\/03-01-2017\/#webpage\"},\"wordCount\":509,\"commentCount\":0,\"publisher\":{\"@id\":\"http:\/\/blog.panrotas.com.br\/semreserva\/#organization\"},\"image\":{\"@id\":\"https:\/\/blog.panrotas.com.br\/semreserva\/vai-emendar-os-feriados-de-2017-patrao\/03-01-2017\/#primaryimage\"},\"thumbnailUrl\":\"https:\/\/blog.panrotas.com.br\/semreserva\/wp-content\/uploads\/sites\/5\/2017\/01\/foto030116-scaled.jpg\",\"articleSection\":[\"Dia a dia\"],\"inLanguage\":\"pt-BR\",\"potentialAction\":[{\"@type\":\"CommentAction\",\"name\":\"Comment\",\"target\":[\"https:\/\/blog.panrotas.com.br\/semreserva\/vai-emendar-os-feriados-de-2017-patrao\/03-01-2017\/#respond\"]}]},{\"@type\":\"Person\",\"@id\":\"http:\/\/blog.panrotas.com.br\/semreserva\/#\/schema\/person\/c93b4555f6a497d2d83c25dcb80f61ed\",\"name\":\"Artur Andrade\",\"image\":{\"@type\":\"ImageObject\",\"@id\":\"http:\/\/blog.panrotas.com.br\/semreserva\/#personlogo\",\"inLanguage\":\"pt-BR\",\"url\":\"https:\/\/secure.gravatar.com\/avatar\/a94564d630220cefd5c82f3452ac1ef4?s=96&d=mm&r=g\",\"contentUrl\":\"https:\/\/secure.gravatar.com\/avatar\/a94564d630220cefd5c82f3452ac1ef4?s=96&d=mm&r=g\",\"caption\":\"Artur Andrade\"},\"description\":\"Artur Luiz Andrade \\u00e9 carioca, taurino, jornalista e nasceu em 1969. \\u00c9 editor-chefe da PANROTAS Editora e mora em S\\u00e3o Paulo desde 1998\",\"sameAs\":[\"http:\/\/www.panrotas.com.br\"]}]}<\/script>\n<!-- \/ Yoast SEO plugin. -->","yoast_head_json":{"title":"VAI EMENDAR OS FERIADOS DE 2017, PATR\u00c3O? -","description":"VAI EMENDAR OS FERIADOS DE 2017, PATR\u00c3O?. Confira essa Mat\u00e9ria no Canal Sem reserva. \u27a4 Projeto em parceria com a PANROTAS.","robots":{"index":"index","follow":"follow","max-snippet":"max-snippet:-1","max-image-preview":"max-image-preview:large","max-video-preview":"max-video-preview:-1"},"canonical":"https:\/\/blog.panrotas.com.br\/semreserva\/vai-emendar-os-feriados-de-2017-patrao\/03-01-2017\/","og_locale":"pt_BR","og_type":"article","og_title":"VAI EMENDAR OS FERIADOS DE 2017, PATR\u00c3O? -","og_description":"VAI EMENDAR OS FERIADOS DE 2017, PATR\u00c3O?. Confira essa Mat\u00e9ria no Canal Sem reserva. \u27a4 Projeto em parceria com a PANROTAS.","og_url":"https:\/\/blog.panrotas.com.br\/semreserva\/vai-emendar-os-feriados-de-2017-patrao\/03-01-2017\/","og_site_name":"Sem reserva","article_publisher":"https:\/\/www.facebook.com\/portalpanrotas\/","article_published_time":"2017-01-03T21:19:55+00:00","og_image":[{"width":3313,"height":2854,"url":"https:\/\/blog.panrotas.com.br\/semreserva\/wp-content\/uploads\/sites\/5\/2017\/01\/foto030116.jpg","type":"image\/jpeg"}],"twitter_card":"summary_large_image","twitter_creator":"@portalpanrotas","twitter_site":"@portalpanrotas","twitter_misc":{"Escrito por":"Artur Andrade","Est. tempo de leitura":"3 minutos"},"schema":{"@context":"https:\/\/schema.org","@graph":[{"@type":"Organization","@id":"http:\/\/blog.panrotas.com.br\/semreserva\/#organization","name":"Sem Reserva - Blog no Portal PANROTAS","url":"http:\/\/blog.panrotas.com.br\/semreserva\/","sameAs":["https:\/\/www.facebook.com\/portalpanrotas\/","https:\/\/www.instagram.com\/portalpanrotas\/","https:\/\/br.linkedin.com\/company\/panrotas","https:\/\/www.youtube.com\/tvpanrotas","https:\/\/twitter.com\/portalpanrotas"],"logo":{"@type":"ImageObject","@id":"http:\/\/blog.panrotas.com.br\/semreserva\/#logo","inLanguage":"pt-BR","url":"https:\/\/blog.panrotas.com.br\/semreserva\/wp-content\/uploads\/sites\/5\/2020\/06\/logo.png","contentUrl":"https:\/\/blog.panrotas.com.br\/semreserva\/wp-content\/uploads\/sites\/5\/2020\/06\/logo.png","width":259,"height":53,"caption":"Sem Reserva - Blog no Portal PANROTAS"},"image":{"@id":"http:\/\/blog.panrotas.com.br\/semreserva\/#logo"}},{"@type":"WebSite","@id":"http:\/\/blog.panrotas.com.br\/semreserva\/#website","url":"http:\/\/blog.panrotas.com.br\/semreserva\/","name":"Sem reserva","description":"Blogosfera PANROTAS","publisher":{"@id":"http:\/\/blog.panrotas.com.br\/semreserva\/#organization"},"potentialAction":[{"@type":"SearchAction","target":{"@type":"EntryPoint","urlTemplate":"http:\/\/blog.panrotas.com.br\/semreserva\/?s={search_term_string}"},"query-input":"required name=search_term_string"}],"inLanguage":"pt-BR"},{"@type":"ImageObject","@id":"https:\/\/blog.panrotas.com.br\/semreserva\/vai-emendar-os-feriados-de-2017-patrao\/03-01-2017\/#primaryimage","inLanguage":"pt-BR","url":"https:\/\/blog.panrotas.com.br\/semreserva\/wp-content\/uploads\/sites\/5\/2017\/01\/foto030116-scaled.jpg","contentUrl":"https:\/\/blog.panrotas.com.br\/semreserva\/wp-content\/uploads\/sites\/5\/2017\/01\/foto030116-scaled.jpg","width":2560,"height":2205},{"@type":"WebPage","@id":"https:\/\/blog.panrotas.com.br\/semreserva\/vai-emendar-os-feriados-de-2017-patrao\/03-01-2017\/#webpage","url":"https:\/\/blog.panrotas.com.br\/semreserva\/vai-emendar-os-feriados-de-2017-patrao\/03-01-2017\/","name":"VAI EMENDAR OS FERIADOS DE 2017, PATR\u00c3O? -","isPartOf":{"@id":"http:\/\/blog.panrotas.com.br\/semreserva\/#website"},"primaryImageOfPage":{"@id":"https:\/\/blog.panrotas.com.br\/semreserva\/vai-emendar-os-feriados-de-2017-patrao\/03-01-2017\/#primaryimage"},"datePublished":"2017-01-03T21:19:55+00:00","dateModified":"2017-01-03T21:19:55+00:00","description":"VAI EMENDAR OS FERIADOS DE 2017, PATR\u00c3O?. Confira essa Mat\u00e9ria no Canal Sem reserva. \u27a4 Projeto em parceria com a PANROTAS.","breadcrumb":{"@id":"https:\/\/blog.panrotas.com.br\/semreserva\/vai-emendar-os-feriados-de-2017-patrao\/03-01-2017\/#breadcrumb"},"inLanguage":"pt-BR","potentialAction":[{"@type":"ReadAction","target":["https:\/\/blog.panrotas.com.br\/semreserva\/vai-emendar-os-feriados-de-2017-patrao\/03-01-2017\/"]}]},{"@type":"BreadcrumbList","@id":"https:\/\/blog.panrotas.com.br\/semreserva\/vai-emendar-os-feriados-de-2017-patrao\/03-01-2017\/#breadcrumb","itemListElement":[{"@type":"ListItem","position":1,"name":"Home do Blog","item":"http:\/\/blog.panrotas.com.br\/semreserva\/"},{"@type":"ListItem","position":2,"name":"Dia a dia","item":"https:\/\/blog.panrotas.com.br\/semreserva\/category\/dia-a-dia\/"},{"@type":"ListItem","position":3,"name":"VAI EMENDAR OS FERIADOS DE 2017, PATR\u00c3O?"}]},{"@type":"Article","@id":"https:\/\/blog.panrotas.com.br\/semreserva\/vai-emendar-os-feriados-de-2017-patrao\/03-01-2017\/#article","isPartOf":{"@id":"https:\/\/blog.panrotas.com.br\/semreserva\/vai-emendar-os-feriados-de-2017-patrao\/03-01-2017\/#webpage"},"author":{"@id":"http:\/\/blog.panrotas.com.br\/semreserva\/#\/schema\/person\/c93b4555f6a497d2d83c25dcb80f61ed"},"headline":"VAI EMENDAR OS FERIADOS DE 2017, PATR\u00c3O?","datePublished":"2017-01-03T21:19:55+00:00","dateModified":"2017-01-03T21:19:55+00:00","mainEntityOfPage":{"@id":"https:\/\/blog.panrotas.com.br\/semreserva\/vai-emendar-os-feriados-de-2017-patrao\/03-01-2017\/#webpage"},"wordCount":509,"commentCount":0,"publisher":{"@id":"http:\/\/blog.panrotas.com.br\/semreserva\/#organization"},"image":{"@id":"https:\/\/blog.panrotas.com.br\/semreserva\/vai-emendar-os-feriados-de-2017-patrao\/03-01-2017\/#primaryimage"},"thumbnailUrl":"https:\/\/blog.panrotas.com.br\/semreserva\/wp-content\/uploads\/sites\/5\/2017\/01\/foto030116-scaled.jpg","articleSection":["Dia a dia"],"inLanguage":"pt-BR","potentialAction":[{"@type":"CommentAction","name":"Comment","target":["https:\/\/blog.panrotas.com.br\/semreserva\/vai-emendar-os-feriados-de-2017-patrao\/03-01-2017\/#respond"]}]},{"@type":"Person","@id":"http:\/\/blog.panrotas.com.br\/semreserva\/#\/schema\/person\/c93b4555f6a497d2d83c25dcb80f61ed","name":"Artur Andrade","image":{"@type":"ImageObject","@id":"http:\/\/blog.panrotas.com.br\/semreserva\/#personlogo","inLanguage":"pt-BR","url":"https:\/\/secure.gravatar.com\/avatar\/a94564d630220cefd5c82f3452ac1ef4?s=96&d=mm&r=g","contentUrl":"https:\/\/secure.gravatar.com\/avatar\/a94564d630220cefd5c82f3452ac1ef4?s=96&d=mm&r=g","caption":"Artur Andrade"},"description":"Artur Luiz Andrade \u00e9 carioca, taurino, jornalista e nasceu em 1969. \u00c9 editor-chefe da PANROTAS Editora e mora em S\u00e3o Paulo desde 1998","sameAs":["http:\/\/www.panrotas.com.br"]}]}},"jetpack_featured_media_url":"https:\/\/blog.panrotas.com.br\/semreserva\/wp-content\/uploads\/sites\/5\/2017\/01\/foto030116-scaled.jpg","jetpack_shortlink":"https:\/\/wp.me\/p7idIU-1dI","_links":{"self":[{"href":"https:\/\/blog.panrotas.com.br\/semreserva\/wp-json\/wp\/v2\/posts\/4694"}],"collection":[{"href":"https:\/\/blog.panrotas.com.br\/semreserva\/wp-json\/wp\/v2\/posts"}],"about":[{"href":"https:\/\/blog.panrotas.com.br\/semreserva\/wp-json\/wp\/v2\/types\/post"}],"author":[{"embeddable":true,"href":"https:\/\/blog.panrotas.com.br\/semreserva\/wp-json\/wp\/v2\/users\/7"}],"replies":[{"embeddable":true,"href":"https:\/\/blog.panrotas.com.br\/semreserva\/wp-json\/wp\/v2\/comments?post=4694"}],"version-history":[{"count":0,"href":"https:\/\/blog.panrotas.com.br\/semreserva\/wp-json\/wp\/v2\/posts\/4694\/revisions"}],"wp:featuredmedia":[{"embeddable":true,"href":"https:\/\/blog.panrotas.com.br\/semreserva\/wp-json\/wp\/v2\/media\/4695"}],"wp:attachment":[{"href":"https:\/\/blog.panrotas.com.br\/semreserva\/wp-json\/wp\/v2\/media?parent=4694"}],"wp:term":[{"taxonomy":"category","embeddable":true,"href":"https:\/\/blog.panrotas.com.br\/semreserva\/wp-json\/wp\/v2\/categories?post=4694"},{"taxonomy":"post_tag","embeddable":true,"href":"https:\/\/blog.panrotas.com.br\/semreserva\/wp-json\/wp\/v2\/tags?post=4694"}],"curies":[{"name":"wp","href":"https:\/\/api.w.org\/{rel}","templated":true}]}}