{"id":4704,"date":"2017-01-16T14:00:26","date_gmt":"2017-01-16T16:00:26","guid":{"rendered":"http:\/\/blog.panrotas.com.br\/semreserva\/?p=4704"},"modified":"2017-01-16T14:00:26","modified_gmt":"2017-01-16T16:00:26","slug":"4704","status":"publish","type":"post","link":"https:\/\/blog.panrotas.com.br\/semreserva\/4704\/16-01-2017\/","title":{"rendered":"Quem \u00e9 a Meryl Streep do Turismo?"},"content":{"rendered":"<p>Essa \u00e9 uma das perguntas para 2017. Precisamos de uma figura acima do bem e do mal, l\u00facida e que n\u00e3o tem medo de apontar o dedo, com classe, nem se dobra aos poderosos. Essa n\u00e3o \u00e9 de tapinhas nas costas. Tenho meus palpites, mas ser\u00e1 que &#8220;ele&#8221; topa?<\/p>\n<p>Tamb\u00e9m\u00a0precisamos da anti-Meryl Streep, mas com a mesma classe. Aquela que entende a necessidade da ponta, do eleitor que, insatisfeito, elegeu o anti-Hilary, o anti-Obama. Ou o mundo continuar\u00e1 dividido, sem entender o meio de campo.<\/p>\n<p>Sendo mais prosaicos na expectativa para 2017, outras perguntas incluem: que feiras diminuir\u00e3o e quais conseguir\u00e3o crescer? N\u00e3o nos n\u00fameros maquiados dos organizadores, mas na percep\u00e7\u00e3o de quem investe tempo e dinheiro para expor e visitar.<\/p>\n<p>Que entidades de classe ser\u00e3o lembradas positivamente no final do ano? Que lideran\u00e7as? Quem vai presidir a Braztoa no pr\u00f3ximo mandato? Magda Nassar vai tentar a reelei\u00e7\u00e3o?<\/p>\n<p>Como a hotelaria carioca far\u00e1 para ocupar o excesso de quartos na ressaca p\u00f3s-ol\u00edmpica? Como o Brasil se posicionar\u00e1 para um mundo mais temerosos, conservador e dividido?<\/p>\n<p>Quem vai vender mais? Coxinha ou mortadela? N\u00e3o, essa expectativa n\u00e3o existe fora do campo do humor. Mas que prefeitos ir\u00e3o surpreender independentemente das imagens pr\u00e9-concebidas (quase preconceitos) que cercam figuras como Jo\u00e3o Doria, Marcelo Crivella ou Rafael Greca, para citarmos alguns? Que cidades e Estados saber\u00e3o driblar a crise e ver no Turismo uma grande oportunidade?<\/p>\n<p>Quem vai ganhar a queda de bra\u00e7o entre OTAs e hot\u00e9is, hot\u00e9is e Airbnb? Quest\u00f5es passadas que ainda pautam o dia a dia de muitos. Que novos canais de vendas aparecer\u00e3o?<\/p>\n<p>Quem vai ser o rei da bravata e quem vai inovar? Que empresas ser\u00e3o compradas e quem ir\u00e1 compr\u00e1-las? Quem ir\u00e1 nos surpreender com boas ideias, palavras, a\u00e7\u00f5es, discursos? Quem ir\u00e1 nos decepcionar mais uma vez?<\/p>\n<p>E a gigante Tui? Chegar\u00e1 de vez em 2017? E a transi\u00e7\u00e3o de Amadeus para Sabre na Latam Brasil? Como afetar\u00e1 as vendas e os agentes de viagens? A CVC vai ultrapassar os R$ 10 bilh\u00f5es em vendas anuais?<\/p>\n<p>Com certeza traremos muitas respostas a essas indaga\u00e7\u00f5es em nossas publica\u00e7\u00f5es, nossos eventos, nossas redes sociais&#8230; Sempre procurando olhar para frente, analisar todos os lados e respeitar a opini\u00e3o e vis\u00e3o de todos. Compartilhar conhecimento. Expor solu\u00e7\u00f5es.<\/p>\n<p>Mais uma vez, feliz 2017 (j\u00e1 em 16 de janeiro&#8230; and counting).<\/p>\n","protected":false},"excerpt":{"rendered":"<p>Essa \u00e9 uma das perguntas para 2017. Precisamos de uma figura acima do bem e do mal, l\u00facida e que n\u00e3o tem medo de apontar o dedo, com classe, nem se dobra aos poderosos. Essa n\u00e3o \u00e9 de tapinhas nas costas. Tenho meus palpites, mas ser\u00e1 que &#8220;ele&#8221; topa? Tamb\u00e9m\u00a0precisamos da anti-Meryl Streep, mas com [&hellip;]<\/p>\n","protected":false},"author":7,"featured_media":4705,"comment_status":"open","ping_status":"open","sticky":false,"template":"","format":"standard","meta":{"spay_email":""},"categories":[2],"tags":[],"yoast_head":"<!-- This site is optimized with the Yoast SEO plugin v17.3 - https:\/\/yoast.com\/wordpress\/plugins\/seo\/ -->\n<title>Quem \u00e9 a Meryl Streep do Turismo? -<\/title>\n<meta name=\"description\" content=\"Quem \u00e9 a Meryl Streep do Turismo?. Confira essa Mat\u00e9ria no Canal Sem reserva. \u27a4 Projeto em parceria com a PANROTAS.\" \/>\n<meta name=\"robots\" content=\"index, follow, max-snippet:-1, max-image-preview:large, max-video-preview:-1\" \/>\n<link rel=\"canonical\" href=\"https:\/\/blog.panrotas.com.br\/semreserva\/4704\/16-01-2017\/\" \/>\n<meta property=\"og:locale\" content=\"pt_BR\" \/>\n<meta property=\"og:type\" content=\"article\" \/>\n<meta property=\"og:title\" content=\"Quem \u00e9 a Meryl Streep do Turismo? -\" \/>\n<meta property=\"og:description\" content=\"Quem \u00e9 a Meryl Streep do Turismo?. Confira essa Mat\u00e9ria no Canal Sem reserva. \u27a4 Projeto em parceria com a PANROTAS.\" \/>\n<meta property=\"og:url\" content=\"https:\/\/blog.panrotas.com.br\/semreserva\/4704\/16-01-2017\/\" \/>\n<meta property=\"og:site_name\" content=\"Sem reserva\" \/>\n<meta property=\"article:publisher\" content=\"https:\/\/www.facebook.com\/portalpanrotas\/\" \/>\n<meta property=\"article:published_time\" content=\"2017-01-16T16:00:26+00:00\" \/>\n<meta property=\"og:image\" content=\"https:\/\/blog.panrotas.com.br\/semreserva\/wp-content\/uploads\/sites\/5\/2017\/01\/dreamstimefree_3623562.jpg\" \/>\n\t<meta property=\"og:image:width\" content=\"2500\" \/>\n\t<meta property=\"og:image:height\" content=\"1875\" \/>\n<meta name=\"twitter:card\" content=\"summary_large_image\" \/>\n<meta name=\"twitter:creator\" content=\"@portalpanrotas\" \/>\n<meta name=\"twitter:site\" content=\"@portalpanrotas\" \/>\n<meta name=\"twitter:label1\" content=\"Escrito por\" \/>\n\t<meta name=\"twitter:data1\" content=\"Artur Andrade\" \/>\n\t<meta name=\"twitter:label2\" content=\"Est. tempo de leitura\" \/>\n\t<meta name=\"twitter:data2\" content=\"2 minutos\" \/>\n<script type=\"application\/ld+json\" class=\"yoast-schema-graph\">{\"@context\":\"https:\/\/schema.org\",\"@graph\":[{\"@type\":\"Organization\",\"@id\":\"http:\/\/blog.panrotas.com.br\/semreserva\/#organization\",\"name\":\"Sem Reserva - Blog no Portal PANROTAS\",\"url\":\"http:\/\/blog.panrotas.com.br\/semreserva\/\",\"sameAs\":[\"https:\/\/www.facebook.com\/portalpanrotas\/\",\"https:\/\/www.instagram.com\/portalpanrotas\/\",\"https:\/\/br.linkedin.com\/company\/panrotas\",\"https:\/\/www.youtube.com\/tvpanrotas\",\"https:\/\/twitter.com\/portalpanrotas\"],\"logo\":{\"@type\":\"ImageObject\",\"@id\":\"http:\/\/blog.panrotas.com.br\/semreserva\/#logo\",\"inLanguage\":\"pt-BR\",\"url\":\"https:\/\/blog.panrotas.com.br\/semreserva\/wp-content\/uploads\/sites\/5\/2020\/06\/logo.png\",\"contentUrl\":\"https:\/\/blog.panrotas.com.br\/semreserva\/wp-content\/uploads\/sites\/5\/2020\/06\/logo.png\",\"width\":259,\"height\":53,\"caption\":\"Sem Reserva - Blog no Portal PANROTAS\"},\"image\":{\"@id\":\"http:\/\/blog.panrotas.com.br\/semreserva\/#logo\"}},{\"@type\":\"WebSite\",\"@id\":\"http:\/\/blog.panrotas.com.br\/semreserva\/#website\",\"url\":\"http:\/\/blog.panrotas.com.br\/semreserva\/\",\"name\":\"Sem reserva\",\"description\":\"Blogosfera PANROTAS\",\"publisher\":{\"@id\":\"http:\/\/blog.panrotas.com.br\/semreserva\/#organization\"},\"potentialAction\":[{\"@type\":\"SearchAction\",\"target\":{\"@type\":\"EntryPoint\",\"urlTemplate\":\"http:\/\/blog.panrotas.com.br\/semreserva\/?s={search_term_string}\"},\"query-input\":\"required name=search_term_string\"}],\"inLanguage\":\"pt-BR\"},{\"@type\":\"ImageObject\",\"@id\":\"https:\/\/blog.panrotas.com.br\/semreserva\/4704\/16-01-2017\/#primaryimage\",\"inLanguage\":\"pt-BR\",\"url\":\"https:\/\/blog.panrotas.com.br\/semreserva\/wp-content\/uploads\/sites\/5\/2017\/01\/dreamstimefree_3623562.jpg\",\"contentUrl\":\"https:\/\/blog.panrotas.com.br\/semreserva\/wp-content\/uploads\/sites\/5\/2017\/01\/dreamstimefree_3623562.jpg\",\"width\":2500,\"height\":1875},{\"@type\":\"WebPage\",\"@id\":\"https:\/\/blog.panrotas.com.br\/semreserva\/4704\/16-01-2017\/#webpage\",\"url\":\"https:\/\/blog.panrotas.com.br\/semreserva\/4704\/16-01-2017\/\",\"name\":\"Quem \\u00e9 a Meryl Streep do Turismo? -\",\"isPartOf\":{\"@id\":\"http:\/\/blog.panrotas.com.br\/semreserva\/#website\"},\"primaryImageOfPage\":{\"@id\":\"https:\/\/blog.panrotas.com.br\/semreserva\/4704\/16-01-2017\/#primaryimage\"},\"datePublished\":\"2017-01-16T16:00:26+00:00\",\"dateModified\":\"2017-01-16T16:00:26+00:00\",\"description\":\"Quem \\u00e9 a Meryl Streep do Turismo?. Confira essa Mat\\u00e9ria no Canal Sem reserva. \\u27a4 Projeto em parceria com a PANROTAS.\",\"breadcrumb\":{\"@id\":\"https:\/\/blog.panrotas.com.br\/semreserva\/4704\/16-01-2017\/#breadcrumb\"},\"inLanguage\":\"pt-BR\",\"potentialAction\":[{\"@type\":\"ReadAction\",\"target\":[\"https:\/\/blog.panrotas.com.br\/semreserva\/4704\/16-01-2017\/\"]}]},{\"@type\":\"BreadcrumbList\",\"@id\":\"https:\/\/blog.panrotas.com.br\/semreserva\/4704\/16-01-2017\/#breadcrumb\",\"itemListElement\":[{\"@type\":\"ListItem\",\"position\":1,\"name\":\"Home do Blog\",\"item\":\"http:\/\/blog.panrotas.com.br\/semreserva\/\"},{\"@type\":\"ListItem\",\"position\":2,\"name\":\"Dia a dia\",\"item\":\"https:\/\/blog.panrotas.com.br\/semreserva\/category\/dia-a-dia\/\"},{\"@type\":\"ListItem\",\"position\":3,\"name\":\"Quem \\u00e9 a Meryl Streep do Turismo?\"}]},{\"@type\":\"Article\",\"@id\":\"https:\/\/blog.panrotas.com.br\/semreserva\/4704\/16-01-2017\/#article\",\"isPartOf\":{\"@id\":\"https:\/\/blog.panrotas.com.br\/semreserva\/4704\/16-01-2017\/#webpage\"},\"author\":{\"@id\":\"http:\/\/blog.panrotas.com.br\/semreserva\/#\/schema\/person\/c93b4555f6a497d2d83c25dcb80f61ed\"},\"headline\":\"Quem \\u00e9 a Meryl Streep do Turismo?\",\"datePublished\":\"2017-01-16T16:00:26+00:00\",\"dateModified\":\"2017-01-16T16:00:26+00:00\",\"mainEntityOfPage\":{\"@id\":\"https:\/\/blog.panrotas.com.br\/semreserva\/4704\/16-01-2017\/#webpage\"},\"wordCount\":422,\"commentCount\":0,\"publisher\":{\"@id\":\"http:\/\/blog.panrotas.com.br\/semreserva\/#organization\"},\"image\":{\"@id\":\"https:\/\/blog.panrotas.com.br\/semreserva\/4704\/16-01-2017\/#primaryimage\"},\"thumbnailUrl\":\"https:\/\/blog.panrotas.com.br\/semreserva\/wp-content\/uploads\/sites\/5\/2017\/01\/dreamstimefree_3623562.jpg\",\"articleSection\":[\"Dia a dia\"],\"inLanguage\":\"pt-BR\",\"potentialAction\":[{\"@type\":\"CommentAction\",\"name\":\"Comment\",\"target\":[\"https:\/\/blog.panrotas.com.br\/semreserva\/4704\/16-01-2017\/#respond\"]}]},{\"@type\":\"Person\",\"@id\":\"http:\/\/blog.panrotas.com.br\/semreserva\/#\/schema\/person\/c93b4555f6a497d2d83c25dcb80f61ed\",\"name\":\"Artur Andrade\",\"image\":{\"@type\":\"ImageObject\",\"@id\":\"http:\/\/blog.panrotas.com.br\/semreserva\/#personlogo\",\"inLanguage\":\"pt-BR\",\"url\":\"https:\/\/secure.gravatar.com\/avatar\/a94564d630220cefd5c82f3452ac1ef4?s=96&d=mm&r=g\",\"contentUrl\":\"https:\/\/secure.gravatar.com\/avatar\/a94564d630220cefd5c82f3452ac1ef4?s=96&d=mm&r=g\",\"caption\":\"Artur Andrade\"},\"description\":\"Artur Luiz Andrade \\u00e9 carioca, taurino, jornalista e nasceu em 1969. \\u00c9 editor-chefe da PANROTAS Editora e mora em S\\u00e3o Paulo desde 1998\",\"sameAs\":[\"http:\/\/www.panrotas.com.br\"]}]}<\/script>\n<!-- \/ Yoast SEO plugin. -->","yoast_head_json":{"title":"Quem \u00e9 a Meryl Streep do Turismo? -","description":"Quem \u00e9 a Meryl Streep do Turismo?. Confira essa Mat\u00e9ria no Canal Sem reserva. \u27a4 Projeto em parceria com a PANROTAS.","robots":{"index":"index","follow":"follow","max-snippet":"max-snippet:-1","max-image-preview":"max-image-preview:large","max-video-preview":"max-video-preview:-1"},"canonical":"https:\/\/blog.panrotas.com.br\/semreserva\/4704\/16-01-2017\/","og_locale":"pt_BR","og_type":"article","og_title":"Quem \u00e9 a Meryl Streep do Turismo? -","og_description":"Quem \u00e9 a Meryl Streep do Turismo?. Confira essa Mat\u00e9ria no Canal Sem reserva. \u27a4 Projeto em parceria com a PANROTAS.","og_url":"https:\/\/blog.panrotas.com.br\/semreserva\/4704\/16-01-2017\/","og_site_name":"Sem reserva","article_publisher":"https:\/\/www.facebook.com\/portalpanrotas\/","article_published_time":"2017-01-16T16:00:26+00:00","og_image":[{"width":2500,"height":1875,"url":"https:\/\/blog.panrotas.com.br\/semreserva\/wp-content\/uploads\/sites\/5\/2017\/01\/dreamstimefree_3623562.jpg","type":"image\/jpeg"}],"twitter_card":"summary_large_image","twitter_creator":"@portalpanrotas","twitter_site":"@portalpanrotas","twitter_misc":{"Escrito por":"Artur Andrade","Est. tempo de leitura":"2 minutos"},"schema":{"@context":"https:\/\/schema.org","@graph":[{"@type":"Organization","@id":"http:\/\/blog.panrotas.com.br\/semreserva\/#organization","name":"Sem Reserva - Blog no Portal PANROTAS","url":"http:\/\/blog.panrotas.com.br\/semreserva\/","sameAs":["https:\/\/www.facebook.com\/portalpanrotas\/","https:\/\/www.instagram.com\/portalpanrotas\/","https:\/\/br.linkedin.com\/company\/panrotas","https:\/\/www.youtube.com\/tvpanrotas","https:\/\/twitter.com\/portalpanrotas"],"logo":{"@type":"ImageObject","@id":"http:\/\/blog.panrotas.com.br\/semreserva\/#logo","inLanguage":"pt-BR","url":"https:\/\/blog.panrotas.com.br\/semreserva\/wp-content\/uploads\/sites\/5\/2020\/06\/logo.png","contentUrl":"https:\/\/blog.panrotas.com.br\/semreserva\/wp-content\/uploads\/sites\/5\/2020\/06\/logo.png","width":259,"height":53,"caption":"Sem Reserva - Blog no Portal PANROTAS"},"image":{"@id":"http:\/\/blog.panrotas.com.br\/semreserva\/#logo"}},{"@type":"WebSite","@id":"http:\/\/blog.panrotas.com.br\/semreserva\/#website","url":"http:\/\/blog.panrotas.com.br\/semreserva\/","name":"Sem reserva","description":"Blogosfera PANROTAS","publisher":{"@id":"http:\/\/blog.panrotas.com.br\/semreserva\/#organization"},"potentialAction":[{"@type":"SearchAction","target":{"@type":"EntryPoint","urlTemplate":"http:\/\/blog.panrotas.com.br\/semreserva\/?s={search_term_string}"},"query-input":"required name=search_term_string"}],"inLanguage":"pt-BR"},{"@type":"ImageObject","@id":"https:\/\/blog.panrotas.com.br\/semreserva\/4704\/16-01-2017\/#primaryimage","inLanguage":"pt-BR","url":"https:\/\/blog.panrotas.com.br\/semreserva\/wp-content\/uploads\/sites\/5\/2017\/01\/dreamstimefree_3623562.jpg","contentUrl":"https:\/\/blog.panrotas.com.br\/semreserva\/wp-content\/uploads\/sites\/5\/2017\/01\/dreamstimefree_3623562.jpg","width":2500,"height":1875},{"@type":"WebPage","@id":"https:\/\/blog.panrotas.com.br\/semreserva\/4704\/16-01-2017\/#webpage","url":"https:\/\/blog.panrotas.com.br\/semreserva\/4704\/16-01-2017\/","name":"Quem \u00e9 a Meryl Streep do Turismo? -","isPartOf":{"@id":"http:\/\/blog.panrotas.com.br\/semreserva\/#website"},"primaryImageOfPage":{"@id":"https:\/\/blog.panrotas.com.br\/semreserva\/4704\/16-01-2017\/#primaryimage"},"datePublished":"2017-01-16T16:00:26+00:00","dateModified":"2017-01-16T16:00:26+00:00","description":"Quem \u00e9 a Meryl Streep do Turismo?. Confira essa Mat\u00e9ria no Canal Sem reserva. \u27a4 Projeto em parceria com a PANROTAS.","breadcrumb":{"@id":"https:\/\/blog.panrotas.com.br\/semreserva\/4704\/16-01-2017\/#breadcrumb"},"inLanguage":"pt-BR","potentialAction":[{"@type":"ReadAction","target":["https:\/\/blog.panrotas.com.br\/semreserva\/4704\/16-01-2017\/"]}]},{"@type":"BreadcrumbList","@id":"https:\/\/blog.panrotas.com.br\/semreserva\/4704\/16-01-2017\/#breadcrumb","itemListElement":[{"@type":"ListItem","position":1,"name":"Home do Blog","item":"http:\/\/blog.panrotas.com.br\/semreserva\/"},{"@type":"ListItem","position":2,"name":"Dia a dia","item":"https:\/\/blog.panrotas.com.br\/semreserva\/category\/dia-a-dia\/"},{"@type":"ListItem","position":3,"name":"Quem \u00e9 a Meryl Streep do Turismo?"}]},{"@type":"Article","@id":"https:\/\/blog.panrotas.com.br\/semreserva\/4704\/16-01-2017\/#article","isPartOf":{"@id":"https:\/\/blog.panrotas.com.br\/semreserva\/4704\/16-01-2017\/#webpage"},"author":{"@id":"http:\/\/blog.panrotas.com.br\/semreserva\/#\/schema\/person\/c93b4555f6a497d2d83c25dcb80f61ed"},"headline":"Quem \u00e9 a Meryl Streep do Turismo?","datePublished":"2017-01-16T16:00:26+00:00","dateModified":"2017-01-16T16:00:26+00:00","mainEntityOfPage":{"@id":"https:\/\/blog.panrotas.com.br\/semreserva\/4704\/16-01-2017\/#webpage"},"wordCount":422,"commentCount":0,"publisher":{"@id":"http:\/\/blog.panrotas.com.br\/semreserva\/#organization"},"image":{"@id":"https:\/\/blog.panrotas.com.br\/semreserva\/4704\/16-01-2017\/#primaryimage"},"thumbnailUrl":"https:\/\/blog.panrotas.com.br\/semreserva\/wp-content\/uploads\/sites\/5\/2017\/01\/dreamstimefree_3623562.jpg","articleSection":["Dia a dia"],"inLanguage":"pt-BR","potentialAction":[{"@type":"CommentAction","name":"Comment","target":["https:\/\/blog.panrotas.com.br\/semreserva\/4704\/16-01-2017\/#respond"]}]},{"@type":"Person","@id":"http:\/\/blog.panrotas.com.br\/semreserva\/#\/schema\/person\/c93b4555f6a497d2d83c25dcb80f61ed","name":"Artur Andrade","image":{"@type":"ImageObject","@id":"http:\/\/blog.panrotas.com.br\/semreserva\/#personlogo","inLanguage":"pt-BR","url":"https:\/\/secure.gravatar.com\/avatar\/a94564d630220cefd5c82f3452ac1ef4?s=96&d=mm&r=g","contentUrl":"https:\/\/secure.gravatar.com\/avatar\/a94564d630220cefd5c82f3452ac1ef4?s=96&d=mm&r=g","caption":"Artur Andrade"},"description":"Artur Luiz Andrade \u00e9 carioca, taurino, jornalista e nasceu em 1969. \u00c9 editor-chefe da PANROTAS Editora e mora em S\u00e3o Paulo desde 1998","sameAs":["http:\/\/www.panrotas.com.br"]}]}},"jetpack_featured_media_url":"https:\/\/blog.panrotas.com.br\/semreserva\/wp-content\/uploads\/sites\/5\/2017\/01\/dreamstimefree_3623562.jpg","jetpack_shortlink":"https:\/\/wp.me\/s7idIU-4704","_links":{"self":[{"href":"https:\/\/blog.panrotas.com.br\/semreserva\/wp-json\/wp\/v2\/posts\/4704"}],"collection":[{"href":"https:\/\/blog.panrotas.com.br\/semreserva\/wp-json\/wp\/v2\/posts"}],"about":[{"href":"https:\/\/blog.panrotas.com.br\/semreserva\/wp-json\/wp\/v2\/types\/post"}],"author":[{"embeddable":true,"href":"https:\/\/blog.panrotas.com.br\/semreserva\/wp-json\/wp\/v2\/users\/7"}],"replies":[{"embeddable":true,"href":"https:\/\/blog.panrotas.com.br\/semreserva\/wp-json\/wp\/v2\/comments?post=4704"}],"version-history":[{"count":0,"href":"https:\/\/blog.panrotas.com.br\/semreserva\/wp-json\/wp\/v2\/posts\/4704\/revisions"}],"wp:featuredmedia":[{"embeddable":true,"href":"https:\/\/blog.panrotas.com.br\/semreserva\/wp-json\/wp\/v2\/media\/4705"}],"wp:attachment":[{"href":"https:\/\/blog.panrotas.com.br\/semreserva\/wp-json\/wp\/v2\/media?parent=4704"}],"wp:term":[{"taxonomy":"category","embeddable":true,"href":"https:\/\/blog.panrotas.com.br\/semreserva\/wp-json\/wp\/v2\/categories?post=4704"},{"taxonomy":"post_tag","embeddable":true,"href":"https:\/\/blog.panrotas.com.br\/semreserva\/wp-json\/wp\/v2\/tags?post=4704"}],"curies":[{"name":"wp","href":"https:\/\/api.w.org\/{rel}","templated":true}]}}