{"id":4710,"date":"2017-02-06T14:02:43","date_gmt":"2017-02-06T16:02:43","guid":{"rendered":"http:\/\/blog.panrotas.com.br\/semreserva\/?p=4710"},"modified":"2017-02-06T14:02:43","modified_gmt":"2017-02-06T16:02:43","slug":"turismo-ainda-dividido","status":"publish","type":"post","link":"https:\/\/blog.panrotas.com.br\/semreserva\/turismo-ainda-dividido\/06-02-2017\/","title":{"rendered":"Turismo ainda dividido"},"content":{"rendered":"<p>De novo a quest\u00e3o do excesso ou do aparecimento de novas entidades no Turismo, frutos de insatisfeitos, exclu\u00eddos, desaviados, vaidosos e\/ou inconformados. Pode ser tudo isso ou apenas parte. Cada um que vista a carapu\u00e7a. Inclusive quem ajuda a dividir e n\u00e3o a somar.<\/p>\n<p>Por exemplo, se existem Aviesp, Avirrp e agora a Unav (que n\u00e3o se diz associa\u00e7\u00e3o mas age como uma), e at\u00e9 Braztoa, Air Tkt e Abracorp \u00e9 porque uma entidade maior, a Abav, no caso, n\u00e3o foi suficiente para aglutinar a defesa de tantos interesses (ou vaidades). Ah mas todas est\u00e3o juntas nas lutas do setor, nos eventos&#8230; Nada disso. Todos est\u00e3o juntos nas fotos. E s\u00f3.<\/p>\n<p>Dois raros casos no Turismo que mostram o empenho em querer somar: o fim do Favecc e da TMC Brasil para a cria\u00e7\u00e3o da Abracorp; e o fim dos eventos Braztoa individuais, para serem realizados dentro da WTM Latin America e da Feira da Abav. Muito pouco ainda. E a massa de ag\u00eancias e meios de hospedagem? E os trabalhadores free lancers? E os novos players?<\/p>\n<p>Na hotelaria, h\u00e1 pelo menos quatro entidades. Entre os gestores de viagens ou empresas de viagens corporativas podemos contar uma dezena de grupos informais que n\u00e3o admitem serem considerados associa\u00e7\u00f5es, mas que s\u00e3o \u201centes\u201d \u00e0 parte. N\u00e3o h\u00e1 quem una esse setor, um dos mais sens\u00edveis \u00e0 participa\u00e7\u00e3o em grupos oficiais.<\/p>\n<p>A avia\u00e7\u00e3o brasileira, com apenas quatro grandes players nacionais, conseguiu ter uma entidade com um objetivo \u00fanico, a Abear, mas n\u00e3o seria surpresa se houvesse quatro associa\u00e7\u00f5es, uma para cada empresa a\u00e9rea. Entidade no Brasil \u00e9 que nem chuchu na serra. E, claro, seus eventos juntos.<\/p>\n<p>Esta semana, no Jornal PANROTAS\u00a0procuramos refletir sobre essa prolifera\u00e7\u00e3o de associa\u00e7\u00f5es, com certeza uma alternativa de fortalecimento para os pequenos players, mas uma amea\u00e7a a quem quer que o Turismo seja visto como um s\u00f3 (claro, nas especificidades cada segmento lutar\u00e1 por suas causas, mas falta esse guarda-chuva, essa manta que cubra a todos, afinal, \u00e9 a ind\u00fastria de Viagens e Turismo, n\u00e3o importa o motivo da sua viagem). E tamb\u00e9m mostramos como a gigante Alatur JTB quer crescer ainda mais. E para contar seus planos, convocou clientes, parceiros e concorrentes para eventos na semana passada. Transpar\u00eancia, agressividade, vaidade&#8230; N\u00e3o importa. H\u00e1 um projeto sendo executado, o que n\u00e3o se pode dizer de boa parte das entidades do Turismo brasileiro. Os pequenos ou est\u00e3o se agrupando ou est\u00e3o perdidos, vozes que n\u00e3o reverberam. Os grandes saem atropelando, como manda a legisla\u00e7\u00e3o, claro. E investidores, autoridades e fornecedores continuam rindo dessa divis\u00e3o toda. Mas eles mesmos se beneficiariam de um Turismo mais forte e unido. De verdade.<\/p>\n<p>E voc\u00ea? Qual \u00e9 a sua associa\u00e7\u00e3o do cora\u00e7\u00e3o? N\u00e3o vale falar do Corinthians&#8230; ou do Flamengo&#8230; Santos&#8230; Ou da Ponte Preta (sim, o Rody implorou para eu incluir a Ponte nas cita\u00e7\u00f5es&#8230;)<\/p>\n","protected":false},"excerpt":{"rendered":"<p>De novo a quest\u00e3o do excesso ou do aparecimento de novas entidades no Turismo, frutos de insatisfeitos, exclu\u00eddos, desaviados, vaidosos e\/ou inconformados. Pode ser tudo isso ou apenas parte. Cada um que vista a carapu\u00e7a. Inclusive quem ajuda a dividir e n\u00e3o a somar. Por exemplo, se existem Aviesp, Avirrp e agora a Unav (que [&hellip;]<\/p>\n","protected":false},"author":7,"featured_media":4711,"comment_status":"open","ping_status":"open","sticky":false,"template":"","format":"standard","meta":{"spay_email":""},"categories":[2],"tags":[],"yoast_head":"<!-- This site is optimized with the Yoast SEO plugin v17.3 - https:\/\/yoast.com\/wordpress\/plugins\/seo\/ -->\n<title>Turismo ainda dividido -<\/title>\n<meta name=\"description\" content=\"Turismo ainda dividido. Confira essa Mat\u00e9ria no Canal Sem reserva. \u27a4 Projeto em parceria com a PANROTAS.\" \/>\n<meta name=\"robots\" content=\"index, follow, max-snippet:-1, max-image-preview:large, max-video-preview:-1\" \/>\n<link rel=\"canonical\" href=\"https:\/\/blog.panrotas.com.br\/semreserva\/turismo-ainda-dividido\/06-02-2017\/\" \/>\n<meta property=\"og:locale\" content=\"pt_BR\" \/>\n<meta property=\"og:type\" content=\"article\" \/>\n<meta property=\"og:title\" content=\"Turismo ainda dividido -\" \/>\n<meta property=\"og:description\" content=\"Turismo ainda dividido. Confira essa Mat\u00e9ria no Canal Sem reserva. \u27a4 Projeto em parceria com a PANROTAS.\" \/>\n<meta property=\"og:url\" content=\"https:\/\/blog.panrotas.com.br\/semreserva\/turismo-ainda-dividido\/06-02-2017\/\" \/>\n<meta property=\"og:site_name\" content=\"Sem reserva\" \/>\n<meta property=\"article:publisher\" content=\"https:\/\/www.facebook.com\/portalpanrotas\/\" \/>\n<meta property=\"article:published_time\" content=\"2017-02-06T16:02:43+00:00\" \/>\n<meta property=\"og:image\" content=\"https:\/\/blog.panrotas.com.br\/semreserva\/wp-content\/uploads\/sites\/5\/2017\/02\/capa1255.jpg\" \/>\n\t<meta property=\"og:image:width\" content=\"3000\" \/>\n\t<meta property=\"og:image:height\" content=\"2000\" \/>\n<meta name=\"twitter:card\" content=\"summary_large_image\" \/>\n<meta name=\"twitter:creator\" content=\"@portalpanrotas\" \/>\n<meta name=\"twitter:site\" content=\"@portalpanrotas\" \/>\n<meta name=\"twitter:label1\" content=\"Escrito por\" \/>\n\t<meta name=\"twitter:data1\" content=\"Artur Andrade\" \/>\n\t<meta name=\"twitter:label2\" content=\"Est. tempo de leitura\" \/>\n\t<meta name=\"twitter:data2\" content=\"3 minutos\" \/>\n<script type=\"application\/ld+json\" class=\"yoast-schema-graph\">{\"@context\":\"https:\/\/schema.org\",\"@graph\":[{\"@type\":\"Organization\",\"@id\":\"http:\/\/blog.panrotas.com.br\/semreserva\/#organization\",\"name\":\"Sem Reserva - Blog no Portal PANROTAS\",\"url\":\"http:\/\/blog.panrotas.com.br\/semreserva\/\",\"sameAs\":[\"https:\/\/www.facebook.com\/portalpanrotas\/\",\"https:\/\/www.instagram.com\/portalpanrotas\/\",\"https:\/\/br.linkedin.com\/company\/panrotas\",\"https:\/\/www.youtube.com\/tvpanrotas\",\"https:\/\/twitter.com\/portalpanrotas\"],\"logo\":{\"@type\":\"ImageObject\",\"@id\":\"http:\/\/blog.panrotas.com.br\/semreserva\/#logo\",\"inLanguage\":\"pt-BR\",\"url\":\"https:\/\/blog.panrotas.com.br\/semreserva\/wp-content\/uploads\/sites\/5\/2020\/06\/logo.png\",\"contentUrl\":\"https:\/\/blog.panrotas.com.br\/semreserva\/wp-content\/uploads\/sites\/5\/2020\/06\/logo.png\",\"width\":259,\"height\":53,\"caption\":\"Sem Reserva - Blog no Portal PANROTAS\"},\"image\":{\"@id\":\"http:\/\/blog.panrotas.com.br\/semreserva\/#logo\"}},{\"@type\":\"WebSite\",\"@id\":\"http:\/\/blog.panrotas.com.br\/semreserva\/#website\",\"url\":\"http:\/\/blog.panrotas.com.br\/semreserva\/\",\"name\":\"Sem reserva\",\"description\":\"Blogosfera PANROTAS\",\"publisher\":{\"@id\":\"http:\/\/blog.panrotas.com.br\/semreserva\/#organization\"},\"potentialAction\":[{\"@type\":\"SearchAction\",\"target\":{\"@type\":\"EntryPoint\",\"urlTemplate\":\"http:\/\/blog.panrotas.com.br\/semreserva\/?s={search_term_string}\"},\"query-input\":\"required name=search_term_string\"}],\"inLanguage\":\"pt-BR\"},{\"@type\":\"ImageObject\",\"@id\":\"https:\/\/blog.panrotas.com.br\/semreserva\/turismo-ainda-dividido\/06-02-2017\/#primaryimage\",\"inLanguage\":\"pt-BR\",\"url\":\"https:\/\/blog.panrotas.com.br\/semreserva\/wp-content\/uploads\/sites\/5\/2017\/02\/capa1255-scaled.jpg\",\"contentUrl\":\"https:\/\/blog.panrotas.com.br\/semreserva\/wp-content\/uploads\/sites\/5\/2017\/02\/capa1255-scaled.jpg\",\"width\":2560,\"height\":1707},{\"@type\":\"WebPage\",\"@id\":\"https:\/\/blog.panrotas.com.br\/semreserva\/turismo-ainda-dividido\/06-02-2017\/#webpage\",\"url\":\"https:\/\/blog.panrotas.com.br\/semreserva\/turismo-ainda-dividido\/06-02-2017\/\",\"name\":\"Turismo ainda dividido -\",\"isPartOf\":{\"@id\":\"http:\/\/blog.panrotas.com.br\/semreserva\/#website\"},\"primaryImageOfPage\":{\"@id\":\"https:\/\/blog.panrotas.com.br\/semreserva\/turismo-ainda-dividido\/06-02-2017\/#primaryimage\"},\"datePublished\":\"2017-02-06T16:02:43+00:00\",\"dateModified\":\"2017-02-06T16:02:43+00:00\",\"description\":\"Turismo ainda dividido. Confira essa Mat\\u00e9ria no Canal Sem reserva. \\u27a4 Projeto em parceria com a PANROTAS.\",\"breadcrumb\":{\"@id\":\"https:\/\/blog.panrotas.com.br\/semreserva\/turismo-ainda-dividido\/06-02-2017\/#breadcrumb\"},\"inLanguage\":\"pt-BR\",\"potentialAction\":[{\"@type\":\"ReadAction\",\"target\":[\"https:\/\/blog.panrotas.com.br\/semreserva\/turismo-ainda-dividido\/06-02-2017\/\"]}]},{\"@type\":\"BreadcrumbList\",\"@id\":\"https:\/\/blog.panrotas.com.br\/semreserva\/turismo-ainda-dividido\/06-02-2017\/#breadcrumb\",\"itemListElement\":[{\"@type\":\"ListItem\",\"position\":1,\"name\":\"Home do Blog\",\"item\":\"http:\/\/blog.panrotas.com.br\/semreserva\/\"},{\"@type\":\"ListItem\",\"position\":2,\"name\":\"Dia a dia\",\"item\":\"https:\/\/blog.panrotas.com.br\/semreserva\/category\/dia-a-dia\/\"},{\"@type\":\"ListItem\",\"position\":3,\"name\":\"Turismo ainda dividido\"}]},{\"@type\":\"Article\",\"@id\":\"https:\/\/blog.panrotas.com.br\/semreserva\/turismo-ainda-dividido\/06-02-2017\/#article\",\"isPartOf\":{\"@id\":\"https:\/\/blog.panrotas.com.br\/semreserva\/turismo-ainda-dividido\/06-02-2017\/#webpage\"},\"author\":{\"@id\":\"http:\/\/blog.panrotas.com.br\/semreserva\/#\/schema\/person\/c93b4555f6a497d2d83c25dcb80f61ed\"},\"headline\":\"Turismo ainda dividido\",\"datePublished\":\"2017-02-06T16:02:43+00:00\",\"dateModified\":\"2017-02-06T16:02:43+00:00\",\"mainEntityOfPage\":{\"@id\":\"https:\/\/blog.panrotas.com.br\/semreserva\/turismo-ainda-dividido\/06-02-2017\/#webpage\"},\"wordCount\":511,\"commentCount\":0,\"publisher\":{\"@id\":\"http:\/\/blog.panrotas.com.br\/semreserva\/#organization\"},\"image\":{\"@id\":\"https:\/\/blog.panrotas.com.br\/semreserva\/turismo-ainda-dividido\/06-02-2017\/#primaryimage\"},\"thumbnailUrl\":\"https:\/\/blog.panrotas.com.br\/semreserva\/wp-content\/uploads\/sites\/5\/2017\/02\/capa1255-scaled.jpg\",\"articleSection\":[\"Dia a dia\"],\"inLanguage\":\"pt-BR\",\"potentialAction\":[{\"@type\":\"CommentAction\",\"name\":\"Comment\",\"target\":[\"https:\/\/blog.panrotas.com.br\/semreserva\/turismo-ainda-dividido\/06-02-2017\/#respond\"]}]},{\"@type\":\"Person\",\"@id\":\"http:\/\/blog.panrotas.com.br\/semreserva\/#\/schema\/person\/c93b4555f6a497d2d83c25dcb80f61ed\",\"name\":\"Artur Andrade\",\"image\":{\"@type\":\"ImageObject\",\"@id\":\"http:\/\/blog.panrotas.com.br\/semreserva\/#personlogo\",\"inLanguage\":\"pt-BR\",\"url\":\"https:\/\/secure.gravatar.com\/avatar\/a94564d630220cefd5c82f3452ac1ef4?s=96&d=mm&r=g\",\"contentUrl\":\"https:\/\/secure.gravatar.com\/avatar\/a94564d630220cefd5c82f3452ac1ef4?s=96&d=mm&r=g\",\"caption\":\"Artur Andrade\"},\"description\":\"Artur Luiz Andrade \\u00e9 carioca, taurino, jornalista e nasceu em 1969. \\u00c9 editor-chefe da PANROTAS Editora e mora em S\\u00e3o Paulo desde 1998\",\"sameAs\":[\"http:\/\/www.panrotas.com.br\"]}]}<\/script>\n<!-- \/ Yoast SEO plugin. -->","yoast_head_json":{"title":"Turismo ainda dividido -","description":"Turismo ainda dividido. Confira essa Mat\u00e9ria no Canal Sem reserva. \u27a4 Projeto em parceria com a PANROTAS.","robots":{"index":"index","follow":"follow","max-snippet":"max-snippet:-1","max-image-preview":"max-image-preview:large","max-video-preview":"max-video-preview:-1"},"canonical":"https:\/\/blog.panrotas.com.br\/semreserva\/turismo-ainda-dividido\/06-02-2017\/","og_locale":"pt_BR","og_type":"article","og_title":"Turismo ainda dividido -","og_description":"Turismo ainda dividido. Confira essa Mat\u00e9ria no Canal Sem reserva. \u27a4 Projeto em parceria com a PANROTAS.","og_url":"https:\/\/blog.panrotas.com.br\/semreserva\/turismo-ainda-dividido\/06-02-2017\/","og_site_name":"Sem reserva","article_publisher":"https:\/\/www.facebook.com\/portalpanrotas\/","article_published_time":"2017-02-06T16:02:43+00:00","og_image":[{"width":3000,"height":2000,"url":"https:\/\/blog.panrotas.com.br\/semreserva\/wp-content\/uploads\/sites\/5\/2017\/02\/capa1255.jpg","type":"image\/jpeg"}],"twitter_card":"summary_large_image","twitter_creator":"@portalpanrotas","twitter_site":"@portalpanrotas","twitter_misc":{"Escrito por":"Artur Andrade","Est. tempo de leitura":"3 minutos"},"schema":{"@context":"https:\/\/schema.org","@graph":[{"@type":"Organization","@id":"http:\/\/blog.panrotas.com.br\/semreserva\/#organization","name":"Sem Reserva - Blog no Portal PANROTAS","url":"http:\/\/blog.panrotas.com.br\/semreserva\/","sameAs":["https:\/\/www.facebook.com\/portalpanrotas\/","https:\/\/www.instagram.com\/portalpanrotas\/","https:\/\/br.linkedin.com\/company\/panrotas","https:\/\/www.youtube.com\/tvpanrotas","https:\/\/twitter.com\/portalpanrotas"],"logo":{"@type":"ImageObject","@id":"http:\/\/blog.panrotas.com.br\/semreserva\/#logo","inLanguage":"pt-BR","url":"https:\/\/blog.panrotas.com.br\/semreserva\/wp-content\/uploads\/sites\/5\/2020\/06\/logo.png","contentUrl":"https:\/\/blog.panrotas.com.br\/semreserva\/wp-content\/uploads\/sites\/5\/2020\/06\/logo.png","width":259,"height":53,"caption":"Sem Reserva - Blog no Portal PANROTAS"},"image":{"@id":"http:\/\/blog.panrotas.com.br\/semreserva\/#logo"}},{"@type":"WebSite","@id":"http:\/\/blog.panrotas.com.br\/semreserva\/#website","url":"http:\/\/blog.panrotas.com.br\/semreserva\/","name":"Sem reserva","description":"Blogosfera PANROTAS","publisher":{"@id":"http:\/\/blog.panrotas.com.br\/semreserva\/#organization"},"potentialAction":[{"@type":"SearchAction","target":{"@type":"EntryPoint","urlTemplate":"http:\/\/blog.panrotas.com.br\/semreserva\/?s={search_term_string}"},"query-input":"required name=search_term_string"}],"inLanguage":"pt-BR"},{"@type":"ImageObject","@id":"https:\/\/blog.panrotas.com.br\/semreserva\/turismo-ainda-dividido\/06-02-2017\/#primaryimage","inLanguage":"pt-BR","url":"https:\/\/blog.panrotas.com.br\/semreserva\/wp-content\/uploads\/sites\/5\/2017\/02\/capa1255-scaled.jpg","contentUrl":"https:\/\/blog.panrotas.com.br\/semreserva\/wp-content\/uploads\/sites\/5\/2017\/02\/capa1255-scaled.jpg","width":2560,"height":1707},{"@type":"WebPage","@id":"https:\/\/blog.panrotas.com.br\/semreserva\/turismo-ainda-dividido\/06-02-2017\/#webpage","url":"https:\/\/blog.panrotas.com.br\/semreserva\/turismo-ainda-dividido\/06-02-2017\/","name":"Turismo ainda dividido -","isPartOf":{"@id":"http:\/\/blog.panrotas.com.br\/semreserva\/#website"},"primaryImageOfPage":{"@id":"https:\/\/blog.panrotas.com.br\/semreserva\/turismo-ainda-dividido\/06-02-2017\/#primaryimage"},"datePublished":"2017-02-06T16:02:43+00:00","dateModified":"2017-02-06T16:02:43+00:00","description":"Turismo ainda dividido. Confira essa Mat\u00e9ria no Canal Sem reserva. \u27a4 Projeto em parceria com a PANROTAS.","breadcrumb":{"@id":"https:\/\/blog.panrotas.com.br\/semreserva\/turismo-ainda-dividido\/06-02-2017\/#breadcrumb"},"inLanguage":"pt-BR","potentialAction":[{"@type":"ReadAction","target":["https:\/\/blog.panrotas.com.br\/semreserva\/turismo-ainda-dividido\/06-02-2017\/"]}]},{"@type":"BreadcrumbList","@id":"https:\/\/blog.panrotas.com.br\/semreserva\/turismo-ainda-dividido\/06-02-2017\/#breadcrumb","itemListElement":[{"@type":"ListItem","position":1,"name":"Home do Blog","item":"http:\/\/blog.panrotas.com.br\/semreserva\/"},{"@type":"ListItem","position":2,"name":"Dia a dia","item":"https:\/\/blog.panrotas.com.br\/semreserva\/category\/dia-a-dia\/"},{"@type":"ListItem","position":3,"name":"Turismo ainda dividido"}]},{"@type":"Article","@id":"https:\/\/blog.panrotas.com.br\/semreserva\/turismo-ainda-dividido\/06-02-2017\/#article","isPartOf":{"@id":"https:\/\/blog.panrotas.com.br\/semreserva\/turismo-ainda-dividido\/06-02-2017\/#webpage"},"author":{"@id":"http:\/\/blog.panrotas.com.br\/semreserva\/#\/schema\/person\/c93b4555f6a497d2d83c25dcb80f61ed"},"headline":"Turismo ainda dividido","datePublished":"2017-02-06T16:02:43+00:00","dateModified":"2017-02-06T16:02:43+00:00","mainEntityOfPage":{"@id":"https:\/\/blog.panrotas.com.br\/semreserva\/turismo-ainda-dividido\/06-02-2017\/#webpage"},"wordCount":511,"commentCount":0,"publisher":{"@id":"http:\/\/blog.panrotas.com.br\/semreserva\/#organization"},"image":{"@id":"https:\/\/blog.panrotas.com.br\/semreserva\/turismo-ainda-dividido\/06-02-2017\/#primaryimage"},"thumbnailUrl":"https:\/\/blog.panrotas.com.br\/semreserva\/wp-content\/uploads\/sites\/5\/2017\/02\/capa1255-scaled.jpg","articleSection":["Dia a dia"],"inLanguage":"pt-BR","potentialAction":[{"@type":"CommentAction","name":"Comment","target":["https:\/\/blog.panrotas.com.br\/semreserva\/turismo-ainda-dividido\/06-02-2017\/#respond"]}]},{"@type":"Person","@id":"http:\/\/blog.panrotas.com.br\/semreserva\/#\/schema\/person\/c93b4555f6a497d2d83c25dcb80f61ed","name":"Artur Andrade","image":{"@type":"ImageObject","@id":"http:\/\/blog.panrotas.com.br\/semreserva\/#personlogo","inLanguage":"pt-BR","url":"https:\/\/secure.gravatar.com\/avatar\/a94564d630220cefd5c82f3452ac1ef4?s=96&d=mm&r=g","contentUrl":"https:\/\/secure.gravatar.com\/avatar\/a94564d630220cefd5c82f3452ac1ef4?s=96&d=mm&r=g","caption":"Artur Andrade"},"description":"Artur Luiz Andrade \u00e9 carioca, taurino, jornalista e nasceu em 1969. \u00c9 editor-chefe da PANROTAS Editora e mora em S\u00e3o Paulo desde 1998","sameAs":["http:\/\/www.panrotas.com.br"]}]}},"jetpack_featured_media_url":"https:\/\/blog.panrotas.com.br\/semreserva\/wp-content\/uploads\/sites\/5\/2017\/02\/capa1255-scaled.jpg","jetpack_shortlink":"https:\/\/wp.me\/p7idIU-1dY","_links":{"self":[{"href":"https:\/\/blog.panrotas.com.br\/semreserva\/wp-json\/wp\/v2\/posts\/4710"}],"collection":[{"href":"https:\/\/blog.panrotas.com.br\/semreserva\/wp-json\/wp\/v2\/posts"}],"about":[{"href":"https:\/\/blog.panrotas.com.br\/semreserva\/wp-json\/wp\/v2\/types\/post"}],"author":[{"embeddable":true,"href":"https:\/\/blog.panrotas.com.br\/semreserva\/wp-json\/wp\/v2\/users\/7"}],"replies":[{"embeddable":true,"href":"https:\/\/blog.panrotas.com.br\/semreserva\/wp-json\/wp\/v2\/comments?post=4710"}],"version-history":[{"count":0,"href":"https:\/\/blog.panrotas.com.br\/semreserva\/wp-json\/wp\/v2\/posts\/4710\/revisions"}],"wp:featuredmedia":[{"embeddable":true,"href":"https:\/\/blog.panrotas.com.br\/semreserva\/wp-json\/wp\/v2\/media\/4711"}],"wp:attachment":[{"href":"https:\/\/blog.panrotas.com.br\/semreserva\/wp-json\/wp\/v2\/media?parent=4710"}],"wp:term":[{"taxonomy":"category","embeddable":true,"href":"https:\/\/blog.panrotas.com.br\/semreserva\/wp-json\/wp\/v2\/categories?post=4710"},{"taxonomy":"post_tag","embeddable":true,"href":"https:\/\/blog.panrotas.com.br\/semreserva\/wp-json\/wp\/v2\/tags?post=4710"}],"curies":[{"name":"wp","href":"https:\/\/api.w.org\/{rel}","templated":true}]}}