{"id":4714,"date":"2017-02-14T19:31:55","date_gmt":"2017-02-14T21:31:55","guid":{"rendered":"http:\/\/blog.panrotas.com.br\/semreserva\/?p=4714"},"modified":"2017-02-14T19:31:55","modified_gmt":"2017-02-14T21:31:55","slug":"aviesp-demonstra-fragilidades-dos-eventos","status":"publish","type":"post","link":"https:\/\/blog.panrotas.com.br\/semreserva\/aviesp-demonstra-fragilidades-dos-eventos\/14-02-2017\/","title":{"rendered":"Aviesp demonstra fragilidades dos eventos"},"content":{"rendered":"<p>A decis\u00e3o corajosa, para alguns, e apressada, para outros, da Aviesp, que cancelou sua feira este ano, \u00e9 a constata\u00e7\u00e3o do que h\u00e1 muito se fala: h\u00e1 muitos eventos no Turismo e poucos se manter\u00e3o em p\u00e9 com dignidade. Vale lembrar que a Aviesp j\u00e1 teve n\u00e3o um, mas dois eventos por ano, duas feiras que eram das mais disputadas por expositores e participantes (muitos deles eram barrados por n\u00e3o serem do Interior de S\u00e3o Paulo). Some-se a isso uma Feira da Avirrp que decepcionou na \u00faltima edi\u00e7\u00e3o (ser\u00e1 que agora ganha f\u00f4lego com a desist\u00eancia da Aviesp) e temos um questionamento dos mais s\u00e9rios: o que est\u00e1 ocorrendo com o Interior de S\u00e3o Paulo?<\/p>\n<p>&nbsp;<\/p>\n<p>A proximidade com a capital paulista e a tecnologia que aproxima compradores de fornecedores no Brasil e no mundo acabaram por pulverizar a for\u00e7a do interior? Operadoras j\u00e1 fecharam filiais na regi\u00e3o, outras n\u00e3o aguentaram e quebraram. O Visit USA n\u00e3o ter\u00e1 sua edi\u00e7\u00e3o em Campinas este ano e Viracopos perdeu muitos voos internacionais.<\/p>\n<p>&nbsp;<\/p>\n<p>Por outro lado, o grupo Royal Palm anuncia sua maior expans\u00e3o, em Campinas, abre novos hot\u00e9is no interior e sinaliza que a regi\u00e3o permanece forte. A Azul cresce ligando esse interior a outros interiores do Brasil e diversos consolidadores reiteram os investimentos em Ribeir\u00e3o Preto e Campinas pelo menos.<\/p>\n<p>&nbsp;<\/p>\n<p>Teria a Aviesp se equivocado? N\u00e3o soube vender bem seu evento, que estava em uma curva ascendente de qualidade, especialmente se comparada \u00e0 Avirrp?<\/p>\n<p>&nbsp;<\/p>\n<p>O fato de a Ancoradouro realizar seu encontro anual, em Atibaia, nos mesmos dias da Aviesp com certeza tem um peso enorme no insucesso da feira de Campinas. S\u00e3o 450 agentes de viagens, convidados, com tudo pago e encontros cara a cara com dezenas de fornecedores, e que esperam ansiosamente pelo evento da consolidadora. A Aviesp errou ao n\u00e3o mudar a data de seu evento? A Ancoradouro h\u00e1 anos j\u00e1 n\u00e3o expunha na Aviesp&#8230; Quem quantificar\u00e1 o impacto real dessa guerra de eventos?<\/p>\n<p>&nbsp;<\/p>\n<p>E al\u00e9m de tudo isso, h\u00e1 o questionamento do modelo de feiras em si. A Braztoa j\u00e1 uniu seus eventos \u00e0 WTM Latin America e \u00e0 Abav; o Sal\u00e3o do Turismo foi sem deixar saudades; feiras novas chegaram com alarde e sa\u00edram do mapa sem deixar saudade ou fazer barulho. A Abav Expo tenta se reerguer, mas vemos como os eventos t\u00eam sofrido para manter o interesse de participantes e patrocinadores. N\u00e3o \u00e9 f\u00e1cil, mas a criatividade e a vontade de mudar (para n\u00e3o dizer necessidade) t\u00eam criado boas alternativas. A pr\u00f3pria Abav 2016 viu a luz no fim do t\u00fanel; a Flytour Viagens apostou em um novo modelo e este ano far\u00e1 duas feiras, uma em Campinas e outra em Santos; a WTM Latin America achou seu fil\u00e3o, internacional; e a Travelweek reiuna absoluta no segmento de luxo.<\/p>\n<p>&nbsp;<\/p>\n<p>Acho que a Aviesp se precipitou ou n\u00e3o soube buscar alternativas, mas, com os n\u00fameros na m\u00e3o, Fernando Santos, seu presidente, decidiu recuar e preservar o caixa da entidade. Como ser\u00e1 o retorno? Dif\u00edcil. Mas poss\u00edvel.<\/p>\n<p>&nbsp;<\/p>\n<p>A quantidade de eventos no Turismo, n\u00e3o se iludam, cresceu. E muito. As feiras est\u00e3o diminuindo, mas os eventos personalizados, com o retorno do investimento \u00e0s claras e conte\u00fado priorizado s\u00e3o tend\u00eancia. Quem \u00e9 agente de viagens sabe como a quantidade de eventos aumentou nos \u00faltimos meses, ou dois anos. S\u00e3o eventos menores, com convidados e conte\u00fados controlados, que destoam do modelo de feira antigo&#8230; de passar no estande, comer um p\u00e3o de queijo, pegar uma sacola de papel\u00e3o e seguir para outro fornecedor. A CVC j\u00e1 fez acender a luz amarela no ano passado, suspendendo toda participa\u00e7\u00e3o em feiras.<\/p>\n<p>&nbsp;<\/p>\n<p>Acho que a Aviesp fez acender a luz vermelha.<\/p>\n<p>&nbsp;<\/p>\n<p>E que venha logo essa retomada. Ou mais projetos que n\u00e3o se atualizarem ter\u00e3o de dar uma pausa (for\u00e7ada) para reflex\u00e3o.<\/p>\n","protected":false},"excerpt":{"rendered":"<p>A decis\u00e3o corajosa, para alguns, e apressada, para outros, da Aviesp, que cancelou sua feira este ano, \u00e9 a constata\u00e7\u00e3o do que h\u00e1 muito se fala: h\u00e1 muitos eventos no Turismo e poucos se manter\u00e3o em p\u00e9 com dignidade. Vale lembrar que a Aviesp j\u00e1 teve n\u00e3o um, mas dois eventos por ano, duas feiras [&hellip;]<\/p>\n","protected":false},"author":7,"featured_media":4715,"comment_status":"open","ping_status":"open","sticky":false,"template":"","format":"standard","meta":{"spay_email":""},"categories":[2],"tags":[],"yoast_head":"<!-- This site is optimized with the Yoast SEO plugin v17.3 - https:\/\/yoast.com\/wordpress\/plugins\/seo\/ -->\n<title>Aviesp demonstra fragilidades dos eventos -<\/title>\n<meta name=\"description\" content=\"Aviesp demonstra fragilidades dos eventos. Confira essa Mat\u00e9ria no Canal Sem reserva. \u27a4 Projeto em parceria com a PANROTAS.\" \/>\n<meta name=\"robots\" content=\"index, follow, max-snippet:-1, max-image-preview:large, max-video-preview:-1\" \/>\n<link rel=\"canonical\" href=\"https:\/\/blog.panrotas.com.br\/semreserva\/aviesp-demonstra-fragilidades-dos-eventos\/14-02-2017\/\" \/>\n<meta property=\"og:locale\" content=\"pt_BR\" \/>\n<meta property=\"og:type\" content=\"article\" \/>\n<meta property=\"og:title\" content=\"Aviesp demonstra fragilidades dos eventos -\" \/>\n<meta property=\"og:description\" content=\"Aviesp demonstra fragilidades dos eventos. Confira essa Mat\u00e9ria no Canal Sem reserva. \u27a4 Projeto em parceria com a PANROTAS.\" \/>\n<meta property=\"og:url\" content=\"https:\/\/blog.panrotas.com.br\/semreserva\/aviesp-demonstra-fragilidades-dos-eventos\/14-02-2017\/\" \/>\n<meta property=\"og:site_name\" content=\"Sem reserva\" \/>\n<meta property=\"article:publisher\" content=\"https:\/\/www.facebook.com\/portalpanrotas\/\" \/>\n<meta property=\"article:published_time\" content=\"2017-02-14T21:31:55+00:00\" \/>\n<meta property=\"og:image\" content=\"https:\/\/blog.panrotas.com.br\/semreserva\/wp-content\/uploads\/sites\/5\/2017\/02\/pastedImage.jpg\" \/>\n\t<meta property=\"og:image:width\" content=\"670\" \/>\n\t<meta property=\"og:image:height\" content=\"400\" \/>\n<meta name=\"twitter:card\" content=\"summary_large_image\" \/>\n<meta name=\"twitter:creator\" content=\"@portalpanrotas\" \/>\n<meta name=\"twitter:site\" content=\"@portalpanrotas\" \/>\n<meta name=\"twitter:label1\" content=\"Escrito por\" \/>\n\t<meta name=\"twitter:data1\" content=\"Artur Andrade\" \/>\n\t<meta name=\"twitter:label2\" content=\"Est. tempo de leitura\" \/>\n\t<meta name=\"twitter:data2\" content=\"3 minutos\" \/>\n<script type=\"application\/ld+json\" class=\"yoast-schema-graph\">{\"@context\":\"https:\/\/schema.org\",\"@graph\":[{\"@type\":\"Organization\",\"@id\":\"http:\/\/blog.panrotas.com.br\/semreserva\/#organization\",\"name\":\"Sem Reserva - Blog no Portal PANROTAS\",\"url\":\"http:\/\/blog.panrotas.com.br\/semreserva\/\",\"sameAs\":[\"https:\/\/www.facebook.com\/portalpanrotas\/\",\"https:\/\/www.instagram.com\/portalpanrotas\/\",\"https:\/\/br.linkedin.com\/company\/panrotas\",\"https:\/\/www.youtube.com\/tvpanrotas\",\"https:\/\/twitter.com\/portalpanrotas\"],\"logo\":{\"@type\":\"ImageObject\",\"@id\":\"http:\/\/blog.panrotas.com.br\/semreserva\/#logo\",\"inLanguage\":\"pt-BR\",\"url\":\"https:\/\/blog.panrotas.com.br\/semreserva\/wp-content\/uploads\/sites\/5\/2020\/06\/logo.png\",\"contentUrl\":\"https:\/\/blog.panrotas.com.br\/semreserva\/wp-content\/uploads\/sites\/5\/2020\/06\/logo.png\",\"width\":259,\"height\":53,\"caption\":\"Sem Reserva - Blog no Portal PANROTAS\"},\"image\":{\"@id\":\"http:\/\/blog.panrotas.com.br\/semreserva\/#logo\"}},{\"@type\":\"WebSite\",\"@id\":\"http:\/\/blog.panrotas.com.br\/semreserva\/#website\",\"url\":\"http:\/\/blog.panrotas.com.br\/semreserva\/\",\"name\":\"Sem reserva\",\"description\":\"Blogosfera PANROTAS\",\"publisher\":{\"@id\":\"http:\/\/blog.panrotas.com.br\/semreserva\/#organization\"},\"potentialAction\":[{\"@type\":\"SearchAction\",\"target\":{\"@type\":\"EntryPoint\",\"urlTemplate\":\"http:\/\/blog.panrotas.com.br\/semreserva\/?s={search_term_string}\"},\"query-input\":\"required name=search_term_string\"}],\"inLanguage\":\"pt-BR\"},{\"@type\":\"ImageObject\",\"@id\":\"https:\/\/blog.panrotas.com.br\/semreserva\/aviesp-demonstra-fragilidades-dos-eventos\/14-02-2017\/#primaryimage\",\"inLanguage\":\"pt-BR\",\"url\":\"https:\/\/blog.panrotas.com.br\/semreserva\/wp-content\/uploads\/sites\/5\/2017\/02\/pastedImage.jpg\",\"contentUrl\":\"https:\/\/blog.panrotas.com.br\/semreserva\/wp-content\/uploads\/sites\/5\/2017\/02\/pastedImage.jpg\",\"width\":670,\"height\":400},{\"@type\":\"WebPage\",\"@id\":\"https:\/\/blog.panrotas.com.br\/semreserva\/aviesp-demonstra-fragilidades-dos-eventos\/14-02-2017\/#webpage\",\"url\":\"https:\/\/blog.panrotas.com.br\/semreserva\/aviesp-demonstra-fragilidades-dos-eventos\/14-02-2017\/\",\"name\":\"Aviesp demonstra fragilidades dos eventos -\",\"isPartOf\":{\"@id\":\"http:\/\/blog.panrotas.com.br\/semreserva\/#website\"},\"primaryImageOfPage\":{\"@id\":\"https:\/\/blog.panrotas.com.br\/semreserva\/aviesp-demonstra-fragilidades-dos-eventos\/14-02-2017\/#primaryimage\"},\"datePublished\":\"2017-02-14T21:31:55+00:00\",\"dateModified\":\"2017-02-14T21:31:55+00:00\",\"description\":\"Aviesp demonstra fragilidades dos eventos. Confira essa Mat\\u00e9ria no Canal Sem reserva. \\u27a4 Projeto em parceria com a PANROTAS.\",\"breadcrumb\":{\"@id\":\"https:\/\/blog.panrotas.com.br\/semreserva\/aviesp-demonstra-fragilidades-dos-eventos\/14-02-2017\/#breadcrumb\"},\"inLanguage\":\"pt-BR\",\"potentialAction\":[{\"@type\":\"ReadAction\",\"target\":[\"https:\/\/blog.panrotas.com.br\/semreserva\/aviesp-demonstra-fragilidades-dos-eventos\/14-02-2017\/\"]}]},{\"@type\":\"BreadcrumbList\",\"@id\":\"https:\/\/blog.panrotas.com.br\/semreserva\/aviesp-demonstra-fragilidades-dos-eventos\/14-02-2017\/#breadcrumb\",\"itemListElement\":[{\"@type\":\"ListItem\",\"position\":1,\"name\":\"Home do Blog\",\"item\":\"http:\/\/blog.panrotas.com.br\/semreserva\/\"},{\"@type\":\"ListItem\",\"position\":2,\"name\":\"Dia a dia\",\"item\":\"https:\/\/blog.panrotas.com.br\/semreserva\/category\/dia-a-dia\/\"},{\"@type\":\"ListItem\",\"position\":3,\"name\":\"Aviesp demonstra fragilidades dos eventos\"}]},{\"@type\":\"Article\",\"@id\":\"https:\/\/blog.panrotas.com.br\/semreserva\/aviesp-demonstra-fragilidades-dos-eventos\/14-02-2017\/#article\",\"isPartOf\":{\"@id\":\"https:\/\/blog.panrotas.com.br\/semreserva\/aviesp-demonstra-fragilidades-dos-eventos\/14-02-2017\/#webpage\"},\"author\":{\"@id\":\"http:\/\/blog.panrotas.com.br\/semreserva\/#\/schema\/person\/c93b4555f6a497d2d83c25dcb80f61ed\"},\"headline\":\"Aviesp demonstra fragilidades dos eventos\",\"datePublished\":\"2017-02-14T21:31:55+00:00\",\"dateModified\":\"2017-02-14T21:31:55+00:00\",\"mainEntityOfPage\":{\"@id\":\"https:\/\/blog.panrotas.com.br\/semreserva\/aviesp-demonstra-fragilidades-dos-eventos\/14-02-2017\/#webpage\"},\"wordCount\":690,\"commentCount\":0,\"publisher\":{\"@id\":\"http:\/\/blog.panrotas.com.br\/semreserva\/#organization\"},\"image\":{\"@id\":\"https:\/\/blog.panrotas.com.br\/semreserva\/aviesp-demonstra-fragilidades-dos-eventos\/14-02-2017\/#primaryimage\"},\"thumbnailUrl\":\"https:\/\/blog.panrotas.com.br\/semreserva\/wp-content\/uploads\/sites\/5\/2017\/02\/pastedImage.jpg\",\"articleSection\":[\"Dia a dia\"],\"inLanguage\":\"pt-BR\",\"potentialAction\":[{\"@type\":\"CommentAction\",\"name\":\"Comment\",\"target\":[\"https:\/\/blog.panrotas.com.br\/semreserva\/aviesp-demonstra-fragilidades-dos-eventos\/14-02-2017\/#respond\"]}]},{\"@type\":\"Person\",\"@id\":\"http:\/\/blog.panrotas.com.br\/semreserva\/#\/schema\/person\/c93b4555f6a497d2d83c25dcb80f61ed\",\"name\":\"Artur Andrade\",\"image\":{\"@type\":\"ImageObject\",\"@id\":\"http:\/\/blog.panrotas.com.br\/semreserva\/#personlogo\",\"inLanguage\":\"pt-BR\",\"url\":\"https:\/\/secure.gravatar.com\/avatar\/a94564d630220cefd5c82f3452ac1ef4?s=96&d=mm&r=g\",\"contentUrl\":\"https:\/\/secure.gravatar.com\/avatar\/a94564d630220cefd5c82f3452ac1ef4?s=96&d=mm&r=g\",\"caption\":\"Artur Andrade\"},\"description\":\"Artur Luiz Andrade \\u00e9 carioca, taurino, jornalista e nasceu em 1969. \\u00c9 editor-chefe da PANROTAS Editora e mora em S\\u00e3o Paulo desde 1998\",\"sameAs\":[\"http:\/\/www.panrotas.com.br\"]}]}<\/script>\n<!-- \/ Yoast SEO plugin. -->","yoast_head_json":{"title":"Aviesp demonstra fragilidades dos eventos -","description":"Aviesp demonstra fragilidades dos eventos. Confira essa Mat\u00e9ria no Canal Sem reserva. \u27a4 Projeto em parceria com a PANROTAS.","robots":{"index":"index","follow":"follow","max-snippet":"max-snippet:-1","max-image-preview":"max-image-preview:large","max-video-preview":"max-video-preview:-1"},"canonical":"https:\/\/blog.panrotas.com.br\/semreserva\/aviesp-demonstra-fragilidades-dos-eventos\/14-02-2017\/","og_locale":"pt_BR","og_type":"article","og_title":"Aviesp demonstra fragilidades dos eventos -","og_description":"Aviesp demonstra fragilidades dos eventos. Confira essa Mat\u00e9ria no Canal Sem reserva. \u27a4 Projeto em parceria com a PANROTAS.","og_url":"https:\/\/blog.panrotas.com.br\/semreserva\/aviesp-demonstra-fragilidades-dos-eventos\/14-02-2017\/","og_site_name":"Sem reserva","article_publisher":"https:\/\/www.facebook.com\/portalpanrotas\/","article_published_time":"2017-02-14T21:31:55+00:00","og_image":[{"width":670,"height":400,"url":"https:\/\/blog.panrotas.com.br\/semreserva\/wp-content\/uploads\/sites\/5\/2017\/02\/pastedImage.jpg","type":"image\/jpeg"}],"twitter_card":"summary_large_image","twitter_creator":"@portalpanrotas","twitter_site":"@portalpanrotas","twitter_misc":{"Escrito por":"Artur Andrade","Est. tempo de leitura":"3 minutos"},"schema":{"@context":"https:\/\/schema.org","@graph":[{"@type":"Organization","@id":"http:\/\/blog.panrotas.com.br\/semreserva\/#organization","name":"Sem Reserva - Blog no Portal PANROTAS","url":"http:\/\/blog.panrotas.com.br\/semreserva\/","sameAs":["https:\/\/www.facebook.com\/portalpanrotas\/","https:\/\/www.instagram.com\/portalpanrotas\/","https:\/\/br.linkedin.com\/company\/panrotas","https:\/\/www.youtube.com\/tvpanrotas","https:\/\/twitter.com\/portalpanrotas"],"logo":{"@type":"ImageObject","@id":"http:\/\/blog.panrotas.com.br\/semreserva\/#logo","inLanguage":"pt-BR","url":"https:\/\/blog.panrotas.com.br\/semreserva\/wp-content\/uploads\/sites\/5\/2020\/06\/logo.png","contentUrl":"https:\/\/blog.panrotas.com.br\/semreserva\/wp-content\/uploads\/sites\/5\/2020\/06\/logo.png","width":259,"height":53,"caption":"Sem Reserva - Blog no Portal PANROTAS"},"image":{"@id":"http:\/\/blog.panrotas.com.br\/semreserva\/#logo"}},{"@type":"WebSite","@id":"http:\/\/blog.panrotas.com.br\/semreserva\/#website","url":"http:\/\/blog.panrotas.com.br\/semreserva\/","name":"Sem reserva","description":"Blogosfera PANROTAS","publisher":{"@id":"http:\/\/blog.panrotas.com.br\/semreserva\/#organization"},"potentialAction":[{"@type":"SearchAction","target":{"@type":"EntryPoint","urlTemplate":"http:\/\/blog.panrotas.com.br\/semreserva\/?s={search_term_string}"},"query-input":"required name=search_term_string"}],"inLanguage":"pt-BR"},{"@type":"ImageObject","@id":"https:\/\/blog.panrotas.com.br\/semreserva\/aviesp-demonstra-fragilidades-dos-eventos\/14-02-2017\/#primaryimage","inLanguage":"pt-BR","url":"https:\/\/blog.panrotas.com.br\/semreserva\/wp-content\/uploads\/sites\/5\/2017\/02\/pastedImage.jpg","contentUrl":"https:\/\/blog.panrotas.com.br\/semreserva\/wp-content\/uploads\/sites\/5\/2017\/02\/pastedImage.jpg","width":670,"height":400},{"@type":"WebPage","@id":"https:\/\/blog.panrotas.com.br\/semreserva\/aviesp-demonstra-fragilidades-dos-eventos\/14-02-2017\/#webpage","url":"https:\/\/blog.panrotas.com.br\/semreserva\/aviesp-demonstra-fragilidades-dos-eventos\/14-02-2017\/","name":"Aviesp demonstra fragilidades dos eventos -","isPartOf":{"@id":"http:\/\/blog.panrotas.com.br\/semreserva\/#website"},"primaryImageOfPage":{"@id":"https:\/\/blog.panrotas.com.br\/semreserva\/aviesp-demonstra-fragilidades-dos-eventos\/14-02-2017\/#primaryimage"},"datePublished":"2017-02-14T21:31:55+00:00","dateModified":"2017-02-14T21:31:55+00:00","description":"Aviesp demonstra fragilidades dos eventos. Confira essa Mat\u00e9ria no Canal Sem reserva. \u27a4 Projeto em parceria com a PANROTAS.","breadcrumb":{"@id":"https:\/\/blog.panrotas.com.br\/semreserva\/aviesp-demonstra-fragilidades-dos-eventos\/14-02-2017\/#breadcrumb"},"inLanguage":"pt-BR","potentialAction":[{"@type":"ReadAction","target":["https:\/\/blog.panrotas.com.br\/semreserva\/aviesp-demonstra-fragilidades-dos-eventos\/14-02-2017\/"]}]},{"@type":"BreadcrumbList","@id":"https:\/\/blog.panrotas.com.br\/semreserva\/aviesp-demonstra-fragilidades-dos-eventos\/14-02-2017\/#breadcrumb","itemListElement":[{"@type":"ListItem","position":1,"name":"Home do Blog","item":"http:\/\/blog.panrotas.com.br\/semreserva\/"},{"@type":"ListItem","position":2,"name":"Dia a dia","item":"https:\/\/blog.panrotas.com.br\/semreserva\/category\/dia-a-dia\/"},{"@type":"ListItem","position":3,"name":"Aviesp demonstra fragilidades dos eventos"}]},{"@type":"Article","@id":"https:\/\/blog.panrotas.com.br\/semreserva\/aviesp-demonstra-fragilidades-dos-eventos\/14-02-2017\/#article","isPartOf":{"@id":"https:\/\/blog.panrotas.com.br\/semreserva\/aviesp-demonstra-fragilidades-dos-eventos\/14-02-2017\/#webpage"},"author":{"@id":"http:\/\/blog.panrotas.com.br\/semreserva\/#\/schema\/person\/c93b4555f6a497d2d83c25dcb80f61ed"},"headline":"Aviesp demonstra fragilidades dos eventos","datePublished":"2017-02-14T21:31:55+00:00","dateModified":"2017-02-14T21:31:55+00:00","mainEntityOfPage":{"@id":"https:\/\/blog.panrotas.com.br\/semreserva\/aviesp-demonstra-fragilidades-dos-eventos\/14-02-2017\/#webpage"},"wordCount":690,"commentCount":0,"publisher":{"@id":"http:\/\/blog.panrotas.com.br\/semreserva\/#organization"},"image":{"@id":"https:\/\/blog.panrotas.com.br\/semreserva\/aviesp-demonstra-fragilidades-dos-eventos\/14-02-2017\/#primaryimage"},"thumbnailUrl":"https:\/\/blog.panrotas.com.br\/semreserva\/wp-content\/uploads\/sites\/5\/2017\/02\/pastedImage.jpg","articleSection":["Dia a dia"],"inLanguage":"pt-BR","potentialAction":[{"@type":"CommentAction","name":"Comment","target":["https:\/\/blog.panrotas.com.br\/semreserva\/aviesp-demonstra-fragilidades-dos-eventos\/14-02-2017\/#respond"]}]},{"@type":"Person","@id":"http:\/\/blog.panrotas.com.br\/semreserva\/#\/schema\/person\/c93b4555f6a497d2d83c25dcb80f61ed","name":"Artur Andrade","image":{"@type":"ImageObject","@id":"http:\/\/blog.panrotas.com.br\/semreserva\/#personlogo","inLanguage":"pt-BR","url":"https:\/\/secure.gravatar.com\/avatar\/a94564d630220cefd5c82f3452ac1ef4?s=96&d=mm&r=g","contentUrl":"https:\/\/secure.gravatar.com\/avatar\/a94564d630220cefd5c82f3452ac1ef4?s=96&d=mm&r=g","caption":"Artur Andrade"},"description":"Artur Luiz Andrade \u00e9 carioca, taurino, jornalista e nasceu em 1969. \u00c9 editor-chefe da PANROTAS Editora e mora em S\u00e3o Paulo desde 1998","sameAs":["http:\/\/www.panrotas.com.br"]}]}},"jetpack_featured_media_url":"https:\/\/blog.panrotas.com.br\/semreserva\/wp-content\/uploads\/sites\/5\/2017\/02\/pastedImage.jpg","jetpack_shortlink":"https:\/\/wp.me\/p7idIU-1e2","_links":{"self":[{"href":"https:\/\/blog.panrotas.com.br\/semreserva\/wp-json\/wp\/v2\/posts\/4714"}],"collection":[{"href":"https:\/\/blog.panrotas.com.br\/semreserva\/wp-json\/wp\/v2\/posts"}],"about":[{"href":"https:\/\/blog.panrotas.com.br\/semreserva\/wp-json\/wp\/v2\/types\/post"}],"author":[{"embeddable":true,"href":"https:\/\/blog.panrotas.com.br\/semreserva\/wp-json\/wp\/v2\/users\/7"}],"replies":[{"embeddable":true,"href":"https:\/\/blog.panrotas.com.br\/semreserva\/wp-json\/wp\/v2\/comments?post=4714"}],"version-history":[{"count":0,"href":"https:\/\/blog.panrotas.com.br\/semreserva\/wp-json\/wp\/v2\/posts\/4714\/revisions"}],"wp:featuredmedia":[{"embeddable":true,"href":"https:\/\/blog.panrotas.com.br\/semreserva\/wp-json\/wp\/v2\/media\/4715"}],"wp:attachment":[{"href":"https:\/\/blog.panrotas.com.br\/semreserva\/wp-json\/wp\/v2\/media?parent=4714"}],"wp:term":[{"taxonomy":"category","embeddable":true,"href":"https:\/\/blog.panrotas.com.br\/semreserva\/wp-json\/wp\/v2\/categories?post=4714"},{"taxonomy":"post_tag","embeddable":true,"href":"https:\/\/blog.panrotas.com.br\/semreserva\/wp-json\/wp\/v2\/tags?post=4714"}],"curies":[{"name":"wp","href":"https:\/\/api.w.org\/{rel}","templated":true}]}}