{"id":4744,"date":"2017-05-08T18:37:09","date_gmt":"2017-05-08T21:37:09","guid":{"rendered":"http:\/\/blog.panrotas.com.br\/semreserva\/?p=4744"},"modified":"2017-05-08T18:37:09","modified_gmt":"2017-05-08T21:37:09","slug":"fazendo-as-contas-o-grupo-cvc","status":"publish","type":"post","link":"https:\/\/blog.panrotas.com.br\/semreserva\/fazendo-as-contas-o-grupo-cvc\/08-05-2017\/","title":{"rendered":"Fazendo as contas&#8230; o Grupo CVC"},"content":{"rendered":"<p><span style=\"color: #000000;font-family: Calibri\">Com cerca de US$ 9 bilh\u00f5es em receita de um total de quase US$ 70 bilh\u00f5es em vendas, a gigante mundial Expedia \u00e9 hoje uma refer\u00eancia quando se fala em atua\u00e7\u00e3o global, poderio econ\u00f4mico, for\u00e7a de vendas&#8230;<\/span><\/p>\n<p><span style=\"color: #000000;font-family: Calibri\">\u00a0<\/span><\/p>\n<p><span style=\"color: #000000;font-family: Calibri\">No Brasil, o Turismo ainda n\u00e3o tem esses n\u00fameros estratosf\u00e9ricos mas \u00e9 preciso relativizar e levarmos em conta o tamanho de nossa regi\u00e3o. Nossa CVC tem os mesmos 9 bilh\u00f5es da Expedia, mas em reais e vendas totais (n\u00e3o em receita). Ou cerca de US$ 3 bilh\u00f5es. Tr\u00eas vezes menos que a receita da Expedia e muitas vezes menos que as vendas da maior empresa global de Viagens e Turismo. <\/span><\/p>\n<p><span style=\"color: #000000;font-family: Calibri\">\u00a0<\/span><\/p>\n<p><span style=\"color: #000000;font-family: Calibri\">Os dados de 2016 da CVC incluem R$ 5,5 bilh\u00f5es da operadora, R$ 2,9 bilh\u00f5es da consolidadora e R$ 400 milh\u00f5es da Submarino Viagens. Se somarmos os R$ 100 milh\u00f5es da Experimento, adquirida no final de 2016, e os R$ 1,2 bilh\u00e3o da Trend (comprada na semana passada), temos o almejado n\u00famero de R$ 10 bilh\u00f5es (cerca de US$ 3,2 bilh\u00f5es), o que torna a empresa mais relevante na bolsa, mais atraente para investidores e mais forte para brigar com os players mundiais que j\u00e1 est\u00e3o a\u00ed. Regionalmente, sem colocar o p\u00e9 fora do Brasil, a CVC j\u00e1 \u00e9 a maior operadora da Am\u00e9rica Latina. A internacionaliza\u00e7\u00e3o e a aquisi\u00e7\u00e3o de mais empresas, al\u00e9m do crescimento org\u00e2nico, levar\u00e3o o grupo a um novo patamar.<\/span><\/p>\n<p><span style=\"color: #000000;font-family: Calibri\">\u00a0<\/span><\/p>\n<p><span style=\"color: #000000;font-family: Calibri\">Uma nova CVC para concorrer com a pr\u00f3pria Expedia, hoje um megaconglomerado de empresas e ex-concorrentes (do Trivago \u00e0 Home Away, da Orbitz \u00e0 Hotels.com), com a Booking, hoje o grande concorrente da Trend, a Decolar.com (US$ 4 bilh\u00f5es de vendas na Am\u00e9rica Latina, onde atua como Despegar.com em pa\u00edses de l\u00edngua espanhola) e que domina o on-line no Brasil, a Tui, entre outras gigantes.<\/span><\/p>\n<p><span style=\"color: #000000;font-family: Calibri\">\u00a0<\/span><\/p>\n<p><span style=\"color: #000000;font-family: Calibri\">Mas tamb\u00e9m uma gigante para trazer mais investidores para o Turismo e mais dinheiro para seus acionistas. Vida normal&#8230;<\/span><\/p>\n<p><span style=\"color: #000000;font-family: Calibri\">\u00a0<\/span><\/p>\n<p><span style=\"color: #000000;font-family: Calibri\">Ou seja, faz todo sentido a CVC se fortalecer financeiramente e ter empresas que representem toda a cadeia do Turismo (falta uma TMC, talvez uma locadora de ve\u00edculos, uma operadora de luxo&#8230; mas elas vir\u00e3o, n\u00e3o se preocupem), e \u00e9 bom para o Pa\u00eds ter esse player forte na Am\u00e9rica Latina.<\/span><\/p>\n<p><span style=\"color: #000000;font-family: Calibri\">\u00a0<\/span><\/p>\n<p><span style=\"color: #000000;font-family: Calibri\">Uma quest\u00e3o que pode e deve ser levantada \u00e9: se para fora o tamanho da CVC ainda precisa de mais bilh\u00f5es de d\u00f3lares (e a internacionaliza\u00e7\u00e3o parece ser inevit\u00e1vel nesse momento), aqui dentro o valor \u00e9 bastante alto e a diferen\u00e7a do grupo para o segundo colocado (o Grupo Flytour) fica ainda maior. O dobro do tamanho. E desses dois para os demais colocados, quase um abismo&#8230;<\/span><\/p>\n<p><span style=\"color: #000000;font-family: Calibri\">\u00a0<\/span><\/p>\n<p><span style=\"color: #000000;font-family: Calibri\">O que n\u00e3o \u00e9 o fim do mundo. O gigantismo tem suas vantagens e seus pontos fracos, e \u00e9 neles que surgem oportunidades para todos. \u00c9 assim no mundo todo e nem as low cost acabaram com as empresas a\u00e9reas tradicionais, nem as OTAs com as ag\u00eancias&#8230; e por a\u00ed vai. Sim algumas empresas acabaram com o aparecimento de novas tecnologias, mas outras surgiram e o mundo est\u00e1 a\u00ed, mais din\u00e2mico e com o Turismo ainda em potencial crescimento, especialmente as viagens de lazer.<\/span><\/p>\n<p><span style=\"color: #000000;font-family: Calibri\">\u00a0<\/span><\/p>\n<p><span style=\"color: #000000;font-family: Calibri\">Todo esse texto para dizer que hoje 50% do Grupo CVC tem suas vendas B2C e 50% nas vendas B2B para ag\u00eancias de viagens (Trend, Rextur Advance e mais R$ 1 bilh\u00e3o de receita da CVC, o que \u00e9 mais que o triplo que qualquer operadora do mercado, vendendo B2C e B2B juntos). O sucesso de um grupo como esse parece ser o de manter a identidade de cada player. Sua atua\u00e7\u00e3o. Seu atendimento. As melhorias devem se dar em processos e na escala, nas negocia\u00e7\u00f5es, no poder de compra. Mas transformar tudo em CVC e virar as costas para o B2B n\u00e3o faria o menor sentido. <\/span><\/p>\n<p><span style=\"color: #000000;font-family: Calibri\">\u00a0<\/span><\/p>\n<p><span style=\"color: #000000;font-family: Calibri\">Pelo contr\u00e1rio, fortalecer cada marca e seus vendedores faz mais sentido. A pr\u00f3pria operadora sempre conviveu bem vendendo para o p\u00fablico final (via suas lojas, que s\u00e3o ag\u00eancias de viagens e representam a for\u00e7a do off-line contra as OTAs) e para as ag\u00eancias multimarcas. Sim, ela adoraria converter todas as multimarcas em empresas CVC, mas sabe que isso n\u00e3o \u00e9 poss\u00edvel, assim como n\u00e3o era, h\u00e1 20 anos, para uma companhia a\u00e9rea ter lojas no lugar de cada ag\u00eancia. Portanto faz sentido que uma ala dentro do Grupo CVC trabalhe para fortalecer o B2B, enquanto outra cuida do B2C (tendo o on-line ainda como um calcanhar de Aquiles).<\/span><\/p>\n<p><span style=\"color: #000000;font-family: Calibri\">\u00a0<\/span><\/p>\n<p><span style=\"color: #000000;font-family: Calibri\">\u00c9 cada vez mais dif\u00edcil concorrer com esses megagrupos? Sim, se for para vender o mesmo. N\u00e3o, se for para agregar valor e buscar outra proposta de venda de viagens. H\u00e1 v\u00e1rias oportunidades e h\u00e1 cases fora do Turismo para provar isso. Uma coisa n\u00e3o elimina a outra, pelo contr\u00e1rio, abre outras frentes.<\/span><\/p>\n<p><span style=\"color: #000000;font-family: Calibri\">\u00a0<\/span><\/p>\n<p><span style=\"color: #000000;font-family: Calibri\">Mais consolida\u00e7\u00e3o de empresas vir\u00e1 por a\u00ed, assim como mais tecnologias novas, mais passageiros que querem algo diferenciado e n\u00e3o apenas pre\u00e7o. De tudo um pouco.<\/span><\/p>\n<p><span style=\"color: #000000;font-family: Calibri\">\u00a0<\/span><\/p>\n<p><span style=\"color: #000000;font-family: Calibri\">Hoje o agente de viagens vende muito mais que h\u00e1 20 anos, quando tinha 90% do mercado. Simplesmente porque o mercado aumentou consideravelmente e mesmo com um share menor, o B2B \u00e9 bem maior.<\/span><\/p>\n<p><span style=\"color: #000000;font-family: Calibri\">\u00a0<\/span><\/p>\n<p><span style=\"color: #000000;font-family: Calibri\">Outro dia li uma reportagem vintage em que a autora Janete Clair comemorava os dez milh\u00f5es de espectadores que acompanhavam sua novela, Pai Her\u00f3i, que dava at\u00e9 90% no Ibope. Hoje, dizem que a TV aberta acabou, mas os 30% da novela das nove significam 60 milh\u00f5es de pessoas e muitos ainda assistem aos programas depois, seja por gravarem ou por assinarem plataformas como a Globo Play. Ou seja, n\u00e3o se tem mais 90% de audi\u00eancia, mas fala-se para mais gente e em plataformas diversas&#8230;<\/span><\/p>\n<p><span style=\"color: #000000;font-family: Calibri\">\u00a0<\/span><\/p>\n<p><span style=\"color: #000000;font-family: Calibri\">O gigantismo da CVC pode assustar, mas ele tamb\u00e9m cria oportunidades para todos. E para o Pa\u00eds \u00e9 bom ter empresas que podem se tornar globais e l\u00edderes em diversos setores, est\u00e3o a\u00ed as empresas de cerveja ou carne que provam isso. Quem \u00e9 o dono aos poucos est\u00e1 deixando de ser o mais importante nesses grandes neg\u00f3cios; j\u00e1 nos nichos e na atua\u00e7\u00e3o em menor escala, \u00e9 o olho do dono que faz a diferen\u00e7a.<\/span><\/p>\n<p><span style=\"color: #000000;font-family: Calibri\">\u00a0<\/span><\/p>\n<p><span style=\"color: #000000;font-family: Calibri\">Uma matem\u00e1tica complexa e angustiante. Mas quem disse que seria f\u00e1cil?<\/span><\/p>\n<p><span style=\"color: #000000;font-family: Calibri\">\u00a0<\/span><\/p>\n<p><span style=\"color: #000000;font-family: Calibri\">\u00a0<\/span><\/p>\n","protected":false},"excerpt":{"rendered":"<p>Com cerca de US$ 9 bilh\u00f5es em receita de um total de quase US$ 70 bilh\u00f5es em vendas, a gigante mundial Expedia \u00e9 hoje uma refer\u00eancia quando se fala em atua\u00e7\u00e3o global, poderio econ\u00f4mico, for\u00e7a de vendas&#8230; \u00a0 No Brasil, o Turismo ainda n\u00e3o tem esses n\u00fameros estratosf\u00e9ricos mas \u00e9 preciso relativizar e levarmos em [&hellip;]<\/p>\n","protected":false},"author":7,"featured_media":4747,"comment_status":"open","ping_status":"open","sticky":false,"template":"","format":"standard","meta":{"spay_email":""},"categories":[2],"tags":[7,19,40],"yoast_head":"<!-- This site is optimized with the Yoast SEO plugin v17.3 - https:\/\/yoast.com\/wordpress\/plugins\/seo\/ -->\n<title>Fazendo as contas... o Grupo CVC -<\/title>\n<meta name=\"description\" content=\"Fazendo as contas... o Grupo CVC. Confira essa Mat\u00e9ria no Canal Sem reserva. \u27a4 Projeto em parceria com a PANROTAS.\" \/>\n<meta name=\"robots\" content=\"index, follow, max-snippet:-1, max-image-preview:large, max-video-preview:-1\" \/>\n<link rel=\"canonical\" href=\"https:\/\/blog.panrotas.com.br\/semreserva\/fazendo-as-contas-o-grupo-cvc\/08-05-2017\/\" \/>\n<meta property=\"og:locale\" content=\"pt_BR\" \/>\n<meta property=\"og:type\" content=\"article\" \/>\n<meta property=\"og:title\" content=\"Fazendo as contas... o Grupo CVC -\" \/>\n<meta property=\"og:description\" content=\"Fazendo as contas... o Grupo CVC. Confira essa Mat\u00e9ria no Canal Sem reserva. \u27a4 Projeto em parceria com a PANROTAS.\" \/>\n<meta property=\"og:url\" content=\"https:\/\/blog.panrotas.com.br\/semreserva\/fazendo-as-contas-o-grupo-cvc\/08-05-2017\/\" \/>\n<meta property=\"og:site_name\" content=\"Sem reserva\" \/>\n<meta property=\"article:publisher\" content=\"https:\/\/www.facebook.com\/portalpanrotas\/\" \/>\n<meta property=\"article:published_time\" content=\"2017-05-08T21:37:09+00:00\" \/>\n<meta property=\"og:image\" content=\"https:\/\/blog.panrotas.com.br\/semreserva\/wp-content\/uploads\/sites\/5\/2017\/05\/CVC-1.jpg\" \/>\n\t<meta property=\"og:image:width\" content=\"1287\" \/>\n\t<meta property=\"og:image:height\" content=\"490\" \/>\n<meta name=\"twitter:card\" content=\"summary_large_image\" \/>\n<meta name=\"twitter:creator\" content=\"@portalpanrotas\" \/>\n<meta name=\"twitter:site\" content=\"@portalpanrotas\" \/>\n<meta name=\"twitter:label1\" content=\"Escrito por\" \/>\n\t<meta name=\"twitter:data1\" content=\"Artur Andrade\" \/>\n\t<meta name=\"twitter:label2\" content=\"Est. tempo de leitura\" \/>\n\t<meta name=\"twitter:data2\" content=\"5 minutos\" \/>\n<script type=\"application\/ld+json\" class=\"yoast-schema-graph\">{\"@context\":\"https:\/\/schema.org\",\"@graph\":[{\"@type\":\"Organization\",\"@id\":\"http:\/\/blog.panrotas.com.br\/semreserva\/#organization\",\"name\":\"Sem Reserva - Blog no Portal PANROTAS\",\"url\":\"http:\/\/blog.panrotas.com.br\/semreserva\/\",\"sameAs\":[\"https:\/\/www.facebook.com\/portalpanrotas\/\",\"https:\/\/www.instagram.com\/portalpanrotas\/\",\"https:\/\/br.linkedin.com\/company\/panrotas\",\"https:\/\/www.youtube.com\/tvpanrotas\",\"https:\/\/twitter.com\/portalpanrotas\"],\"logo\":{\"@type\":\"ImageObject\",\"@id\":\"http:\/\/blog.panrotas.com.br\/semreserva\/#logo\",\"inLanguage\":\"pt-BR\",\"url\":\"https:\/\/blog.panrotas.com.br\/semreserva\/wp-content\/uploads\/sites\/5\/2020\/06\/logo.png\",\"contentUrl\":\"https:\/\/blog.panrotas.com.br\/semreserva\/wp-content\/uploads\/sites\/5\/2020\/06\/logo.png\",\"width\":259,\"height\":53,\"caption\":\"Sem Reserva - Blog no Portal PANROTAS\"},\"image\":{\"@id\":\"http:\/\/blog.panrotas.com.br\/semreserva\/#logo\"}},{\"@type\":\"WebSite\",\"@id\":\"http:\/\/blog.panrotas.com.br\/semreserva\/#website\",\"url\":\"http:\/\/blog.panrotas.com.br\/semreserva\/\",\"name\":\"Sem reserva\",\"description\":\"Blogosfera PANROTAS\",\"publisher\":{\"@id\":\"http:\/\/blog.panrotas.com.br\/semreserva\/#organization\"},\"potentialAction\":[{\"@type\":\"SearchAction\",\"target\":{\"@type\":\"EntryPoint\",\"urlTemplate\":\"http:\/\/blog.panrotas.com.br\/semreserva\/?s={search_term_string}\"},\"query-input\":\"required name=search_term_string\"}],\"inLanguage\":\"pt-BR\"},{\"@type\":\"ImageObject\",\"@id\":\"https:\/\/blog.panrotas.com.br\/semreserva\/fazendo-as-contas-o-grupo-cvc\/08-05-2017\/#primaryimage\",\"inLanguage\":\"pt-BR\",\"url\":\"https:\/\/blog.panrotas.com.br\/semreserva\/wp-content\/uploads\/sites\/5\/2017\/05\/CVC-1.jpg\",\"contentUrl\":\"https:\/\/blog.panrotas.com.br\/semreserva\/wp-content\/uploads\/sites\/5\/2017\/05\/CVC-1.jpg\",\"width\":1287,\"height\":490},{\"@type\":\"WebPage\",\"@id\":\"https:\/\/blog.panrotas.com.br\/semreserva\/fazendo-as-contas-o-grupo-cvc\/08-05-2017\/#webpage\",\"url\":\"https:\/\/blog.panrotas.com.br\/semreserva\/fazendo-as-contas-o-grupo-cvc\/08-05-2017\/\",\"name\":\"Fazendo as contas... o Grupo CVC -\",\"isPartOf\":{\"@id\":\"http:\/\/blog.panrotas.com.br\/semreserva\/#website\"},\"primaryImageOfPage\":{\"@id\":\"https:\/\/blog.panrotas.com.br\/semreserva\/fazendo-as-contas-o-grupo-cvc\/08-05-2017\/#primaryimage\"},\"datePublished\":\"2017-05-08T21:37:09+00:00\",\"dateModified\":\"2017-05-08T21:37:09+00:00\",\"description\":\"Fazendo as contas... o Grupo CVC. Confira essa Mat\\u00e9ria no Canal Sem reserva. \\u27a4 Projeto em parceria com a PANROTAS.\",\"breadcrumb\":{\"@id\":\"https:\/\/blog.panrotas.com.br\/semreserva\/fazendo-as-contas-o-grupo-cvc\/08-05-2017\/#breadcrumb\"},\"inLanguage\":\"pt-BR\",\"potentialAction\":[{\"@type\":\"ReadAction\",\"target\":[\"https:\/\/blog.panrotas.com.br\/semreserva\/fazendo-as-contas-o-grupo-cvc\/08-05-2017\/\"]}]},{\"@type\":\"BreadcrumbList\",\"@id\":\"https:\/\/blog.panrotas.com.br\/semreserva\/fazendo-as-contas-o-grupo-cvc\/08-05-2017\/#breadcrumb\",\"itemListElement\":[{\"@type\":\"ListItem\",\"position\":1,\"name\":\"Home do Blog\",\"item\":\"http:\/\/blog.panrotas.com.br\/semreserva\/\"},{\"@type\":\"ListItem\",\"position\":2,\"name\":\"Dia a dia\",\"item\":\"https:\/\/blog.panrotas.com.br\/semreserva\/category\/dia-a-dia\/\"},{\"@type\":\"ListItem\",\"position\":3,\"name\":\"Fazendo as contas&#8230; o Grupo CVC\"}]},{\"@type\":\"Article\",\"@id\":\"https:\/\/blog.panrotas.com.br\/semreserva\/fazendo-as-contas-o-grupo-cvc\/08-05-2017\/#article\",\"isPartOf\":{\"@id\":\"https:\/\/blog.panrotas.com.br\/semreserva\/fazendo-as-contas-o-grupo-cvc\/08-05-2017\/#webpage\"},\"author\":{\"@id\":\"http:\/\/blog.panrotas.com.br\/semreserva\/#\/schema\/person\/c93b4555f6a497d2d83c25dcb80f61ed\"},\"headline\":\"Fazendo as contas&#8230; o Grupo CVC\",\"datePublished\":\"2017-05-08T21:37:09+00:00\",\"dateModified\":\"2017-05-08T21:37:09+00:00\",\"mainEntityOfPage\":{\"@id\":\"https:\/\/blog.panrotas.com.br\/semreserva\/fazendo-as-contas-o-grupo-cvc\/08-05-2017\/#webpage\"},\"wordCount\":1081,\"commentCount\":0,\"publisher\":{\"@id\":\"http:\/\/blog.panrotas.com.br\/semreserva\/#organization\"},\"image\":{\"@id\":\"https:\/\/blog.panrotas.com.br\/semreserva\/fazendo-as-contas-o-grupo-cvc\/08-05-2017\/#primaryimage\"},\"thumbnailUrl\":\"https:\/\/blog.panrotas.com.br\/semreserva\/wp-content\/uploads\/sites\/5\/2017\/05\/CVC-1.jpg\",\"keywords\":[\"aquisi\\u00e7\\u00f5es turismo\",\"cvc\",\"M&amp;A tourism Brazil\"],\"articleSection\":[\"Dia a dia\"],\"inLanguage\":\"pt-BR\",\"potentialAction\":[{\"@type\":\"CommentAction\",\"name\":\"Comment\",\"target\":[\"https:\/\/blog.panrotas.com.br\/semreserva\/fazendo-as-contas-o-grupo-cvc\/08-05-2017\/#respond\"]}]},{\"@type\":\"Person\",\"@id\":\"http:\/\/blog.panrotas.com.br\/semreserva\/#\/schema\/person\/c93b4555f6a497d2d83c25dcb80f61ed\",\"name\":\"Artur Andrade\",\"image\":{\"@type\":\"ImageObject\",\"@id\":\"http:\/\/blog.panrotas.com.br\/semreserva\/#personlogo\",\"inLanguage\":\"pt-BR\",\"url\":\"https:\/\/secure.gravatar.com\/avatar\/a94564d630220cefd5c82f3452ac1ef4?s=96&d=mm&r=g\",\"contentUrl\":\"https:\/\/secure.gravatar.com\/avatar\/a94564d630220cefd5c82f3452ac1ef4?s=96&d=mm&r=g\",\"caption\":\"Artur Andrade\"},\"description\":\"Artur Luiz Andrade \\u00e9 carioca, taurino, jornalista e nasceu em 1969. \\u00c9 editor-chefe da PANROTAS Editora e mora em S\\u00e3o Paulo desde 1998\",\"sameAs\":[\"http:\/\/www.panrotas.com.br\"]}]}<\/script>\n<!-- \/ Yoast SEO plugin. -->","yoast_head_json":{"title":"Fazendo as contas... o Grupo CVC -","description":"Fazendo as contas... o Grupo CVC. Confira essa Mat\u00e9ria no Canal Sem reserva. \u27a4 Projeto em parceria com a PANROTAS.","robots":{"index":"index","follow":"follow","max-snippet":"max-snippet:-1","max-image-preview":"max-image-preview:large","max-video-preview":"max-video-preview:-1"},"canonical":"https:\/\/blog.panrotas.com.br\/semreserva\/fazendo-as-contas-o-grupo-cvc\/08-05-2017\/","og_locale":"pt_BR","og_type":"article","og_title":"Fazendo as contas... o Grupo CVC -","og_description":"Fazendo as contas... o Grupo CVC. Confira essa Mat\u00e9ria no Canal Sem reserva. \u27a4 Projeto em parceria com a PANROTAS.","og_url":"https:\/\/blog.panrotas.com.br\/semreserva\/fazendo-as-contas-o-grupo-cvc\/08-05-2017\/","og_site_name":"Sem reserva","article_publisher":"https:\/\/www.facebook.com\/portalpanrotas\/","article_published_time":"2017-05-08T21:37:09+00:00","og_image":[{"width":1287,"height":490,"url":"https:\/\/blog.panrotas.com.br\/semreserva\/wp-content\/uploads\/sites\/5\/2017\/05\/CVC-1.jpg","type":"image\/jpeg"}],"twitter_card":"summary_large_image","twitter_creator":"@portalpanrotas","twitter_site":"@portalpanrotas","twitter_misc":{"Escrito por":"Artur Andrade","Est. tempo de leitura":"5 minutos"},"schema":{"@context":"https:\/\/schema.org","@graph":[{"@type":"Organization","@id":"http:\/\/blog.panrotas.com.br\/semreserva\/#organization","name":"Sem Reserva - Blog no Portal PANROTAS","url":"http:\/\/blog.panrotas.com.br\/semreserva\/","sameAs":["https:\/\/www.facebook.com\/portalpanrotas\/","https:\/\/www.instagram.com\/portalpanrotas\/","https:\/\/br.linkedin.com\/company\/panrotas","https:\/\/www.youtube.com\/tvpanrotas","https:\/\/twitter.com\/portalpanrotas"],"logo":{"@type":"ImageObject","@id":"http:\/\/blog.panrotas.com.br\/semreserva\/#logo","inLanguage":"pt-BR","url":"https:\/\/blog.panrotas.com.br\/semreserva\/wp-content\/uploads\/sites\/5\/2020\/06\/logo.png","contentUrl":"https:\/\/blog.panrotas.com.br\/semreserva\/wp-content\/uploads\/sites\/5\/2020\/06\/logo.png","width":259,"height":53,"caption":"Sem Reserva - Blog no Portal PANROTAS"},"image":{"@id":"http:\/\/blog.panrotas.com.br\/semreserva\/#logo"}},{"@type":"WebSite","@id":"http:\/\/blog.panrotas.com.br\/semreserva\/#website","url":"http:\/\/blog.panrotas.com.br\/semreserva\/","name":"Sem reserva","description":"Blogosfera PANROTAS","publisher":{"@id":"http:\/\/blog.panrotas.com.br\/semreserva\/#organization"},"potentialAction":[{"@type":"SearchAction","target":{"@type":"EntryPoint","urlTemplate":"http:\/\/blog.panrotas.com.br\/semreserva\/?s={search_term_string}"},"query-input":"required name=search_term_string"}],"inLanguage":"pt-BR"},{"@type":"ImageObject","@id":"https:\/\/blog.panrotas.com.br\/semreserva\/fazendo-as-contas-o-grupo-cvc\/08-05-2017\/#primaryimage","inLanguage":"pt-BR","url":"https:\/\/blog.panrotas.com.br\/semreserva\/wp-content\/uploads\/sites\/5\/2017\/05\/CVC-1.jpg","contentUrl":"https:\/\/blog.panrotas.com.br\/semreserva\/wp-content\/uploads\/sites\/5\/2017\/05\/CVC-1.jpg","width":1287,"height":490},{"@type":"WebPage","@id":"https:\/\/blog.panrotas.com.br\/semreserva\/fazendo-as-contas-o-grupo-cvc\/08-05-2017\/#webpage","url":"https:\/\/blog.panrotas.com.br\/semreserva\/fazendo-as-contas-o-grupo-cvc\/08-05-2017\/","name":"Fazendo as contas... o Grupo CVC -","isPartOf":{"@id":"http:\/\/blog.panrotas.com.br\/semreserva\/#website"},"primaryImageOfPage":{"@id":"https:\/\/blog.panrotas.com.br\/semreserva\/fazendo-as-contas-o-grupo-cvc\/08-05-2017\/#primaryimage"},"datePublished":"2017-05-08T21:37:09+00:00","dateModified":"2017-05-08T21:37:09+00:00","description":"Fazendo as contas... o Grupo CVC. Confira essa Mat\u00e9ria no Canal Sem reserva. \u27a4 Projeto em parceria com a PANROTAS.","breadcrumb":{"@id":"https:\/\/blog.panrotas.com.br\/semreserva\/fazendo-as-contas-o-grupo-cvc\/08-05-2017\/#breadcrumb"},"inLanguage":"pt-BR","potentialAction":[{"@type":"ReadAction","target":["https:\/\/blog.panrotas.com.br\/semreserva\/fazendo-as-contas-o-grupo-cvc\/08-05-2017\/"]}]},{"@type":"BreadcrumbList","@id":"https:\/\/blog.panrotas.com.br\/semreserva\/fazendo-as-contas-o-grupo-cvc\/08-05-2017\/#breadcrumb","itemListElement":[{"@type":"ListItem","position":1,"name":"Home do Blog","item":"http:\/\/blog.panrotas.com.br\/semreserva\/"},{"@type":"ListItem","position":2,"name":"Dia a dia","item":"https:\/\/blog.panrotas.com.br\/semreserva\/category\/dia-a-dia\/"},{"@type":"ListItem","position":3,"name":"Fazendo as contas&#8230; o Grupo CVC"}]},{"@type":"Article","@id":"https:\/\/blog.panrotas.com.br\/semreserva\/fazendo-as-contas-o-grupo-cvc\/08-05-2017\/#article","isPartOf":{"@id":"https:\/\/blog.panrotas.com.br\/semreserva\/fazendo-as-contas-o-grupo-cvc\/08-05-2017\/#webpage"},"author":{"@id":"http:\/\/blog.panrotas.com.br\/semreserva\/#\/schema\/person\/c93b4555f6a497d2d83c25dcb80f61ed"},"headline":"Fazendo as contas&#8230; o Grupo CVC","datePublished":"2017-05-08T21:37:09+00:00","dateModified":"2017-05-08T21:37:09+00:00","mainEntityOfPage":{"@id":"https:\/\/blog.panrotas.com.br\/semreserva\/fazendo-as-contas-o-grupo-cvc\/08-05-2017\/#webpage"},"wordCount":1081,"commentCount":0,"publisher":{"@id":"http:\/\/blog.panrotas.com.br\/semreserva\/#organization"},"image":{"@id":"https:\/\/blog.panrotas.com.br\/semreserva\/fazendo-as-contas-o-grupo-cvc\/08-05-2017\/#primaryimage"},"thumbnailUrl":"https:\/\/blog.panrotas.com.br\/semreserva\/wp-content\/uploads\/sites\/5\/2017\/05\/CVC-1.jpg","keywords":["aquisi\u00e7\u00f5es turismo","cvc","M&amp;A tourism Brazil"],"articleSection":["Dia a dia"],"inLanguage":"pt-BR","potentialAction":[{"@type":"CommentAction","name":"Comment","target":["https:\/\/blog.panrotas.com.br\/semreserva\/fazendo-as-contas-o-grupo-cvc\/08-05-2017\/#respond"]}]},{"@type":"Person","@id":"http:\/\/blog.panrotas.com.br\/semreserva\/#\/schema\/person\/c93b4555f6a497d2d83c25dcb80f61ed","name":"Artur Andrade","image":{"@type":"ImageObject","@id":"http:\/\/blog.panrotas.com.br\/semreserva\/#personlogo","inLanguage":"pt-BR","url":"https:\/\/secure.gravatar.com\/avatar\/a94564d630220cefd5c82f3452ac1ef4?s=96&d=mm&r=g","contentUrl":"https:\/\/secure.gravatar.com\/avatar\/a94564d630220cefd5c82f3452ac1ef4?s=96&d=mm&r=g","caption":"Artur Andrade"},"description":"Artur Luiz Andrade \u00e9 carioca, taurino, jornalista e nasceu em 1969. \u00c9 editor-chefe da PANROTAS Editora e mora em S\u00e3o Paulo desde 1998","sameAs":["http:\/\/www.panrotas.com.br"]}]}},"jetpack_featured_media_url":"https:\/\/blog.panrotas.com.br\/semreserva\/wp-content\/uploads\/sites\/5\/2017\/05\/CVC-1.jpg","jetpack_shortlink":"https:\/\/wp.me\/p7idIU-1ew","_links":{"self":[{"href":"https:\/\/blog.panrotas.com.br\/semreserva\/wp-json\/wp\/v2\/posts\/4744"}],"collection":[{"href":"https:\/\/blog.panrotas.com.br\/semreserva\/wp-json\/wp\/v2\/posts"}],"about":[{"href":"https:\/\/blog.panrotas.com.br\/semreserva\/wp-json\/wp\/v2\/types\/post"}],"author":[{"embeddable":true,"href":"https:\/\/blog.panrotas.com.br\/semreserva\/wp-json\/wp\/v2\/users\/7"}],"replies":[{"embeddable":true,"href":"https:\/\/blog.panrotas.com.br\/semreserva\/wp-json\/wp\/v2\/comments?post=4744"}],"version-history":[{"count":0,"href":"https:\/\/blog.panrotas.com.br\/semreserva\/wp-json\/wp\/v2\/posts\/4744\/revisions"}],"wp:featuredmedia":[{"embeddable":true,"href":"https:\/\/blog.panrotas.com.br\/semreserva\/wp-json\/wp\/v2\/media\/4747"}],"wp:attachment":[{"href":"https:\/\/blog.panrotas.com.br\/semreserva\/wp-json\/wp\/v2\/media?parent=4744"}],"wp:term":[{"taxonomy":"category","embeddable":true,"href":"https:\/\/blog.panrotas.com.br\/semreserva\/wp-json\/wp\/v2\/categories?post=4744"},{"taxonomy":"post_tag","embeddable":true,"href":"https:\/\/blog.panrotas.com.br\/semreserva\/wp-json\/wp\/v2\/tags?post=4744"}],"curies":[{"name":"wp","href":"https:\/\/api.w.org\/{rel}","templated":true}]}}