{"id":4750,"date":"2017-05-29T21:58:50","date_gmt":"2017-05-30T00:58:50","guid":{"rendered":"http:\/\/blog.panrotas.com.br\/semreserva\/?p=4750"},"modified":"2017-05-29T21:58:50","modified_gmt":"2017-05-30T00:58:50","slug":"de-quem-e-uma-associacao","status":"publish","type":"post","link":"https:\/\/blog.panrotas.com.br\/semreserva\/de-quem-e-uma-associacao\/29-05-2017\/","title":{"rendered":"De quem \u00e9 uma associa\u00e7\u00e3o?"},"content":{"rendered":"<p><span style=\"background: white;margin: 0px;color: #333333;letter-spacing: -0.05pt;font-family: 'Arial',sans-serif;font-size: 14pt\">Uma entidade de classe ou associa\u00e7\u00e3o, que muitas vezes ganha nomes como f\u00f3rum e at\u00e9 mesmo grupo, na teoria n\u00e3o tem dono. Nem \u00e9 do povo, nem \u00e9 do empres\u00e1rio. Mas \u00e9 de todos. \u00c9 do setor que representar (ou quer representar). Criada, na teoria, para defender interesses comuns, com o tempo pode seguir alguns caminhos: evoluir com sua classe, acomodar-se, desvirtuar-se, mudar de rumo, descobrir novas miss\u00f5es, servir aos interesses de poucos ou mesmo perder o prazo de validade, mas continuar respirando por aparelhos.<\/span><\/p>\n<p><span style=\"background: white;margin: 0px;color: #333333;letter-spacing: -0.05pt;font-family: 'Arial',sans-serif;font-size: 14pt\">Ah sim, e dar filhotes. Associa\u00e7\u00f5es s\u00e3o quase como Gremlins, que reproduzem rapidamente e que t\u00eam dois lados, o bom e o mau.<\/span><\/p>\n<p><span style=\"background: white;margin: 0px;color: #333333;letter-spacing: -0.05pt;font-family: 'Arial',sans-serif;font-size: 14pt\">Diz o ditado que o olho do dono \u00e9 que engorda o gado e na associa\u00e7\u00e3o \u00e9 muito comum vermos um grupo de l\u00edderes (ou de not\u00e1veis) se envolver com a mesma por um longo per\u00edodo. N\u00e3o \u00e9 incomum vermos nomes se repetirem na presid\u00eancia e diretoria por anos e anos. Isso \u00e9 bom, por demonstra cuidado e interesse de longo prazo (e reclamamos muito da falta de continuidade pol\u00edtica no Minist\u00e9rio do Turismo, para ficarmos em um exemplo pr\u00f3ximo); mas tamb\u00e9m \u00e9 ruim, pois bloqueia a renova\u00e7\u00e3o e a entidade come\u00e7a a n\u00e3o falar a l\u00edngua dos novos tempos, n\u00e3o capta novos s\u00f3cios, vira uma Academia Brasileira de Letras, que discute o conceito, mas est\u00e1 distante da pr\u00e1tica.<\/span><\/p>\n<p><span style=\"background: white;margin: 0px;color: #333333;letter-spacing: -0.05pt;font-family: 'Arial',sans-serif;font-size: 14pt\">H\u00e1 modelos de muito sucesso de entidade, associa\u00e7\u00f5es e afins, que souberam achar um caminho, uma f\u00f3rmula para fazer a classe estar bem representada, mas tamb\u00e9m garantir um grupo forte e aberto ao novo. Geralmente contrata-se um executivo, cria-se um conselho, segue-se \u00e0 risca o estatuto, que \u00e9 atualizado de tempos em tempos, com a participa\u00e7\u00e3o de membros da velha e nova guardas.<\/span><\/p>\n<p><span style=\"background: white;margin: 0px;color: #333333;letter-spacing: -0.05pt;font-family: 'Arial',sans-serif;font-size: 14pt\">Mas que \u00e9 o dono da associa\u00e7\u00e3o? N\u00e3o tem ou \u00e9 a necessidade de ela simplesmente existir? \u00c9 a vaidade do presidente ou o olhar de cada associado, que v\u00ea sua contribui\u00e7\u00e3o financeira valer a pena, mas, mais que isso, consegue enxergar que h\u00e1 um interesse maior acima de tudo?<\/span><\/p>\n<p><span style=\"background: white;margin: 0px;color: #333333;letter-spacing: -0.05pt;font-family: 'Arial',sans-serif;font-size: 14pt\">Quem \u00e9 o dono de uma associa\u00e7\u00e3o? Toda a classe ou apenas quem participa ativamente? Patrocinadores, expositores de seus eventos ou clientes de seus associados?<\/span><\/p>\n<p><span style=\"background: white;margin: 0px;color: #333333;letter-spacing: -0.05pt;font-family: 'Arial',sans-serif;font-size: 14pt\">De todos esses ficamos com a utilidade, a necessidade, a contribui\u00e7\u00e3o dessa associa\u00e7\u00e3o para a classe que representa e como ela \u00e9 vista pela ind\u00fastria da qual faz parte, entre outros interlocutores, que vai determinar como ser\u00e3o os pr\u00f3ximos anos. Se n\u00e3o servir, vai virar enfeite. Sua feira vai virar encontro de not\u00e1veis, workshop ou lembran\u00e7a.<\/span><\/p>\n<p><span style=\"background: white;margin: 0px;color: #333333;letter-spacing: -0.05pt;font-family: 'Arial',sans-serif;font-size: 14pt\">Quem \u00e9 o dono de uma entidade? O tempo? A conjun\u00e7\u00e3o de diversos fatores? O engajamento? O capital produzido pelos s\u00f3cios? Somos todos n\u00f3s? O que voc\u00ea est\u00e1 plantando em sua associa\u00e7\u00e3o? E para quando s\u00e3o os frutos? Posso falar com o dono? Ele n\u00e3o est\u00e1 ou nao sabemos exatamente quem \u00e9?<\/span><\/p>\n<p><span style=\"background: white;margin: 0px;color: #333333;letter-spacing: -0.05pt;font-family: 'Arial',sans-serif;font-size: 14pt\">\u00c9 quem se interessa por ela. E isso n\u00e3o pode ser apenas circunstancial. Da\u00ed a import\u00e2ncia de uma entidade ter planejamento estrat\u00e9gico, vis\u00e3o de futuro, estar alinhada com o hoje e o amanh\u00e3. E cada uma ter\u00e1, fatalmente, o presidente, o associado e colher\u00e1 os frutos que merecer.<\/span><\/p>\n<p><span style=\"color: #000000;font-family: Times New Roman\">\u00a0<\/span><\/p>\n","protected":false},"excerpt":{"rendered":"<p>Uma entidade de classe ou associa\u00e7\u00e3o, que muitas vezes ganha nomes como f\u00f3rum e at\u00e9 mesmo grupo, na teoria n\u00e3o tem dono. Nem \u00e9 do povo, nem \u00e9 do empres\u00e1rio. Mas \u00e9 de todos. \u00c9 do setor que representar (ou quer representar). Criada, na teoria, para defender interesses comuns, com o tempo pode seguir alguns [&hellip;]<\/p>\n","protected":false},"author":7,"featured_media":0,"comment_status":"open","ping_status":"open","sticky":false,"template":"","format":"standard","meta":{"spay_email":""},"categories":[2],"tags":[],"yoast_head":"<!-- This site is optimized with the Yoast SEO plugin v17.3 - https:\/\/yoast.com\/wordpress\/plugins\/seo\/ -->\n<title>De quem \u00e9 uma associa\u00e7\u00e3o? -<\/title>\n<meta name=\"description\" content=\"De quem \u00e9 uma associa\u00e7\u00e3o?. Confira essa Mat\u00e9ria no Canal Sem reserva. \u27a4 Projeto em parceria com a PANROTAS.\" \/>\n<meta name=\"robots\" content=\"index, follow, max-snippet:-1, max-image-preview:large, max-video-preview:-1\" \/>\n<link rel=\"canonical\" href=\"https:\/\/blog.panrotas.com.br\/semreserva\/de-quem-e-uma-associacao\/29-05-2017\/\" \/>\n<meta property=\"og:locale\" content=\"pt_BR\" \/>\n<meta property=\"og:type\" content=\"article\" \/>\n<meta property=\"og:title\" content=\"De quem \u00e9 uma associa\u00e7\u00e3o? -\" \/>\n<meta property=\"og:description\" content=\"De quem \u00e9 uma associa\u00e7\u00e3o?. Confira essa Mat\u00e9ria no Canal Sem reserva. \u27a4 Projeto em parceria com a PANROTAS.\" \/>\n<meta property=\"og:url\" content=\"https:\/\/blog.panrotas.com.br\/semreserva\/de-quem-e-uma-associacao\/29-05-2017\/\" \/>\n<meta property=\"og:site_name\" content=\"Sem reserva\" \/>\n<meta property=\"article:publisher\" content=\"https:\/\/www.facebook.com\/portalpanrotas\/\" \/>\n<meta property=\"article:published_time\" content=\"2017-05-30T00:58:50+00:00\" \/>\n<meta name=\"twitter:card\" content=\"summary_large_image\" \/>\n<meta name=\"twitter:creator\" content=\"@portalpanrotas\" \/>\n<meta name=\"twitter:site\" content=\"@portalpanrotas\" \/>\n<meta name=\"twitter:label1\" content=\"Escrito por\" \/>\n\t<meta name=\"twitter:data1\" content=\"Artur Andrade\" \/>\n\t<meta name=\"twitter:label2\" content=\"Est. tempo de leitura\" \/>\n\t<meta name=\"twitter:data2\" content=\"3 minutos\" \/>\n<script type=\"application\/ld+json\" class=\"yoast-schema-graph\">{\"@context\":\"https:\/\/schema.org\",\"@graph\":[{\"@type\":\"Organization\",\"@id\":\"http:\/\/blog.panrotas.com.br\/semreserva\/#organization\",\"name\":\"Sem Reserva - Blog no Portal PANROTAS\",\"url\":\"http:\/\/blog.panrotas.com.br\/semreserva\/\",\"sameAs\":[\"https:\/\/www.facebook.com\/portalpanrotas\/\",\"https:\/\/www.instagram.com\/portalpanrotas\/\",\"https:\/\/br.linkedin.com\/company\/panrotas\",\"https:\/\/www.youtube.com\/tvpanrotas\",\"https:\/\/twitter.com\/portalpanrotas\"],\"logo\":{\"@type\":\"ImageObject\",\"@id\":\"http:\/\/blog.panrotas.com.br\/semreserva\/#logo\",\"inLanguage\":\"pt-BR\",\"url\":\"https:\/\/blog.panrotas.com.br\/semreserva\/wp-content\/uploads\/sites\/5\/2020\/06\/logo.png\",\"contentUrl\":\"https:\/\/blog.panrotas.com.br\/semreserva\/wp-content\/uploads\/sites\/5\/2020\/06\/logo.png\",\"width\":259,\"height\":53,\"caption\":\"Sem Reserva - Blog no Portal PANROTAS\"},\"image\":{\"@id\":\"http:\/\/blog.panrotas.com.br\/semreserva\/#logo\"}},{\"@type\":\"WebSite\",\"@id\":\"http:\/\/blog.panrotas.com.br\/semreserva\/#website\",\"url\":\"http:\/\/blog.panrotas.com.br\/semreserva\/\",\"name\":\"Sem reserva\",\"description\":\"Blogosfera PANROTAS\",\"publisher\":{\"@id\":\"http:\/\/blog.panrotas.com.br\/semreserva\/#organization\"},\"potentialAction\":[{\"@type\":\"SearchAction\",\"target\":{\"@type\":\"EntryPoint\",\"urlTemplate\":\"http:\/\/blog.panrotas.com.br\/semreserva\/?s={search_term_string}\"},\"query-input\":\"required name=search_term_string\"}],\"inLanguage\":\"pt-BR\"},{\"@type\":\"WebPage\",\"@id\":\"https:\/\/blog.panrotas.com.br\/semreserva\/de-quem-e-uma-associacao\/29-05-2017\/#webpage\",\"url\":\"https:\/\/blog.panrotas.com.br\/semreserva\/de-quem-e-uma-associacao\/29-05-2017\/\",\"name\":\"De quem \\u00e9 uma associa\\u00e7\\u00e3o? -\",\"isPartOf\":{\"@id\":\"http:\/\/blog.panrotas.com.br\/semreserva\/#website\"},\"datePublished\":\"2017-05-30T00:58:50+00:00\",\"dateModified\":\"2017-05-30T00:58:50+00:00\",\"description\":\"De quem \\u00e9 uma associa\\u00e7\\u00e3o?. Confira essa Mat\\u00e9ria no Canal Sem reserva. \\u27a4 Projeto em parceria com a PANROTAS.\",\"breadcrumb\":{\"@id\":\"https:\/\/blog.panrotas.com.br\/semreserva\/de-quem-e-uma-associacao\/29-05-2017\/#breadcrumb\"},\"inLanguage\":\"pt-BR\",\"potentialAction\":[{\"@type\":\"ReadAction\",\"target\":[\"https:\/\/blog.panrotas.com.br\/semreserva\/de-quem-e-uma-associacao\/29-05-2017\/\"]}]},{\"@type\":\"BreadcrumbList\",\"@id\":\"https:\/\/blog.panrotas.com.br\/semreserva\/de-quem-e-uma-associacao\/29-05-2017\/#breadcrumb\",\"itemListElement\":[{\"@type\":\"ListItem\",\"position\":1,\"name\":\"Home do Blog\",\"item\":\"http:\/\/blog.panrotas.com.br\/semreserva\/\"},{\"@type\":\"ListItem\",\"position\":2,\"name\":\"Dia a dia\",\"item\":\"https:\/\/blog.panrotas.com.br\/semreserva\/category\/dia-a-dia\/\"},{\"@type\":\"ListItem\",\"position\":3,\"name\":\"De quem \\u00e9 uma associa\\u00e7\\u00e3o?\"}]},{\"@type\":\"Article\",\"@id\":\"https:\/\/blog.panrotas.com.br\/semreserva\/de-quem-e-uma-associacao\/29-05-2017\/#article\",\"isPartOf\":{\"@id\":\"https:\/\/blog.panrotas.com.br\/semreserva\/de-quem-e-uma-associacao\/29-05-2017\/#webpage\"},\"author\":{\"@id\":\"http:\/\/blog.panrotas.com.br\/semreserva\/#\/schema\/person\/c93b4555f6a497d2d83c25dcb80f61ed\"},\"headline\":\"De quem \\u00e9 uma associa\\u00e7\\u00e3o?\",\"datePublished\":\"2017-05-30T00:58:50+00:00\",\"dateModified\":\"2017-05-30T00:58:50+00:00\",\"mainEntityOfPage\":{\"@id\":\"https:\/\/blog.panrotas.com.br\/semreserva\/de-quem-e-uma-associacao\/29-05-2017\/#webpage\"},\"wordCount\":558,\"commentCount\":0,\"publisher\":{\"@id\":\"http:\/\/blog.panrotas.com.br\/semreserva\/#organization\"},\"articleSection\":[\"Dia a dia\"],\"inLanguage\":\"pt-BR\",\"potentialAction\":[{\"@type\":\"CommentAction\",\"name\":\"Comment\",\"target\":[\"https:\/\/blog.panrotas.com.br\/semreserva\/de-quem-e-uma-associacao\/29-05-2017\/#respond\"]}]},{\"@type\":\"Person\",\"@id\":\"http:\/\/blog.panrotas.com.br\/semreserva\/#\/schema\/person\/c93b4555f6a497d2d83c25dcb80f61ed\",\"name\":\"Artur Andrade\",\"image\":{\"@type\":\"ImageObject\",\"@id\":\"http:\/\/blog.panrotas.com.br\/semreserva\/#personlogo\",\"inLanguage\":\"pt-BR\",\"url\":\"https:\/\/secure.gravatar.com\/avatar\/a94564d630220cefd5c82f3452ac1ef4?s=96&d=mm&r=g\",\"contentUrl\":\"https:\/\/secure.gravatar.com\/avatar\/a94564d630220cefd5c82f3452ac1ef4?s=96&d=mm&r=g\",\"caption\":\"Artur Andrade\"},\"description\":\"Artur Luiz Andrade \\u00e9 carioca, taurino, jornalista e nasceu em 1969. \\u00c9 editor-chefe da PANROTAS Editora e mora em S\\u00e3o Paulo desde 1998\",\"sameAs\":[\"http:\/\/www.panrotas.com.br\"]}]}<\/script>\n<!-- \/ Yoast SEO plugin. -->","yoast_head_json":{"title":"De quem \u00e9 uma associa\u00e7\u00e3o? -","description":"De quem \u00e9 uma associa\u00e7\u00e3o?. Confira essa Mat\u00e9ria no Canal Sem reserva. \u27a4 Projeto em parceria com a PANROTAS.","robots":{"index":"index","follow":"follow","max-snippet":"max-snippet:-1","max-image-preview":"max-image-preview:large","max-video-preview":"max-video-preview:-1"},"canonical":"https:\/\/blog.panrotas.com.br\/semreserva\/de-quem-e-uma-associacao\/29-05-2017\/","og_locale":"pt_BR","og_type":"article","og_title":"De quem \u00e9 uma associa\u00e7\u00e3o? -","og_description":"De quem \u00e9 uma associa\u00e7\u00e3o?. Confira essa Mat\u00e9ria no Canal Sem reserva. \u27a4 Projeto em parceria com a PANROTAS.","og_url":"https:\/\/blog.panrotas.com.br\/semreserva\/de-quem-e-uma-associacao\/29-05-2017\/","og_site_name":"Sem reserva","article_publisher":"https:\/\/www.facebook.com\/portalpanrotas\/","article_published_time":"2017-05-30T00:58:50+00:00","twitter_card":"summary_large_image","twitter_creator":"@portalpanrotas","twitter_site":"@portalpanrotas","twitter_misc":{"Escrito por":"Artur Andrade","Est. tempo de leitura":"3 minutos"},"schema":{"@context":"https:\/\/schema.org","@graph":[{"@type":"Organization","@id":"http:\/\/blog.panrotas.com.br\/semreserva\/#organization","name":"Sem Reserva - Blog no Portal PANROTAS","url":"http:\/\/blog.panrotas.com.br\/semreserva\/","sameAs":["https:\/\/www.facebook.com\/portalpanrotas\/","https:\/\/www.instagram.com\/portalpanrotas\/","https:\/\/br.linkedin.com\/company\/panrotas","https:\/\/www.youtube.com\/tvpanrotas","https:\/\/twitter.com\/portalpanrotas"],"logo":{"@type":"ImageObject","@id":"http:\/\/blog.panrotas.com.br\/semreserva\/#logo","inLanguage":"pt-BR","url":"https:\/\/blog.panrotas.com.br\/semreserva\/wp-content\/uploads\/sites\/5\/2020\/06\/logo.png","contentUrl":"https:\/\/blog.panrotas.com.br\/semreserva\/wp-content\/uploads\/sites\/5\/2020\/06\/logo.png","width":259,"height":53,"caption":"Sem Reserva - Blog no Portal PANROTAS"},"image":{"@id":"http:\/\/blog.panrotas.com.br\/semreserva\/#logo"}},{"@type":"WebSite","@id":"http:\/\/blog.panrotas.com.br\/semreserva\/#website","url":"http:\/\/blog.panrotas.com.br\/semreserva\/","name":"Sem reserva","description":"Blogosfera PANROTAS","publisher":{"@id":"http:\/\/blog.panrotas.com.br\/semreserva\/#organization"},"potentialAction":[{"@type":"SearchAction","target":{"@type":"EntryPoint","urlTemplate":"http:\/\/blog.panrotas.com.br\/semreserva\/?s={search_term_string}"},"query-input":"required name=search_term_string"}],"inLanguage":"pt-BR"},{"@type":"WebPage","@id":"https:\/\/blog.panrotas.com.br\/semreserva\/de-quem-e-uma-associacao\/29-05-2017\/#webpage","url":"https:\/\/blog.panrotas.com.br\/semreserva\/de-quem-e-uma-associacao\/29-05-2017\/","name":"De quem \u00e9 uma associa\u00e7\u00e3o? -","isPartOf":{"@id":"http:\/\/blog.panrotas.com.br\/semreserva\/#website"},"datePublished":"2017-05-30T00:58:50+00:00","dateModified":"2017-05-30T00:58:50+00:00","description":"De quem \u00e9 uma associa\u00e7\u00e3o?. Confira essa Mat\u00e9ria no Canal Sem reserva. \u27a4 Projeto em parceria com a PANROTAS.","breadcrumb":{"@id":"https:\/\/blog.panrotas.com.br\/semreserva\/de-quem-e-uma-associacao\/29-05-2017\/#breadcrumb"},"inLanguage":"pt-BR","potentialAction":[{"@type":"ReadAction","target":["https:\/\/blog.panrotas.com.br\/semreserva\/de-quem-e-uma-associacao\/29-05-2017\/"]}]},{"@type":"BreadcrumbList","@id":"https:\/\/blog.panrotas.com.br\/semreserva\/de-quem-e-uma-associacao\/29-05-2017\/#breadcrumb","itemListElement":[{"@type":"ListItem","position":1,"name":"Home do Blog","item":"http:\/\/blog.panrotas.com.br\/semreserva\/"},{"@type":"ListItem","position":2,"name":"Dia a dia","item":"https:\/\/blog.panrotas.com.br\/semreserva\/category\/dia-a-dia\/"},{"@type":"ListItem","position":3,"name":"De quem \u00e9 uma associa\u00e7\u00e3o?"}]},{"@type":"Article","@id":"https:\/\/blog.panrotas.com.br\/semreserva\/de-quem-e-uma-associacao\/29-05-2017\/#article","isPartOf":{"@id":"https:\/\/blog.panrotas.com.br\/semreserva\/de-quem-e-uma-associacao\/29-05-2017\/#webpage"},"author":{"@id":"http:\/\/blog.panrotas.com.br\/semreserva\/#\/schema\/person\/c93b4555f6a497d2d83c25dcb80f61ed"},"headline":"De quem \u00e9 uma associa\u00e7\u00e3o?","datePublished":"2017-05-30T00:58:50+00:00","dateModified":"2017-05-30T00:58:50+00:00","mainEntityOfPage":{"@id":"https:\/\/blog.panrotas.com.br\/semreserva\/de-quem-e-uma-associacao\/29-05-2017\/#webpage"},"wordCount":558,"commentCount":0,"publisher":{"@id":"http:\/\/blog.panrotas.com.br\/semreserva\/#organization"},"articleSection":["Dia a dia"],"inLanguage":"pt-BR","potentialAction":[{"@type":"CommentAction","name":"Comment","target":["https:\/\/blog.panrotas.com.br\/semreserva\/de-quem-e-uma-associacao\/29-05-2017\/#respond"]}]},{"@type":"Person","@id":"http:\/\/blog.panrotas.com.br\/semreserva\/#\/schema\/person\/c93b4555f6a497d2d83c25dcb80f61ed","name":"Artur Andrade","image":{"@type":"ImageObject","@id":"http:\/\/blog.panrotas.com.br\/semreserva\/#personlogo","inLanguage":"pt-BR","url":"https:\/\/secure.gravatar.com\/avatar\/a94564d630220cefd5c82f3452ac1ef4?s=96&d=mm&r=g","contentUrl":"https:\/\/secure.gravatar.com\/avatar\/a94564d630220cefd5c82f3452ac1ef4?s=96&d=mm&r=g","caption":"Artur Andrade"},"description":"Artur Luiz Andrade \u00e9 carioca, taurino, jornalista e nasceu em 1969. \u00c9 editor-chefe da PANROTAS Editora e mora em S\u00e3o Paulo desde 1998","sameAs":["http:\/\/www.panrotas.com.br"]}]}},"jetpack_featured_media_url":"","jetpack_shortlink":"https:\/\/wp.me\/p7idIU-1eC","_links":{"self":[{"href":"https:\/\/blog.panrotas.com.br\/semreserva\/wp-json\/wp\/v2\/posts\/4750"}],"collection":[{"href":"https:\/\/blog.panrotas.com.br\/semreserva\/wp-json\/wp\/v2\/posts"}],"about":[{"href":"https:\/\/blog.panrotas.com.br\/semreserva\/wp-json\/wp\/v2\/types\/post"}],"author":[{"embeddable":true,"href":"https:\/\/blog.panrotas.com.br\/semreserva\/wp-json\/wp\/v2\/users\/7"}],"replies":[{"embeddable":true,"href":"https:\/\/blog.panrotas.com.br\/semreserva\/wp-json\/wp\/v2\/comments?post=4750"}],"version-history":[{"count":0,"href":"https:\/\/blog.panrotas.com.br\/semreserva\/wp-json\/wp\/v2\/posts\/4750\/revisions"}],"wp:attachment":[{"href":"https:\/\/blog.panrotas.com.br\/semreserva\/wp-json\/wp\/v2\/media?parent=4750"}],"wp:term":[{"taxonomy":"category","embeddable":true,"href":"https:\/\/blog.panrotas.com.br\/semreserva\/wp-json\/wp\/v2\/categories?post=4750"},{"taxonomy":"post_tag","embeddable":true,"href":"https:\/\/blog.panrotas.com.br\/semreserva\/wp-json\/wp\/v2\/tags?post=4750"}],"curies":[{"name":"wp","href":"https:\/\/api.w.org\/{rel}","templated":true}]}}