{"id":4753,"date":"2017-06-19T12:43:57","date_gmt":"2017-06-19T15:43:57","guid":{"rendered":"http:\/\/blog.panrotas.com.br\/semreserva\/?p=4753"},"modified":"2017-06-19T12:43:57","modified_gmt":"2017-06-19T15:43:57","slug":"politica-para-quem-precisa","status":"publish","type":"post","link":"https:\/\/blog.panrotas.com.br\/semreserva\/politica-para-quem-precisa\/19-06-2017\/","title":{"rendered":"Pol\u00edtica para quem precisa&#8230;"},"content":{"rendered":"<p><span style=\"color: #000000;font-family: Calibri\">No editorial desta semana do Jornal PANROTAS, abordo como n\u00e3o sabemos fazer pol\u00edtica no Pa\u00eds e no Turismo. Recentes decis\u00f5es de prefeituras em n\u00e3o mais fornecer diretamente \u201cincentivos\u201d, \u201cverba\u201d ou \u201cinfraestrutura\u201d para eventos como a Parada Gay de S\u00e3o Paulo e o Carnaval do Rio mostram claramente isso.<\/span><\/p>\n<p><span style=\"color: #000000;font-family: Calibri\">\u00a0<\/span><\/p>\n<p><span style=\"color: #000000;font-family: Calibri\">Seria \u00f3timo se todos os eventos fossem geridos pela iniciativa privada, afinal, j\u00e1 falei sobre isso e n\u00e3o mudei de opini\u00e3o, \u00e9 o empres\u00e1rio que toca esse Pa\u00eds. O prefeito de S\u00e3o Paulo, Jo\u00e3o D\u00f3ria, sabe disso, pois cresceu em meio aos maiores empres\u00e1rios do Brasil e incentivando sua aproxima\u00e7\u00e3o e troca de neg\u00f3cios e experi\u00eancias, e deve estar \u201ccortando um dobrado\u201d em uma fun\u00e7\u00e3o p\u00fablica.<\/span><\/p>\n<p><span style=\"color: #000000;font-family: Calibri\">\u00a0<\/span><\/p>\n<p><span style=\"color: #000000;font-family: Calibri\">H\u00e1, por\u00e9m, um limite, em alguns casos, para at\u00e9 onde o governo pode passar sua parte para a iniciativa privada. No caso do Turismo, falta o entendimento de tudo o que o setor gera para a cidade: do ISS aos empregos, da promo\u00e7\u00e3o dos destinos \u00e0 ocupa\u00e7\u00e3o hoteleira, da venda do ambulante \u00e0 do com\u00e9rcio&#8230;e por a\u00ed vai. Colocar em risco a realiza\u00e7\u00e3o de alguns eventos significa, em d\u00favida, economia para os cofres p\u00fablicos; mas a n\u00e3o realiza\u00e7\u00e3o dos mesmos trar\u00e1 preju\u00edzos maiores a um Pa\u00eds com eterno potencial tur\u00edstico e dados p\u00edfios de visita\u00e7\u00e3o internacional e uso de meios tradicionais, como hotelaria e avia\u00e7\u00e3o regular.<\/span><\/p>\n<p><span style=\"color: #000000;font-family: Calibri\">\u00a0<\/span><\/p>\n<p><span style=\"color: #000000;font-family: Calibri\">Em S\u00e3o Paulo, com certeza a Parada Gay conseguir\u00e1 atrair patrocinadores em um evento mais bem organizado e em novo local, talvez o Samb\u00f3dromo, a ser cedido pela Prefeitura. O Carnaval do Rio idem. Mas as prefeituras n\u00e3o podem dar as costas para esses eventos e nem usar da demagogia de que o dinheiro ir\u00e1 para as criancinhas. Isso n\u00e3o se faz.<\/span><\/p>\n<p><span style=\"color: #000000;font-family: Calibri\">\u00a0<\/span><\/p>\n<p><span style=\"color: #000000;font-family: Calibri\">Se o dinheiro dos impostos gerados pelo R\u00e9veillon, Carnaval, Marcha de Jesus, Parada Gay, Congresso de Supermercados, Sal\u00e3o do Autom\u00f3vel ou qualquer outro evento, pequeno que seja, ou de grandes propor\u00e7\u00f5es, n\u00e3o estiver sendo usado para as criancinhas ou para o dever do Estado (sa\u00fade, educa\u00e7\u00e3o, seguran\u00e7a, cultura, saneamento, transportes&#8230;) \u00e9 apenas sinal de que os governos n\u00e3o est\u00e3o bem organizados, n\u00e3o veem o Turismo como gerador de receitas (e sim como festa de quem n\u00e3o tem o que fazer) e est\u00e3o usando mal o dinheiro p\u00fablico.<\/span><\/p>\n<p><span style=\"color: #000000;font-family: Calibri\">\u00a0<\/span><\/p>\n<p><span style=\"color: #000000;font-family: Calibri\">As prefeituras e governos estaduais precisam tirar o melhor da receita gerada pelo Turismo. Aumentar essa receita.<\/span><\/p>\n<p><span style=\"color: #000000;font-family: Calibri\">\u00a0<\/span><\/p>\n<p><span style=\"color: #000000;font-family: Calibri\">Em um Pa\u00eds de dela\u00e7\u00f5es, em que corruptos devolvem R$ 100 milh\u00f5es aos cofres p\u00fablicos como quem d\u00e1 troca de bala ou amendoim na lanchonete, e ao mesmo tempo vemos hospitais fecharem as portas por causa de R$ 1 milh\u00e3o ou menos, \u00e9 de se lamentar que o Turismo n\u00e3o seja visto como neg\u00f3cio. Sa\u00edda. Solu\u00e7\u00e3o. Por que todo o imposto gerado pelo Carnaval n\u00e3o \u00e9 direcionado para as criancinhas e suas merendas? Por que os que roubam das criancinhas e suas merendas, e s\u00e3o v\u00e1rios os exemplos pelo Brasil, n\u00e3o s\u00e3o condenados \u00e0 pena m\u00e1xima, pois com certeza muitas morreram ao serem mal alimentadas e n\u00e3o terem tido oportunidades.<\/span><\/p>\n<p><span style=\"color: #000000;font-family: Calibri\">\u00a0<\/span><\/p>\n<p><span style=\"color: #000000;font-family: Calibri\">\u00c9 o Pa\u00eds das regras enviesadas.<\/span><\/p>\n<p><span style=\"color: #000000;font-family: Calibri\">\u00a0<\/span><\/p>\n<p><span style=\"color: #000000;font-family: Calibri\">E do Turismo visto como sup\u00e9rfluo.<\/span><\/p>\n<p><span style=\"color: #000000;font-family: Calibri\">\u00a0<\/span><\/p>\n<p><span style=\"color: #000000;font-family: Calibri\">Repito: as parcerias com a iniciativa privada s\u00e3o sim a sa\u00edda e o prefeito de S\u00e3o Paulo conhece o caminho das pedras (inclusive nas chamadas \u00e1reas essenciais). Mas os governos precisam olhar os eventos, o Turismo, as viagens como aliados&#8230; Armas de desenvolvimento. E n\u00e3o oba-oba, quando n\u00e3o \u201cpecado mortal\u201d.<\/span><\/p>\n<p>&nbsp;<\/p>\n<p>PS: Tenho uma opini\u00e3o pol\u00eamica sobre a Parada Gay, mas deixo isso para outro post. E tamb\u00e9m sobre o Carnaval do Rio&#8230; Mas s\u00e3o eventos importantes, e n\u00e3o quero que minhas opini\u00f5es tirem o foco dessa import\u00e2ncia nesse momento do debate.<\/p>\n","protected":false},"excerpt":{"rendered":"<p>No editorial desta semana do Jornal PANROTAS, abordo como n\u00e3o sabemos fazer pol\u00edtica no Pa\u00eds e no Turismo. Recentes decis\u00f5es de prefeituras em n\u00e3o mais fornecer diretamente \u201cincentivos\u201d, \u201cverba\u201d ou \u201cinfraestrutura\u201d para eventos como a Parada Gay de S\u00e3o Paulo e o Carnaval do Rio mostram claramente isso. \u00a0 Seria \u00f3timo se todos os eventos [&hellip;]<\/p>\n","protected":false},"author":7,"featured_media":0,"comment_status":"open","ping_status":"open","sticky":false,"template":"","format":"standard","meta":{"spay_email":""},"categories":[2],"tags":[],"yoast_head":"<!-- This site is optimized with the Yoast SEO plugin v17.3 - https:\/\/yoast.com\/wordpress\/plugins\/seo\/ -->\n<title>Pol\u00edtica para quem precisa... -<\/title>\n<meta name=\"description\" content=\"Pol\u00edtica para quem precisa.... Confira essa Mat\u00e9ria no Canal Sem reserva. \u27a4 Projeto em parceria com a PANROTAS.\" \/>\n<meta name=\"robots\" content=\"index, follow, max-snippet:-1, max-image-preview:large, max-video-preview:-1\" \/>\n<link rel=\"canonical\" href=\"https:\/\/blog.panrotas.com.br\/semreserva\/politica-para-quem-precisa\/19-06-2017\/\" \/>\n<meta property=\"og:locale\" content=\"pt_BR\" \/>\n<meta property=\"og:type\" content=\"article\" \/>\n<meta property=\"og:title\" content=\"Pol\u00edtica para quem precisa... -\" \/>\n<meta property=\"og:description\" content=\"Pol\u00edtica para quem precisa.... Confira essa Mat\u00e9ria no Canal Sem reserva. \u27a4 Projeto em parceria com a PANROTAS.\" \/>\n<meta property=\"og:url\" content=\"https:\/\/blog.panrotas.com.br\/semreserva\/politica-para-quem-precisa\/19-06-2017\/\" \/>\n<meta property=\"og:site_name\" content=\"Sem reserva\" \/>\n<meta property=\"article:publisher\" content=\"https:\/\/www.facebook.com\/portalpanrotas\/\" \/>\n<meta property=\"article:published_time\" content=\"2017-06-19T15:43:57+00:00\" \/>\n<meta name=\"twitter:card\" content=\"summary_large_image\" \/>\n<meta name=\"twitter:creator\" content=\"@portalpanrotas\" \/>\n<meta name=\"twitter:site\" content=\"@portalpanrotas\" \/>\n<meta name=\"twitter:label1\" content=\"Escrito por\" \/>\n\t<meta name=\"twitter:data1\" content=\"Artur Andrade\" \/>\n\t<meta name=\"twitter:label2\" content=\"Est. tempo de leitura\" \/>\n\t<meta name=\"twitter:data2\" content=\"3 minutos\" \/>\n<script type=\"application\/ld+json\" class=\"yoast-schema-graph\">{\"@context\":\"https:\/\/schema.org\",\"@graph\":[{\"@type\":\"Organization\",\"@id\":\"http:\/\/blog.panrotas.com.br\/semreserva\/#organization\",\"name\":\"Sem Reserva - Blog no Portal PANROTAS\",\"url\":\"http:\/\/blog.panrotas.com.br\/semreserva\/\",\"sameAs\":[\"https:\/\/www.facebook.com\/portalpanrotas\/\",\"https:\/\/www.instagram.com\/portalpanrotas\/\",\"https:\/\/br.linkedin.com\/company\/panrotas\",\"https:\/\/www.youtube.com\/tvpanrotas\",\"https:\/\/twitter.com\/portalpanrotas\"],\"logo\":{\"@type\":\"ImageObject\",\"@id\":\"http:\/\/blog.panrotas.com.br\/semreserva\/#logo\",\"inLanguage\":\"pt-BR\",\"url\":\"https:\/\/blog.panrotas.com.br\/semreserva\/wp-content\/uploads\/sites\/5\/2020\/06\/logo.png\",\"contentUrl\":\"https:\/\/blog.panrotas.com.br\/semreserva\/wp-content\/uploads\/sites\/5\/2020\/06\/logo.png\",\"width\":259,\"height\":53,\"caption\":\"Sem Reserva - Blog no Portal PANROTAS\"},\"image\":{\"@id\":\"http:\/\/blog.panrotas.com.br\/semreserva\/#logo\"}},{\"@type\":\"WebSite\",\"@id\":\"http:\/\/blog.panrotas.com.br\/semreserva\/#website\",\"url\":\"http:\/\/blog.panrotas.com.br\/semreserva\/\",\"name\":\"Sem reserva\",\"description\":\"Blogosfera PANROTAS\",\"publisher\":{\"@id\":\"http:\/\/blog.panrotas.com.br\/semreserva\/#organization\"},\"potentialAction\":[{\"@type\":\"SearchAction\",\"target\":{\"@type\":\"EntryPoint\",\"urlTemplate\":\"http:\/\/blog.panrotas.com.br\/semreserva\/?s={search_term_string}\"},\"query-input\":\"required name=search_term_string\"}],\"inLanguage\":\"pt-BR\"},{\"@type\":\"WebPage\",\"@id\":\"https:\/\/blog.panrotas.com.br\/semreserva\/politica-para-quem-precisa\/19-06-2017\/#webpage\",\"url\":\"https:\/\/blog.panrotas.com.br\/semreserva\/politica-para-quem-precisa\/19-06-2017\/\",\"name\":\"Pol\\u00edtica para quem precisa... -\",\"isPartOf\":{\"@id\":\"http:\/\/blog.panrotas.com.br\/semreserva\/#website\"},\"datePublished\":\"2017-06-19T15:43:57+00:00\",\"dateModified\":\"2017-06-19T15:43:57+00:00\",\"description\":\"Pol\\u00edtica para quem precisa.... Confira essa Mat\\u00e9ria no Canal Sem reserva. \\u27a4 Projeto em parceria com a PANROTAS.\",\"breadcrumb\":{\"@id\":\"https:\/\/blog.panrotas.com.br\/semreserva\/politica-para-quem-precisa\/19-06-2017\/#breadcrumb\"},\"inLanguage\":\"pt-BR\",\"potentialAction\":[{\"@type\":\"ReadAction\",\"target\":[\"https:\/\/blog.panrotas.com.br\/semreserva\/politica-para-quem-precisa\/19-06-2017\/\"]}]},{\"@type\":\"BreadcrumbList\",\"@id\":\"https:\/\/blog.panrotas.com.br\/semreserva\/politica-para-quem-precisa\/19-06-2017\/#breadcrumb\",\"itemListElement\":[{\"@type\":\"ListItem\",\"position\":1,\"name\":\"Home do Blog\",\"item\":\"http:\/\/blog.panrotas.com.br\/semreserva\/\"},{\"@type\":\"ListItem\",\"position\":2,\"name\":\"Dia a dia\",\"item\":\"https:\/\/blog.panrotas.com.br\/semreserva\/category\/dia-a-dia\/\"},{\"@type\":\"ListItem\",\"position\":3,\"name\":\"Pol\\u00edtica para quem precisa&#8230;\"}]},{\"@type\":\"Article\",\"@id\":\"https:\/\/blog.panrotas.com.br\/semreserva\/politica-para-quem-precisa\/19-06-2017\/#article\",\"isPartOf\":{\"@id\":\"https:\/\/blog.panrotas.com.br\/semreserva\/politica-para-quem-precisa\/19-06-2017\/#webpage\"},\"author\":{\"@id\":\"http:\/\/blog.panrotas.com.br\/semreserva\/#\/schema\/person\/c93b4555f6a497d2d83c25dcb80f61ed\"},\"headline\":\"Pol\\u00edtica para quem precisa&#8230;\",\"datePublished\":\"2017-06-19T15:43:57+00:00\",\"dateModified\":\"2017-06-19T15:43:57+00:00\",\"mainEntityOfPage\":{\"@id\":\"https:\/\/blog.panrotas.com.br\/semreserva\/politica-para-quem-precisa\/19-06-2017\/#webpage\"},\"wordCount\":678,\"commentCount\":0,\"publisher\":{\"@id\":\"http:\/\/blog.panrotas.com.br\/semreserva\/#organization\"},\"articleSection\":[\"Dia a dia\"],\"inLanguage\":\"pt-BR\",\"potentialAction\":[{\"@type\":\"CommentAction\",\"name\":\"Comment\",\"target\":[\"https:\/\/blog.panrotas.com.br\/semreserva\/politica-para-quem-precisa\/19-06-2017\/#respond\"]}]},{\"@type\":\"Person\",\"@id\":\"http:\/\/blog.panrotas.com.br\/semreserva\/#\/schema\/person\/c93b4555f6a497d2d83c25dcb80f61ed\",\"name\":\"Artur Andrade\",\"image\":{\"@type\":\"ImageObject\",\"@id\":\"http:\/\/blog.panrotas.com.br\/semreserva\/#personlogo\",\"inLanguage\":\"pt-BR\",\"url\":\"https:\/\/secure.gravatar.com\/avatar\/a94564d630220cefd5c82f3452ac1ef4?s=96&d=mm&r=g\",\"contentUrl\":\"https:\/\/secure.gravatar.com\/avatar\/a94564d630220cefd5c82f3452ac1ef4?s=96&d=mm&r=g\",\"caption\":\"Artur Andrade\"},\"description\":\"Artur Luiz Andrade \\u00e9 carioca, taurino, jornalista e nasceu em 1969. \\u00c9 editor-chefe da PANROTAS Editora e mora em S\\u00e3o Paulo desde 1998\",\"sameAs\":[\"http:\/\/www.panrotas.com.br\"]}]}<\/script>\n<!-- \/ Yoast SEO plugin. -->","yoast_head_json":{"title":"Pol\u00edtica para quem precisa... -","description":"Pol\u00edtica para quem precisa.... Confira essa Mat\u00e9ria no Canal Sem reserva. \u27a4 Projeto em parceria com a PANROTAS.","robots":{"index":"index","follow":"follow","max-snippet":"max-snippet:-1","max-image-preview":"max-image-preview:large","max-video-preview":"max-video-preview:-1"},"canonical":"https:\/\/blog.panrotas.com.br\/semreserva\/politica-para-quem-precisa\/19-06-2017\/","og_locale":"pt_BR","og_type":"article","og_title":"Pol\u00edtica para quem precisa... -","og_description":"Pol\u00edtica para quem precisa.... Confira essa Mat\u00e9ria no Canal Sem reserva. \u27a4 Projeto em parceria com a PANROTAS.","og_url":"https:\/\/blog.panrotas.com.br\/semreserva\/politica-para-quem-precisa\/19-06-2017\/","og_site_name":"Sem reserva","article_publisher":"https:\/\/www.facebook.com\/portalpanrotas\/","article_published_time":"2017-06-19T15:43:57+00:00","twitter_card":"summary_large_image","twitter_creator":"@portalpanrotas","twitter_site":"@portalpanrotas","twitter_misc":{"Escrito por":"Artur Andrade","Est. tempo de leitura":"3 minutos"},"schema":{"@context":"https:\/\/schema.org","@graph":[{"@type":"Organization","@id":"http:\/\/blog.panrotas.com.br\/semreserva\/#organization","name":"Sem Reserva - Blog no Portal PANROTAS","url":"http:\/\/blog.panrotas.com.br\/semreserva\/","sameAs":["https:\/\/www.facebook.com\/portalpanrotas\/","https:\/\/www.instagram.com\/portalpanrotas\/","https:\/\/br.linkedin.com\/company\/panrotas","https:\/\/www.youtube.com\/tvpanrotas","https:\/\/twitter.com\/portalpanrotas"],"logo":{"@type":"ImageObject","@id":"http:\/\/blog.panrotas.com.br\/semreserva\/#logo","inLanguage":"pt-BR","url":"https:\/\/blog.panrotas.com.br\/semreserva\/wp-content\/uploads\/sites\/5\/2020\/06\/logo.png","contentUrl":"https:\/\/blog.panrotas.com.br\/semreserva\/wp-content\/uploads\/sites\/5\/2020\/06\/logo.png","width":259,"height":53,"caption":"Sem Reserva - Blog no Portal PANROTAS"},"image":{"@id":"http:\/\/blog.panrotas.com.br\/semreserva\/#logo"}},{"@type":"WebSite","@id":"http:\/\/blog.panrotas.com.br\/semreserva\/#website","url":"http:\/\/blog.panrotas.com.br\/semreserva\/","name":"Sem reserva","description":"Blogosfera PANROTAS","publisher":{"@id":"http:\/\/blog.panrotas.com.br\/semreserva\/#organization"},"potentialAction":[{"@type":"SearchAction","target":{"@type":"EntryPoint","urlTemplate":"http:\/\/blog.panrotas.com.br\/semreserva\/?s={search_term_string}"},"query-input":"required name=search_term_string"}],"inLanguage":"pt-BR"},{"@type":"WebPage","@id":"https:\/\/blog.panrotas.com.br\/semreserva\/politica-para-quem-precisa\/19-06-2017\/#webpage","url":"https:\/\/blog.panrotas.com.br\/semreserva\/politica-para-quem-precisa\/19-06-2017\/","name":"Pol\u00edtica para quem precisa... -","isPartOf":{"@id":"http:\/\/blog.panrotas.com.br\/semreserva\/#website"},"datePublished":"2017-06-19T15:43:57+00:00","dateModified":"2017-06-19T15:43:57+00:00","description":"Pol\u00edtica para quem precisa.... Confira essa Mat\u00e9ria no Canal Sem reserva. \u27a4 Projeto em parceria com a PANROTAS.","breadcrumb":{"@id":"https:\/\/blog.panrotas.com.br\/semreserva\/politica-para-quem-precisa\/19-06-2017\/#breadcrumb"},"inLanguage":"pt-BR","potentialAction":[{"@type":"ReadAction","target":["https:\/\/blog.panrotas.com.br\/semreserva\/politica-para-quem-precisa\/19-06-2017\/"]}]},{"@type":"BreadcrumbList","@id":"https:\/\/blog.panrotas.com.br\/semreserva\/politica-para-quem-precisa\/19-06-2017\/#breadcrumb","itemListElement":[{"@type":"ListItem","position":1,"name":"Home do Blog","item":"http:\/\/blog.panrotas.com.br\/semreserva\/"},{"@type":"ListItem","position":2,"name":"Dia a dia","item":"https:\/\/blog.panrotas.com.br\/semreserva\/category\/dia-a-dia\/"},{"@type":"ListItem","position":3,"name":"Pol\u00edtica para quem precisa&#8230;"}]},{"@type":"Article","@id":"https:\/\/blog.panrotas.com.br\/semreserva\/politica-para-quem-precisa\/19-06-2017\/#article","isPartOf":{"@id":"https:\/\/blog.panrotas.com.br\/semreserva\/politica-para-quem-precisa\/19-06-2017\/#webpage"},"author":{"@id":"http:\/\/blog.panrotas.com.br\/semreserva\/#\/schema\/person\/c93b4555f6a497d2d83c25dcb80f61ed"},"headline":"Pol\u00edtica para quem precisa&#8230;","datePublished":"2017-06-19T15:43:57+00:00","dateModified":"2017-06-19T15:43:57+00:00","mainEntityOfPage":{"@id":"https:\/\/blog.panrotas.com.br\/semreserva\/politica-para-quem-precisa\/19-06-2017\/#webpage"},"wordCount":678,"commentCount":0,"publisher":{"@id":"http:\/\/blog.panrotas.com.br\/semreserva\/#organization"},"articleSection":["Dia a dia"],"inLanguage":"pt-BR","potentialAction":[{"@type":"CommentAction","name":"Comment","target":["https:\/\/blog.panrotas.com.br\/semreserva\/politica-para-quem-precisa\/19-06-2017\/#respond"]}]},{"@type":"Person","@id":"http:\/\/blog.panrotas.com.br\/semreserva\/#\/schema\/person\/c93b4555f6a497d2d83c25dcb80f61ed","name":"Artur Andrade","image":{"@type":"ImageObject","@id":"http:\/\/blog.panrotas.com.br\/semreserva\/#personlogo","inLanguage":"pt-BR","url":"https:\/\/secure.gravatar.com\/avatar\/a94564d630220cefd5c82f3452ac1ef4?s=96&d=mm&r=g","contentUrl":"https:\/\/secure.gravatar.com\/avatar\/a94564d630220cefd5c82f3452ac1ef4?s=96&d=mm&r=g","caption":"Artur Andrade"},"description":"Artur Luiz Andrade \u00e9 carioca, taurino, jornalista e nasceu em 1969. \u00c9 editor-chefe da PANROTAS Editora e mora em S\u00e3o Paulo desde 1998","sameAs":["http:\/\/www.panrotas.com.br"]}]}},"jetpack_featured_media_url":"","jetpack_shortlink":"https:\/\/wp.me\/p7idIU-1eF","_links":{"self":[{"href":"https:\/\/blog.panrotas.com.br\/semreserva\/wp-json\/wp\/v2\/posts\/4753"}],"collection":[{"href":"https:\/\/blog.panrotas.com.br\/semreserva\/wp-json\/wp\/v2\/posts"}],"about":[{"href":"https:\/\/blog.panrotas.com.br\/semreserva\/wp-json\/wp\/v2\/types\/post"}],"author":[{"embeddable":true,"href":"https:\/\/blog.panrotas.com.br\/semreserva\/wp-json\/wp\/v2\/users\/7"}],"replies":[{"embeddable":true,"href":"https:\/\/blog.panrotas.com.br\/semreserva\/wp-json\/wp\/v2\/comments?post=4753"}],"version-history":[{"count":0,"href":"https:\/\/blog.panrotas.com.br\/semreserva\/wp-json\/wp\/v2\/posts\/4753\/revisions"}],"wp:attachment":[{"href":"https:\/\/blog.panrotas.com.br\/semreserva\/wp-json\/wp\/v2\/media?parent=4753"}],"wp:term":[{"taxonomy":"category","embeddable":true,"href":"https:\/\/blog.panrotas.com.br\/semreserva\/wp-json\/wp\/v2\/categories?post=4753"},{"taxonomy":"post_tag","embeddable":true,"href":"https:\/\/blog.panrotas.com.br\/semreserva\/wp-json\/wp\/v2\/tags?post=4753"}],"curies":[{"name":"wp","href":"https:\/\/api.w.org\/{rel}","templated":true}]}}