{"id":4757,"date":"2017-07-10T13:45:27","date_gmt":"2017-07-10T16:45:27","guid":{"rendered":"http:\/\/blog.panrotas.com.br\/semreserva\/?p=4757"},"modified":"2017-07-10T13:45:27","modified_gmt":"2017-07-10T16:45:27","slug":"tiro-de-janeiro","status":"publish","type":"post","link":"https:\/\/blog.panrotas.com.br\/semreserva\/tiro-de-janeiro\/10-07-2017\/","title":{"rendered":"Tiro de Janeiro"},"content":{"rendered":"<p><span style=\"color: #000000;font-family: Calibri\">O Rio passa por outro momento bem dif\u00edcil em sua trajet\u00f3ria. Quando a gente acha que a coisa vai andar&#8230; ela volta a d\u00e9cadas atr\u00e1s.<\/span><\/p>\n<p><span style=\"color: #000000;font-family: Calibri\">\u00a0<\/span><\/p>\n<p><span style=\"color: #000000;font-family: Calibri\">Assistir, no mesmo notici\u00e1rio, que uma menina de 12 anos morreu (perdeu a vida, n\u00e3o existe mais, deixou de respirar, isso mesmo, MORREU) por causa de bala perdida vinda de tiroteio perto de sua escola e que os governantes corruptos que passaram pela cidade e estado, e tamb\u00e9m no governo federal, aceitam devolver milh\u00f5es de reais (sim, MILH\u00d5ES) que roubaram dos cofres p\u00fablicos, s\u00f3 podemos sentir revolta. Indigna\u00e7\u00e3o m\u00e1xima. E por que n\u00e3o vamos \u00e0s ruas?<\/span><\/p>\n<p><span style=\"color: #000000;font-family: Calibri\">\u00a0<\/span><\/p>\n<p><span style=\"color: #000000;font-family: Calibri\">O Rio entrou em crise depois dos roubos na Copa do Mundo e Olimp\u00edada, depois dos roubos na Petrobras (a sede da empresa \u00e9 no Rio e o Estado \u00e9 um dos que mais ganham com o oil business), depois do fiasco do pr\u00e9-sal, depois dos acidentes com v\u00edtimas no carnaval, depois de o ex-governador ser preso e desmascarado&#8230; \u00c9 pouco?<\/span><\/p>\n<p><span style=\"color: #000000;font-family: Calibri\">\u00a0<\/span><\/p>\n<p><span style=\"color: #000000;font-family: Calibri\">Quantas pessoas morreram em hospitais por falta de recursos, em crimes nas ruas da cidade, em casa por causa da falta de seguran\u00e7a ou investimentos? Quantas pessoas esses milh\u00f5es de reais poderiam ter salvado? Ent\u00e3o a den\u00fancia \u00e9 corrup\u00e7\u00e3o? N\u00e3o. \u00c9 assassinato. \u00c9 crime contra os moradores da cidade.<\/span><\/p>\n<p><span style=\"color: #000000;font-family: Calibri\">\u00a0<\/span><\/p>\n<p><span style=\"color: #000000;font-family: Calibri\">\u00a0<\/span><\/p>\n<p><span style=\"color: #000000;font-family: Calibri\">Agora, se para os cariocas est\u00e1 t\u00e3o ruim, o que o turista vai fazer na cidade? Estudo da Confedera\u00e7\u00e3o Nacional do Com\u00e9rcio de Bens, Servi\u00e7os e Turismo (CNC) mostra que a criminalidade nos \u00faltimos meses contribuiu decisivamente para uma queda de R$ 320 milh\u00f5es nas receitas do turismo fluminense. O montante equivale a 42% do total da perda do faturamento do setor (R$ 768,5 milh\u00f5es) entre janeiro e abril deste ano, em compara\u00e7\u00e3o com o mesmo per\u00edodo de 2016.<\/span><\/p>\n<p><span style=\"color: #000000;font-family: Calibri\">\u00a0<\/span><\/p>\n<p><span style=\"color: #000000;font-family: Calibri\">O Turismo, ind\u00fastria que poderia estar compensando a queda de investimentos do mercado de petr\u00f3leo ou das construtoras, \u00e9 ignorado na cidade. Turismo pra qu\u00ea?, pensam os governantes. Carnaval pra qu\u00ea? Turismo n\u00e3o gera nada&#8230; O turista vai sozinho, sem precisar de divulga\u00e7\u00e3o&#8230; Os hot\u00e9is que gastem para lotar seus quartos&#8230; Quem mandou constru\u00edrem tantos hot\u00e9is? Continuam pensando os administradores&#8230;<\/span><\/p>\n<p><span style=\"color: #000000;font-family: Calibri\">\u00a0<\/span><\/p>\n<p><span style=\"color: #000000;font-family: Calibri\">Quanto pior a situa\u00e7\u00e3o, melhor para quem explora os outros oferecendo o que n\u00e3o pode dar. Quanto pior o quadro mais o populismo (e n\u00e3o apenas o pol\u00edtico) continuar\u00e1 explorando e manipulando a massa.<\/span><\/p>\n<p><span style=\"color: #000000;font-family: Calibri\">\u00a0<\/span><\/p>\n<p><span style=\"color: #000000;font-family: Calibri\">E ent\u00e3o uma amiga minha disse que o Rio precisa de not\u00edcias positivas na m\u00eddia. N\u00e3o. O Rio precisa se livrar de uma corja que j\u00e1 durou tempo demais no poder, de governantes que s\u00f3 olham seus neg\u00f3cios, de quem trate a cidade como deve e olhe para o Turismo como a ind\u00fastria que pode resolver diversos males.<\/span><\/p>\n<p><span style=\"color: #000000;font-family: Calibri\">\u00a0<\/span><\/p>\n<p><span style=\"color: #000000;font-family: Calibri\">Ser\u00e1 que apenas os turistas acreditam no Rio como destino tur\u00edstico.<\/span><\/p>\n<p><span style=\"color: #000000;font-family: Calibri\">\u00a0<\/span><\/p>\n<p><span style=\"color: #000000;font-family: Calibri\">Com a palavra, todos voc\u00eas, do Turismo.<\/span><\/p>\n<p><span style=\"color: #000000;font-family: Calibri\">\u00a0<\/span><\/p>\n","protected":false},"excerpt":{"rendered":"<p>O Rio passa por outro momento bem dif\u00edcil em sua trajet\u00f3ria. Quando a gente acha que a coisa vai andar&#8230; ela volta a d\u00e9cadas atr\u00e1s. \u00a0 Assistir, no mesmo notici\u00e1rio, que uma menina de 12 anos morreu (perdeu a vida, n\u00e3o existe mais, deixou de respirar, isso mesmo, MORREU) por causa de bala perdida vinda [&hellip;]<\/p>\n","protected":false},"author":7,"featured_media":0,"comment_status":"open","ping_status":"open","sticky":false,"template":"","format":"standard","meta":{"spay_email":""},"categories":[2],"tags":[],"yoast_head":"<!-- This site is optimized with the Yoast SEO plugin v17.3 - https:\/\/yoast.com\/wordpress\/plugins\/seo\/ -->\n<title>Tiro de Janeiro -<\/title>\n<meta name=\"description\" content=\"Tiro de Janeiro. Confira essa Mat\u00e9ria no Canal Sem reserva. \u27a4 Projeto em parceria com a PANROTAS.\" \/>\n<meta name=\"robots\" content=\"index, follow, max-snippet:-1, max-image-preview:large, max-video-preview:-1\" \/>\n<link rel=\"canonical\" href=\"https:\/\/blog.panrotas.com.br\/semreserva\/tiro-de-janeiro\/10-07-2017\/\" \/>\n<meta property=\"og:locale\" content=\"pt_BR\" \/>\n<meta property=\"og:type\" content=\"article\" \/>\n<meta property=\"og:title\" content=\"Tiro de Janeiro -\" \/>\n<meta property=\"og:description\" content=\"Tiro de Janeiro. Confira essa Mat\u00e9ria no Canal Sem reserva. \u27a4 Projeto em parceria com a PANROTAS.\" \/>\n<meta property=\"og:url\" content=\"https:\/\/blog.panrotas.com.br\/semreserva\/tiro-de-janeiro\/10-07-2017\/\" \/>\n<meta property=\"og:site_name\" content=\"Sem reserva\" \/>\n<meta property=\"article:publisher\" content=\"https:\/\/www.facebook.com\/portalpanrotas\/\" \/>\n<meta property=\"article:published_time\" content=\"2017-07-10T16:45:27+00:00\" \/>\n<meta name=\"twitter:card\" content=\"summary_large_image\" \/>\n<meta name=\"twitter:creator\" content=\"@portalpanrotas\" \/>\n<meta name=\"twitter:site\" content=\"@portalpanrotas\" \/>\n<meta name=\"twitter:label1\" content=\"Escrito por\" \/>\n\t<meta name=\"twitter:data1\" content=\"Artur Andrade\" \/>\n\t<meta name=\"twitter:label2\" content=\"Est. tempo de leitura\" \/>\n\t<meta name=\"twitter:data2\" content=\"2 minutos\" \/>\n<script type=\"application\/ld+json\" class=\"yoast-schema-graph\">{\"@context\":\"https:\/\/schema.org\",\"@graph\":[{\"@type\":\"Organization\",\"@id\":\"http:\/\/blog.panrotas.com.br\/semreserva\/#organization\",\"name\":\"Sem Reserva - Blog no Portal PANROTAS\",\"url\":\"http:\/\/blog.panrotas.com.br\/semreserva\/\",\"sameAs\":[\"https:\/\/www.facebook.com\/portalpanrotas\/\",\"https:\/\/www.instagram.com\/portalpanrotas\/\",\"https:\/\/br.linkedin.com\/company\/panrotas\",\"https:\/\/www.youtube.com\/tvpanrotas\",\"https:\/\/twitter.com\/portalpanrotas\"],\"logo\":{\"@type\":\"ImageObject\",\"@id\":\"http:\/\/blog.panrotas.com.br\/semreserva\/#logo\",\"inLanguage\":\"pt-BR\",\"url\":\"https:\/\/blog.panrotas.com.br\/semreserva\/wp-content\/uploads\/sites\/5\/2020\/06\/logo.png\",\"contentUrl\":\"https:\/\/blog.panrotas.com.br\/semreserva\/wp-content\/uploads\/sites\/5\/2020\/06\/logo.png\",\"width\":259,\"height\":53,\"caption\":\"Sem Reserva - Blog no Portal PANROTAS\"},\"image\":{\"@id\":\"http:\/\/blog.panrotas.com.br\/semreserva\/#logo\"}},{\"@type\":\"WebSite\",\"@id\":\"http:\/\/blog.panrotas.com.br\/semreserva\/#website\",\"url\":\"http:\/\/blog.panrotas.com.br\/semreserva\/\",\"name\":\"Sem reserva\",\"description\":\"Blogosfera PANROTAS\",\"publisher\":{\"@id\":\"http:\/\/blog.panrotas.com.br\/semreserva\/#organization\"},\"potentialAction\":[{\"@type\":\"SearchAction\",\"target\":{\"@type\":\"EntryPoint\",\"urlTemplate\":\"http:\/\/blog.panrotas.com.br\/semreserva\/?s={search_term_string}\"},\"query-input\":\"required name=search_term_string\"}],\"inLanguage\":\"pt-BR\"},{\"@type\":\"WebPage\",\"@id\":\"https:\/\/blog.panrotas.com.br\/semreserva\/tiro-de-janeiro\/10-07-2017\/#webpage\",\"url\":\"https:\/\/blog.panrotas.com.br\/semreserva\/tiro-de-janeiro\/10-07-2017\/\",\"name\":\"Tiro de Janeiro -\",\"isPartOf\":{\"@id\":\"http:\/\/blog.panrotas.com.br\/semreserva\/#website\"},\"datePublished\":\"2017-07-10T16:45:27+00:00\",\"dateModified\":\"2017-07-10T16:45:27+00:00\",\"description\":\"Tiro de Janeiro. Confira essa Mat\\u00e9ria no Canal Sem reserva. \\u27a4 Projeto em parceria com a PANROTAS.\",\"breadcrumb\":{\"@id\":\"https:\/\/blog.panrotas.com.br\/semreserva\/tiro-de-janeiro\/10-07-2017\/#breadcrumb\"},\"inLanguage\":\"pt-BR\",\"potentialAction\":[{\"@type\":\"ReadAction\",\"target\":[\"https:\/\/blog.panrotas.com.br\/semreserva\/tiro-de-janeiro\/10-07-2017\/\"]}]},{\"@type\":\"BreadcrumbList\",\"@id\":\"https:\/\/blog.panrotas.com.br\/semreserva\/tiro-de-janeiro\/10-07-2017\/#breadcrumb\",\"itemListElement\":[{\"@type\":\"ListItem\",\"position\":1,\"name\":\"Home do Blog\",\"item\":\"http:\/\/blog.panrotas.com.br\/semreserva\/\"},{\"@type\":\"ListItem\",\"position\":2,\"name\":\"Dia a dia\",\"item\":\"https:\/\/blog.panrotas.com.br\/semreserva\/category\/dia-a-dia\/\"},{\"@type\":\"ListItem\",\"position\":3,\"name\":\"Tiro de Janeiro\"}]},{\"@type\":\"Article\",\"@id\":\"https:\/\/blog.panrotas.com.br\/semreserva\/tiro-de-janeiro\/10-07-2017\/#article\",\"isPartOf\":{\"@id\":\"https:\/\/blog.panrotas.com.br\/semreserva\/tiro-de-janeiro\/10-07-2017\/#webpage\"},\"author\":{\"@id\":\"http:\/\/blog.panrotas.com.br\/semreserva\/#\/schema\/person\/c93b4555f6a497d2d83c25dcb80f61ed\"},\"headline\":\"Tiro de Janeiro\",\"datePublished\":\"2017-07-10T16:45:27+00:00\",\"dateModified\":\"2017-07-10T16:45:27+00:00\",\"mainEntityOfPage\":{\"@id\":\"https:\/\/blog.panrotas.com.br\/semreserva\/tiro-de-janeiro\/10-07-2017\/#webpage\"},\"wordCount\":500,\"commentCount\":0,\"publisher\":{\"@id\":\"http:\/\/blog.panrotas.com.br\/semreserva\/#organization\"},\"articleSection\":[\"Dia a dia\"],\"inLanguage\":\"pt-BR\",\"potentialAction\":[{\"@type\":\"CommentAction\",\"name\":\"Comment\",\"target\":[\"https:\/\/blog.panrotas.com.br\/semreserva\/tiro-de-janeiro\/10-07-2017\/#respond\"]}]},{\"@type\":\"Person\",\"@id\":\"http:\/\/blog.panrotas.com.br\/semreserva\/#\/schema\/person\/c93b4555f6a497d2d83c25dcb80f61ed\",\"name\":\"Artur Andrade\",\"image\":{\"@type\":\"ImageObject\",\"@id\":\"http:\/\/blog.panrotas.com.br\/semreserva\/#personlogo\",\"inLanguage\":\"pt-BR\",\"url\":\"https:\/\/secure.gravatar.com\/avatar\/a94564d630220cefd5c82f3452ac1ef4?s=96&d=mm&r=g\",\"contentUrl\":\"https:\/\/secure.gravatar.com\/avatar\/a94564d630220cefd5c82f3452ac1ef4?s=96&d=mm&r=g\",\"caption\":\"Artur Andrade\"},\"description\":\"Artur Luiz Andrade \\u00e9 carioca, taurino, jornalista e nasceu em 1969. \\u00c9 editor-chefe da PANROTAS Editora e mora em S\\u00e3o Paulo desde 1998\",\"sameAs\":[\"http:\/\/www.panrotas.com.br\"]}]}<\/script>\n<!-- \/ Yoast SEO plugin. -->","yoast_head_json":{"title":"Tiro de Janeiro -","description":"Tiro de Janeiro. Confira essa Mat\u00e9ria no Canal Sem reserva. \u27a4 Projeto em parceria com a PANROTAS.","robots":{"index":"index","follow":"follow","max-snippet":"max-snippet:-1","max-image-preview":"max-image-preview:large","max-video-preview":"max-video-preview:-1"},"canonical":"https:\/\/blog.panrotas.com.br\/semreserva\/tiro-de-janeiro\/10-07-2017\/","og_locale":"pt_BR","og_type":"article","og_title":"Tiro de Janeiro -","og_description":"Tiro de Janeiro. Confira essa Mat\u00e9ria no Canal Sem reserva. \u27a4 Projeto em parceria com a PANROTAS.","og_url":"https:\/\/blog.panrotas.com.br\/semreserva\/tiro-de-janeiro\/10-07-2017\/","og_site_name":"Sem reserva","article_publisher":"https:\/\/www.facebook.com\/portalpanrotas\/","article_published_time":"2017-07-10T16:45:27+00:00","twitter_card":"summary_large_image","twitter_creator":"@portalpanrotas","twitter_site":"@portalpanrotas","twitter_misc":{"Escrito por":"Artur Andrade","Est. tempo de leitura":"2 minutos"},"schema":{"@context":"https:\/\/schema.org","@graph":[{"@type":"Organization","@id":"http:\/\/blog.panrotas.com.br\/semreserva\/#organization","name":"Sem Reserva - Blog no Portal PANROTAS","url":"http:\/\/blog.panrotas.com.br\/semreserva\/","sameAs":["https:\/\/www.facebook.com\/portalpanrotas\/","https:\/\/www.instagram.com\/portalpanrotas\/","https:\/\/br.linkedin.com\/company\/panrotas","https:\/\/www.youtube.com\/tvpanrotas","https:\/\/twitter.com\/portalpanrotas"],"logo":{"@type":"ImageObject","@id":"http:\/\/blog.panrotas.com.br\/semreserva\/#logo","inLanguage":"pt-BR","url":"https:\/\/blog.panrotas.com.br\/semreserva\/wp-content\/uploads\/sites\/5\/2020\/06\/logo.png","contentUrl":"https:\/\/blog.panrotas.com.br\/semreserva\/wp-content\/uploads\/sites\/5\/2020\/06\/logo.png","width":259,"height":53,"caption":"Sem Reserva - Blog no Portal PANROTAS"},"image":{"@id":"http:\/\/blog.panrotas.com.br\/semreserva\/#logo"}},{"@type":"WebSite","@id":"http:\/\/blog.panrotas.com.br\/semreserva\/#website","url":"http:\/\/blog.panrotas.com.br\/semreserva\/","name":"Sem reserva","description":"Blogosfera PANROTAS","publisher":{"@id":"http:\/\/blog.panrotas.com.br\/semreserva\/#organization"},"potentialAction":[{"@type":"SearchAction","target":{"@type":"EntryPoint","urlTemplate":"http:\/\/blog.panrotas.com.br\/semreserva\/?s={search_term_string}"},"query-input":"required name=search_term_string"}],"inLanguage":"pt-BR"},{"@type":"WebPage","@id":"https:\/\/blog.panrotas.com.br\/semreserva\/tiro-de-janeiro\/10-07-2017\/#webpage","url":"https:\/\/blog.panrotas.com.br\/semreserva\/tiro-de-janeiro\/10-07-2017\/","name":"Tiro de Janeiro -","isPartOf":{"@id":"http:\/\/blog.panrotas.com.br\/semreserva\/#website"},"datePublished":"2017-07-10T16:45:27+00:00","dateModified":"2017-07-10T16:45:27+00:00","description":"Tiro de Janeiro. Confira essa Mat\u00e9ria no Canal Sem reserva. \u27a4 Projeto em parceria com a PANROTAS.","breadcrumb":{"@id":"https:\/\/blog.panrotas.com.br\/semreserva\/tiro-de-janeiro\/10-07-2017\/#breadcrumb"},"inLanguage":"pt-BR","potentialAction":[{"@type":"ReadAction","target":["https:\/\/blog.panrotas.com.br\/semreserva\/tiro-de-janeiro\/10-07-2017\/"]}]},{"@type":"BreadcrumbList","@id":"https:\/\/blog.panrotas.com.br\/semreserva\/tiro-de-janeiro\/10-07-2017\/#breadcrumb","itemListElement":[{"@type":"ListItem","position":1,"name":"Home do Blog","item":"http:\/\/blog.panrotas.com.br\/semreserva\/"},{"@type":"ListItem","position":2,"name":"Dia a dia","item":"https:\/\/blog.panrotas.com.br\/semreserva\/category\/dia-a-dia\/"},{"@type":"ListItem","position":3,"name":"Tiro de Janeiro"}]},{"@type":"Article","@id":"https:\/\/blog.panrotas.com.br\/semreserva\/tiro-de-janeiro\/10-07-2017\/#article","isPartOf":{"@id":"https:\/\/blog.panrotas.com.br\/semreserva\/tiro-de-janeiro\/10-07-2017\/#webpage"},"author":{"@id":"http:\/\/blog.panrotas.com.br\/semreserva\/#\/schema\/person\/c93b4555f6a497d2d83c25dcb80f61ed"},"headline":"Tiro de Janeiro","datePublished":"2017-07-10T16:45:27+00:00","dateModified":"2017-07-10T16:45:27+00:00","mainEntityOfPage":{"@id":"https:\/\/blog.panrotas.com.br\/semreserva\/tiro-de-janeiro\/10-07-2017\/#webpage"},"wordCount":500,"commentCount":0,"publisher":{"@id":"http:\/\/blog.panrotas.com.br\/semreserva\/#organization"},"articleSection":["Dia a dia"],"inLanguage":"pt-BR","potentialAction":[{"@type":"CommentAction","name":"Comment","target":["https:\/\/blog.panrotas.com.br\/semreserva\/tiro-de-janeiro\/10-07-2017\/#respond"]}]},{"@type":"Person","@id":"http:\/\/blog.panrotas.com.br\/semreserva\/#\/schema\/person\/c93b4555f6a497d2d83c25dcb80f61ed","name":"Artur Andrade","image":{"@type":"ImageObject","@id":"http:\/\/blog.panrotas.com.br\/semreserva\/#personlogo","inLanguage":"pt-BR","url":"https:\/\/secure.gravatar.com\/avatar\/a94564d630220cefd5c82f3452ac1ef4?s=96&d=mm&r=g","contentUrl":"https:\/\/secure.gravatar.com\/avatar\/a94564d630220cefd5c82f3452ac1ef4?s=96&d=mm&r=g","caption":"Artur Andrade"},"description":"Artur Luiz Andrade \u00e9 carioca, taurino, jornalista e nasceu em 1969. \u00c9 editor-chefe da PANROTAS Editora e mora em S\u00e3o Paulo desde 1998","sameAs":["http:\/\/www.panrotas.com.br"]}]}},"jetpack_featured_media_url":"","jetpack_shortlink":"https:\/\/wp.me\/p7idIU-1eJ","_links":{"self":[{"href":"https:\/\/blog.panrotas.com.br\/semreserva\/wp-json\/wp\/v2\/posts\/4757"}],"collection":[{"href":"https:\/\/blog.panrotas.com.br\/semreserva\/wp-json\/wp\/v2\/posts"}],"about":[{"href":"https:\/\/blog.panrotas.com.br\/semreserva\/wp-json\/wp\/v2\/types\/post"}],"author":[{"embeddable":true,"href":"https:\/\/blog.panrotas.com.br\/semreserva\/wp-json\/wp\/v2\/users\/7"}],"replies":[{"embeddable":true,"href":"https:\/\/blog.panrotas.com.br\/semreserva\/wp-json\/wp\/v2\/comments?post=4757"}],"version-history":[{"count":0,"href":"https:\/\/blog.panrotas.com.br\/semreserva\/wp-json\/wp\/v2\/posts\/4757\/revisions"}],"wp:attachment":[{"href":"https:\/\/blog.panrotas.com.br\/semreserva\/wp-json\/wp\/v2\/media?parent=4757"}],"wp:term":[{"taxonomy":"category","embeddable":true,"href":"https:\/\/blog.panrotas.com.br\/semreserva\/wp-json\/wp\/v2\/categories?post=4757"},{"taxonomy":"post_tag","embeddable":true,"href":"https:\/\/blog.panrotas.com.br\/semreserva\/wp-json\/wp\/v2\/tags?post=4757"}],"curies":[{"name":"wp","href":"https:\/\/api.w.org\/{rel}","templated":true}]}}