{"id":4768,"date":"2017-07-17T12:40:07","date_gmt":"2017-07-17T15:40:07","guid":{"rendered":"http:\/\/blog.panrotas.com.br\/semreserva\/?p=4768"},"modified":"2017-07-17T12:40:07","modified_gmt":"2017-07-17T15:40:07","slug":"do-fora-collor-ao-fora-dilma-fora-cunha-fora-aecio-fora-temer","status":"publish","type":"post","link":"https:\/\/blog.panrotas.com.br\/semreserva\/do-fora-collor-ao-fora-dilma-fora-cunha-fora-aecio-fora-temer\/17-07-2017\/","title":{"rendered":"Do Fora Collor ao Fora Dilma, Fora Cunha, Fora A\u00e9cio, Fora Temer&#8230;"},"content":{"rendered":"<p>Reproduzo abaixo o editorial que escrevi para a edi\u00e7\u00e3o de 25 anos do Jornal PANROTAS, que daqui a pouco estar\u00e1 no ar em vers\u00e3o digital no Portal PANROTAS, e a partir de amanh\u00e3 come\u00e7a a ser distribu\u00edda em todo o Brasil.<\/p>\n<p>O objetivo da edi\u00e7\u00e3o \u00e9 marcar a data refor\u00e7ando as principais caracter\u00edsticas e diretrizes do ve\u00edculo: ir al\u00e9m da informa\u00e7\u00e3o, analisando e mostrando v\u00e1rios lados e caminhos da ind\u00fastria de Viagens e Turismo. Enquanto no Portal PANROTAS e nas redes sociais vale mais a informa\u00e7\u00e3o imediata, curta, o momento e o acontecimento, no Jornal PANROTAS ou lemos tudo de novo de uma vez s\u00f3, como uma hist\u00f3ria bem contada e analisada, ou lemos reportagens n\u00e3o factuais, que podem at\u00e9 ter sido geradas por um fato recente, mas que trazem um aprofundamento de pauta, tendo o dia a dia do profissional de Turismo como principal enfoque.<\/p>\n<p>Assim, escolhemos olhar para o passado, claro, mas principalmente para o presente e o futuro. Mostramos como o Turismo era vendido h\u00e1 25 anos e o que j\u00e1 est\u00e1 em pr\u00e1tica. Mostramos o que vem por a\u00ed nos pr\u00f3ximos 25 anos. E tamb\u00e9m problemas que se arrastam, sem solu\u00e7\u00e3o ou vontade (geralmente pol\u00edtica) para sumirem do mapa. Em oito entrevistas-perfis com profissionais do setor, nosso objetivo foi mostrar a evolu\u00e7\u00e3o de suas carreiras e do Turismo, e assim fazer um panorama amplo da ind\u00fastria. Portanto, leia os oito perfis. Voc\u00ea vai gostar.<\/p>\n<p>\u00c9 uma das 52 edi\u00e7\u00f5es do ano. Maior, porque especial, porque nossos parceiros fizeram quest\u00e3o de deixar sua mensagem. Mas uma edi\u00e7\u00e3o com pauta &#8220;neutra&#8221;, com mat\u00e9rias para serem lidas aos poucos. Edi\u00e7\u00e3o de colecionador.<\/p>\n<p>Mat\u00e9rias que s\u00e3o \u00fateis para a ind\u00fastria, que buscam olhar al\u00e9m, assim como as da semana passada, as da anterior e assim por diante. A cada edi\u00e7\u00e3o, queremos nos diferenciar com pautas mais bem trabalhadas, seja de um evento, de um novo voo ou de uma tend\u00eancia.<\/p>\n<p>Espero que gostem e apreciem a edi\u00e7\u00e3o 1.278, dos 25 anos do Jornal PANROTAS, e que vejam esse mesmo cuidado nas futuras edi\u00e7\u00f5es do JP.<\/p>\n<p>&#8220;EDITORIAL<\/p>\n<p>Boa Leitura&#8230;<\/p>\n<p><span style=\"color: #000000;font-family: Calibri\">O ano era 1992 e a unanimidade brasileira chamava-se Fernando Collor de Mello. O Fora Collor das ruas e da pol\u00edtica deu certo e em dezembro daquele ano, o presidente renunciou, abrindo espa\u00e7o para os anos Itamar Franco, o Plano Real, diversas crises internas e externas, a elei\u00e7\u00e3o de Lula, o impeachment de Dilma e uma profus\u00e3o de esc\u00e2ndalos de corrup\u00e7\u00e3o que desencadearam uma s\u00e9rie de campanhas do tipo \u201cFora Collor\u201d, mas atingindo todos os partidos e diversas personalidades antes consideradas intoc\u00e1veis.<\/span><\/p>\n<p><span style=\"color: #000000;font-family: Calibri\">De l\u00e1 para c\u00e1 o Brasil evoluiu em alguns aspectos, estacionou em outros e at\u00e9 andou para tr\u00e1s, mas o saldo \u00e9 positivo. Tamb\u00e9m para o Turismo, que, a despeito da pol\u00edtica p\u00fablico para nossa ind\u00fastria, cresceu e apareceu.<\/span><\/p>\n<p><span style=\"color: #000000;font-family: Calibri\">Em outubro daquele ano, dois meses ap\u00f3s o Congresso e Feira da Abav, que ocorreram no Rio (que j\u00e1 havia recebido a Eco-92), nascia o Jornal PANROTAS, com o objetivo de trazer informa\u00e7\u00f5es detalhadas e an\u00e1lises semanais para o trade tur\u00edstico. A PANROTAS tinha como carro-chefe o Guia PANROTAS, que estava na mesa de todo agente de viagens, mas que viria a perder for\u00e7a gra\u00e7as \u00e0 tecnologia dos GDS e \u00e0 internet. Ver um voo e uma tarifa hoje \u00e9 poss\u00edvel em um smartphone e o papel, e a informa\u00e7\u00e3o contida nele, tiveram de mudar.<\/span><\/p>\n<p><span style=\"color: #000000;font-family: Calibri\">Depois do come\u00e7o bastante anal\u00edtico, em que visava ser a Gazeta Mercantil do Turismo, o Jornal PANROTAS passou por uma fase mais informativa (antes da internet era nele que se sabia de tudo, tudo mesmo no Turismo), depois por outras mais focadas em an\u00e1lises, destinos e servi\u00e7os, e hoje continua sendo o \u00fanico ve\u00edculo semanal da ind\u00fastria de Viagens e Turismo. Mat\u00e9rias mais bem trabalhadas, aprofundamento de pautas, estat\u00edsticas, estudos e uma cobertura de eventos e viagens que nenhum ve\u00edculo tem s\u00e3o hoje a mat\u00e9ria-prima do Jornal PANROTAS.<\/span><\/p>\n<p><span style=\"color: #000000;font-family: Calibri\">J\u00e1 leu essa not\u00edcia no Portal PANROTAS? Em alguns casos, com certeza sim, mas no JP voc\u00ea vai ver mais detalhes, an\u00e1lises, opini\u00e3o e um compilado do que est\u00e1 solto e fragmentado na internet.<\/span><\/p>\n<p><span style=\"color: #000000;font-family: Calibri\">Qual o futuro da informa\u00e7\u00e3o no papel? Dos ve\u00edculos impressos? N\u00e3o podemos prever, mas n\u00e3o prevemos o fim das an\u00e1lises, das pautas mais completas, das reportagens especiais&#8230; A plataforma pode ser o tablet, o kindle, o papel em formato jornal, uma revista, um e-book&#8230; H\u00e1 diversas formas de difundirmos a informa\u00e7\u00e3o relevante mais encorpada, sem a rapidez da internet, sem a pressa digital, sem os textos curtos.<\/span><\/p>\n<p><span style=\"color: #000000;font-family: Calibri\">E para profissionais de qualquer ind\u00fastria, a informa\u00e7\u00e3o completa \u00e9 a relevante. Ir ao Google e pesquisar sobre um tema ajuda, mas \u00e9 a sua forma\u00e7\u00e3o, o seu interesse, a sua rotina de leitura, a sua atitude pro-ativa para saber o que est\u00e1 acontecendo, sendo discutido e o que est\u00e1 por vir na \u00e1rea em que voc\u00ea atua que far\u00e3o a diferen\u00e7a. Um profissional mal informado (e isso se refere tamb\u00e9m a quem s\u00f3 l\u00ea manchetes on-line) \u00e9 um profissional fadado ao fracasso ou \u00e0 mediocridade. <\/span><\/p>\n<p><span style=\"color: #000000;font-family: Calibri\">O Jornal PANROTAS vai continuar tendo essa miss\u00e3o. Informar e formar a ind\u00fastria de Viagens e Turismo, indo al\u00e9m do fato noticioso, mostrando \u00e2ngulos \u00fanicos, expondo o trade como ningu\u00e9m mais faz.<\/span><\/p>\n<p><span style=\"color: #000000;font-family: Calibri\">Isso, gra\u00e7as aos investimentos em tecnologia, infraestrutura e profissionais, que s\u00e3o prioridade para a PANROTAS, do seu presidente, Guillermo Alcorta \u00e0 nova gera\u00e7\u00e3o, representada por seu filho, o CEO Guilherme Alcorta. <\/span><\/p>\n<p><span style=\"color: #000000;font-family: Calibri\">E eu, que vi o Jornal PANROTAS nascer, ainda trabalhando no Rio de Janeiro, e que sou editor da publica\u00e7\u00e3o desde 2000, tenho muito orgulho dessa trajet\u00f3ria, da repercuss\u00e3o do JP e de todos os ve\u00edculos PANROTAS, e dos profissionais que fazem e ajudaram a fazer tudo isso nesses 25 anos. Obrigado \u00e0s equipes administrativa e comercial, de Tecnologia e Marketing, aos colaboradores em outros Estados e pa\u00edses, e em especial aos nossos leitores e entrevistados e \u00e0 equipe de jornalistas liderada atualmente pelo Ren\u00ea Castro.<\/span><\/p>\n<p><span style=\"color: #000000;font-family: Calibri\">Que venham mais not\u00edcias, mais plataformas, mais fatos inesquec\u00edveis&#8230; O Jornal PANROTAS estar\u00e1 a seu lado para ajudar na sua miss\u00e3o de ser um profissional antenado e bem informado.<\/span><\/p>\n<p><span style=\"color: #000000;font-family: Calibri\">Muito obrigado<\/span><\/p>\n<p><span style=\"color: #000000;font-family: Calibri\">Artur Luiz Andrade<\/span><\/p>\n<p><span style=\"color: #000000;font-family: Calibri\">Editor-chefe&#8221;<\/span><\/p>\n<p><span style=\"color: #000000;font-family: Calibri\">\u00a0<\/span><\/p>\n<p>&nbsp;<\/p>\n<p><span style=\"color: #000000;font-family: Calibri\">\u00a0<\/span><\/p>\n","protected":false},"excerpt":{"rendered":"<p>Reproduzo abaixo o editorial que escrevi para a edi\u00e7\u00e3o de 25 anos do Jornal PANROTAS, que daqui a pouco estar\u00e1 no ar em vers\u00e3o digital no Portal PANROTAS, e a partir de amanh\u00e3 come\u00e7a a ser distribu\u00edda em todo o Brasil. O objetivo da edi\u00e7\u00e3o \u00e9 marcar a data refor\u00e7ando as principais caracter\u00edsticas e diretrizes [&hellip;]<\/p>\n","protected":false},"author":7,"featured_media":0,"comment_status":"open","ping_status":"open","sticky":false,"template":"","format":"standard","meta":{"spay_email":""},"categories":[2],"tags":[],"yoast_head":"<!-- This site is optimized with the Yoast SEO plugin v17.3 - https:\/\/yoast.com\/wordpress\/plugins\/seo\/ -->\n<title>Do Fora Collor ao Fora Dilma, Fora Cunha, Fora A\u00e9cio, Fora Temer... -<\/title>\n<meta name=\"description\" content=\"Do Fora Collor ao Fora Dilma, Fora Cunha, Fora A\u00e9cio, Fora Temer.... Confira essa Mat\u00e9ria no Canal Sem reserva. \u27a4 Projeto em parceria com a PANROTAS.\" \/>\n<meta name=\"robots\" content=\"index, follow, max-snippet:-1, max-image-preview:large, max-video-preview:-1\" \/>\n<link rel=\"canonical\" href=\"https:\/\/blog.panrotas.com.br\/semreserva\/do-fora-collor-ao-fora-dilma-fora-cunha-fora-aecio-fora-temer\/17-07-2017\/\" \/>\n<meta property=\"og:locale\" content=\"pt_BR\" \/>\n<meta property=\"og:type\" content=\"article\" \/>\n<meta property=\"og:title\" content=\"Do Fora Collor ao Fora Dilma, Fora Cunha, Fora A\u00e9cio, Fora Temer... -\" \/>\n<meta property=\"og:description\" content=\"Do Fora Collor ao Fora Dilma, Fora Cunha, Fora A\u00e9cio, Fora Temer.... Confira essa Mat\u00e9ria no Canal Sem reserva. \u27a4 Projeto em parceria com a PANROTAS.\" \/>\n<meta property=\"og:url\" content=\"https:\/\/blog.panrotas.com.br\/semreserva\/do-fora-collor-ao-fora-dilma-fora-cunha-fora-aecio-fora-temer\/17-07-2017\/\" \/>\n<meta property=\"og:site_name\" content=\"Sem reserva\" \/>\n<meta property=\"article:publisher\" content=\"https:\/\/www.facebook.com\/portalpanrotas\/\" \/>\n<meta property=\"article:published_time\" content=\"2017-07-17T15:40:07+00:00\" \/>\n<meta name=\"twitter:card\" content=\"summary_large_image\" \/>\n<meta name=\"twitter:creator\" content=\"@portalpanrotas\" \/>\n<meta name=\"twitter:site\" content=\"@portalpanrotas\" \/>\n<meta name=\"twitter:label1\" content=\"Escrito por\" \/>\n\t<meta name=\"twitter:data1\" content=\"Artur Andrade\" \/>\n\t<meta name=\"twitter:label2\" content=\"Est. tempo de leitura\" \/>\n\t<meta name=\"twitter:data2\" content=\"6 minutos\" \/>\n<script type=\"application\/ld+json\" class=\"yoast-schema-graph\">{\"@context\":\"https:\/\/schema.org\",\"@graph\":[{\"@type\":\"Organization\",\"@id\":\"http:\/\/blog.panrotas.com.br\/semreserva\/#organization\",\"name\":\"Sem Reserva - Blog no Portal PANROTAS\",\"url\":\"http:\/\/blog.panrotas.com.br\/semreserva\/\",\"sameAs\":[\"https:\/\/www.facebook.com\/portalpanrotas\/\",\"https:\/\/www.instagram.com\/portalpanrotas\/\",\"https:\/\/br.linkedin.com\/company\/panrotas\",\"https:\/\/www.youtube.com\/tvpanrotas\",\"https:\/\/twitter.com\/portalpanrotas\"],\"logo\":{\"@type\":\"ImageObject\",\"@id\":\"http:\/\/blog.panrotas.com.br\/semreserva\/#logo\",\"inLanguage\":\"pt-BR\",\"url\":\"https:\/\/blog.panrotas.com.br\/semreserva\/wp-content\/uploads\/sites\/5\/2020\/06\/logo.png\",\"contentUrl\":\"https:\/\/blog.panrotas.com.br\/semreserva\/wp-content\/uploads\/sites\/5\/2020\/06\/logo.png\",\"width\":259,\"height\":53,\"caption\":\"Sem Reserva - Blog no Portal PANROTAS\"},\"image\":{\"@id\":\"http:\/\/blog.panrotas.com.br\/semreserva\/#logo\"}},{\"@type\":\"WebSite\",\"@id\":\"http:\/\/blog.panrotas.com.br\/semreserva\/#website\",\"url\":\"http:\/\/blog.panrotas.com.br\/semreserva\/\",\"name\":\"Sem reserva\",\"description\":\"Blogosfera PANROTAS\",\"publisher\":{\"@id\":\"http:\/\/blog.panrotas.com.br\/semreserva\/#organization\"},\"potentialAction\":[{\"@type\":\"SearchAction\",\"target\":{\"@type\":\"EntryPoint\",\"urlTemplate\":\"http:\/\/blog.panrotas.com.br\/semreserva\/?s={search_term_string}\"},\"query-input\":\"required name=search_term_string\"}],\"inLanguage\":\"pt-BR\"},{\"@type\":\"WebPage\",\"@id\":\"https:\/\/blog.panrotas.com.br\/semreserva\/do-fora-collor-ao-fora-dilma-fora-cunha-fora-aecio-fora-temer\/17-07-2017\/#webpage\",\"url\":\"https:\/\/blog.panrotas.com.br\/semreserva\/do-fora-collor-ao-fora-dilma-fora-cunha-fora-aecio-fora-temer\/17-07-2017\/\",\"name\":\"Do Fora Collor ao Fora Dilma, Fora Cunha, Fora A\\u00e9cio, Fora Temer... -\",\"isPartOf\":{\"@id\":\"http:\/\/blog.panrotas.com.br\/semreserva\/#website\"},\"datePublished\":\"2017-07-17T15:40:07+00:00\",\"dateModified\":\"2017-07-17T15:40:07+00:00\",\"description\":\"Do Fora Collor ao Fora Dilma, Fora Cunha, Fora A\\u00e9cio, Fora Temer.... Confira essa Mat\\u00e9ria no Canal Sem reserva. \\u27a4 Projeto em parceria com a PANROTAS.\",\"breadcrumb\":{\"@id\":\"https:\/\/blog.panrotas.com.br\/semreserva\/do-fora-collor-ao-fora-dilma-fora-cunha-fora-aecio-fora-temer\/17-07-2017\/#breadcrumb\"},\"inLanguage\":\"pt-BR\",\"potentialAction\":[{\"@type\":\"ReadAction\",\"target\":[\"https:\/\/blog.panrotas.com.br\/semreserva\/do-fora-collor-ao-fora-dilma-fora-cunha-fora-aecio-fora-temer\/17-07-2017\/\"]}]},{\"@type\":\"BreadcrumbList\",\"@id\":\"https:\/\/blog.panrotas.com.br\/semreserva\/do-fora-collor-ao-fora-dilma-fora-cunha-fora-aecio-fora-temer\/17-07-2017\/#breadcrumb\",\"itemListElement\":[{\"@type\":\"ListItem\",\"position\":1,\"name\":\"Home do Blog\",\"item\":\"http:\/\/blog.panrotas.com.br\/semreserva\/\"},{\"@type\":\"ListItem\",\"position\":2,\"name\":\"Dia a dia\",\"item\":\"https:\/\/blog.panrotas.com.br\/semreserva\/category\/dia-a-dia\/\"},{\"@type\":\"ListItem\",\"position\":3,\"name\":\"Do Fora Collor ao Fora Dilma, Fora Cunha, Fora A\\u00e9cio, Fora Temer&#8230;\"}]},{\"@type\":\"Article\",\"@id\":\"https:\/\/blog.panrotas.com.br\/semreserva\/do-fora-collor-ao-fora-dilma-fora-cunha-fora-aecio-fora-temer\/17-07-2017\/#article\",\"isPartOf\":{\"@id\":\"https:\/\/blog.panrotas.com.br\/semreserva\/do-fora-collor-ao-fora-dilma-fora-cunha-fora-aecio-fora-temer\/17-07-2017\/#webpage\"},\"author\":{\"@id\":\"http:\/\/blog.panrotas.com.br\/semreserva\/#\/schema\/person\/c93b4555f6a497d2d83c25dcb80f61ed\"},\"headline\":\"Do Fora Collor ao Fora Dilma, Fora Cunha, Fora A\\u00e9cio, Fora Temer&#8230;\",\"datePublished\":\"2017-07-17T15:40:07+00:00\",\"dateModified\":\"2017-07-17T15:40:07+00:00\",\"mainEntityOfPage\":{\"@id\":\"https:\/\/blog.panrotas.com.br\/semreserva\/do-fora-collor-ao-fora-dilma-fora-cunha-fora-aecio-fora-temer\/17-07-2017\/#webpage\"},\"wordCount\":1113,\"commentCount\":0,\"publisher\":{\"@id\":\"http:\/\/blog.panrotas.com.br\/semreserva\/#organization\"},\"articleSection\":[\"Dia a dia\"],\"inLanguage\":\"pt-BR\",\"potentialAction\":[{\"@type\":\"CommentAction\",\"name\":\"Comment\",\"target\":[\"https:\/\/blog.panrotas.com.br\/semreserva\/do-fora-collor-ao-fora-dilma-fora-cunha-fora-aecio-fora-temer\/17-07-2017\/#respond\"]}]},{\"@type\":\"Person\",\"@id\":\"http:\/\/blog.panrotas.com.br\/semreserva\/#\/schema\/person\/c93b4555f6a497d2d83c25dcb80f61ed\",\"name\":\"Artur Andrade\",\"image\":{\"@type\":\"ImageObject\",\"@id\":\"http:\/\/blog.panrotas.com.br\/semreserva\/#personlogo\",\"inLanguage\":\"pt-BR\",\"url\":\"https:\/\/secure.gravatar.com\/avatar\/a94564d630220cefd5c82f3452ac1ef4?s=96&d=mm&r=g\",\"contentUrl\":\"https:\/\/secure.gravatar.com\/avatar\/a94564d630220cefd5c82f3452ac1ef4?s=96&d=mm&r=g\",\"caption\":\"Artur Andrade\"},\"description\":\"Artur Luiz Andrade \\u00e9 carioca, taurino, jornalista e nasceu em 1969. \\u00c9 editor-chefe da PANROTAS Editora e mora em S\\u00e3o Paulo desde 1998\",\"sameAs\":[\"http:\/\/www.panrotas.com.br\"]}]}<\/script>\n<!-- \/ Yoast SEO plugin. -->","yoast_head_json":{"title":"Do Fora Collor ao Fora Dilma, Fora Cunha, Fora A\u00e9cio, Fora Temer... -","description":"Do Fora Collor ao Fora Dilma, Fora Cunha, Fora A\u00e9cio, Fora Temer.... Confira essa Mat\u00e9ria no Canal Sem reserva. \u27a4 Projeto em parceria com a PANROTAS.","robots":{"index":"index","follow":"follow","max-snippet":"max-snippet:-1","max-image-preview":"max-image-preview:large","max-video-preview":"max-video-preview:-1"},"canonical":"https:\/\/blog.panrotas.com.br\/semreserva\/do-fora-collor-ao-fora-dilma-fora-cunha-fora-aecio-fora-temer\/17-07-2017\/","og_locale":"pt_BR","og_type":"article","og_title":"Do Fora Collor ao Fora Dilma, Fora Cunha, Fora A\u00e9cio, Fora Temer... -","og_description":"Do Fora Collor ao Fora Dilma, Fora Cunha, Fora A\u00e9cio, Fora Temer.... Confira essa Mat\u00e9ria no Canal Sem reserva. \u27a4 Projeto em parceria com a PANROTAS.","og_url":"https:\/\/blog.panrotas.com.br\/semreserva\/do-fora-collor-ao-fora-dilma-fora-cunha-fora-aecio-fora-temer\/17-07-2017\/","og_site_name":"Sem reserva","article_publisher":"https:\/\/www.facebook.com\/portalpanrotas\/","article_published_time":"2017-07-17T15:40:07+00:00","twitter_card":"summary_large_image","twitter_creator":"@portalpanrotas","twitter_site":"@portalpanrotas","twitter_misc":{"Escrito por":"Artur Andrade","Est. tempo de leitura":"6 minutos"},"schema":{"@context":"https:\/\/schema.org","@graph":[{"@type":"Organization","@id":"http:\/\/blog.panrotas.com.br\/semreserva\/#organization","name":"Sem Reserva - Blog no Portal PANROTAS","url":"http:\/\/blog.panrotas.com.br\/semreserva\/","sameAs":["https:\/\/www.facebook.com\/portalpanrotas\/","https:\/\/www.instagram.com\/portalpanrotas\/","https:\/\/br.linkedin.com\/company\/panrotas","https:\/\/www.youtube.com\/tvpanrotas","https:\/\/twitter.com\/portalpanrotas"],"logo":{"@type":"ImageObject","@id":"http:\/\/blog.panrotas.com.br\/semreserva\/#logo","inLanguage":"pt-BR","url":"https:\/\/blog.panrotas.com.br\/semreserva\/wp-content\/uploads\/sites\/5\/2020\/06\/logo.png","contentUrl":"https:\/\/blog.panrotas.com.br\/semreserva\/wp-content\/uploads\/sites\/5\/2020\/06\/logo.png","width":259,"height":53,"caption":"Sem Reserva - Blog no Portal PANROTAS"},"image":{"@id":"http:\/\/blog.panrotas.com.br\/semreserva\/#logo"}},{"@type":"WebSite","@id":"http:\/\/blog.panrotas.com.br\/semreserva\/#website","url":"http:\/\/blog.panrotas.com.br\/semreserva\/","name":"Sem reserva","description":"Blogosfera PANROTAS","publisher":{"@id":"http:\/\/blog.panrotas.com.br\/semreserva\/#organization"},"potentialAction":[{"@type":"SearchAction","target":{"@type":"EntryPoint","urlTemplate":"http:\/\/blog.panrotas.com.br\/semreserva\/?s={search_term_string}"},"query-input":"required name=search_term_string"}],"inLanguage":"pt-BR"},{"@type":"WebPage","@id":"https:\/\/blog.panrotas.com.br\/semreserva\/do-fora-collor-ao-fora-dilma-fora-cunha-fora-aecio-fora-temer\/17-07-2017\/#webpage","url":"https:\/\/blog.panrotas.com.br\/semreserva\/do-fora-collor-ao-fora-dilma-fora-cunha-fora-aecio-fora-temer\/17-07-2017\/","name":"Do Fora Collor ao Fora Dilma, Fora Cunha, Fora A\u00e9cio, Fora Temer... -","isPartOf":{"@id":"http:\/\/blog.panrotas.com.br\/semreserva\/#website"},"datePublished":"2017-07-17T15:40:07+00:00","dateModified":"2017-07-17T15:40:07+00:00","description":"Do Fora Collor ao Fora Dilma, Fora Cunha, Fora A\u00e9cio, Fora Temer.... Confira essa Mat\u00e9ria no Canal Sem reserva. \u27a4 Projeto em parceria com a PANROTAS.","breadcrumb":{"@id":"https:\/\/blog.panrotas.com.br\/semreserva\/do-fora-collor-ao-fora-dilma-fora-cunha-fora-aecio-fora-temer\/17-07-2017\/#breadcrumb"},"inLanguage":"pt-BR","potentialAction":[{"@type":"ReadAction","target":["https:\/\/blog.panrotas.com.br\/semreserva\/do-fora-collor-ao-fora-dilma-fora-cunha-fora-aecio-fora-temer\/17-07-2017\/"]}]},{"@type":"BreadcrumbList","@id":"https:\/\/blog.panrotas.com.br\/semreserva\/do-fora-collor-ao-fora-dilma-fora-cunha-fora-aecio-fora-temer\/17-07-2017\/#breadcrumb","itemListElement":[{"@type":"ListItem","position":1,"name":"Home do Blog","item":"http:\/\/blog.panrotas.com.br\/semreserva\/"},{"@type":"ListItem","position":2,"name":"Dia a dia","item":"https:\/\/blog.panrotas.com.br\/semreserva\/category\/dia-a-dia\/"},{"@type":"ListItem","position":3,"name":"Do Fora Collor ao Fora Dilma, Fora Cunha, Fora A\u00e9cio, Fora Temer&#8230;"}]},{"@type":"Article","@id":"https:\/\/blog.panrotas.com.br\/semreserva\/do-fora-collor-ao-fora-dilma-fora-cunha-fora-aecio-fora-temer\/17-07-2017\/#article","isPartOf":{"@id":"https:\/\/blog.panrotas.com.br\/semreserva\/do-fora-collor-ao-fora-dilma-fora-cunha-fora-aecio-fora-temer\/17-07-2017\/#webpage"},"author":{"@id":"http:\/\/blog.panrotas.com.br\/semreserva\/#\/schema\/person\/c93b4555f6a497d2d83c25dcb80f61ed"},"headline":"Do Fora Collor ao Fora Dilma, Fora Cunha, Fora A\u00e9cio, Fora Temer&#8230;","datePublished":"2017-07-17T15:40:07+00:00","dateModified":"2017-07-17T15:40:07+00:00","mainEntityOfPage":{"@id":"https:\/\/blog.panrotas.com.br\/semreserva\/do-fora-collor-ao-fora-dilma-fora-cunha-fora-aecio-fora-temer\/17-07-2017\/#webpage"},"wordCount":1113,"commentCount":0,"publisher":{"@id":"http:\/\/blog.panrotas.com.br\/semreserva\/#organization"},"articleSection":["Dia a dia"],"inLanguage":"pt-BR","potentialAction":[{"@type":"CommentAction","name":"Comment","target":["https:\/\/blog.panrotas.com.br\/semreserva\/do-fora-collor-ao-fora-dilma-fora-cunha-fora-aecio-fora-temer\/17-07-2017\/#respond"]}]},{"@type":"Person","@id":"http:\/\/blog.panrotas.com.br\/semreserva\/#\/schema\/person\/c93b4555f6a497d2d83c25dcb80f61ed","name":"Artur Andrade","image":{"@type":"ImageObject","@id":"http:\/\/blog.panrotas.com.br\/semreserva\/#personlogo","inLanguage":"pt-BR","url":"https:\/\/secure.gravatar.com\/avatar\/a94564d630220cefd5c82f3452ac1ef4?s=96&d=mm&r=g","contentUrl":"https:\/\/secure.gravatar.com\/avatar\/a94564d630220cefd5c82f3452ac1ef4?s=96&d=mm&r=g","caption":"Artur Andrade"},"description":"Artur Luiz Andrade \u00e9 carioca, taurino, jornalista e nasceu em 1969. \u00c9 editor-chefe da PANROTAS Editora e mora em S\u00e3o Paulo desde 1998","sameAs":["http:\/\/www.panrotas.com.br"]}]}},"jetpack_featured_media_url":"","jetpack_shortlink":"https:\/\/wp.me\/p7idIU-1eU","_links":{"self":[{"href":"https:\/\/blog.panrotas.com.br\/semreserva\/wp-json\/wp\/v2\/posts\/4768"}],"collection":[{"href":"https:\/\/blog.panrotas.com.br\/semreserva\/wp-json\/wp\/v2\/posts"}],"about":[{"href":"https:\/\/blog.panrotas.com.br\/semreserva\/wp-json\/wp\/v2\/types\/post"}],"author":[{"embeddable":true,"href":"https:\/\/blog.panrotas.com.br\/semreserva\/wp-json\/wp\/v2\/users\/7"}],"replies":[{"embeddable":true,"href":"https:\/\/blog.panrotas.com.br\/semreserva\/wp-json\/wp\/v2\/comments?post=4768"}],"version-history":[{"count":0,"href":"https:\/\/blog.panrotas.com.br\/semreserva\/wp-json\/wp\/v2\/posts\/4768\/revisions"}],"wp:attachment":[{"href":"https:\/\/blog.panrotas.com.br\/semreserva\/wp-json\/wp\/v2\/media?parent=4768"}],"wp:term":[{"taxonomy":"category","embeddable":true,"href":"https:\/\/blog.panrotas.com.br\/semreserva\/wp-json\/wp\/v2\/categories?post=4768"},{"taxonomy":"post_tag","embeddable":true,"href":"https:\/\/blog.panrotas.com.br\/semreserva\/wp-json\/wp\/v2\/tags?post=4768"}],"curies":[{"name":"wp","href":"https:\/\/api.w.org\/{rel}","templated":true}]}}