{"id":4789,"date":"2018-04-09T13:48:06","date_gmt":"2018-04-09T16:48:06","guid":{"rendered":"http:\/\/blog.panrotas.com.br\/semreserva\/?p=4789"},"modified":"2018-04-09T13:48:06","modified_gmt":"2018-04-09T16:48:06","slug":"quem-vai-ser-o-proximo-figurao-preso","status":"publish","type":"post","link":"https:\/\/blog.panrotas.com.br\/semreserva\/quem-vai-ser-o-proximo-figurao-preso\/09-04-2018\/","title":{"rendered":"Quem vai ser o pr\u00f3ximo figur\u00e3o preso?"},"content":{"rendered":"<p>Estamos esperando&#8230; Mas uma das poss\u00edveis solu\u00e7\u00f5es ventiladas no mar de \u00f3dio e fake news da internet \u00e9: n\u00e3o reeleger ningu\u00e9m. Sabemos que \u00e9 imposs\u00edvel. Mas h\u00e1 uma s\u00e9rie de figuras cansadas na pol\u00edtica brasileira que merecem um descanso. N\u00e3o eterno, longe disso. Mas v\u00e3o cantar em outro terreiro. Enquanto isso, o Turismo continua sem candidatos, representantes&#8230; O que \u00e9 ruim, pois formamos uma ind\u00fastria importante. O que pode ser bom, haja vista o discurso exacerbado e irracional de algumas figuras pol\u00edticas ou n\u00e3o (do Turismo) nas redes sociais&#8230; Quem h\u00e1 de cont\u00ea-los? O mecanismo?<\/p>\n<p>&nbsp;<\/p>\n<p>P\u00f3s-WTM e \u00e0s v\u00e9speras da Aviesp, podemos dizer que as feiras continuam tendo de mudar. E levar conte\u00fado diferenciado e discuss\u00f5es para os eventos \u00e9 apenas um dos caminhos. N\u00e3o o \u00fanico. A maioria das impress\u00f5es \u00e9 de que a WTM Latin America foi positiva. Quem quis fazer neg\u00f3cios e se preparou para isso (vou apenas dar um exemplo, entre muitos, a Omnibees) fez e saiu satisfeito. Mas, n\u00e3o se iludam, h\u00e1 uma polariza\u00e7\u00e3o Abav\/Braztoa X WTM Latin America. H\u00e1 at\u00e9 discursos \u00e0 la Trump: se \u00e9 para fortalecer um evento, que seja o da entidade <strong>brasileira<\/strong>. N\u00e3o tem lugar para todos ent\u00e3o? Eu imaginava que sim, ao menos nos caminhos que os dois eventos estavam tomando. E agora? Que caminhos tomar\u00e3o?<\/p>\n<p>&nbsp;<\/p>\n<p>E os estrangeiros continuam pensando com delay em rela\u00e7\u00e3o ao Brasil. Se programam com anteced\u00eancia exagerada, se assustam por n\u00e3o conhecerem o tamanho do mercado, n\u00e3o s\u00e3o \u00e1geis em se adaptar&#8230; daqui a dois anos provavelmente ir\u00e3o retomar tudo o que planejavam h\u00e1 tr\u00eas para os brasileiros. Espero que n\u00e3o estejamos entrando em outra crise&#8230; Acredito que n\u00e3o rs.<\/p>\n<p>&nbsp;<\/p>\n<p>E continuo t\u00edmido na minha luta pela inclus\u00e3o no Turismo, pelo que acho que poderia fazer. Mas aos poucos vou encontrando parcerias e ideias vi\u00e1veis. Minha maior preocupa\u00e7\u00e3o hoje: a falta de negros no mercado de trabalho de Turismo, especialmente em cargos de lideran\u00e7a. \u00c9 claro que um trabalho sobre inclus\u00e3o envolve uma luta mais abrangente (g\u00eanero, religi\u00e3o, at\u00e9 pensamento pol\u00edtico, etc), mas as quest\u00f5es racial (principalmente em rela\u00e7\u00e3o aos negros) e social (o Turismo \u00e9 sim uma ind\u00fastria que permite inclus\u00e3o e mobilidade sociais bem interessantes) precisam de urg\u00eancia. Nossa ind\u00fastria est\u00e1 mais acostumada, me parece, a ter gays, coxinhas, mortadelas, judeus, cat\u00f3licos e evang\u00e9licos convivendo (h\u00e1 bons exemplos de toler\u00e2ncia nesse sentido) do que pensar em se organizar e estimular a inclus\u00e3o social e racial. Isso independentemente de partidos pol\u00edticos, religi\u00e3o, time de futebol ou destino preferido para viajar. Ou seja, incluir porque somos diversos, como nos demais temas. E porque todos fazemos neg\u00f3cios com todos. Ou n\u00e3o?<\/p>\n","protected":false},"excerpt":{"rendered":"<p>Estamos esperando&#8230; Mas uma das poss\u00edveis solu\u00e7\u00f5es ventiladas no mar de \u00f3dio e fake news da internet \u00e9: n\u00e3o reeleger ningu\u00e9m. Sabemos que \u00e9 imposs\u00edvel. Mas h\u00e1 uma s\u00e9rie de figuras cansadas na pol\u00edtica brasileira que merecem um descanso. N\u00e3o eterno, longe disso. Mas v\u00e3o cantar em outro terreiro. Enquanto isso, o Turismo continua sem [&hellip;]<\/p>\n","protected":false},"author":7,"featured_media":0,"comment_status":"open","ping_status":"open","sticky":false,"template":"","format":"standard","meta":{"spay_email":""},"categories":[2],"tags":[],"yoast_head":"<!-- This site is optimized with the Yoast SEO plugin v17.3 - https:\/\/yoast.com\/wordpress\/plugins\/seo\/ -->\n<title>Quem vai ser o pr\u00f3ximo figur\u00e3o preso? -<\/title>\n<meta name=\"description\" content=\"Quem vai ser o pr\u00f3ximo figur\u00e3o preso?. Confira essa Mat\u00e9ria no Canal Sem reserva. \u27a4 Projeto em parceria com a PANROTAS.\" \/>\n<meta name=\"robots\" content=\"index, follow, max-snippet:-1, max-image-preview:large, max-video-preview:-1\" \/>\n<link rel=\"canonical\" href=\"https:\/\/blog.panrotas.com.br\/semreserva\/quem-vai-ser-o-proximo-figurao-preso\/09-04-2018\/\" \/>\n<meta property=\"og:locale\" content=\"pt_BR\" \/>\n<meta property=\"og:type\" content=\"article\" \/>\n<meta property=\"og:title\" content=\"Quem vai ser o pr\u00f3ximo figur\u00e3o preso? -\" \/>\n<meta property=\"og:description\" content=\"Quem vai ser o pr\u00f3ximo figur\u00e3o preso?. Confira essa Mat\u00e9ria no Canal Sem reserva. \u27a4 Projeto em parceria com a PANROTAS.\" \/>\n<meta property=\"og:url\" content=\"https:\/\/blog.panrotas.com.br\/semreserva\/quem-vai-ser-o-proximo-figurao-preso\/09-04-2018\/\" \/>\n<meta property=\"og:site_name\" content=\"Sem reserva\" \/>\n<meta property=\"article:publisher\" content=\"https:\/\/www.facebook.com\/portalpanrotas\/\" \/>\n<meta property=\"article:published_time\" content=\"2018-04-09T16:48:06+00:00\" \/>\n<meta name=\"twitter:card\" content=\"summary_large_image\" \/>\n<meta name=\"twitter:creator\" content=\"@portalpanrotas\" \/>\n<meta name=\"twitter:site\" content=\"@portalpanrotas\" \/>\n<meta name=\"twitter:label1\" content=\"Escrito por\" \/>\n\t<meta name=\"twitter:data1\" content=\"Artur Andrade\" \/>\n\t<meta name=\"twitter:label2\" content=\"Est. tempo de leitura\" \/>\n\t<meta name=\"twitter:data2\" content=\"2 minutos\" \/>\n<script type=\"application\/ld+json\" class=\"yoast-schema-graph\">{\"@context\":\"https:\/\/schema.org\",\"@graph\":[{\"@type\":\"Organization\",\"@id\":\"http:\/\/blog.panrotas.com.br\/semreserva\/#organization\",\"name\":\"Sem Reserva - Blog no Portal PANROTAS\",\"url\":\"http:\/\/blog.panrotas.com.br\/semreserva\/\",\"sameAs\":[\"https:\/\/www.facebook.com\/portalpanrotas\/\",\"https:\/\/www.instagram.com\/portalpanrotas\/\",\"https:\/\/br.linkedin.com\/company\/panrotas\",\"https:\/\/www.youtube.com\/tvpanrotas\",\"https:\/\/twitter.com\/portalpanrotas\"],\"logo\":{\"@type\":\"ImageObject\",\"@id\":\"http:\/\/blog.panrotas.com.br\/semreserva\/#logo\",\"inLanguage\":\"pt-BR\",\"url\":\"https:\/\/blog.panrotas.com.br\/semreserva\/wp-content\/uploads\/sites\/5\/2020\/06\/logo.png\",\"contentUrl\":\"https:\/\/blog.panrotas.com.br\/semreserva\/wp-content\/uploads\/sites\/5\/2020\/06\/logo.png\",\"width\":259,\"height\":53,\"caption\":\"Sem Reserva - Blog no Portal PANROTAS\"},\"image\":{\"@id\":\"http:\/\/blog.panrotas.com.br\/semreserva\/#logo\"}},{\"@type\":\"WebSite\",\"@id\":\"http:\/\/blog.panrotas.com.br\/semreserva\/#website\",\"url\":\"http:\/\/blog.panrotas.com.br\/semreserva\/\",\"name\":\"Sem reserva\",\"description\":\"Blogosfera PANROTAS\",\"publisher\":{\"@id\":\"http:\/\/blog.panrotas.com.br\/semreserva\/#organization\"},\"potentialAction\":[{\"@type\":\"SearchAction\",\"target\":{\"@type\":\"EntryPoint\",\"urlTemplate\":\"http:\/\/blog.panrotas.com.br\/semreserva\/?s={search_term_string}\"},\"query-input\":\"required name=search_term_string\"}],\"inLanguage\":\"pt-BR\"},{\"@type\":\"WebPage\",\"@id\":\"https:\/\/blog.panrotas.com.br\/semreserva\/quem-vai-ser-o-proximo-figurao-preso\/09-04-2018\/#webpage\",\"url\":\"https:\/\/blog.panrotas.com.br\/semreserva\/quem-vai-ser-o-proximo-figurao-preso\/09-04-2018\/\",\"name\":\"Quem vai ser o pr\\u00f3ximo figur\\u00e3o preso? -\",\"isPartOf\":{\"@id\":\"http:\/\/blog.panrotas.com.br\/semreserva\/#website\"},\"datePublished\":\"2018-04-09T16:48:06+00:00\",\"dateModified\":\"2018-04-09T16:48:06+00:00\",\"description\":\"Quem vai ser o pr\\u00f3ximo figur\\u00e3o preso?. Confira essa Mat\\u00e9ria no Canal Sem reserva. \\u27a4 Projeto em parceria com a PANROTAS.\",\"breadcrumb\":{\"@id\":\"https:\/\/blog.panrotas.com.br\/semreserva\/quem-vai-ser-o-proximo-figurao-preso\/09-04-2018\/#breadcrumb\"},\"inLanguage\":\"pt-BR\",\"potentialAction\":[{\"@type\":\"ReadAction\",\"target\":[\"https:\/\/blog.panrotas.com.br\/semreserva\/quem-vai-ser-o-proximo-figurao-preso\/09-04-2018\/\"]}]},{\"@type\":\"BreadcrumbList\",\"@id\":\"https:\/\/blog.panrotas.com.br\/semreserva\/quem-vai-ser-o-proximo-figurao-preso\/09-04-2018\/#breadcrumb\",\"itemListElement\":[{\"@type\":\"ListItem\",\"position\":1,\"name\":\"Home do Blog\",\"item\":\"http:\/\/blog.panrotas.com.br\/semreserva\/\"},{\"@type\":\"ListItem\",\"position\":2,\"name\":\"Dia a dia\",\"item\":\"https:\/\/blog.panrotas.com.br\/semreserva\/category\/dia-a-dia\/\"},{\"@type\":\"ListItem\",\"position\":3,\"name\":\"Quem vai ser o pr\\u00f3ximo figur\\u00e3o preso?\"}]},{\"@type\":\"Article\",\"@id\":\"https:\/\/blog.panrotas.com.br\/semreserva\/quem-vai-ser-o-proximo-figurao-preso\/09-04-2018\/#article\",\"isPartOf\":{\"@id\":\"https:\/\/blog.panrotas.com.br\/semreserva\/quem-vai-ser-o-proximo-figurao-preso\/09-04-2018\/#webpage\"},\"author\":{\"@id\":\"http:\/\/blog.panrotas.com.br\/semreserva\/#\/schema\/person\/c93b4555f6a497d2d83c25dcb80f61ed\"},\"headline\":\"Quem vai ser o pr\\u00f3ximo figur\\u00e3o preso?\",\"datePublished\":\"2018-04-09T16:48:06+00:00\",\"dateModified\":\"2018-04-09T16:48:06+00:00\",\"mainEntityOfPage\":{\"@id\":\"https:\/\/blog.panrotas.com.br\/semreserva\/quem-vai-ser-o-proximo-figurao-preso\/09-04-2018\/#webpage\"},\"wordCount\":497,\"commentCount\":0,\"publisher\":{\"@id\":\"http:\/\/blog.panrotas.com.br\/semreserva\/#organization\"},\"articleSection\":[\"Dia a dia\"],\"inLanguage\":\"pt-BR\",\"potentialAction\":[{\"@type\":\"CommentAction\",\"name\":\"Comment\",\"target\":[\"https:\/\/blog.panrotas.com.br\/semreserva\/quem-vai-ser-o-proximo-figurao-preso\/09-04-2018\/#respond\"]}]},{\"@type\":\"Person\",\"@id\":\"http:\/\/blog.panrotas.com.br\/semreserva\/#\/schema\/person\/c93b4555f6a497d2d83c25dcb80f61ed\",\"name\":\"Artur Andrade\",\"image\":{\"@type\":\"ImageObject\",\"@id\":\"http:\/\/blog.panrotas.com.br\/semreserva\/#personlogo\",\"inLanguage\":\"pt-BR\",\"url\":\"https:\/\/secure.gravatar.com\/avatar\/a94564d630220cefd5c82f3452ac1ef4?s=96&d=mm&r=g\",\"contentUrl\":\"https:\/\/secure.gravatar.com\/avatar\/a94564d630220cefd5c82f3452ac1ef4?s=96&d=mm&r=g\",\"caption\":\"Artur Andrade\"},\"description\":\"Artur Luiz Andrade \\u00e9 carioca, taurino, jornalista e nasceu em 1969. \\u00c9 editor-chefe da PANROTAS Editora e mora em S\\u00e3o Paulo desde 1998\",\"sameAs\":[\"http:\/\/www.panrotas.com.br\"]}]}<\/script>\n<!-- \/ Yoast SEO plugin. -->","yoast_head_json":{"title":"Quem vai ser o pr\u00f3ximo figur\u00e3o preso? -","description":"Quem vai ser o pr\u00f3ximo figur\u00e3o preso?. Confira essa Mat\u00e9ria no Canal Sem reserva. \u27a4 Projeto em parceria com a PANROTAS.","robots":{"index":"index","follow":"follow","max-snippet":"max-snippet:-1","max-image-preview":"max-image-preview:large","max-video-preview":"max-video-preview:-1"},"canonical":"https:\/\/blog.panrotas.com.br\/semreserva\/quem-vai-ser-o-proximo-figurao-preso\/09-04-2018\/","og_locale":"pt_BR","og_type":"article","og_title":"Quem vai ser o pr\u00f3ximo figur\u00e3o preso? -","og_description":"Quem vai ser o pr\u00f3ximo figur\u00e3o preso?. Confira essa Mat\u00e9ria no Canal Sem reserva. \u27a4 Projeto em parceria com a PANROTAS.","og_url":"https:\/\/blog.panrotas.com.br\/semreserva\/quem-vai-ser-o-proximo-figurao-preso\/09-04-2018\/","og_site_name":"Sem reserva","article_publisher":"https:\/\/www.facebook.com\/portalpanrotas\/","article_published_time":"2018-04-09T16:48:06+00:00","twitter_card":"summary_large_image","twitter_creator":"@portalpanrotas","twitter_site":"@portalpanrotas","twitter_misc":{"Escrito por":"Artur Andrade","Est. tempo de leitura":"2 minutos"},"schema":{"@context":"https:\/\/schema.org","@graph":[{"@type":"Organization","@id":"http:\/\/blog.panrotas.com.br\/semreserva\/#organization","name":"Sem Reserva - Blog no Portal PANROTAS","url":"http:\/\/blog.panrotas.com.br\/semreserva\/","sameAs":["https:\/\/www.facebook.com\/portalpanrotas\/","https:\/\/www.instagram.com\/portalpanrotas\/","https:\/\/br.linkedin.com\/company\/panrotas","https:\/\/www.youtube.com\/tvpanrotas","https:\/\/twitter.com\/portalpanrotas"],"logo":{"@type":"ImageObject","@id":"http:\/\/blog.panrotas.com.br\/semreserva\/#logo","inLanguage":"pt-BR","url":"https:\/\/blog.panrotas.com.br\/semreserva\/wp-content\/uploads\/sites\/5\/2020\/06\/logo.png","contentUrl":"https:\/\/blog.panrotas.com.br\/semreserva\/wp-content\/uploads\/sites\/5\/2020\/06\/logo.png","width":259,"height":53,"caption":"Sem Reserva - Blog no Portal PANROTAS"},"image":{"@id":"http:\/\/blog.panrotas.com.br\/semreserva\/#logo"}},{"@type":"WebSite","@id":"http:\/\/blog.panrotas.com.br\/semreserva\/#website","url":"http:\/\/blog.panrotas.com.br\/semreserva\/","name":"Sem reserva","description":"Blogosfera PANROTAS","publisher":{"@id":"http:\/\/blog.panrotas.com.br\/semreserva\/#organization"},"potentialAction":[{"@type":"SearchAction","target":{"@type":"EntryPoint","urlTemplate":"http:\/\/blog.panrotas.com.br\/semreserva\/?s={search_term_string}"},"query-input":"required name=search_term_string"}],"inLanguage":"pt-BR"},{"@type":"WebPage","@id":"https:\/\/blog.panrotas.com.br\/semreserva\/quem-vai-ser-o-proximo-figurao-preso\/09-04-2018\/#webpage","url":"https:\/\/blog.panrotas.com.br\/semreserva\/quem-vai-ser-o-proximo-figurao-preso\/09-04-2018\/","name":"Quem vai ser o pr\u00f3ximo figur\u00e3o preso? -","isPartOf":{"@id":"http:\/\/blog.panrotas.com.br\/semreserva\/#website"},"datePublished":"2018-04-09T16:48:06+00:00","dateModified":"2018-04-09T16:48:06+00:00","description":"Quem vai ser o pr\u00f3ximo figur\u00e3o preso?. Confira essa Mat\u00e9ria no Canal Sem reserva. \u27a4 Projeto em parceria com a PANROTAS.","breadcrumb":{"@id":"https:\/\/blog.panrotas.com.br\/semreserva\/quem-vai-ser-o-proximo-figurao-preso\/09-04-2018\/#breadcrumb"},"inLanguage":"pt-BR","potentialAction":[{"@type":"ReadAction","target":["https:\/\/blog.panrotas.com.br\/semreserva\/quem-vai-ser-o-proximo-figurao-preso\/09-04-2018\/"]}]},{"@type":"BreadcrumbList","@id":"https:\/\/blog.panrotas.com.br\/semreserva\/quem-vai-ser-o-proximo-figurao-preso\/09-04-2018\/#breadcrumb","itemListElement":[{"@type":"ListItem","position":1,"name":"Home do Blog","item":"http:\/\/blog.panrotas.com.br\/semreserva\/"},{"@type":"ListItem","position":2,"name":"Dia a dia","item":"https:\/\/blog.panrotas.com.br\/semreserva\/category\/dia-a-dia\/"},{"@type":"ListItem","position":3,"name":"Quem vai ser o pr\u00f3ximo figur\u00e3o preso?"}]},{"@type":"Article","@id":"https:\/\/blog.panrotas.com.br\/semreserva\/quem-vai-ser-o-proximo-figurao-preso\/09-04-2018\/#article","isPartOf":{"@id":"https:\/\/blog.panrotas.com.br\/semreserva\/quem-vai-ser-o-proximo-figurao-preso\/09-04-2018\/#webpage"},"author":{"@id":"http:\/\/blog.panrotas.com.br\/semreserva\/#\/schema\/person\/c93b4555f6a497d2d83c25dcb80f61ed"},"headline":"Quem vai ser o pr\u00f3ximo figur\u00e3o preso?","datePublished":"2018-04-09T16:48:06+00:00","dateModified":"2018-04-09T16:48:06+00:00","mainEntityOfPage":{"@id":"https:\/\/blog.panrotas.com.br\/semreserva\/quem-vai-ser-o-proximo-figurao-preso\/09-04-2018\/#webpage"},"wordCount":497,"commentCount":0,"publisher":{"@id":"http:\/\/blog.panrotas.com.br\/semreserva\/#organization"},"articleSection":["Dia a dia"],"inLanguage":"pt-BR","potentialAction":[{"@type":"CommentAction","name":"Comment","target":["https:\/\/blog.panrotas.com.br\/semreserva\/quem-vai-ser-o-proximo-figurao-preso\/09-04-2018\/#respond"]}]},{"@type":"Person","@id":"http:\/\/blog.panrotas.com.br\/semreserva\/#\/schema\/person\/c93b4555f6a497d2d83c25dcb80f61ed","name":"Artur Andrade","image":{"@type":"ImageObject","@id":"http:\/\/blog.panrotas.com.br\/semreserva\/#personlogo","inLanguage":"pt-BR","url":"https:\/\/secure.gravatar.com\/avatar\/a94564d630220cefd5c82f3452ac1ef4?s=96&d=mm&r=g","contentUrl":"https:\/\/secure.gravatar.com\/avatar\/a94564d630220cefd5c82f3452ac1ef4?s=96&d=mm&r=g","caption":"Artur Andrade"},"description":"Artur Luiz Andrade \u00e9 carioca, taurino, jornalista e nasceu em 1969. \u00c9 editor-chefe da PANROTAS Editora e mora em S\u00e3o Paulo desde 1998","sameAs":["http:\/\/www.panrotas.com.br"]}]}},"jetpack_featured_media_url":"","jetpack_shortlink":"https:\/\/wp.me\/p7idIU-1ff","_links":{"self":[{"href":"https:\/\/blog.panrotas.com.br\/semreserva\/wp-json\/wp\/v2\/posts\/4789"}],"collection":[{"href":"https:\/\/blog.panrotas.com.br\/semreserva\/wp-json\/wp\/v2\/posts"}],"about":[{"href":"https:\/\/blog.panrotas.com.br\/semreserva\/wp-json\/wp\/v2\/types\/post"}],"author":[{"embeddable":true,"href":"https:\/\/blog.panrotas.com.br\/semreserva\/wp-json\/wp\/v2\/users\/7"}],"replies":[{"embeddable":true,"href":"https:\/\/blog.panrotas.com.br\/semreserva\/wp-json\/wp\/v2\/comments?post=4789"}],"version-history":[{"count":0,"href":"https:\/\/blog.panrotas.com.br\/semreserva\/wp-json\/wp\/v2\/posts\/4789\/revisions"}],"wp:attachment":[{"href":"https:\/\/blog.panrotas.com.br\/semreserva\/wp-json\/wp\/v2\/media?parent=4789"}],"wp:term":[{"taxonomy":"category","embeddable":true,"href":"https:\/\/blog.panrotas.com.br\/semreserva\/wp-json\/wp\/v2\/categories?post=4789"},{"taxonomy":"post_tag","embeddable":true,"href":"https:\/\/blog.panrotas.com.br\/semreserva\/wp-json\/wp\/v2\/tags?post=4789"}],"curies":[{"name":"wp","href":"https:\/\/api.w.org\/{rel}","templated":true}]}}