{"id":4811,"date":"2018-08-24T11:43:12","date_gmt":"2018-08-24T14:43:12","guid":{"rendered":"http:\/\/blog.panrotas.com.br\/semreserva\/?p=4811"},"modified":"2018-08-24T11:43:12","modified_gmt":"2018-08-24T14:43:12","slug":"as-cajadadas-da-cvc","status":"publish","type":"post","link":"https:\/\/blog.panrotas.com.br\/semreserva\/as-cajadadas-da-cvc\/24-08-2018\/","title":{"rendered":"AS CAJADADAS DA CVC"},"content":{"rendered":"<p>&#8220;Qual a pr\u00f3xima?&#8221;, pergunta a reportagem de capa da revista PANROTAS desta semana.<\/p>\n<p>Erramos. Ato falho. A pergunta deveria ter sido: &#8220;Quais as pr\u00f3ximas?&#8221;.<\/p>\n<p>Afinal, o pr\u00f3prio presidente da CVC Corp, Luiz Eduardo Falco, que se prepara para deixar o cargo em dezembro deste ano, anunciou, no final de 2017, no chamado CVC Day, que em 2018 a empresa iria se internacionalizar. E aquisi\u00e7\u00e3o \u00e9 a melhor forma para isso.<\/p>\n<p>Segundo algumas fontes de mercado, Chile e Argentina s\u00e3o quest\u00e3o de tempo para o an\u00fancio oficial. M\u00e9xico e Portugal n\u00e3o devem ser descartados. A CVC vai, enfim, brigar de &#8220;igual para igual&#8221; com a Despegar.com, que j\u00e1 est\u00e1 em toda a Am\u00e9rica Latina, com vendas anuais de cerca de US$ 4,4 bilh\u00f5es (contra cerca de US$ 2,6 bilh\u00f5es da CVC Corp, que atua somente no Brasil).<\/p>\n<p>Mas depois da compra da Esferatur, a fome de adquirir empresas no Brasil n\u00e3o acabou. Muito pelo contr\u00e1rio. Falta ao portf\u00f3lio da CVC Corp uma TMC pura (por mais que nos balan\u00e7os Rextur Advance e Trend apare\u00e7am como &#8220;corporativo&#8221;, n\u00e3o s\u00e3o TMCs e sim consolidadoras que atendem pequenas e m\u00e9dias TMCs), uma operadora de luxo, empresas de nicho que fujam da oferta &#8220;pacotes para a classe C&#8221;, entre outras empresas, ficando apenas no ramo da distribui\u00e7\u00e3o.<\/p>\n<p>A cada semana (ou dia) a gente recebe informa\u00e7\u00f5es do tipo: &#8220;sabia que a CVC est\u00e1 comprando fulano?&#8221;, &#8220;CVC est\u00e1 com due dilligence na empresa tal&#8221;&#8230; E j\u00e1 abordamos o fato de que, por v\u00e1rios motivos, os empres\u00e1rios querem passar suas empresas pra frente e aproveitar a vida no Exterior, depois de tantos dissabores da pol\u00edtica e da economia do nosso querido Brasil. Querem vender, mas comprar \u00e9 dif\u00edcil&#8230; Informalidade, pre\u00e7o e realidade de mercado, passivos trabalhistas s\u00e3o algumas das vari\u00e1veis&#8230;<\/p>\n<p>A informa\u00e7\u00e3o da vez \u00e9 que a CVC Corp vai dar uma cajadada e matar dois coelhos: uma empresa que \u00e9 uma TMC mas atende tamb\u00e9m o p\u00fablico high end.<\/p>\n<p>Fa\u00e7am suas apostas, sabendo que a CVC Corp j\u00e1 conversou com meio trade (ou seria o trade inteiro?).<\/p>\n<p>&nbsp;<\/p>\n","protected":false},"excerpt":{"rendered":"<p>&#8220;Qual a pr\u00f3xima?&#8221;, pergunta a reportagem de capa da revista PANROTAS desta semana. Erramos. Ato falho. A pergunta deveria ter sido: &#8220;Quais as pr\u00f3ximas?&#8221;. Afinal, o pr\u00f3prio presidente da CVC Corp, Luiz Eduardo Falco, que se prepara para deixar o cargo em dezembro deste ano, anunciou, no final de 2017, no chamado CVC Day, que [&hellip;]<\/p>\n","protected":false},"author":7,"featured_media":0,"comment_status":"open","ping_status":"open","sticky":false,"template":"","format":"standard","meta":{"spay_email":""},"categories":[2],"tags":[],"yoast_head":"<!-- This site is optimized with the Yoast SEO plugin v17.3 - https:\/\/yoast.com\/wordpress\/plugins\/seo\/ -->\n<title>AS CAJADADAS DA CVC -<\/title>\n<meta name=\"description\" content=\"AS CAJADADAS DA CVC. Confira essa Mat\u00e9ria no Canal Sem reserva. \u27a4 Projeto em parceria com a PANROTAS.\" \/>\n<meta name=\"robots\" content=\"index, follow, max-snippet:-1, max-image-preview:large, max-video-preview:-1\" \/>\n<link rel=\"canonical\" href=\"https:\/\/blog.panrotas.com.br\/semreserva\/as-cajadadas-da-cvc\/24-08-2018\/\" \/>\n<meta property=\"og:locale\" content=\"pt_BR\" \/>\n<meta property=\"og:type\" content=\"article\" \/>\n<meta property=\"og:title\" content=\"AS CAJADADAS DA CVC -\" \/>\n<meta property=\"og:description\" content=\"AS CAJADADAS DA CVC. Confira essa Mat\u00e9ria no Canal Sem reserva. \u27a4 Projeto em parceria com a PANROTAS.\" \/>\n<meta property=\"og:url\" content=\"https:\/\/blog.panrotas.com.br\/semreserva\/as-cajadadas-da-cvc\/24-08-2018\/\" \/>\n<meta property=\"og:site_name\" content=\"Sem reserva\" \/>\n<meta property=\"article:publisher\" content=\"https:\/\/www.facebook.com\/portalpanrotas\/\" \/>\n<meta property=\"article:published_time\" content=\"2018-08-24T14:43:12+00:00\" \/>\n<meta name=\"twitter:card\" content=\"summary_large_image\" \/>\n<meta name=\"twitter:creator\" content=\"@portalpanrotas\" \/>\n<meta name=\"twitter:site\" content=\"@portalpanrotas\" \/>\n<meta name=\"twitter:label1\" content=\"Escrito por\" \/>\n\t<meta name=\"twitter:data1\" content=\"Artur Andrade\" \/>\n\t<meta name=\"twitter:label2\" content=\"Est. tempo de leitura\" \/>\n\t<meta name=\"twitter:data2\" content=\"2 minutos\" \/>\n<script type=\"application\/ld+json\" class=\"yoast-schema-graph\">{\"@context\":\"https:\/\/schema.org\",\"@graph\":[{\"@type\":\"Organization\",\"@id\":\"http:\/\/blog.panrotas.com.br\/semreserva\/#organization\",\"name\":\"Sem Reserva - Blog no Portal PANROTAS\",\"url\":\"http:\/\/blog.panrotas.com.br\/semreserva\/\",\"sameAs\":[\"https:\/\/www.facebook.com\/portalpanrotas\/\",\"https:\/\/www.instagram.com\/portalpanrotas\/\",\"https:\/\/br.linkedin.com\/company\/panrotas\",\"https:\/\/www.youtube.com\/tvpanrotas\",\"https:\/\/twitter.com\/portalpanrotas\"],\"logo\":{\"@type\":\"ImageObject\",\"@id\":\"http:\/\/blog.panrotas.com.br\/semreserva\/#logo\",\"inLanguage\":\"pt-BR\",\"url\":\"https:\/\/blog.panrotas.com.br\/semreserva\/wp-content\/uploads\/sites\/5\/2020\/06\/logo.png\",\"contentUrl\":\"https:\/\/blog.panrotas.com.br\/semreserva\/wp-content\/uploads\/sites\/5\/2020\/06\/logo.png\",\"width\":259,\"height\":53,\"caption\":\"Sem Reserva - Blog no Portal PANROTAS\"},\"image\":{\"@id\":\"http:\/\/blog.panrotas.com.br\/semreserva\/#logo\"}},{\"@type\":\"WebSite\",\"@id\":\"http:\/\/blog.panrotas.com.br\/semreserva\/#website\",\"url\":\"http:\/\/blog.panrotas.com.br\/semreserva\/\",\"name\":\"Sem reserva\",\"description\":\"Blogosfera PANROTAS\",\"publisher\":{\"@id\":\"http:\/\/blog.panrotas.com.br\/semreserva\/#organization\"},\"potentialAction\":[{\"@type\":\"SearchAction\",\"target\":{\"@type\":\"EntryPoint\",\"urlTemplate\":\"http:\/\/blog.panrotas.com.br\/semreserva\/?s={search_term_string}\"},\"query-input\":\"required name=search_term_string\"}],\"inLanguage\":\"pt-BR\"},{\"@type\":\"WebPage\",\"@id\":\"https:\/\/blog.panrotas.com.br\/semreserva\/as-cajadadas-da-cvc\/24-08-2018\/#webpage\",\"url\":\"https:\/\/blog.panrotas.com.br\/semreserva\/as-cajadadas-da-cvc\/24-08-2018\/\",\"name\":\"AS CAJADADAS DA CVC -\",\"isPartOf\":{\"@id\":\"http:\/\/blog.panrotas.com.br\/semreserva\/#website\"},\"datePublished\":\"2018-08-24T14:43:12+00:00\",\"dateModified\":\"2018-08-24T14:43:12+00:00\",\"description\":\"AS CAJADADAS DA CVC. Confira essa Mat\\u00e9ria no Canal Sem reserva. \\u27a4 Projeto em parceria com a PANROTAS.\",\"breadcrumb\":{\"@id\":\"https:\/\/blog.panrotas.com.br\/semreserva\/as-cajadadas-da-cvc\/24-08-2018\/#breadcrumb\"},\"inLanguage\":\"pt-BR\",\"potentialAction\":[{\"@type\":\"ReadAction\",\"target\":[\"https:\/\/blog.panrotas.com.br\/semreserva\/as-cajadadas-da-cvc\/24-08-2018\/\"]}]},{\"@type\":\"BreadcrumbList\",\"@id\":\"https:\/\/blog.panrotas.com.br\/semreserva\/as-cajadadas-da-cvc\/24-08-2018\/#breadcrumb\",\"itemListElement\":[{\"@type\":\"ListItem\",\"position\":1,\"name\":\"Home do Blog\",\"item\":\"http:\/\/blog.panrotas.com.br\/semreserva\/\"},{\"@type\":\"ListItem\",\"position\":2,\"name\":\"Dia a dia\",\"item\":\"https:\/\/blog.panrotas.com.br\/semreserva\/category\/dia-a-dia\/\"},{\"@type\":\"ListItem\",\"position\":3,\"name\":\"AS CAJADADAS DA CVC\"}]},{\"@type\":\"Article\",\"@id\":\"https:\/\/blog.panrotas.com.br\/semreserva\/as-cajadadas-da-cvc\/24-08-2018\/#article\",\"isPartOf\":{\"@id\":\"https:\/\/blog.panrotas.com.br\/semreserva\/as-cajadadas-da-cvc\/24-08-2018\/#webpage\"},\"author\":{\"@id\":\"http:\/\/blog.panrotas.com.br\/semreserva\/#\/schema\/person\/c93b4555f6a497d2d83c25dcb80f61ed\"},\"headline\":\"AS CAJADADAS DA CVC\",\"datePublished\":\"2018-08-24T14:43:12+00:00\",\"dateModified\":\"2018-08-24T14:43:12+00:00\",\"mainEntityOfPage\":{\"@id\":\"https:\/\/blog.panrotas.com.br\/semreserva\/as-cajadadas-da-cvc\/24-08-2018\/#webpage\"},\"wordCount\":372,\"commentCount\":0,\"publisher\":{\"@id\":\"http:\/\/blog.panrotas.com.br\/semreserva\/#organization\"},\"articleSection\":[\"Dia a dia\"],\"inLanguage\":\"pt-BR\",\"potentialAction\":[{\"@type\":\"CommentAction\",\"name\":\"Comment\",\"target\":[\"https:\/\/blog.panrotas.com.br\/semreserva\/as-cajadadas-da-cvc\/24-08-2018\/#respond\"]}]},{\"@type\":\"Person\",\"@id\":\"http:\/\/blog.panrotas.com.br\/semreserva\/#\/schema\/person\/c93b4555f6a497d2d83c25dcb80f61ed\",\"name\":\"Artur Andrade\",\"image\":{\"@type\":\"ImageObject\",\"@id\":\"http:\/\/blog.panrotas.com.br\/semreserva\/#personlogo\",\"inLanguage\":\"pt-BR\",\"url\":\"https:\/\/secure.gravatar.com\/avatar\/a94564d630220cefd5c82f3452ac1ef4?s=96&d=mm&r=g\",\"contentUrl\":\"https:\/\/secure.gravatar.com\/avatar\/a94564d630220cefd5c82f3452ac1ef4?s=96&d=mm&r=g\",\"caption\":\"Artur Andrade\"},\"description\":\"Artur Luiz Andrade \\u00e9 carioca, taurino, jornalista e nasceu em 1969. \\u00c9 editor-chefe da PANROTAS Editora e mora em S\\u00e3o Paulo desde 1998\",\"sameAs\":[\"http:\/\/www.panrotas.com.br\"]}]}<\/script>\n<!-- \/ Yoast SEO plugin. -->","yoast_head_json":{"title":"AS CAJADADAS DA CVC -","description":"AS CAJADADAS DA CVC. Confira essa Mat\u00e9ria no Canal Sem reserva. \u27a4 Projeto em parceria com a PANROTAS.","robots":{"index":"index","follow":"follow","max-snippet":"max-snippet:-1","max-image-preview":"max-image-preview:large","max-video-preview":"max-video-preview:-1"},"canonical":"https:\/\/blog.panrotas.com.br\/semreserva\/as-cajadadas-da-cvc\/24-08-2018\/","og_locale":"pt_BR","og_type":"article","og_title":"AS CAJADADAS DA CVC -","og_description":"AS CAJADADAS DA CVC. Confira essa Mat\u00e9ria no Canal Sem reserva. \u27a4 Projeto em parceria com a PANROTAS.","og_url":"https:\/\/blog.panrotas.com.br\/semreserva\/as-cajadadas-da-cvc\/24-08-2018\/","og_site_name":"Sem reserva","article_publisher":"https:\/\/www.facebook.com\/portalpanrotas\/","article_published_time":"2018-08-24T14:43:12+00:00","twitter_card":"summary_large_image","twitter_creator":"@portalpanrotas","twitter_site":"@portalpanrotas","twitter_misc":{"Escrito por":"Artur Andrade","Est. tempo de leitura":"2 minutos"},"schema":{"@context":"https:\/\/schema.org","@graph":[{"@type":"Organization","@id":"http:\/\/blog.panrotas.com.br\/semreserva\/#organization","name":"Sem Reserva - Blog no Portal PANROTAS","url":"http:\/\/blog.panrotas.com.br\/semreserva\/","sameAs":["https:\/\/www.facebook.com\/portalpanrotas\/","https:\/\/www.instagram.com\/portalpanrotas\/","https:\/\/br.linkedin.com\/company\/panrotas","https:\/\/www.youtube.com\/tvpanrotas","https:\/\/twitter.com\/portalpanrotas"],"logo":{"@type":"ImageObject","@id":"http:\/\/blog.panrotas.com.br\/semreserva\/#logo","inLanguage":"pt-BR","url":"https:\/\/blog.panrotas.com.br\/semreserva\/wp-content\/uploads\/sites\/5\/2020\/06\/logo.png","contentUrl":"https:\/\/blog.panrotas.com.br\/semreserva\/wp-content\/uploads\/sites\/5\/2020\/06\/logo.png","width":259,"height":53,"caption":"Sem Reserva - Blog no Portal PANROTAS"},"image":{"@id":"http:\/\/blog.panrotas.com.br\/semreserva\/#logo"}},{"@type":"WebSite","@id":"http:\/\/blog.panrotas.com.br\/semreserva\/#website","url":"http:\/\/blog.panrotas.com.br\/semreserva\/","name":"Sem reserva","description":"Blogosfera PANROTAS","publisher":{"@id":"http:\/\/blog.panrotas.com.br\/semreserva\/#organization"},"potentialAction":[{"@type":"SearchAction","target":{"@type":"EntryPoint","urlTemplate":"http:\/\/blog.panrotas.com.br\/semreserva\/?s={search_term_string}"},"query-input":"required name=search_term_string"}],"inLanguage":"pt-BR"},{"@type":"WebPage","@id":"https:\/\/blog.panrotas.com.br\/semreserva\/as-cajadadas-da-cvc\/24-08-2018\/#webpage","url":"https:\/\/blog.panrotas.com.br\/semreserva\/as-cajadadas-da-cvc\/24-08-2018\/","name":"AS CAJADADAS DA CVC -","isPartOf":{"@id":"http:\/\/blog.panrotas.com.br\/semreserva\/#website"},"datePublished":"2018-08-24T14:43:12+00:00","dateModified":"2018-08-24T14:43:12+00:00","description":"AS CAJADADAS DA CVC. Confira essa Mat\u00e9ria no Canal Sem reserva. \u27a4 Projeto em parceria com a PANROTAS.","breadcrumb":{"@id":"https:\/\/blog.panrotas.com.br\/semreserva\/as-cajadadas-da-cvc\/24-08-2018\/#breadcrumb"},"inLanguage":"pt-BR","potentialAction":[{"@type":"ReadAction","target":["https:\/\/blog.panrotas.com.br\/semreserva\/as-cajadadas-da-cvc\/24-08-2018\/"]}]},{"@type":"BreadcrumbList","@id":"https:\/\/blog.panrotas.com.br\/semreserva\/as-cajadadas-da-cvc\/24-08-2018\/#breadcrumb","itemListElement":[{"@type":"ListItem","position":1,"name":"Home do Blog","item":"http:\/\/blog.panrotas.com.br\/semreserva\/"},{"@type":"ListItem","position":2,"name":"Dia a dia","item":"https:\/\/blog.panrotas.com.br\/semreserva\/category\/dia-a-dia\/"},{"@type":"ListItem","position":3,"name":"AS CAJADADAS DA CVC"}]},{"@type":"Article","@id":"https:\/\/blog.panrotas.com.br\/semreserva\/as-cajadadas-da-cvc\/24-08-2018\/#article","isPartOf":{"@id":"https:\/\/blog.panrotas.com.br\/semreserva\/as-cajadadas-da-cvc\/24-08-2018\/#webpage"},"author":{"@id":"http:\/\/blog.panrotas.com.br\/semreserva\/#\/schema\/person\/c93b4555f6a497d2d83c25dcb80f61ed"},"headline":"AS CAJADADAS DA CVC","datePublished":"2018-08-24T14:43:12+00:00","dateModified":"2018-08-24T14:43:12+00:00","mainEntityOfPage":{"@id":"https:\/\/blog.panrotas.com.br\/semreserva\/as-cajadadas-da-cvc\/24-08-2018\/#webpage"},"wordCount":372,"commentCount":0,"publisher":{"@id":"http:\/\/blog.panrotas.com.br\/semreserva\/#organization"},"articleSection":["Dia a dia"],"inLanguage":"pt-BR","potentialAction":[{"@type":"CommentAction","name":"Comment","target":["https:\/\/blog.panrotas.com.br\/semreserva\/as-cajadadas-da-cvc\/24-08-2018\/#respond"]}]},{"@type":"Person","@id":"http:\/\/blog.panrotas.com.br\/semreserva\/#\/schema\/person\/c93b4555f6a497d2d83c25dcb80f61ed","name":"Artur Andrade","image":{"@type":"ImageObject","@id":"http:\/\/blog.panrotas.com.br\/semreserva\/#personlogo","inLanguage":"pt-BR","url":"https:\/\/secure.gravatar.com\/avatar\/a94564d630220cefd5c82f3452ac1ef4?s=96&d=mm&r=g","contentUrl":"https:\/\/secure.gravatar.com\/avatar\/a94564d630220cefd5c82f3452ac1ef4?s=96&d=mm&r=g","caption":"Artur Andrade"},"description":"Artur Luiz Andrade \u00e9 carioca, taurino, jornalista e nasceu em 1969. \u00c9 editor-chefe da PANROTAS Editora e mora em S\u00e3o Paulo desde 1998","sameAs":["http:\/\/www.panrotas.com.br"]}]}},"jetpack_featured_media_url":"","jetpack_shortlink":"https:\/\/wp.me\/p7idIU-1fB","_links":{"self":[{"href":"https:\/\/blog.panrotas.com.br\/semreserva\/wp-json\/wp\/v2\/posts\/4811"}],"collection":[{"href":"https:\/\/blog.panrotas.com.br\/semreserva\/wp-json\/wp\/v2\/posts"}],"about":[{"href":"https:\/\/blog.panrotas.com.br\/semreserva\/wp-json\/wp\/v2\/types\/post"}],"author":[{"embeddable":true,"href":"https:\/\/blog.panrotas.com.br\/semreserva\/wp-json\/wp\/v2\/users\/7"}],"replies":[{"embeddable":true,"href":"https:\/\/blog.panrotas.com.br\/semreserva\/wp-json\/wp\/v2\/comments?post=4811"}],"version-history":[{"count":0,"href":"https:\/\/blog.panrotas.com.br\/semreserva\/wp-json\/wp\/v2\/posts\/4811\/revisions"}],"wp:attachment":[{"href":"https:\/\/blog.panrotas.com.br\/semreserva\/wp-json\/wp\/v2\/media?parent=4811"}],"wp:term":[{"taxonomy":"category","embeddable":true,"href":"https:\/\/blog.panrotas.com.br\/semreserva\/wp-json\/wp\/v2\/categories?post=4811"},{"taxonomy":"post_tag","embeddable":true,"href":"https:\/\/blog.panrotas.com.br\/semreserva\/wp-json\/wp\/v2\/tags?post=4811"}],"curies":[{"name":"wp","href":"https:\/\/api.w.org\/{rel}","templated":true}]}}