{"id":4818,"date":"2019-03-29T17:13:13","date_gmt":"2019-03-29T20:13:13","guid":{"rendered":"http:\/\/blog.panrotas.com.br\/semreserva\/?p=4818"},"modified":"2019-03-29T17:13:13","modified_gmt":"2019-03-29T20:13:13","slug":"deja-vu-e-falha-na-matrix","status":"publish","type":"post","link":"https:\/\/blog.panrotas.com.br\/semreserva\/deja-vu-e-falha-na-matrix\/29-03-2019\/","title":{"rendered":"D\u00e9j\u00e0-vu \u00e9 falha na Matrix?"},"content":{"rendered":"\n<p><\/p>\n\n\n\n<p>Falamos sobre o tema com o ministro do Turismo, Marcelo\n\u00c1lvaro Ant\u00f4nio, durante sua participa\u00e7\u00e3o no F\u00f3rum PANROTAS 2019: a cada ano e\nmeio, em m\u00e9dia, desde 2003, vemos o mesmo filme na pasta que ele assumiu em\njaneiro. Um pol\u00edtico \u00e9 indicado, passa um ano aprendendo sobre o setor, come\u00e7a\na discursar sobre o potencial do Turismo brasileiro e sobre o absurdo de\nrecebermos t\u00e3o poucos turistas estrangeiros, se aproxima das lideran\u00e7as do\ntrade e&#8230; sai candidato a prefeito da cidade onde nasceu. Ou assume outro\ncargo no governo. E vem outro ministro indicado, que passa um ano aprendendo\nsobre o setor&#8230;e est\u00e1 instalada a famosa falha na Matrix, em uma alus\u00e3o a um\nd\u00e9j\u00e0-vu experimentado pelo personagem Neo, no filme Matrix, quando ele constata\nque se h\u00e1 essa repeti\u00e7\u00e3o inexplic\u00e1vel que tanto nos intriga, \u00e9 que o sistema\napresenta alguma falha.<\/p>\n\n\n\n<p>E ent\u00e3o vemos a Avianca Brasil entrar em recupera\u00e7\u00e3o\njudicial e uma outra companhia, mais nova querendo comprar sua melhor parte\n(avi\u00f5es e slots). Algu\u00e9m se lembrou da Varig comprada pela Gol quando a estrela\nbrasileira j\u00e1 estava al\u00e9m do fundo do po\u00e7o?<\/p>\n\n\n\n<p>Mais d\u00e9j\u00e0-vu? A Abav Expo volta a investir na abertura para\no p\u00fablico final. Pode dar certo dessa vez, usando uma mescla do sistema da\nTurismo Week, da Braztoa, com os balc\u00f5es de venda do Hiper Feir\u00e3o Flytour?\nClaro que pode. E \u00e9 louv\u00e1vel que os dirigentes da entidade, em especial Magda\nNassar, estejam sempre pensando e repensando a mais importante feira do Turismo\nbrasileiro. Mas n\u00e3o podemos deixar de experimentar um leve d\u00e9j\u00e0-vu. Afinal,\ntemos mem\u00f3ria e hist\u00f3ria e n\u00e3o somos daqueles que costumam fingir que o passado\nnunca ocorreu.<\/p>\n\n\n\n<p>O passado pode n\u00e3o condenar o Turismo brasileiro, mas tem\nmuito a ensinar, n\u00e3o \u00e9 mesmo?<\/p>\n\n\n\n<p>C\u00edclica como a vida, a ind\u00fastria de Viagens e Turismo em\nalguns momentos avan\u00e7a um passo e regride tr\u00eas, e ainda em um sobe e desce\nvertiginoso que nos faz perguntar: onde estamos? J\u00e1 n\u00e3o passamos por isso? Se\neu sabia que isso ia acontecer por que deixei chegar a essa situa\u00e7\u00e3o?<\/p>\n\n\n\n<p>Somos, no entanto, otimistas por natureza. Mais que isso: n\u00f3s,\nempres\u00e1rios e trabalhadores do Turismo, sabemos como empurrar a ind\u00fastria, a\ndespeito das falhas da Matrix. <\/p>\n\n\n\n<p>E voc\u00ea, nessa semana em que participamos de mais uma feira\nde Turismo, a WTM Latin America? Qual o d\u00e9j\u00e0-vu no setor que tanto te atormenta\ne mete medo? Que discursos te assombram? Que jogadas voc\u00ea j\u00e1 consegue\nantecipar? Voc\u00ea precisa de um Keanu Reeves pra salvar o seu dia ou conhece\nv\u00e1rios deles no seu dia a dia e j\u00e1 olha com mais esperan\u00e7a para o futuro dessa\nind\u00fastria?<\/p>\n\n\n\n<p>Tomemos nossa p\u00edlula vermelha e sigamos em frente, pois 2019\nainda tem muitas boas surpresas e oportunidades in\u00e9ditas para todos n\u00f3s. Muito\nal\u00e9m dos d\u00e9j\u00e0-vu.<\/p>\n","protected":false},"excerpt":{"rendered":"<p>Falamos sobre o tema com o ministro do Turismo, Marcelo \u00c1lvaro Ant\u00f4nio, durante sua participa\u00e7\u00e3o no F\u00f3rum PANROTAS 2019: a cada ano e meio, em m\u00e9dia, desde 2003, vemos o mesmo filme na pasta que ele assumiu em janeiro. Um pol\u00edtico \u00e9 indicado, passa um ano aprendendo sobre o setor, come\u00e7a a discursar sobre o [&hellip;]<\/p>\n","protected":false},"author":7,"featured_media":0,"comment_status":"open","ping_status":"open","sticky":false,"template":"","format":"standard","meta":{"spay_email":""},"categories":[2],"tags":[],"yoast_head":"<!-- This site is optimized with the Yoast SEO plugin v17.3 - https:\/\/yoast.com\/wordpress\/plugins\/seo\/ -->\n<title>D\u00e9j\u00e0-vu \u00e9 falha na Matrix? -<\/title>\n<meta name=\"description\" content=\"D\u00e9j\u00e0-vu \u00e9 falha na Matrix?. Confira essa Mat\u00e9ria no Canal Sem reserva. \u27a4 Projeto em parceria com a PANROTAS.\" \/>\n<meta name=\"robots\" content=\"index, follow, max-snippet:-1, max-image-preview:large, max-video-preview:-1\" \/>\n<link rel=\"canonical\" href=\"https:\/\/blog.panrotas.com.br\/semreserva\/deja-vu-e-falha-na-matrix\/29-03-2019\/\" \/>\n<meta property=\"og:locale\" content=\"pt_BR\" \/>\n<meta property=\"og:type\" content=\"article\" \/>\n<meta property=\"og:title\" content=\"D\u00e9j\u00e0-vu \u00e9 falha na Matrix? -\" \/>\n<meta property=\"og:description\" content=\"D\u00e9j\u00e0-vu \u00e9 falha na Matrix?. Confira essa Mat\u00e9ria no Canal Sem reserva. \u27a4 Projeto em parceria com a PANROTAS.\" \/>\n<meta property=\"og:url\" content=\"https:\/\/blog.panrotas.com.br\/semreserva\/deja-vu-e-falha-na-matrix\/29-03-2019\/\" \/>\n<meta property=\"og:site_name\" content=\"Sem reserva\" \/>\n<meta property=\"article:publisher\" content=\"https:\/\/www.facebook.com\/portalpanrotas\/\" \/>\n<meta property=\"article:published_time\" content=\"2019-03-29T20:13:13+00:00\" \/>\n<meta name=\"twitter:card\" content=\"summary_large_image\" \/>\n<meta name=\"twitter:creator\" content=\"@portalpanrotas\" \/>\n<meta name=\"twitter:site\" content=\"@portalpanrotas\" \/>\n<meta name=\"twitter:label1\" content=\"Escrito por\" \/>\n\t<meta name=\"twitter:data1\" content=\"Artur Andrade\" \/>\n\t<meta name=\"twitter:label2\" content=\"Est. tempo de leitura\" \/>\n\t<meta name=\"twitter:data2\" content=\"3 minutos\" \/>\n<script type=\"application\/ld+json\" class=\"yoast-schema-graph\">{\"@context\":\"https:\/\/schema.org\",\"@graph\":[{\"@type\":\"Organization\",\"@id\":\"http:\/\/blog.panrotas.com.br\/semreserva\/#organization\",\"name\":\"Sem Reserva - Blog no Portal PANROTAS\",\"url\":\"http:\/\/blog.panrotas.com.br\/semreserva\/\",\"sameAs\":[\"https:\/\/www.facebook.com\/portalpanrotas\/\",\"https:\/\/www.instagram.com\/portalpanrotas\/\",\"https:\/\/br.linkedin.com\/company\/panrotas\",\"https:\/\/www.youtube.com\/tvpanrotas\",\"https:\/\/twitter.com\/portalpanrotas\"],\"logo\":{\"@type\":\"ImageObject\",\"@id\":\"http:\/\/blog.panrotas.com.br\/semreserva\/#logo\",\"inLanguage\":\"pt-BR\",\"url\":\"https:\/\/blog.panrotas.com.br\/semreserva\/wp-content\/uploads\/sites\/5\/2020\/06\/logo.png\",\"contentUrl\":\"https:\/\/blog.panrotas.com.br\/semreserva\/wp-content\/uploads\/sites\/5\/2020\/06\/logo.png\",\"width\":259,\"height\":53,\"caption\":\"Sem Reserva - Blog no Portal PANROTAS\"},\"image\":{\"@id\":\"http:\/\/blog.panrotas.com.br\/semreserva\/#logo\"}},{\"@type\":\"WebSite\",\"@id\":\"http:\/\/blog.panrotas.com.br\/semreserva\/#website\",\"url\":\"http:\/\/blog.panrotas.com.br\/semreserva\/\",\"name\":\"Sem reserva\",\"description\":\"Blogosfera PANROTAS\",\"publisher\":{\"@id\":\"http:\/\/blog.panrotas.com.br\/semreserva\/#organization\"},\"potentialAction\":[{\"@type\":\"SearchAction\",\"target\":{\"@type\":\"EntryPoint\",\"urlTemplate\":\"http:\/\/blog.panrotas.com.br\/semreserva\/?s={search_term_string}\"},\"query-input\":\"required name=search_term_string\"}],\"inLanguage\":\"pt-BR\"},{\"@type\":\"WebPage\",\"@id\":\"https:\/\/blog.panrotas.com.br\/semreserva\/deja-vu-e-falha-na-matrix\/29-03-2019\/#webpage\",\"url\":\"https:\/\/blog.panrotas.com.br\/semreserva\/deja-vu-e-falha-na-matrix\/29-03-2019\/\",\"name\":\"D\\u00e9j\\u00e0-vu \\u00e9 falha na Matrix? -\",\"isPartOf\":{\"@id\":\"http:\/\/blog.panrotas.com.br\/semreserva\/#website\"},\"datePublished\":\"2019-03-29T20:13:13+00:00\",\"dateModified\":\"2019-03-29T20:13:13+00:00\",\"description\":\"D\\u00e9j\\u00e0-vu \\u00e9 falha na Matrix?. Confira essa Mat\\u00e9ria no Canal Sem reserva. \\u27a4 Projeto em parceria com a PANROTAS.\",\"breadcrumb\":{\"@id\":\"https:\/\/blog.panrotas.com.br\/semreserva\/deja-vu-e-falha-na-matrix\/29-03-2019\/#breadcrumb\"},\"inLanguage\":\"pt-BR\",\"potentialAction\":[{\"@type\":\"ReadAction\",\"target\":[\"https:\/\/blog.panrotas.com.br\/semreserva\/deja-vu-e-falha-na-matrix\/29-03-2019\/\"]}]},{\"@type\":\"BreadcrumbList\",\"@id\":\"https:\/\/blog.panrotas.com.br\/semreserva\/deja-vu-e-falha-na-matrix\/29-03-2019\/#breadcrumb\",\"itemListElement\":[{\"@type\":\"ListItem\",\"position\":1,\"name\":\"Home do Blog\",\"item\":\"http:\/\/blog.panrotas.com.br\/semreserva\/\"},{\"@type\":\"ListItem\",\"position\":2,\"name\":\"Dia a dia\",\"item\":\"https:\/\/blog.panrotas.com.br\/semreserva\/category\/dia-a-dia\/\"},{\"@type\":\"ListItem\",\"position\":3,\"name\":\"D\\u00e9j\\u00e0-vu \\u00e9 falha na Matrix?\"}]},{\"@type\":\"Article\",\"@id\":\"https:\/\/blog.panrotas.com.br\/semreserva\/deja-vu-e-falha-na-matrix\/29-03-2019\/#article\",\"isPartOf\":{\"@id\":\"https:\/\/blog.panrotas.com.br\/semreserva\/deja-vu-e-falha-na-matrix\/29-03-2019\/#webpage\"},\"author\":{\"@id\":\"http:\/\/blog.panrotas.com.br\/semreserva\/#\/schema\/person\/c93b4555f6a497d2d83c25dcb80f61ed\"},\"headline\":\"D\\u00e9j\\u00e0-vu \\u00e9 falha na Matrix?\",\"datePublished\":\"2019-03-29T20:13:13+00:00\",\"dateModified\":\"2019-03-29T20:13:13+00:00\",\"mainEntityOfPage\":{\"@id\":\"https:\/\/blog.panrotas.com.br\/semreserva\/deja-vu-e-falha-na-matrix\/29-03-2019\/#webpage\"},\"wordCount\":519,\"commentCount\":0,\"publisher\":{\"@id\":\"http:\/\/blog.panrotas.com.br\/semreserva\/#organization\"},\"articleSection\":[\"Dia a dia\"],\"inLanguage\":\"pt-BR\",\"potentialAction\":[{\"@type\":\"CommentAction\",\"name\":\"Comment\",\"target\":[\"https:\/\/blog.panrotas.com.br\/semreserva\/deja-vu-e-falha-na-matrix\/29-03-2019\/#respond\"]}]},{\"@type\":\"Person\",\"@id\":\"http:\/\/blog.panrotas.com.br\/semreserva\/#\/schema\/person\/c93b4555f6a497d2d83c25dcb80f61ed\",\"name\":\"Artur Andrade\",\"image\":{\"@type\":\"ImageObject\",\"@id\":\"http:\/\/blog.panrotas.com.br\/semreserva\/#personlogo\",\"inLanguage\":\"pt-BR\",\"url\":\"https:\/\/secure.gravatar.com\/avatar\/a94564d630220cefd5c82f3452ac1ef4?s=96&d=mm&r=g\",\"contentUrl\":\"https:\/\/secure.gravatar.com\/avatar\/a94564d630220cefd5c82f3452ac1ef4?s=96&d=mm&r=g\",\"caption\":\"Artur Andrade\"},\"description\":\"Artur Luiz Andrade \\u00e9 carioca, taurino, jornalista e nasceu em 1969. \\u00c9 editor-chefe da PANROTAS Editora e mora em S\\u00e3o Paulo desde 1998\",\"sameAs\":[\"http:\/\/www.panrotas.com.br\"]}]}<\/script>\n<!-- \/ Yoast SEO plugin. -->","yoast_head_json":{"title":"D\u00e9j\u00e0-vu \u00e9 falha na Matrix? -","description":"D\u00e9j\u00e0-vu \u00e9 falha na Matrix?. Confira essa Mat\u00e9ria no Canal Sem reserva. \u27a4 Projeto em parceria com a PANROTAS.","robots":{"index":"index","follow":"follow","max-snippet":"max-snippet:-1","max-image-preview":"max-image-preview:large","max-video-preview":"max-video-preview:-1"},"canonical":"https:\/\/blog.panrotas.com.br\/semreserva\/deja-vu-e-falha-na-matrix\/29-03-2019\/","og_locale":"pt_BR","og_type":"article","og_title":"D\u00e9j\u00e0-vu \u00e9 falha na Matrix? -","og_description":"D\u00e9j\u00e0-vu \u00e9 falha na Matrix?. Confira essa Mat\u00e9ria no Canal Sem reserva. \u27a4 Projeto em parceria com a PANROTAS.","og_url":"https:\/\/blog.panrotas.com.br\/semreserva\/deja-vu-e-falha-na-matrix\/29-03-2019\/","og_site_name":"Sem reserva","article_publisher":"https:\/\/www.facebook.com\/portalpanrotas\/","article_published_time":"2019-03-29T20:13:13+00:00","twitter_card":"summary_large_image","twitter_creator":"@portalpanrotas","twitter_site":"@portalpanrotas","twitter_misc":{"Escrito por":"Artur Andrade","Est. tempo de leitura":"3 minutos"},"schema":{"@context":"https:\/\/schema.org","@graph":[{"@type":"Organization","@id":"http:\/\/blog.panrotas.com.br\/semreserva\/#organization","name":"Sem Reserva - Blog no Portal PANROTAS","url":"http:\/\/blog.panrotas.com.br\/semreserva\/","sameAs":["https:\/\/www.facebook.com\/portalpanrotas\/","https:\/\/www.instagram.com\/portalpanrotas\/","https:\/\/br.linkedin.com\/company\/panrotas","https:\/\/www.youtube.com\/tvpanrotas","https:\/\/twitter.com\/portalpanrotas"],"logo":{"@type":"ImageObject","@id":"http:\/\/blog.panrotas.com.br\/semreserva\/#logo","inLanguage":"pt-BR","url":"https:\/\/blog.panrotas.com.br\/semreserva\/wp-content\/uploads\/sites\/5\/2020\/06\/logo.png","contentUrl":"https:\/\/blog.panrotas.com.br\/semreserva\/wp-content\/uploads\/sites\/5\/2020\/06\/logo.png","width":259,"height":53,"caption":"Sem Reserva - Blog no Portal PANROTAS"},"image":{"@id":"http:\/\/blog.panrotas.com.br\/semreserva\/#logo"}},{"@type":"WebSite","@id":"http:\/\/blog.panrotas.com.br\/semreserva\/#website","url":"http:\/\/blog.panrotas.com.br\/semreserva\/","name":"Sem reserva","description":"Blogosfera PANROTAS","publisher":{"@id":"http:\/\/blog.panrotas.com.br\/semreserva\/#organization"},"potentialAction":[{"@type":"SearchAction","target":{"@type":"EntryPoint","urlTemplate":"http:\/\/blog.panrotas.com.br\/semreserva\/?s={search_term_string}"},"query-input":"required name=search_term_string"}],"inLanguage":"pt-BR"},{"@type":"WebPage","@id":"https:\/\/blog.panrotas.com.br\/semreserva\/deja-vu-e-falha-na-matrix\/29-03-2019\/#webpage","url":"https:\/\/blog.panrotas.com.br\/semreserva\/deja-vu-e-falha-na-matrix\/29-03-2019\/","name":"D\u00e9j\u00e0-vu \u00e9 falha na Matrix? -","isPartOf":{"@id":"http:\/\/blog.panrotas.com.br\/semreserva\/#website"},"datePublished":"2019-03-29T20:13:13+00:00","dateModified":"2019-03-29T20:13:13+00:00","description":"D\u00e9j\u00e0-vu \u00e9 falha na Matrix?. Confira essa Mat\u00e9ria no Canal Sem reserva. \u27a4 Projeto em parceria com a PANROTAS.","breadcrumb":{"@id":"https:\/\/blog.panrotas.com.br\/semreserva\/deja-vu-e-falha-na-matrix\/29-03-2019\/#breadcrumb"},"inLanguage":"pt-BR","potentialAction":[{"@type":"ReadAction","target":["https:\/\/blog.panrotas.com.br\/semreserva\/deja-vu-e-falha-na-matrix\/29-03-2019\/"]}]},{"@type":"BreadcrumbList","@id":"https:\/\/blog.panrotas.com.br\/semreserva\/deja-vu-e-falha-na-matrix\/29-03-2019\/#breadcrumb","itemListElement":[{"@type":"ListItem","position":1,"name":"Home do Blog","item":"http:\/\/blog.panrotas.com.br\/semreserva\/"},{"@type":"ListItem","position":2,"name":"Dia a dia","item":"https:\/\/blog.panrotas.com.br\/semreserva\/category\/dia-a-dia\/"},{"@type":"ListItem","position":3,"name":"D\u00e9j\u00e0-vu \u00e9 falha na Matrix?"}]},{"@type":"Article","@id":"https:\/\/blog.panrotas.com.br\/semreserva\/deja-vu-e-falha-na-matrix\/29-03-2019\/#article","isPartOf":{"@id":"https:\/\/blog.panrotas.com.br\/semreserva\/deja-vu-e-falha-na-matrix\/29-03-2019\/#webpage"},"author":{"@id":"http:\/\/blog.panrotas.com.br\/semreserva\/#\/schema\/person\/c93b4555f6a497d2d83c25dcb80f61ed"},"headline":"D\u00e9j\u00e0-vu \u00e9 falha na Matrix?","datePublished":"2019-03-29T20:13:13+00:00","dateModified":"2019-03-29T20:13:13+00:00","mainEntityOfPage":{"@id":"https:\/\/blog.panrotas.com.br\/semreserva\/deja-vu-e-falha-na-matrix\/29-03-2019\/#webpage"},"wordCount":519,"commentCount":0,"publisher":{"@id":"http:\/\/blog.panrotas.com.br\/semreserva\/#organization"},"articleSection":["Dia a dia"],"inLanguage":"pt-BR","potentialAction":[{"@type":"CommentAction","name":"Comment","target":["https:\/\/blog.panrotas.com.br\/semreserva\/deja-vu-e-falha-na-matrix\/29-03-2019\/#respond"]}]},{"@type":"Person","@id":"http:\/\/blog.panrotas.com.br\/semreserva\/#\/schema\/person\/c93b4555f6a497d2d83c25dcb80f61ed","name":"Artur Andrade","image":{"@type":"ImageObject","@id":"http:\/\/blog.panrotas.com.br\/semreserva\/#personlogo","inLanguage":"pt-BR","url":"https:\/\/secure.gravatar.com\/avatar\/a94564d630220cefd5c82f3452ac1ef4?s=96&d=mm&r=g","contentUrl":"https:\/\/secure.gravatar.com\/avatar\/a94564d630220cefd5c82f3452ac1ef4?s=96&d=mm&r=g","caption":"Artur Andrade"},"description":"Artur Luiz Andrade \u00e9 carioca, taurino, jornalista e nasceu em 1969. \u00c9 editor-chefe da PANROTAS Editora e mora em S\u00e3o Paulo desde 1998","sameAs":["http:\/\/www.panrotas.com.br"]}]}},"jetpack_featured_media_url":"","jetpack_shortlink":"https:\/\/wp.me\/p7idIU-1fI","_links":{"self":[{"href":"https:\/\/blog.panrotas.com.br\/semreserva\/wp-json\/wp\/v2\/posts\/4818"}],"collection":[{"href":"https:\/\/blog.panrotas.com.br\/semreserva\/wp-json\/wp\/v2\/posts"}],"about":[{"href":"https:\/\/blog.panrotas.com.br\/semreserva\/wp-json\/wp\/v2\/types\/post"}],"author":[{"embeddable":true,"href":"https:\/\/blog.panrotas.com.br\/semreserva\/wp-json\/wp\/v2\/users\/7"}],"replies":[{"embeddable":true,"href":"https:\/\/blog.panrotas.com.br\/semreserva\/wp-json\/wp\/v2\/comments?post=4818"}],"version-history":[{"count":0,"href":"https:\/\/blog.panrotas.com.br\/semreserva\/wp-json\/wp\/v2\/posts\/4818\/revisions"}],"wp:attachment":[{"href":"https:\/\/blog.panrotas.com.br\/semreserva\/wp-json\/wp\/v2\/media?parent=4818"}],"wp:term":[{"taxonomy":"category","embeddable":true,"href":"https:\/\/blog.panrotas.com.br\/semreserva\/wp-json\/wp\/v2\/categories?post=4818"},{"taxonomy":"post_tag","embeddable":true,"href":"https:\/\/blog.panrotas.com.br\/semreserva\/wp-json\/wp\/v2\/tags?post=4818"}],"curies":[{"name":"wp","href":"https:\/\/api.w.org\/{rel}","templated":true}]}}